{"id":4841,"date":"2017-08-25T23:21:27","date_gmt":"2017-08-25T21:21:27","guid":{"rendered":"http:\/\/www.article-marketing.eu\/comunicatistampa\/?p=4841"},"modified":"2017-08-25T23:21:27","modified_gmt":"2017-08-25T21:21:27","slug":"comodato-duso-la-rivoluzione-lo-uso-fin-mi-serve","status":"publish","type":"post","link":"https:\/\/www.article-marketing.eu\/comunicatistampa\/comodato-duso-la-rivoluzione-lo-uso-fin-mi-serve\/","title":{"rendered":"Comodato d&#8217;uso, la rivoluzione: &#8220;lo uso fin quando mi serve!&#8221;"},"content":{"rendered":"<div dir=\"auto\">Necessit\u00e0 di un\u2019automobile, di un apparecchio elettromedicale, di un meraviglioso abito da sera da usare in un\u2019occasione ed una soltanto. Necessit\u00e0 di una bicilcletta, di un camper per quella vacanza on the road tanto sognata e che finalmente si tramuta in realt\u00e1. Affittare una camera, prendere un libro in prestito, noleggiare il costume di Carnevale per l\u2019immancabile festa in maschera di febbraio.<\/div>\n<div dir=\"auto\"><strong>Affittare, noleggiare<\/strong>, <strong>comodato d&#8217;uso,<\/strong> prendere in prestito. Termini diversi che convogliano il proprio significato verso un\u2019unica direzione: la facilit\u00e1 di utilizzo, la deresponsabilizzazione, la <strong>comodit\u00e1<\/strong>. E, da ultimo ma non ultimo, l\u2019<strong>ottimizzazione economica<\/strong>.<\/div>\n<div dir=\"auto\">Si prende qualcosa, sia esso un bene o un servizio, lo si utilizza il tempo necessario a soddisfare un bisogno, e lo si riconsegna. Senza preoccupazioni, senza dispendio monetario, e con la possibilit\u00e0 continua di averne ancora, di nuovo, senza tutte le componenti aggiuntive date dall&#8217;usura. Con la sicurezza di un interlocutore a cui potersi rivolgere in caso di necessit\u00e0. Un panorama idilliaco, senza dubbio, per tutti coloro aperti al cambiamento che genera miglioramento.<\/div>\n<div dir=\"auto\"><\/div>\n<h2>Comodato d\u2019uso e caff\u00e8: il futuro in una tazzina!<\/h2>\n<div dir=\"auto\"><\/div>\n<div dir=\"auto\">Tradotto in ambito caff\u00e8, tutto questo prende il nome di comodato d\u2019uso. Stesse identiche prerogative: comodato d&#8217;uso o\u00a0<strong>noleggio della macchina gratuito<\/strong>, assistenza garantita per tutto il tempo di noleggio, possibilit\u00e0 di cambio all&#8217;occorrenza, e nessuna preoccupazione, se non quella di scegliere le cialde e le capsule che meglio si sposano con i gusti e le esigenze della famiglia, o dei colleghi, o degli avventori per i pubblici esercizi. Eh si, perch\u00e9 il plus valore del comodato d\u2019uso della macchina da caff\u00e8 \u00e8 proprio questo: la possibilit\u00e0 di scegliere il caff\u00e8 che pi\u00f9 ci soddisfa, per miscela, tostatura, intensit\u00e0, attraverso un kit di degustazione fornito dall&#8217;azienda di riferimento. In tal maniera il primo ordine, e tutte le forniture a seguire, saranno mirate e mai frutto del caso, ad innegabile vantaggio di palato e portafoglio.<\/div>\n<div dir=\"auto\">Senza contare la consegna a domicilio della macchina, rifornimenti ed accessori, un dettaglio fondamentale che abbatte tutte le complicazioni date dalla logistica degli spostamenti.<\/div>\n<div dir=\"auto\">E se si cambia casa e la macchina da caff\u00e8 dal design moderno non si abbina pi\u00f9 ad arredamento e colori? E se arriva l\u2019amore, il tetto diventa per due e gli ugelli di erogazione si devono necessariamente duplicare? Ecco che i vantaggi del <a href=\"https:\/\/www.okcialde.it\/content\/12-comodato-macchina-caffe-roma\">comodato d\u2019uso<\/a> trovano massima applicabilit\u00e0! La macchina si cambia facendo una semplice richiesta all&#8217;azienda ed il clima di novit\u00e0 impatter\u00e0 anche la piacevole abitudine della nostra tazzina fumante: una macchina da caff\u00e8 nuova ma dallo stile vintage, con un\u2019erogazione per due anzich\u00e9 singola, una diversa fornitura di cialde capsule, perch\u00e9 magari, nel mentre, son cambiati anche i gusti!<\/div>\n<div dir=\"auto\">Modulare le proprie scelte verso la libert\u00e0 e la semplicit\u00e0 di utilizzo.<\/div>\n<div dir=\"auto\"><\/div>\n<div dir=\"auto\">Questo \u00e8 il futuro. Anche del caff\u00e8!<\/div>\n","protected":false},"excerpt":{"rendered":"<p>Necessit\u00e0 di un\u2019automobile, di un apparecchio elettromedicale, di un meraviglioso abito da sera da usare in un\u2019occasione ed una soltanto. Necessit\u00e0 di una bicilcletta, di un camper per quella vacanza on the road tanto sognata e che finalmente si tramuta in realt\u00e1. Affittare una camera, prendere un libro in prestito, noleggiare il costume di Carnevale per l\u2019immancabile festa in maschera di febbraio. Affittare, noleggiare, comodato d&#8217;uso, prendere in prestito. Termini<\/p>\n<p><a class=\"continue-reading\" href=\"https:\/\/www.article-marketing.eu\/comunicatistampa\/comodato-duso-la-rivoluzione-lo-uso-fin-mi-serve\/\">Continue reading&#8230;<\/a><\/p>\n","protected":false},"author":436,"featured_media":0,"comment_status":"open","ping_status":"open","sticky":false,"template":"","format":"standard","meta":{"_monsterinsights_skip_tracking":false,"_monsterinsights_sitenote_active":false,"_monsterinsights_sitenote_note":"","_monsterinsights_sitenote_category":0,"footnotes":""},"categories":[394],"tags":[2347,2345,2346],"class_list":["post-4841","post","type-post","status-publish","format-standard","hentry","category-servizi","tag-comodato-duso","tag-comodato-duso-macchina-caffe","tag-macchina-caffe"],"yoast_head":"<!-- This site is optimized with the Yoast SEO plugin v27.3 - https:\/\/yoast.com\/product\/yoast-seo-wordpress\/ -->\n<title>Comodato d&#039;uso, la rivoluzione: &quot;lo uso fin quando mi serve!&quot; - Article Marketing<\/title>\n<meta name=\"robots\" content=\"index, follow, max-snippet:-1, max-image-preview:large, max-video-preview:-1\" \/>\n<link rel=\"canonical\" href=\"https:\/\/www.article-marketing.eu\/comunicatistampa\/comodato-duso-la-rivoluzione-lo-uso-fin-mi-serve\/\" \/>\n<meta property=\"og:locale\" content=\"it_IT\" \/>\n<meta property=\"og:type\" content=\"article\" \/>\n<meta property=\"og:title\" content=\"Comodato d&#039;uso, la rivoluzione: &quot;lo uso fin quando mi serve!&quot; - Article Marketing\" \/>\n<meta property=\"og:description\" content=\"Necessit\u00e0 di un\u2019automobile, di un apparecchio elettromedicale, di un meraviglioso abito da sera da usare in un\u2019occasione ed una soltanto. Necessit\u00e0 di una bicilcletta, di un camper per quella vacanza on the road tanto sognata e che finalmente si tramuta in realt\u00e1. Affittare una camera, prendere un libro in prestito, noleggiare il costume di Carnevale per l\u2019immancabile festa in maschera di febbraio. Affittare, noleggiare, comodato d&#8217;uso, prendere in prestito. TerminiContinue reading...\" \/>\n<meta property=\"og:url\" content=\"https:\/\/www.article-marketing.eu\/comunicatistampa\/comodato-duso-la-rivoluzione-lo-uso-fin-mi-serve\/\" \/>\n<meta property=\"og:site_name\" content=\"Article Marketing\" \/>\n<meta property=\"article:published_time\" content=\"2017-08-25T21:21:27+00:00\" \/>\n<meta name=\"author\" content=\"seoseverini\" \/>\n<meta name=\"twitter:card\" content=\"summary_large_image\" \/>\n<meta name=\"twitter:label1\" content=\"Scritto da\" \/>\n\t<meta name=\"twitter:data1\" content=\"seoseverini\" \/>\n\t<meta name=\"twitter:label2\" content=\"Tempo di lettura stimato\" \/>\n\t<meta name=\"twitter:data2\" content=\"2 minuti\" \/>\n<script type=\"application\/ld+json\" class=\"yoast-schema-graph\">{\"@context\":\"https:\\\/\\\/schema.org\",\"@graph\":[{\"@type\":\"Article\",\"@id\":\"https:\\\/\\\/www.article-marketing.eu\\\/comunicatistampa\\\/comodato-duso-la-rivoluzione-lo-uso-fin-mi-serve\\\/#article\",\"isPartOf\":{\"@id\":\"https:\\\/\\\/www.article-marketing.eu\\\/comunicatistampa\\\/comodato-duso-la-rivoluzione-lo-uso-fin-mi-serve\\\/\"},\"author\":{\"name\":\"seoseverini\",\"@id\":\"https:\\\/\\\/www.article-marketing.eu\\\/comunicatistampa\\\/#\\\/schema\\\/person\\\/4123b09ba5b5e42091f2389476421254\"},\"headline\":\"Comodato d&#8217;uso, la rivoluzione: &#8220;lo uso fin quando mi serve!&#8221;\",\"datePublished\":\"2017-08-25T21:21:27+00:00\",\"mainEntityOfPage\":{\"@id\":\"https:\\\/\\\/www.article-marketing.eu\\\/comunicatistampa\\\/comodato-duso-la-rivoluzione-lo-uso-fin-mi-serve\\\/\"},\"wordCount\":476,\"commentCount\":0,\"keywords\":[\"comodato d'uso\",\"comodato d'uso macchina caff\u00e8\",\"macchina caff\u00e8\"],\"articleSection\":[\"Servizi\"],\"inLanguage\":\"it-IT\",\"potentialAction\":[{\"@type\":\"CommentAction\",\"name\":\"Comment\",\"target\":[\"https:\\\/\\\/www.article-marketing.eu\\\/comunicatistampa\\\/comodato-duso-la-rivoluzione-lo-uso-fin-mi-serve\\\/#respond\"]}]},{\"@type\":\"WebPage\",\"@id\":\"https:\\\/\\\/www.article-marketing.eu\\\/comunicatistampa\\\/comodato-duso-la-rivoluzione-lo-uso-fin-mi-serve\\\/\",\"url\":\"https:\\\/\\\/www.article-marketing.eu\\\/comunicatistampa\\\/comodato-duso-la-rivoluzione-lo-uso-fin-mi-serve\\\/\",\"name\":\"Comodato d'uso, la rivoluzione: \\\"lo uso fin quando mi serve!\\\" - Article Marketing\",\"isPartOf\":{\"@id\":\"https:\\\/\\\/www.article-marketing.eu\\\/comunicatistampa\\\/#website\"},\"datePublished\":\"2017-08-25T21:21:27+00:00\",\"author\":{\"@id\":\"https:\\\/\\\/www.article-marketing.eu\\\/comunicatistampa\\\/#\\\/schema\\\/person\\\/4123b09ba5b5e42091f2389476421254\"},\"breadcrumb\":{\"@id\":\"https:\\\/\\\/www.article-marketing.eu\\\/comunicatistampa\\\/comodato-duso-la-rivoluzione-lo-uso-fin-mi-serve\\\/#breadcrumb\"},\"inLanguage\":\"it-IT\",\"potentialAction\":[{\"@type\":\"ReadAction\",\"target\":[\"https:\\\/\\\/www.article-marketing.eu\\\/comunicatistampa\\\/comodato-duso-la-rivoluzione-lo-uso-fin-mi-serve\\\/\"]}]},{\"@type\":\"BreadcrumbList\",\"@id\":\"https:\\\/\\\/www.article-marketing.eu\\\/comunicatistampa\\\/comodato-duso-la-rivoluzione-lo-uso-fin-mi-serve\\\/#breadcrumb\",\"itemListElement\":[{\"@type\":\"ListItem\",\"position\":1,\"name\":\"Home\",\"item\":\"https:\\\/\\\/www.article-marketing.eu\\\/comunicatistampa\\\/\"},{\"@type\":\"ListItem\",\"position\":2,\"name\":\"Comodato d&#8217;uso, la rivoluzione: &#8220;lo uso fin quando mi serve!&#8221;\"}]},{\"@type\":\"WebSite\",\"@id\":\"https:\\\/\\\/www.article-marketing.eu\\\/comunicatistampa\\\/#website\",\"url\":\"https:\\\/\\\/www.article-marketing.eu\\\/comunicatistampa\\\/\",\"name\":\"Article Marketing\",\"description\":\"article marketing &amp; press release\",\"potentialAction\":[{\"@type\":\"SearchAction\",\"target\":{\"@type\":\"EntryPoint\",\"urlTemplate\":\"https:\\\/\\\/www.article-marketing.eu\\\/comunicatistampa\\\/?s={search_term_string}\"},\"query-input\":{\"@type\":\"PropertyValueSpecification\",\"valueRequired\":true,\"valueName\":\"search_term_string\"}}],\"inLanguage\":\"it-IT\"},{\"@type\":\"Person\",\"@id\":\"https:\\\/\\\/www.article-marketing.eu\\\/comunicatistampa\\\/#\\\/schema\\\/person\\\/4123b09ba5b5e42091f2389476421254\",\"name\":\"seoseverini\",\"image\":{\"@type\":\"ImageObject\",\"inLanguage\":\"it-IT\",\"@id\":\"https:\\\/\\\/secure.gravatar.com\\\/avatar\\\/199a2e63e9614dc83afe5b2605213f3e70299de8d4fca9c3608bbc9c02de997b?s=96&d=mm&r=g\",\"url\":\"https:\\\/\\\/secure.gravatar.com\\\/avatar\\\/199a2e63e9614dc83afe5b2605213f3e70299de8d4fca9c3608bbc9c02de997b?s=96&d=mm&r=g\",\"contentUrl\":\"https:\\\/\\\/secure.gravatar.com\\\/avatar\\\/199a2e63e9614dc83afe5b2605213f3e70299de8d4fca9c3608bbc9c02de997b?s=96&d=mm&r=g\",\"caption\":\"seoseverini\"},\"sameAs\":[\"http:\\\/\\\/www.seoperseo.eu\"],\"url\":\"https:\\\/\\\/www.article-marketing.eu\\\/comunicatistampa\\\/author\\\/seoseverini\\\/\"}]}<\/script>\n<!-- \/ Yoast SEO plugin. -->","yoast_head_json":{"title":"Comodato d'uso, la rivoluzione: \"lo uso fin quando mi serve!\" - Article Marketing","robots":{"index":"index","follow":"follow","max-snippet":"max-snippet:-1","max-image-preview":"max-image-preview:large","max-video-preview":"max-video-preview:-1"},"canonical":"https:\/\/www.article-marketing.eu\/comunicatistampa\/comodato-duso-la-rivoluzione-lo-uso-fin-mi-serve\/","og_locale":"it_IT","og_type":"article","og_title":"Comodato d'uso, la rivoluzione: \"lo uso fin quando mi serve!\" - Article Marketing","og_description":"Necessit\u00e0 di un\u2019automobile, di un apparecchio elettromedicale, di un meraviglioso abito da sera da usare in un\u2019occasione ed una soltanto. Necessit\u00e0 di una bicilcletta, di un camper per quella vacanza on the road tanto sognata e che finalmente si tramuta in realt\u00e1. Affittare una camera, prendere un libro in prestito, noleggiare il costume di Carnevale per l\u2019immancabile festa in maschera di febbraio. Affittare, noleggiare, comodato d&#8217;uso, prendere in prestito. TerminiContinue reading...","og_url":"https:\/\/www.article-marketing.eu\/comunicatistampa\/comodato-duso-la-rivoluzione-lo-uso-fin-mi-serve\/","og_site_name":"Article Marketing","article_published_time":"2017-08-25T21:21:27+00:00","author":"seoseverini","twitter_card":"summary_large_image","twitter_misc":{"Scritto da":"seoseverini","Tempo di lettura stimato":"2 minuti"},"schema":{"@context":"https:\/\/schema.org","@graph":[{"@type":"Article","@id":"https:\/\/www.article-marketing.eu\/comunicatistampa\/comodato-duso-la-rivoluzione-lo-uso-fin-mi-serve\/#article","isPartOf":{"@id":"https:\/\/www.article-marketing.eu\/comunicatistampa\/comodato-duso-la-rivoluzione-lo-uso-fin-mi-serve\/"},"author":{"name":"seoseverini","@id":"https:\/\/www.article-marketing.eu\/comunicatistampa\/#\/schema\/person\/4123b09ba5b5e42091f2389476421254"},"headline":"Comodato d&#8217;uso, la rivoluzione: &#8220;lo uso fin quando mi serve!&#8221;","datePublished":"2017-08-25T21:21:27+00:00","mainEntityOfPage":{"@id":"https:\/\/www.article-marketing.eu\/comunicatistampa\/comodato-duso-la-rivoluzione-lo-uso-fin-mi-serve\/"},"wordCount":476,"commentCount":0,"keywords":["comodato d'uso","comodato d'uso macchina caff\u00e8","macchina caff\u00e8"],"articleSection":["Servizi"],"inLanguage":"it-IT","potentialAction":[{"@type":"CommentAction","name":"Comment","target":["https:\/\/www.article-marketing.eu\/comunicatistampa\/comodato-duso-la-rivoluzione-lo-uso-fin-mi-serve\/#respond"]}]},{"@type":"WebPage","@id":"https:\/\/www.article-marketing.eu\/comunicatistampa\/comodato-duso-la-rivoluzione-lo-uso-fin-mi-serve\/","url":"https:\/\/www.article-marketing.eu\/comunicatistampa\/comodato-duso-la-rivoluzione-lo-uso-fin-mi-serve\/","name":"Comodato d'uso, la rivoluzione: \"lo uso fin quando mi serve!\" - Article Marketing","isPartOf":{"@id":"https:\/\/www.article-marketing.eu\/comunicatistampa\/#website"},"datePublished":"2017-08-25T21:21:27+00:00","author":{"@id":"https:\/\/www.article-marketing.eu\/comunicatistampa\/#\/schema\/person\/4123b09ba5b5e42091f2389476421254"},"breadcrumb":{"@id":"https:\/\/www.article-marketing.eu\/comunicatistampa\/comodato-duso-la-rivoluzione-lo-uso-fin-mi-serve\/#breadcrumb"},"inLanguage":"it-IT","potentialAction":[{"@type":"ReadAction","target":["https:\/\/www.article-marketing.eu\/comunicatistampa\/comodato-duso-la-rivoluzione-lo-uso-fin-mi-serve\/"]}]},{"@type":"BreadcrumbList","@id":"https:\/\/www.article-marketing.eu\/comunicatistampa\/comodato-duso-la-rivoluzione-lo-uso-fin-mi-serve\/#breadcrumb","itemListElement":[{"@type":"ListItem","position":1,"name":"Home","item":"https:\/\/www.article-marketing.eu\/comunicatistampa\/"},{"@type":"ListItem","position":2,"name":"Comodato d&#8217;uso, la rivoluzione: &#8220;lo uso fin quando mi serve!&#8221;"}]},{"@type":"WebSite","@id":"https:\/\/www.article-marketing.eu\/comunicatistampa\/#website","url":"https:\/\/www.article-marketing.eu\/comunicatistampa\/","name":"Article Marketing","description":"article marketing &amp; press release","potentialAction":[{"@type":"SearchAction","target":{"@type":"EntryPoint","urlTemplate":"https:\/\/www.article-marketing.eu\/comunicatistampa\/?s={search_term_string}"},"query-input":{"@type":"PropertyValueSpecification","valueRequired":true,"valueName":"search_term_string"}}],"inLanguage":"it-IT"},{"@type":"Person","@id":"https:\/\/www.article-marketing.eu\/comunicatistampa\/#\/schema\/person\/4123b09ba5b5e42091f2389476421254","name":"seoseverini","image":{"@type":"ImageObject","inLanguage":"it-IT","@id":"https:\/\/secure.gravatar.com\/avatar\/199a2e63e9614dc83afe5b2605213f3e70299de8d4fca9c3608bbc9c02de997b?s=96&d=mm&r=g","url":"https:\/\/secure.gravatar.com\/avatar\/199a2e63e9614dc83afe5b2605213f3e70299de8d4fca9c3608bbc9c02de997b?s=96&d=mm&r=g","contentUrl":"https:\/\/secure.gravatar.com\/avatar\/199a2e63e9614dc83afe5b2605213f3e70299de8d4fca9c3608bbc9c02de997b?s=96&d=mm&r=g","caption":"seoseverini"},"sameAs":["http:\/\/www.seoperseo.eu"],"url":"https:\/\/www.article-marketing.eu\/comunicatistampa\/author\/seoseverini\/"}]}},"_links":{"self":[{"href":"https:\/\/www.article-marketing.eu\/comunicatistampa\/wp-json\/wp\/v2\/posts\/4841","targetHints":{"allow":["GET"]}}],"collection":[{"href":"https:\/\/www.article-marketing.eu\/comunicatistampa\/wp-json\/wp\/v2\/posts"}],"about":[{"href":"https:\/\/www.article-marketing.eu\/comunicatistampa\/wp-json\/wp\/v2\/types\/post"}],"author":[{"embeddable":true,"href":"https:\/\/www.article-marketing.eu\/comunicatistampa\/wp-json\/wp\/v2\/users\/436"}],"replies":[{"embeddable":true,"href":"https:\/\/www.article-marketing.eu\/comunicatistampa\/wp-json\/wp\/v2\/comments?post=4841"}],"version-history":[{"count":2,"href":"https:\/\/www.article-marketing.eu\/comunicatistampa\/wp-json\/wp\/v2\/posts\/4841\/revisions"}],"predecessor-version":[{"id":4847,"href":"https:\/\/www.article-marketing.eu\/comunicatistampa\/wp-json\/wp\/v2\/posts\/4841\/revisions\/4847"}],"wp:attachment":[{"href":"https:\/\/www.article-marketing.eu\/comunicatistampa\/wp-json\/wp\/v2\/media?parent=4841"}],"wp:term":[{"taxonomy":"category","embeddable":true,"href":"https:\/\/www.article-marketing.eu\/comunicatistampa\/wp-json\/wp\/v2\/categories?post=4841"},{"taxonomy":"post_tag","embeddable":true,"href":"https:\/\/www.article-marketing.eu\/comunicatistampa\/wp-json\/wp\/v2\/tags?post=4841"}],"curies":[{"name":"wp","href":"https:\/\/api.w.org\/{rel}","templated":true}]}}