{"id":4863,"date":"2017-08-28T17:04:09","date_gmt":"2017-08-28T15:04:09","guid":{"rendered":"http:\/\/www.article-marketing.eu\/comunicatistampa\/?p=4863"},"modified":"2017-08-28T17:04:09","modified_gmt":"2017-08-28T15:04:09","slug":"gran-premio-carrellisti-2017-iscriviti-alla-gara","status":"publish","type":"post","link":"https:\/\/www.article-marketing.eu\/comunicatistampa\/gran-premio-carrellisti-2017-iscriviti-alla-gara\/","title":{"rendered":"Gran Premio Carrellisti 2017: iscriviti alla gara!"},"content":{"rendered":"<h1>Il 7 e l\u20198 ottobre non perdere l\u2019opportunit\u00e0 di partecipare al Gran Premio Carrellisti all\u2019Autodromo Internazionale di Monza: a tutti i partecipanti spetta un premio!<\/h1>\n<p>&nbsp;<\/p>\n<p>Il tuo mestiere prevede la guida di un carrello elevatore? Pensi di essere abile e scaltro alla guida e nella movimentazione della merce in magazzino? Non perdere l\u2019occasione di partecipare al <strong>6\u00b0 Gran Premio Carrellisti<\/strong> organizzato da <strong>Ungari Group<\/strong>!<\/p>\n<p>La gara si svolger\u00e0 all\u2019Autodromo Internazionale di Monza, all\u2019interno della manifestazione Truck Van Emotion, sabato 7 e domenica 8 ottobre 2017: saliranno sul podio i tre partecipanti che sapranno dimostrare di poter guidare il carrello elevatore con agilit\u00e0 e nel minor tempo possibile, rispettando le norme di sicurezza. Le gare si svolgeranno con gli <strong>ultimi modelli di Toyota Traigo<\/strong>, dotati della tecnologia di <strong>guida sicura SAS<\/strong> (sistema di stabilit\u00e0 attiva). Il circuito sar\u00e0 sicuro, appositamente organizzato per dimostrare le capacit\u00e0 di guida dei concorrenti e inserito in un contesto di sfida e divertimento.<\/p>\n<p>Ungari Group, azienda <strong>leader nella vendita e nel noleggio di carrelli elevatori<\/strong> a Cormano (Mi), ha voluto fortemente organizzare questo evento dedicato ai carrellisti e alla sicurezza in magazzino. L\u2019attenzione di Ungari Group \u00e8 da sempre rivolta non solo ai clienti e all\u2019offerta a loro dedicata, ma anche alla formazione e alla qualificazione del personale, proprio e delle altre aziende.<\/p>\n<p>Ungari vuole che l\u2019operatore addetto alla guida e all\u2019utilizzo dei carrelli elevatori abbia una conoscenza approfondita del mezzo e del sistema in cui opera: anche il pi\u00f9 moderno ed efficiente dei carrelli elevatori \u00e8 sicuro e produttivo <strong>solo se guidato da un operatore competente<\/strong>. Per questo motivo, Ungari Group organizza nella propria sede di Cormano durante il corso dell\u2019anno una serie di corsi di <a href=\"http:\/\/www.ungari.it\/Formazione\/\" target=\"_blank\" rel=\"noopener\">formazione per carrellisti<\/a>, come previsto dall\u2019accordo Stato-Regioni del 2012. La legge impone al datore di lavoro di provvedere alla formazione dei carrellisti, per ridurre il rischio di incidenti sul lavoro e assicurare il corretto funzionamento dei macchinari nel loro ciclo di vita.<\/p>\n<p>&nbsp;<\/p>\n<p>Per maggiori informazioni sul Gran Premio Carrellisti: www.granpremiocarrellisti.it.<\/p>\n<p>Per informazioni su Ungari Group: www.ungari.it.<\/p>\n","protected":false},"excerpt":{"rendered":"<p>Il 7 e l\u20198 ottobre non perdere l\u2019opportunit\u00e0 di partecipare al Gran Premio Carrellisti all\u2019Autodromo Internazionale di Monza: a tutti i partecipanti spetta un premio! &nbsp; Il tuo mestiere prevede la guida di un carrello elevatore? Pensi di essere abile e scaltro alla guida e nella movimentazione della merce in magazzino? Non perdere l\u2019occasione di partecipare al 6\u00b0 Gran Premio Carrellisti organizzato da Ungari Group! La gara si svolger\u00e0 all\u2019Autodromo<\/p>\n<p><a class=\"continue-reading\" href=\"https:\/\/www.article-marketing.eu\/comunicatistampa\/gran-premio-carrellisti-2017-iscriviti-alla-gara\/\">Continue reading&#8230;<\/a><\/p>\n","protected":false},"author":121,"featured_media":0,"comment_status":"open","ping_status":"open","sticky":false,"template":"","format":"standard","meta":{"_monsterinsights_skip_tracking":false,"_monsterinsights_sitenote_active":false,"_monsterinsights_sitenote_note":"","_monsterinsights_sitenote_category":0,"footnotes":""},"categories":[379],"tags":[2349,2350,2351],"class_list":["post-4863","post","type-post","status-publish","format-standard","hentry","category-corsi","tag-carrelli-elevatori","tag-formazione-carrellisti","tag-vendita-carrelli-elevatori"],"yoast_head":"<!-- This site is optimized with the Yoast SEO plugin v27.3 - https:\/\/yoast.com\/product\/yoast-seo-wordpress\/ -->\n<title>Gran Premio Carrellisti 2017: iscriviti alla gara e partecipa alla formazione!<\/title>\n<meta name=\"description\" content=\"Il 7 e l\u20198 ottobre non perdere l\u2019opportunit\u00e0 di partecipare al Gran Premio Carrellisti di Ungari Group: a tutti i partecipanti spetta un premio!\" \/>\n<meta name=\"robots\" content=\"index, follow, max-snippet:-1, max-image-preview:large, max-video-preview:-1\" \/>\n<link rel=\"canonical\" href=\"https:\/\/www.article-marketing.eu\/comunicatistampa\/gran-premio-carrellisti-2017-iscriviti-alla-gara\/\" \/>\n<meta property=\"og:locale\" content=\"it_IT\" \/>\n<meta property=\"og:type\" content=\"article\" \/>\n<meta property=\"og:title\" content=\"Gran Premio Carrellisti 2017: iscriviti alla gara e partecipa alla formazione!\" \/>\n<meta property=\"og:description\" content=\"Il 7 e l\u20198 ottobre non perdere l\u2019opportunit\u00e0 di partecipare al Gran Premio Carrellisti di Ungari Group: a tutti i partecipanti spetta un premio!\" \/>\n<meta property=\"og:url\" content=\"https:\/\/www.article-marketing.eu\/comunicatistampa\/gran-premio-carrellisti-2017-iscriviti-alla-gara\/\" \/>\n<meta property=\"og:site_name\" content=\"Article Marketing\" \/>\n<meta property=\"article:published_time\" content=\"2017-08-28T15:04:09+00:00\" \/>\n<meta name=\"author\" content=\"SwitchUp\" \/>\n<meta name=\"twitter:card\" content=\"summary_large_image\" \/>\n<meta name=\"twitter:label1\" content=\"Scritto da\" \/>\n\t<meta name=\"twitter:data1\" content=\"SwitchUp\" \/>\n\t<meta name=\"twitter:label2\" content=\"Tempo di lettura stimato\" \/>\n\t<meta name=\"twitter:data2\" content=\"2 minuti\" \/>\n<script type=\"application\/ld+json\" class=\"yoast-schema-graph\">{\"@context\":\"https:\\\/\\\/schema.org\",\"@graph\":[{\"@type\":\"Article\",\"@id\":\"https:\\\/\\\/www.article-marketing.eu\\\/comunicatistampa\\\/gran-premio-carrellisti-2017-iscriviti-alla-gara\\\/#article\",\"isPartOf\":{\"@id\":\"https:\\\/\\\/www.article-marketing.eu\\\/comunicatistampa\\\/gran-premio-carrellisti-2017-iscriviti-alla-gara\\\/\"},\"author\":{\"name\":\"SwitchUp\",\"@id\":\"https:\\\/\\\/www.article-marketing.eu\\\/comunicatistampa\\\/#\\\/schema\\\/person\\\/378cc3c25682ae35896965f81d78677a\"},\"headline\":\"Gran Premio Carrellisti 2017: iscriviti alla gara!\",\"datePublished\":\"2017-08-28T15:04:09+00:00\",\"mainEntityOfPage\":{\"@id\":\"https:\\\/\\\/www.article-marketing.eu\\\/comunicatistampa\\\/gran-premio-carrellisti-2017-iscriviti-alla-gara\\\/\"},\"wordCount\":352,\"commentCount\":0,\"keywords\":[\"carrelli elevatori\",\"formazione carrellisti\",\"vendita carrelli elevatori\"],\"articleSection\":[\"Corsi\"],\"inLanguage\":\"it-IT\",\"potentialAction\":[{\"@type\":\"CommentAction\",\"name\":\"Comment\",\"target\":[\"https:\\\/\\\/www.article-marketing.eu\\\/comunicatistampa\\\/gran-premio-carrellisti-2017-iscriviti-alla-gara\\\/#respond\"]}]},{\"@type\":\"WebPage\",\"@id\":\"https:\\\/\\\/www.article-marketing.eu\\\/comunicatistampa\\\/gran-premio-carrellisti-2017-iscriviti-alla-gara\\\/\",\"url\":\"https:\\\/\\\/www.article-marketing.eu\\\/comunicatistampa\\\/gran-premio-carrellisti-2017-iscriviti-alla-gara\\\/\",\"name\":\"Gran Premio Carrellisti 2017: iscriviti alla gara e partecipa alla formazione!\",\"isPartOf\":{\"@id\":\"https:\\\/\\\/www.article-marketing.eu\\\/comunicatistampa\\\/#website\"},\"datePublished\":\"2017-08-28T15:04:09+00:00\",\"author\":{\"@id\":\"https:\\\/\\\/www.article-marketing.eu\\\/comunicatistampa\\\/#\\\/schema\\\/person\\\/378cc3c25682ae35896965f81d78677a\"},\"description\":\"Il 7 e l\u20198 ottobre non perdere l\u2019opportunit\u00e0 di partecipare al Gran Premio Carrellisti di Ungari Group: a tutti i partecipanti spetta un premio!\",\"breadcrumb\":{\"@id\":\"https:\\\/\\\/www.article-marketing.eu\\\/comunicatistampa\\\/gran-premio-carrellisti-2017-iscriviti-alla-gara\\\/#breadcrumb\"},\"inLanguage\":\"it-IT\",\"potentialAction\":[{\"@type\":\"ReadAction\",\"target\":[\"https:\\\/\\\/www.article-marketing.eu\\\/comunicatistampa\\\/gran-premio-carrellisti-2017-iscriviti-alla-gara\\\/\"]}]},{\"@type\":\"BreadcrumbList\",\"@id\":\"https:\\\/\\\/www.article-marketing.eu\\\/comunicatistampa\\\/gran-premio-carrellisti-2017-iscriviti-alla-gara\\\/#breadcrumb\",\"itemListElement\":[{\"@type\":\"ListItem\",\"position\":1,\"name\":\"Home\",\"item\":\"https:\\\/\\\/www.article-marketing.eu\\\/comunicatistampa\\\/\"},{\"@type\":\"ListItem\",\"position\":2,\"name\":\"Gran Premio Carrellisti 2017: iscriviti alla gara!\"}]},{\"@type\":\"WebSite\",\"@id\":\"https:\\\/\\\/www.article-marketing.eu\\\/comunicatistampa\\\/#website\",\"url\":\"https:\\\/\\\/www.article-marketing.eu\\\/comunicatistampa\\\/\",\"name\":\"Article Marketing\",\"description\":\"article marketing &amp; press release\",\"potentialAction\":[{\"@type\":\"SearchAction\",\"target\":{\"@type\":\"EntryPoint\",\"urlTemplate\":\"https:\\\/\\\/www.article-marketing.eu\\\/comunicatistampa\\\/?s={search_term_string}\"},\"query-input\":{\"@type\":\"PropertyValueSpecification\",\"valueRequired\":true,\"valueName\":\"search_term_string\"}}],\"inLanguage\":\"it-IT\"},{\"@type\":\"Person\",\"@id\":\"https:\\\/\\\/www.article-marketing.eu\\\/comunicatistampa\\\/#\\\/schema\\\/person\\\/378cc3c25682ae35896965f81d78677a\",\"name\":\"SwitchUp\",\"image\":{\"@type\":\"ImageObject\",\"inLanguage\":\"it-IT\",\"@id\":\"https:\\\/\\\/secure.gravatar.com\\\/avatar\\\/c1ee7a2916be2b80ae51fe1a25a867538921ee2722a974edd0e4035aa54ac55b?s=96&d=mm&r=g\",\"url\":\"https:\\\/\\\/secure.gravatar.com\\\/avatar\\\/c1ee7a2916be2b80ae51fe1a25a867538921ee2722a974edd0e4035aa54ac55b?s=96&d=mm&r=g\",\"contentUrl\":\"https:\\\/\\\/secure.gravatar.com\\\/avatar\\\/c1ee7a2916be2b80ae51fe1a25a867538921ee2722a974edd0e4035aa54ac55b?s=96&d=mm&r=g\",\"caption\":\"SwitchUp\"},\"url\":\"https:\\\/\\\/www.article-marketing.eu\\\/comunicatistampa\\\/author\\\/switchup\\\/\"}]}<\/script>\n<!-- \/ Yoast SEO plugin. -->","yoast_head_json":{"title":"Gran Premio Carrellisti 2017: iscriviti alla gara e partecipa alla formazione!","description":"Il 7 e l\u20198 ottobre non perdere l\u2019opportunit\u00e0 di partecipare al Gran Premio Carrellisti di Ungari Group: a tutti i partecipanti spetta un premio!","robots":{"index":"index","follow":"follow","max-snippet":"max-snippet:-1","max-image-preview":"max-image-preview:large","max-video-preview":"max-video-preview:-1"},"canonical":"https:\/\/www.article-marketing.eu\/comunicatistampa\/gran-premio-carrellisti-2017-iscriviti-alla-gara\/","og_locale":"it_IT","og_type":"article","og_title":"Gran Premio Carrellisti 2017: iscriviti alla gara e partecipa alla formazione!","og_description":"Il 7 e l\u20198 ottobre non perdere l\u2019opportunit\u00e0 di partecipare al Gran Premio Carrellisti di Ungari Group: a tutti i partecipanti spetta un premio!","og_url":"https:\/\/www.article-marketing.eu\/comunicatistampa\/gran-premio-carrellisti-2017-iscriviti-alla-gara\/","og_site_name":"Article Marketing","article_published_time":"2017-08-28T15:04:09+00:00","author":"SwitchUp","twitter_card":"summary_large_image","twitter_misc":{"Scritto da":"SwitchUp","Tempo di lettura stimato":"2 minuti"},"schema":{"@context":"https:\/\/schema.org","@graph":[{"@type":"Article","@id":"https:\/\/www.article-marketing.eu\/comunicatistampa\/gran-premio-carrellisti-2017-iscriviti-alla-gara\/#article","isPartOf":{"@id":"https:\/\/www.article-marketing.eu\/comunicatistampa\/gran-premio-carrellisti-2017-iscriviti-alla-gara\/"},"author":{"name":"SwitchUp","@id":"https:\/\/www.article-marketing.eu\/comunicatistampa\/#\/schema\/person\/378cc3c25682ae35896965f81d78677a"},"headline":"Gran Premio Carrellisti 2017: iscriviti alla gara!","datePublished":"2017-08-28T15:04:09+00:00","mainEntityOfPage":{"@id":"https:\/\/www.article-marketing.eu\/comunicatistampa\/gran-premio-carrellisti-2017-iscriviti-alla-gara\/"},"wordCount":352,"commentCount":0,"keywords":["carrelli elevatori","formazione carrellisti","vendita carrelli elevatori"],"articleSection":["Corsi"],"inLanguage":"it-IT","potentialAction":[{"@type":"CommentAction","name":"Comment","target":["https:\/\/www.article-marketing.eu\/comunicatistampa\/gran-premio-carrellisti-2017-iscriviti-alla-gara\/#respond"]}]},{"@type":"WebPage","@id":"https:\/\/www.article-marketing.eu\/comunicatistampa\/gran-premio-carrellisti-2017-iscriviti-alla-gara\/","url":"https:\/\/www.article-marketing.eu\/comunicatistampa\/gran-premio-carrellisti-2017-iscriviti-alla-gara\/","name":"Gran Premio Carrellisti 2017: iscriviti alla gara e partecipa alla formazione!","isPartOf":{"@id":"https:\/\/www.article-marketing.eu\/comunicatistampa\/#website"},"datePublished":"2017-08-28T15:04:09+00:00","author":{"@id":"https:\/\/www.article-marketing.eu\/comunicatistampa\/#\/schema\/person\/378cc3c25682ae35896965f81d78677a"},"description":"Il 7 e l\u20198 ottobre non perdere l\u2019opportunit\u00e0 di partecipare al Gran Premio Carrellisti di Ungari Group: a tutti i partecipanti spetta un premio!","breadcrumb":{"@id":"https:\/\/www.article-marketing.eu\/comunicatistampa\/gran-premio-carrellisti-2017-iscriviti-alla-gara\/#breadcrumb"},"inLanguage":"it-IT","potentialAction":[{"@type":"ReadAction","target":["https:\/\/www.article-marketing.eu\/comunicatistampa\/gran-premio-carrellisti-2017-iscriviti-alla-gara\/"]}]},{"@type":"BreadcrumbList","@id":"https:\/\/www.article-marketing.eu\/comunicatistampa\/gran-premio-carrellisti-2017-iscriviti-alla-gara\/#breadcrumb","itemListElement":[{"@type":"ListItem","position":1,"name":"Home","item":"https:\/\/www.article-marketing.eu\/comunicatistampa\/"},{"@type":"ListItem","position":2,"name":"Gran Premio Carrellisti 2017: iscriviti alla gara!"}]},{"@type":"WebSite","@id":"https:\/\/www.article-marketing.eu\/comunicatistampa\/#website","url":"https:\/\/www.article-marketing.eu\/comunicatistampa\/","name":"Article Marketing","description":"article marketing &amp; press release","potentialAction":[{"@type":"SearchAction","target":{"@type":"EntryPoint","urlTemplate":"https:\/\/www.article-marketing.eu\/comunicatistampa\/?s={search_term_string}"},"query-input":{"@type":"PropertyValueSpecification","valueRequired":true,"valueName":"search_term_string"}}],"inLanguage":"it-IT"},{"@type":"Person","@id":"https:\/\/www.article-marketing.eu\/comunicatistampa\/#\/schema\/person\/378cc3c25682ae35896965f81d78677a","name":"SwitchUp","image":{"@type":"ImageObject","inLanguage":"it-IT","@id":"https:\/\/secure.gravatar.com\/avatar\/c1ee7a2916be2b80ae51fe1a25a867538921ee2722a974edd0e4035aa54ac55b?s=96&d=mm&r=g","url":"https:\/\/secure.gravatar.com\/avatar\/c1ee7a2916be2b80ae51fe1a25a867538921ee2722a974edd0e4035aa54ac55b?s=96&d=mm&r=g","contentUrl":"https:\/\/secure.gravatar.com\/avatar\/c1ee7a2916be2b80ae51fe1a25a867538921ee2722a974edd0e4035aa54ac55b?s=96&d=mm&r=g","caption":"SwitchUp"},"url":"https:\/\/www.article-marketing.eu\/comunicatistampa\/author\/switchup\/"}]}},"_links":{"self":[{"href":"https:\/\/www.article-marketing.eu\/comunicatistampa\/wp-json\/wp\/v2\/posts\/4863","targetHints":{"allow":["GET"]}}],"collection":[{"href":"https:\/\/www.article-marketing.eu\/comunicatistampa\/wp-json\/wp\/v2\/posts"}],"about":[{"href":"https:\/\/www.article-marketing.eu\/comunicatistampa\/wp-json\/wp\/v2\/types\/post"}],"author":[{"embeddable":true,"href":"https:\/\/www.article-marketing.eu\/comunicatistampa\/wp-json\/wp\/v2\/users\/121"}],"replies":[{"embeddable":true,"href":"https:\/\/www.article-marketing.eu\/comunicatistampa\/wp-json\/wp\/v2\/comments?post=4863"}],"version-history":[{"count":2,"href":"https:\/\/www.article-marketing.eu\/comunicatistampa\/wp-json\/wp\/v2\/posts\/4863\/revisions"}],"predecessor-version":[{"id":4871,"href":"https:\/\/www.article-marketing.eu\/comunicatistampa\/wp-json\/wp\/v2\/posts\/4863\/revisions\/4871"}],"wp:attachment":[{"href":"https:\/\/www.article-marketing.eu\/comunicatistampa\/wp-json\/wp\/v2\/media?parent=4863"}],"wp:term":[{"taxonomy":"category","embeddable":true,"href":"https:\/\/www.article-marketing.eu\/comunicatistampa\/wp-json\/wp\/v2\/categories?post=4863"},{"taxonomy":"post_tag","embeddable":true,"href":"https:\/\/www.article-marketing.eu\/comunicatistampa\/wp-json\/wp\/v2\/tags?post=4863"}],"curies":[{"name":"wp","href":"https:\/\/api.w.org\/{rel}","templated":true}]}}