{"id":4887,"date":"2017-08-29T20:10:23","date_gmt":"2017-08-29T18:10:23","guid":{"rendered":"http:\/\/www.article-marketing.eu\/comunicatistampa\/?p=4887"},"modified":"2017-08-29T20:10:23","modified_gmt":"2017-08-29T18:10:23","slug":"opinioni-dimensione-caldaie","status":"publish","type":"post","link":"https:\/\/www.article-marketing.eu\/comunicatistampa\/opinioni-dimensione-caldaie\/","title":{"rendered":"Opinioni di Dimensione Caldaie"},"content":{"rendered":"<p>Se anche voi avete l&#8217;esigenza di manutenere periodicamente la vostra caldaia affinch\u00e9 funzioni correttamente per tutto il periodo invernale, garantendo il massimo in termini di sicurezza domestica, il consiglio che voglio darvi \u00e8 di affidarvi ad una ditta seria e professionale che possa prendersi cura del vostro impianto di riscaldamento. L&#8217;azienda che ho contattato lo scorso inverno si chiama Dimensione Caldaie ed interviene su tutto il territorio di Roma e dintorni, ideale per me che abito a Capannelle. Inizialmente, ho dato un&#8217;occhiata al sito Dimensionecaldaie.it, notando l&#8217;interessante presenza di pagine riservate ai codici di errore di svariate marche di caldaie. Ho trovato questa sezione molto utile, specialmente per la mia caldaia Baxi che spesso va in blocco. Consultando la lista dei codici forniti dal sito della ditta, ho capito che il blocco era generato dalla mancata accensione dell&#8217;impianto. L&#8217;aspetto positivo \u00e8 che ho potuto escludere le eventualit\u00e0 peggiori e riavviare la caldaia in tutta tranquillit\u00e0. Tutto ci\u00f2 \u00e8 stato molto utile, soprattutto perch\u00e9 non avevo pensato di ricorrere al libretto delle istruzioni del mio modello specifico!<\/p>\n<p>Il primo vero contatto con Dimensione Caldaie \u00e8 avvenuto poco dopo, quando la caldaia segnalava un codice di errore al livello del circuito della valvola del gas. Data la pericolosit\u00e0 del guasto, ho chiamato il servizio clienti della ditta per prendere un appuntamento. Specificando l&#8217;urgenza dell&#8217;intervento, il tecnico \u00e8 stato inviato immediatamente e, dopo un intervento di circa un&#8217;oretta, la caldaia \u00e8 stata ripristinata. Il tecnico \u00e8 stato sia competente che cortese e mi ha fornito i dettagli dell&#8217;intervento, spiegandomi a grandi linee ci\u00f2 che aveva fatto. Al termine dell&#8217;opera, mi ha detto che, per tutte le scadenze relative alla manutenzione obbligatoria della caldaia, potevo fare affidamento alla ditta, che mi avrebbe contattato qualche tempo prima delle scadenze per stabilire l&#8217;appuntamento per l&#8217;intervento di manutenzione. Considerando che ho una memoria pessima e che fatico persino a ricordarmi di pagare il bollo della macchina, penso che il servizio di pro-memoria offerto dall&#8217;azienda sia davvero utile per noi smemorati, specialmente perch\u00e9, per la mancata manutenzione della caldaia sono previste multe salatissime.<\/p>\n","protected":false},"excerpt":{"rendered":"<p>Se anche voi avete l&#8217;esigenza di manutenere periodicamente la vostra caldaia affinch\u00e9 funzioni correttamente per tutto il periodo invernale, garantendo il massimo in termini di sicurezza domestica, il consiglio che voglio darvi \u00e8 di affidarvi ad una ditta seria e professionale che possa prendersi cura del vostro impianto di riscaldamento. L&#8217;azienda che ho contattato lo scorso inverno si chiama Dimensione Caldaie ed interviene su tutto il territorio di Roma e<\/p>\n<p><a class=\"continue-reading\" href=\"https:\/\/www.article-marketing.eu\/comunicatistampa\/opinioni-dimensione-caldaie\/\">Continue reading&#8230;<\/a><\/p>\n","protected":false},"author":600,"featured_media":0,"comment_status":"open","ping_status":"open","sticky":false,"template":"","format":"standard","meta":{"_monsterinsights_skip_tracking":false,"_monsterinsights_sitenote_active":false,"_monsterinsights_sitenote_note":"","_monsterinsights_sitenote_category":0,"footnotes":""},"categories":[394],"tags":[],"class_list":["post-4887","post","type-post","status-publish","format-standard","hentry","category-servizi"],"yoast_head":"<!-- This site is optimized with the Yoast SEO plugin v27.3 - https:\/\/yoast.com\/product\/yoast-seo-wordpress\/ -->\n<title>Opinioni di Dimensione Caldaie - Article Marketing<\/title>\n<meta name=\"robots\" content=\"index, follow, max-snippet:-1, max-image-preview:large, max-video-preview:-1\" \/>\n<link rel=\"canonical\" href=\"https:\/\/www.article-marketing.eu\/comunicatistampa\/opinioni-dimensione-caldaie\/\" \/>\n<meta property=\"og:locale\" content=\"it_IT\" \/>\n<meta property=\"og:type\" content=\"article\" \/>\n<meta property=\"og:title\" content=\"Opinioni di Dimensione Caldaie - Article Marketing\" \/>\n<meta property=\"og:description\" content=\"Se anche voi avete l&#8217;esigenza di manutenere periodicamente la vostra caldaia affinch\u00e9 funzioni correttamente per tutto il periodo invernale, garantendo il massimo in termini di sicurezza domestica, il consiglio che voglio darvi \u00e8 di affidarvi ad una ditta seria e professionale che possa prendersi cura del vostro impianto di riscaldamento. L&#8217;azienda che ho contattato lo scorso inverno si chiama Dimensione Caldaie ed interviene su tutto il territorio di Roma eContinue reading...\" \/>\n<meta property=\"og:url\" content=\"https:\/\/www.article-marketing.eu\/comunicatistampa\/opinioni-dimensione-caldaie\/\" \/>\n<meta property=\"og:site_name\" content=\"Article Marketing\" \/>\n<meta property=\"article:published_time\" content=\"2017-08-29T18:10:23+00:00\" \/>\n<meta name=\"author\" content=\"giorgiaminozzi\" \/>\n<meta name=\"twitter:card\" content=\"summary_large_image\" \/>\n<meta name=\"twitter:label1\" content=\"Scritto da\" \/>\n\t<meta name=\"twitter:data1\" content=\"giorgiaminozzi\" \/>\n\t<meta name=\"twitter:label2\" content=\"Tempo di lettura stimato\" \/>\n\t<meta name=\"twitter:data2\" content=\"2 minuti\" \/>\n<script type=\"application\/ld+json\" class=\"yoast-schema-graph\">{\"@context\":\"https:\\\/\\\/schema.org\",\"@graph\":[{\"@type\":\"Article\",\"@id\":\"https:\\\/\\\/www.article-marketing.eu\\\/comunicatistampa\\\/opinioni-dimensione-caldaie\\\/#article\",\"isPartOf\":{\"@id\":\"https:\\\/\\\/www.article-marketing.eu\\\/comunicatistampa\\\/opinioni-dimensione-caldaie\\\/\"},\"author\":{\"name\":\"giorgiaminozzi\",\"@id\":\"https:\\\/\\\/www.article-marketing.eu\\\/comunicatistampa\\\/#\\\/schema\\\/person\\\/6cb9020f09940448b3888d0f30327631\"},\"headline\":\"Opinioni di Dimensione Caldaie\",\"datePublished\":\"2017-08-29T18:10:23+00:00\",\"mainEntityOfPage\":{\"@id\":\"https:\\\/\\\/www.article-marketing.eu\\\/comunicatistampa\\\/opinioni-dimensione-caldaie\\\/\"},\"wordCount\":343,\"commentCount\":0,\"articleSection\":[\"Servizi\"],\"inLanguage\":\"it-IT\",\"potentialAction\":[{\"@type\":\"CommentAction\",\"name\":\"Comment\",\"target\":[\"https:\\\/\\\/www.article-marketing.eu\\\/comunicatistampa\\\/opinioni-dimensione-caldaie\\\/#respond\"]}]},{\"@type\":\"WebPage\",\"@id\":\"https:\\\/\\\/www.article-marketing.eu\\\/comunicatistampa\\\/opinioni-dimensione-caldaie\\\/\",\"url\":\"https:\\\/\\\/www.article-marketing.eu\\\/comunicatistampa\\\/opinioni-dimensione-caldaie\\\/\",\"name\":\"Opinioni di Dimensione Caldaie - Article Marketing\",\"isPartOf\":{\"@id\":\"https:\\\/\\\/www.article-marketing.eu\\\/comunicatistampa\\\/#website\"},\"datePublished\":\"2017-08-29T18:10:23+00:00\",\"author\":{\"@id\":\"https:\\\/\\\/www.article-marketing.eu\\\/comunicatistampa\\\/#\\\/schema\\\/person\\\/6cb9020f09940448b3888d0f30327631\"},\"breadcrumb\":{\"@id\":\"https:\\\/\\\/www.article-marketing.eu\\\/comunicatistampa\\\/opinioni-dimensione-caldaie\\\/#breadcrumb\"},\"inLanguage\":\"it-IT\",\"potentialAction\":[{\"@type\":\"ReadAction\",\"target\":[\"https:\\\/\\\/www.article-marketing.eu\\\/comunicatistampa\\\/opinioni-dimensione-caldaie\\\/\"]}]},{\"@type\":\"BreadcrumbList\",\"@id\":\"https:\\\/\\\/www.article-marketing.eu\\\/comunicatistampa\\\/opinioni-dimensione-caldaie\\\/#breadcrumb\",\"itemListElement\":[{\"@type\":\"ListItem\",\"position\":1,\"name\":\"Home\",\"item\":\"https:\\\/\\\/www.article-marketing.eu\\\/comunicatistampa\\\/\"},{\"@type\":\"ListItem\",\"position\":2,\"name\":\"Opinioni di Dimensione Caldaie\"}]},{\"@type\":\"WebSite\",\"@id\":\"https:\\\/\\\/www.article-marketing.eu\\\/comunicatistampa\\\/#website\",\"url\":\"https:\\\/\\\/www.article-marketing.eu\\\/comunicatistampa\\\/\",\"name\":\"Article Marketing\",\"description\":\"article marketing &amp; press release\",\"potentialAction\":[{\"@type\":\"SearchAction\",\"target\":{\"@type\":\"EntryPoint\",\"urlTemplate\":\"https:\\\/\\\/www.article-marketing.eu\\\/comunicatistampa\\\/?s={search_term_string}\"},\"query-input\":{\"@type\":\"PropertyValueSpecification\",\"valueRequired\":true,\"valueName\":\"search_term_string\"}}],\"inLanguage\":\"it-IT\"},{\"@type\":\"Person\",\"@id\":\"https:\\\/\\\/www.article-marketing.eu\\\/comunicatistampa\\\/#\\\/schema\\\/person\\\/6cb9020f09940448b3888d0f30327631\",\"name\":\"giorgiaminozzi\",\"image\":{\"@type\":\"ImageObject\",\"inLanguage\":\"it-IT\",\"@id\":\"https:\\\/\\\/secure.gravatar.com\\\/avatar\\\/1145d9c446ed14af28988b8c0be4bd3c94843b7d327daf911e207b67299dc7d3?s=96&d=mm&r=g\",\"url\":\"https:\\\/\\\/secure.gravatar.com\\\/avatar\\\/1145d9c446ed14af28988b8c0be4bd3c94843b7d327daf911e207b67299dc7d3?s=96&d=mm&r=g\",\"contentUrl\":\"https:\\\/\\\/secure.gravatar.com\\\/avatar\\\/1145d9c446ed14af28988b8c0be4bd3c94843b7d327daf911e207b67299dc7d3?s=96&d=mm&r=g\",\"caption\":\"giorgiaminozzi\"},\"url\":\"https:\\\/\\\/www.article-marketing.eu\\\/comunicatistampa\\\/author\\\/giorgiaminozzi\\\/\"}]}<\/script>\n<!-- \/ Yoast SEO plugin. -->","yoast_head_json":{"title":"Opinioni di Dimensione Caldaie - Article Marketing","robots":{"index":"index","follow":"follow","max-snippet":"max-snippet:-1","max-image-preview":"max-image-preview:large","max-video-preview":"max-video-preview:-1"},"canonical":"https:\/\/www.article-marketing.eu\/comunicatistampa\/opinioni-dimensione-caldaie\/","og_locale":"it_IT","og_type":"article","og_title":"Opinioni di Dimensione Caldaie - Article Marketing","og_description":"Se anche voi avete l&#8217;esigenza di manutenere periodicamente la vostra caldaia affinch\u00e9 funzioni correttamente per tutto il periodo invernale, garantendo il massimo in termini di sicurezza domestica, il consiglio che voglio darvi \u00e8 di affidarvi ad una ditta seria e professionale che possa prendersi cura del vostro impianto di riscaldamento. L&#8217;azienda che ho contattato lo scorso inverno si chiama Dimensione Caldaie ed interviene su tutto il territorio di Roma eContinue reading...","og_url":"https:\/\/www.article-marketing.eu\/comunicatistampa\/opinioni-dimensione-caldaie\/","og_site_name":"Article Marketing","article_published_time":"2017-08-29T18:10:23+00:00","author":"giorgiaminozzi","twitter_card":"summary_large_image","twitter_misc":{"Scritto da":"giorgiaminozzi","Tempo di lettura stimato":"2 minuti"},"schema":{"@context":"https:\/\/schema.org","@graph":[{"@type":"Article","@id":"https:\/\/www.article-marketing.eu\/comunicatistampa\/opinioni-dimensione-caldaie\/#article","isPartOf":{"@id":"https:\/\/www.article-marketing.eu\/comunicatistampa\/opinioni-dimensione-caldaie\/"},"author":{"name":"giorgiaminozzi","@id":"https:\/\/www.article-marketing.eu\/comunicatistampa\/#\/schema\/person\/6cb9020f09940448b3888d0f30327631"},"headline":"Opinioni di Dimensione Caldaie","datePublished":"2017-08-29T18:10:23+00:00","mainEntityOfPage":{"@id":"https:\/\/www.article-marketing.eu\/comunicatistampa\/opinioni-dimensione-caldaie\/"},"wordCount":343,"commentCount":0,"articleSection":["Servizi"],"inLanguage":"it-IT","potentialAction":[{"@type":"CommentAction","name":"Comment","target":["https:\/\/www.article-marketing.eu\/comunicatistampa\/opinioni-dimensione-caldaie\/#respond"]}]},{"@type":"WebPage","@id":"https:\/\/www.article-marketing.eu\/comunicatistampa\/opinioni-dimensione-caldaie\/","url":"https:\/\/www.article-marketing.eu\/comunicatistampa\/opinioni-dimensione-caldaie\/","name":"Opinioni di Dimensione Caldaie - Article Marketing","isPartOf":{"@id":"https:\/\/www.article-marketing.eu\/comunicatistampa\/#website"},"datePublished":"2017-08-29T18:10:23+00:00","author":{"@id":"https:\/\/www.article-marketing.eu\/comunicatistampa\/#\/schema\/person\/6cb9020f09940448b3888d0f30327631"},"breadcrumb":{"@id":"https:\/\/www.article-marketing.eu\/comunicatistampa\/opinioni-dimensione-caldaie\/#breadcrumb"},"inLanguage":"it-IT","potentialAction":[{"@type":"ReadAction","target":["https:\/\/www.article-marketing.eu\/comunicatistampa\/opinioni-dimensione-caldaie\/"]}]},{"@type":"BreadcrumbList","@id":"https:\/\/www.article-marketing.eu\/comunicatistampa\/opinioni-dimensione-caldaie\/#breadcrumb","itemListElement":[{"@type":"ListItem","position":1,"name":"Home","item":"https:\/\/www.article-marketing.eu\/comunicatistampa\/"},{"@type":"ListItem","position":2,"name":"Opinioni di Dimensione Caldaie"}]},{"@type":"WebSite","@id":"https:\/\/www.article-marketing.eu\/comunicatistampa\/#website","url":"https:\/\/www.article-marketing.eu\/comunicatistampa\/","name":"Article Marketing","description":"article marketing &amp; press release","potentialAction":[{"@type":"SearchAction","target":{"@type":"EntryPoint","urlTemplate":"https:\/\/www.article-marketing.eu\/comunicatistampa\/?s={search_term_string}"},"query-input":{"@type":"PropertyValueSpecification","valueRequired":true,"valueName":"search_term_string"}}],"inLanguage":"it-IT"},{"@type":"Person","@id":"https:\/\/www.article-marketing.eu\/comunicatistampa\/#\/schema\/person\/6cb9020f09940448b3888d0f30327631","name":"giorgiaminozzi","image":{"@type":"ImageObject","inLanguage":"it-IT","@id":"https:\/\/secure.gravatar.com\/avatar\/1145d9c446ed14af28988b8c0be4bd3c94843b7d327daf911e207b67299dc7d3?s=96&d=mm&r=g","url":"https:\/\/secure.gravatar.com\/avatar\/1145d9c446ed14af28988b8c0be4bd3c94843b7d327daf911e207b67299dc7d3?s=96&d=mm&r=g","contentUrl":"https:\/\/secure.gravatar.com\/avatar\/1145d9c446ed14af28988b8c0be4bd3c94843b7d327daf911e207b67299dc7d3?s=96&d=mm&r=g","caption":"giorgiaminozzi"},"url":"https:\/\/www.article-marketing.eu\/comunicatistampa\/author\/giorgiaminozzi\/"}]}},"_links":{"self":[{"href":"https:\/\/www.article-marketing.eu\/comunicatistampa\/wp-json\/wp\/v2\/posts\/4887","targetHints":{"allow":["GET"]}}],"collection":[{"href":"https:\/\/www.article-marketing.eu\/comunicatistampa\/wp-json\/wp\/v2\/posts"}],"about":[{"href":"https:\/\/www.article-marketing.eu\/comunicatistampa\/wp-json\/wp\/v2\/types\/post"}],"author":[{"embeddable":true,"href":"https:\/\/www.article-marketing.eu\/comunicatistampa\/wp-json\/wp\/v2\/users\/600"}],"replies":[{"embeddable":true,"href":"https:\/\/www.article-marketing.eu\/comunicatistampa\/wp-json\/wp\/v2\/comments?post=4887"}],"version-history":[{"count":2,"href":"https:\/\/www.article-marketing.eu\/comunicatistampa\/wp-json\/wp\/v2\/posts\/4887\/revisions"}],"predecessor-version":[{"id":4892,"href":"https:\/\/www.article-marketing.eu\/comunicatistampa\/wp-json\/wp\/v2\/posts\/4887\/revisions\/4892"}],"wp:attachment":[{"href":"https:\/\/www.article-marketing.eu\/comunicatistampa\/wp-json\/wp\/v2\/media?parent=4887"}],"wp:term":[{"taxonomy":"category","embeddable":true,"href":"https:\/\/www.article-marketing.eu\/comunicatistampa\/wp-json\/wp\/v2\/categories?post=4887"},{"taxonomy":"post_tag","embeddable":true,"href":"https:\/\/www.article-marketing.eu\/comunicatistampa\/wp-json\/wp\/v2\/tags?post=4887"}],"curies":[{"name":"wp","href":"https:\/\/api.w.org\/{rel}","templated":true}]}}