{"id":4889,"date":"2017-08-29T20:11:42","date_gmt":"2017-08-29T18:11:42","guid":{"rendered":"http:\/\/www.article-marketing.eu\/comunicatistampa\/?p=4889"},"modified":"2017-08-29T20:11:42","modified_gmt":"2017-08-29T18:11:42","slug":"noleggio-sollevatore-disabili-anziani-elettrico","status":"publish","type":"post","link":"https:\/\/www.article-marketing.eu\/comunicatistampa\/noleggio-sollevatore-disabili-anziani-elettrico\/","title":{"rendered":"Noleggio sollevatore per disabili e anziani elettrico"},"content":{"rendered":"<p>Il sollevatore per disabili e anziani elettrico \u00e8 stato ideato per tutti gli operatori del settore, per coloro che assistono il paziente che ha difficolt\u00e0 nell&#8217;alzarsi dal letto. Nei casi di trasferimento del paziente o meglio ancora nei casi di pulizia ed igiene, l&#8217;operatore potr\u00e0 avvalersi di questo importante strumento <strong>senza fare alcuno<\/strong> <strong>sforzo ed in tutta sicurezza, <\/strong>sia per il paziente che per coloro che lo assistono.<\/p>\n<h2>Sollevatore\u00a0per disabili e anziani elettrico: come \u00e8 fatto<\/h2>\n<p>Il <a href=\"https:\/\/www.sanitariailgiglio.com\/noleggio-sollevatore-per-disabili-elettrico\">sollevatore per disabili e anziani elettrico<\/a> \u00e8 dotato di un motore con alimentazione a batteria ricaricabile ed ha un&#8217; autonomia di 45 sollevamenti per ogni carica. La portata massima del paziente per garantire una manovra sicura \u00e8 di 180 Kg. Altissima resistenza grazie ai materiali di cui \u00e8 composto: in <strong>acciaio<\/strong>.<\/p>\n<p>In dotazione c&#8217;\u00e8 anche il <strong>telecomando<\/strong> con il quale si pu\u00f2 manovrare il movimento di alzata, che la discesa, ovviamente per il paziente vi \u00e8 la necessit\u00e0 di avere un&#8217;imbracatura confortevole e sicura che lo avvolge in tutta sicurezza.<\/p>\n<p>Inoltre \u00e8 dotato di una base che pu\u00f2 essere regolabile utile ed importante nei casi di <strong>spazi ristretti<\/strong>, c&#8217;\u00e8 una maniglia di spinta anti trauma, \u00e8 dotato di ruote posteriori frenanti ed anche un pulsante di emergenza per l&#8217;<strong>arresto immediato del movimento<\/strong>, da utilizzare nei casi di insorgenza di situazioni da dover gestire al meglio. Il sollevatore elettrico \u00e9 un dispositivo medico indicato al <strong>personale ospedaliero<\/strong>, ma grazie alla sue caratteristiche pregevoli \u00e8 molto utile anche in ambienti domiciliari.<\/p>\n<p>&nbsp;<\/p>\n<h3>Sollevatore per disabili e anziani elettrico: utilit\u00e0<\/h3>\n<p>Vediamo le utilit\u00e0 del sollevatore per disabili e anziani elettrico:<\/p>\n<ul>\n<li>per spostare una persona dalla carrozzina al letto;<\/li>\n<li>per spostare una persona dal letto al bagno.<\/li>\n<li>per poter cambiare lenzuola<\/li>\n<li>per poter effettuare manovre di pulizia.<\/li>\n<\/ul>\n<p>&nbsp;<\/p>\n<p>Noleggiare un sollevatore elettrico per disabili ed anziani pu\u00f2 essere un&#8217;alternativa molto valida per coloro che hanno una persona in casa che fa fatica a deambulare, \u00e8 un valido accessorio per chi utilizza un letto ospedaliero.<\/p>\n","protected":false},"excerpt":{"rendered":"<p>Il sollevatore per disabili e anziani elettrico \u00e8 stato ideato per tutti gli operatori del settore, per coloro che assistono il paziente che ha difficolt\u00e0 nell&#8217;alzarsi dal letto. Nei casi di trasferimento del paziente o meglio ancora nei casi di pulizia ed igiene, l&#8217;operatore potr\u00e0 avvalersi di questo importante strumento senza fare alcuno sforzo ed in tutta sicurezza, sia per il paziente che per coloro che lo assistono. Sollevatore\u00a0per disabili<\/p>\n<p><a class=\"continue-reading\" href=\"https:\/\/www.article-marketing.eu\/comunicatistampa\/noleggio-sollevatore-disabili-anziani-elettrico\/\">Continue reading&#8230;<\/a><\/p>\n","protected":false},"author":436,"featured_media":0,"comment_status":"open","ping_status":"open","sticky":false,"template":"","format":"standard","meta":{"_monsterinsights_skip_tracking":false,"_monsterinsights_sitenote_active":false,"_monsterinsights_sitenote_note":"","_monsterinsights_sitenote_category":0,"footnotes":""},"categories":[394],"tags":[2359,2358,2357,2356],"class_list":["post-4889","post","type-post","status-publish","format-standard","hentry","category-servizi","tag-noleggio-sollevatore-elettrico","tag-sollevatore-elettrico","tag-sollevatore-elettrico-per-anziani","tag-sollevatore-elettrico-per-disabili"],"yoast_head":"<!-- This site is optimized with the Yoast SEO plugin v27.3 - https:\/\/yoast.com\/product\/yoast-seo-wordpress\/ -->\n<title>Noleggio sollevatore per disabili e anziani elettrico - Article Marketing<\/title>\n<meta name=\"description\" content=\"Noleggio Sollevatore per disabili ed anziani elettrico indicato per personale ospedaliero, ma anche per ambienti domiciliari.\" \/>\n<meta name=\"robots\" content=\"index, follow, max-snippet:-1, max-image-preview:large, max-video-preview:-1\" \/>\n<link rel=\"canonical\" href=\"https:\/\/www.article-marketing.eu\/comunicatistampa\/noleggio-sollevatore-disabili-anziani-elettrico\/\" \/>\n<meta property=\"og:locale\" content=\"it_IT\" \/>\n<meta property=\"og:type\" content=\"article\" \/>\n<meta property=\"og:title\" content=\"Noleggio sollevatore per disabili e anziani elettrico - Article Marketing\" \/>\n<meta property=\"og:description\" content=\"Noleggio Sollevatore per disabili ed anziani elettrico indicato per personale ospedaliero, ma anche per ambienti domiciliari.\" \/>\n<meta property=\"og:url\" content=\"https:\/\/www.article-marketing.eu\/comunicatistampa\/noleggio-sollevatore-disabili-anziani-elettrico\/\" \/>\n<meta property=\"og:site_name\" content=\"Article Marketing\" \/>\n<meta property=\"article:published_time\" content=\"2017-08-29T18:11:42+00:00\" \/>\n<meta name=\"author\" content=\"seoseverini\" \/>\n<meta name=\"twitter:card\" content=\"summary_large_image\" \/>\n<meta name=\"twitter:label1\" content=\"Scritto da\" \/>\n\t<meta name=\"twitter:data1\" content=\"seoseverini\" \/>\n\t<meta name=\"twitter:label2\" content=\"Tempo di lettura stimato\" \/>\n\t<meta name=\"twitter:data2\" content=\"2 minuti\" \/>\n<script type=\"application\/ld+json\" class=\"yoast-schema-graph\">{\"@context\":\"https:\\\/\\\/schema.org\",\"@graph\":[{\"@type\":\"Article\",\"@id\":\"https:\\\/\\\/www.article-marketing.eu\\\/comunicatistampa\\\/noleggio-sollevatore-disabili-anziani-elettrico\\\/#article\",\"isPartOf\":{\"@id\":\"https:\\\/\\\/www.article-marketing.eu\\\/comunicatistampa\\\/noleggio-sollevatore-disabili-anziani-elettrico\\\/\"},\"author\":{\"name\":\"seoseverini\",\"@id\":\"https:\\\/\\\/www.article-marketing.eu\\\/comunicatistampa\\\/#\\\/schema\\\/person\\\/4123b09ba5b5e42091f2389476421254\"},\"headline\":\"Noleggio sollevatore per disabili e anziani elettrico\",\"datePublished\":\"2017-08-29T18:11:42+00:00\",\"mainEntityOfPage\":{\"@id\":\"https:\\\/\\\/www.article-marketing.eu\\\/comunicatistampa\\\/noleggio-sollevatore-disabili-anziani-elettrico\\\/\"},\"wordCount\":322,\"commentCount\":0,\"keywords\":[\"noleggio sollevatore elettrico\",\"sollevatore elettrico\",\"sollevatore elettrico per anziani\",\"sollevatore elettrico per disabili\"],\"articleSection\":[\"Servizi\"],\"inLanguage\":\"it-IT\",\"potentialAction\":[{\"@type\":\"CommentAction\",\"name\":\"Comment\",\"target\":[\"https:\\\/\\\/www.article-marketing.eu\\\/comunicatistampa\\\/noleggio-sollevatore-disabili-anziani-elettrico\\\/#respond\"]}]},{\"@type\":\"WebPage\",\"@id\":\"https:\\\/\\\/www.article-marketing.eu\\\/comunicatistampa\\\/noleggio-sollevatore-disabili-anziani-elettrico\\\/\",\"url\":\"https:\\\/\\\/www.article-marketing.eu\\\/comunicatistampa\\\/noleggio-sollevatore-disabili-anziani-elettrico\\\/\",\"name\":\"Noleggio sollevatore per disabili e anziani elettrico - Article Marketing\",\"isPartOf\":{\"@id\":\"https:\\\/\\\/www.article-marketing.eu\\\/comunicatistampa\\\/#website\"},\"datePublished\":\"2017-08-29T18:11:42+00:00\",\"author\":{\"@id\":\"https:\\\/\\\/www.article-marketing.eu\\\/comunicatistampa\\\/#\\\/schema\\\/person\\\/4123b09ba5b5e42091f2389476421254\"},\"description\":\"Noleggio Sollevatore per disabili ed anziani elettrico indicato per personale ospedaliero, ma anche per ambienti domiciliari.\",\"breadcrumb\":{\"@id\":\"https:\\\/\\\/www.article-marketing.eu\\\/comunicatistampa\\\/noleggio-sollevatore-disabili-anziani-elettrico\\\/#breadcrumb\"},\"inLanguage\":\"it-IT\",\"potentialAction\":[{\"@type\":\"ReadAction\",\"target\":[\"https:\\\/\\\/www.article-marketing.eu\\\/comunicatistampa\\\/noleggio-sollevatore-disabili-anziani-elettrico\\\/\"]}]},{\"@type\":\"BreadcrumbList\",\"@id\":\"https:\\\/\\\/www.article-marketing.eu\\\/comunicatistampa\\\/noleggio-sollevatore-disabili-anziani-elettrico\\\/#breadcrumb\",\"itemListElement\":[{\"@type\":\"ListItem\",\"position\":1,\"name\":\"Home\",\"item\":\"https:\\\/\\\/www.article-marketing.eu\\\/comunicatistampa\\\/\"},{\"@type\":\"ListItem\",\"position\":2,\"name\":\"Noleggio sollevatore per disabili e anziani elettrico\"}]},{\"@type\":\"WebSite\",\"@id\":\"https:\\\/\\\/www.article-marketing.eu\\\/comunicatistampa\\\/#website\",\"url\":\"https:\\\/\\\/www.article-marketing.eu\\\/comunicatistampa\\\/\",\"name\":\"Article Marketing\",\"description\":\"article marketing &amp; press release\",\"potentialAction\":[{\"@type\":\"SearchAction\",\"target\":{\"@type\":\"EntryPoint\",\"urlTemplate\":\"https:\\\/\\\/www.article-marketing.eu\\\/comunicatistampa\\\/?s={search_term_string}\"},\"query-input\":{\"@type\":\"PropertyValueSpecification\",\"valueRequired\":true,\"valueName\":\"search_term_string\"}}],\"inLanguage\":\"it-IT\"},{\"@type\":\"Person\",\"@id\":\"https:\\\/\\\/www.article-marketing.eu\\\/comunicatistampa\\\/#\\\/schema\\\/person\\\/4123b09ba5b5e42091f2389476421254\",\"name\":\"seoseverini\",\"image\":{\"@type\":\"ImageObject\",\"inLanguage\":\"it-IT\",\"@id\":\"https:\\\/\\\/secure.gravatar.com\\\/avatar\\\/199a2e63e9614dc83afe5b2605213f3e70299de8d4fca9c3608bbc9c02de997b?s=96&d=mm&r=g\",\"url\":\"https:\\\/\\\/secure.gravatar.com\\\/avatar\\\/199a2e63e9614dc83afe5b2605213f3e70299de8d4fca9c3608bbc9c02de997b?s=96&d=mm&r=g\",\"contentUrl\":\"https:\\\/\\\/secure.gravatar.com\\\/avatar\\\/199a2e63e9614dc83afe5b2605213f3e70299de8d4fca9c3608bbc9c02de997b?s=96&d=mm&r=g\",\"caption\":\"seoseverini\"},\"sameAs\":[\"http:\\\/\\\/www.seoperseo.eu\"],\"url\":\"https:\\\/\\\/www.article-marketing.eu\\\/comunicatistampa\\\/author\\\/seoseverini\\\/\"}]}<\/script>\n<!-- \/ Yoast SEO plugin. -->","yoast_head_json":{"title":"Noleggio sollevatore per disabili e anziani elettrico - Article Marketing","description":"Noleggio Sollevatore per disabili ed anziani elettrico indicato per personale ospedaliero, ma anche per ambienti domiciliari.","robots":{"index":"index","follow":"follow","max-snippet":"max-snippet:-1","max-image-preview":"max-image-preview:large","max-video-preview":"max-video-preview:-1"},"canonical":"https:\/\/www.article-marketing.eu\/comunicatistampa\/noleggio-sollevatore-disabili-anziani-elettrico\/","og_locale":"it_IT","og_type":"article","og_title":"Noleggio sollevatore per disabili e anziani elettrico - Article Marketing","og_description":"Noleggio Sollevatore per disabili ed anziani elettrico indicato per personale ospedaliero, ma anche per ambienti domiciliari.","og_url":"https:\/\/www.article-marketing.eu\/comunicatistampa\/noleggio-sollevatore-disabili-anziani-elettrico\/","og_site_name":"Article Marketing","article_published_time":"2017-08-29T18:11:42+00:00","author":"seoseverini","twitter_card":"summary_large_image","twitter_misc":{"Scritto da":"seoseverini","Tempo di lettura stimato":"2 minuti"},"schema":{"@context":"https:\/\/schema.org","@graph":[{"@type":"Article","@id":"https:\/\/www.article-marketing.eu\/comunicatistampa\/noleggio-sollevatore-disabili-anziani-elettrico\/#article","isPartOf":{"@id":"https:\/\/www.article-marketing.eu\/comunicatistampa\/noleggio-sollevatore-disabili-anziani-elettrico\/"},"author":{"name":"seoseverini","@id":"https:\/\/www.article-marketing.eu\/comunicatistampa\/#\/schema\/person\/4123b09ba5b5e42091f2389476421254"},"headline":"Noleggio sollevatore per disabili e anziani elettrico","datePublished":"2017-08-29T18:11:42+00:00","mainEntityOfPage":{"@id":"https:\/\/www.article-marketing.eu\/comunicatistampa\/noleggio-sollevatore-disabili-anziani-elettrico\/"},"wordCount":322,"commentCount":0,"keywords":["noleggio sollevatore elettrico","sollevatore elettrico","sollevatore elettrico per anziani","sollevatore elettrico per disabili"],"articleSection":["Servizi"],"inLanguage":"it-IT","potentialAction":[{"@type":"CommentAction","name":"Comment","target":["https:\/\/www.article-marketing.eu\/comunicatistampa\/noleggio-sollevatore-disabili-anziani-elettrico\/#respond"]}]},{"@type":"WebPage","@id":"https:\/\/www.article-marketing.eu\/comunicatistampa\/noleggio-sollevatore-disabili-anziani-elettrico\/","url":"https:\/\/www.article-marketing.eu\/comunicatistampa\/noleggio-sollevatore-disabili-anziani-elettrico\/","name":"Noleggio sollevatore per disabili e anziani elettrico - Article Marketing","isPartOf":{"@id":"https:\/\/www.article-marketing.eu\/comunicatistampa\/#website"},"datePublished":"2017-08-29T18:11:42+00:00","author":{"@id":"https:\/\/www.article-marketing.eu\/comunicatistampa\/#\/schema\/person\/4123b09ba5b5e42091f2389476421254"},"description":"Noleggio Sollevatore per disabili ed anziani elettrico indicato per personale ospedaliero, ma anche per ambienti domiciliari.","breadcrumb":{"@id":"https:\/\/www.article-marketing.eu\/comunicatistampa\/noleggio-sollevatore-disabili-anziani-elettrico\/#breadcrumb"},"inLanguage":"it-IT","potentialAction":[{"@type":"ReadAction","target":["https:\/\/www.article-marketing.eu\/comunicatistampa\/noleggio-sollevatore-disabili-anziani-elettrico\/"]}]},{"@type":"BreadcrumbList","@id":"https:\/\/www.article-marketing.eu\/comunicatistampa\/noleggio-sollevatore-disabili-anziani-elettrico\/#breadcrumb","itemListElement":[{"@type":"ListItem","position":1,"name":"Home","item":"https:\/\/www.article-marketing.eu\/comunicatistampa\/"},{"@type":"ListItem","position":2,"name":"Noleggio sollevatore per disabili e anziani elettrico"}]},{"@type":"WebSite","@id":"https:\/\/www.article-marketing.eu\/comunicatistampa\/#website","url":"https:\/\/www.article-marketing.eu\/comunicatistampa\/","name":"Article Marketing","description":"article marketing &amp; press release","potentialAction":[{"@type":"SearchAction","target":{"@type":"EntryPoint","urlTemplate":"https:\/\/www.article-marketing.eu\/comunicatistampa\/?s={search_term_string}"},"query-input":{"@type":"PropertyValueSpecification","valueRequired":true,"valueName":"search_term_string"}}],"inLanguage":"it-IT"},{"@type":"Person","@id":"https:\/\/www.article-marketing.eu\/comunicatistampa\/#\/schema\/person\/4123b09ba5b5e42091f2389476421254","name":"seoseverini","image":{"@type":"ImageObject","inLanguage":"it-IT","@id":"https:\/\/secure.gravatar.com\/avatar\/199a2e63e9614dc83afe5b2605213f3e70299de8d4fca9c3608bbc9c02de997b?s=96&d=mm&r=g","url":"https:\/\/secure.gravatar.com\/avatar\/199a2e63e9614dc83afe5b2605213f3e70299de8d4fca9c3608bbc9c02de997b?s=96&d=mm&r=g","contentUrl":"https:\/\/secure.gravatar.com\/avatar\/199a2e63e9614dc83afe5b2605213f3e70299de8d4fca9c3608bbc9c02de997b?s=96&d=mm&r=g","caption":"seoseverini"},"sameAs":["http:\/\/www.seoperseo.eu"],"url":"https:\/\/www.article-marketing.eu\/comunicatistampa\/author\/seoseverini\/"}]}},"_links":{"self":[{"href":"https:\/\/www.article-marketing.eu\/comunicatistampa\/wp-json\/wp\/v2\/posts\/4889","targetHints":{"allow":["GET"]}}],"collection":[{"href":"https:\/\/www.article-marketing.eu\/comunicatistampa\/wp-json\/wp\/v2\/posts"}],"about":[{"href":"https:\/\/www.article-marketing.eu\/comunicatistampa\/wp-json\/wp\/v2\/types\/post"}],"author":[{"embeddable":true,"href":"https:\/\/www.article-marketing.eu\/comunicatistampa\/wp-json\/wp\/v2\/users\/436"}],"replies":[{"embeddable":true,"href":"https:\/\/www.article-marketing.eu\/comunicatistampa\/wp-json\/wp\/v2\/comments?post=4889"}],"version-history":[{"count":2,"href":"https:\/\/www.article-marketing.eu\/comunicatistampa\/wp-json\/wp\/v2\/posts\/4889\/revisions"}],"predecessor-version":[{"id":4896,"href":"https:\/\/www.article-marketing.eu\/comunicatistampa\/wp-json\/wp\/v2\/posts\/4889\/revisions\/4896"}],"wp:attachment":[{"href":"https:\/\/www.article-marketing.eu\/comunicatistampa\/wp-json\/wp\/v2\/media?parent=4889"}],"wp:term":[{"taxonomy":"category","embeddable":true,"href":"https:\/\/www.article-marketing.eu\/comunicatistampa\/wp-json\/wp\/v2\/categories?post=4889"},{"taxonomy":"post_tag","embeddable":true,"href":"https:\/\/www.article-marketing.eu\/comunicatistampa\/wp-json\/wp\/v2\/tags?post=4889"}],"curies":[{"name":"wp","href":"https:\/\/api.w.org\/{rel}","templated":true}]}}