{"id":4910,"date":"2017-09-01T14:06:42","date_gmt":"2017-09-01T12:06:42","guid":{"rendered":"http:\/\/www.article-marketing.eu\/comunicatistampa\/?p=4910"},"modified":"2017-09-01T14:06:42","modified_gmt":"2017-09-01T12:06:42","slug":"restauro-della-sauna-cosimo-de-medici","status":"publish","type":"post","link":"https:\/\/www.article-marketing.eu\/comunicatistampa\/restauro-della-sauna-cosimo-de-medici\/","title":{"rendered":"Restauro della sauna di Cosimo de Medici"},"content":{"rendered":"<p>Il Comodo di Cosimo \u00e8 un ambiente che oggi potrebbe essere l\u2019equivalente di un bagno con sauna che si trova in Palazzo Vecchio adiacente al Salone dei Duecento.<br \/>\nPalazzo vecchio \u00e8 da sempre stato il centro politico di <a href=\"http:\/\/www.florencetourstuscany.com\">Firenze<\/a> fin dal medioevo, in questo palazzo sono stati realizzati ambienti prestigiosi che ospitavano gli illustri governanti della citt\u00e0.<br \/>\nIl restauro del Comodo di Cosimo sar\u00e0 realizzato grazie alla collaborazione dell&#8217;azienda Geberit-Pozzi Ginori che \u00e8 sponsor dell&#8217;iniziativa.<br \/>\nIl restauro del Comodo di Cosimo rientra nel programma denominato FLIC \u201cFlorence I Care\u201d, per mezzo di questo il Comune di Firenze offre a societ\u00e0 private l&#8217;opportunit\u00e0 di sponsorizzare il restauro di opere d&#8217;arte di interesse pubblico.<br \/>\nIl Comodo di Cosimo \u00e8 situato vicino alla Sala dei Duecento sotto la scala piana dove era collocato il quartiere di Cosimo, questa stanza \u00e8 stata decorata da Marco da Faenza con grottesche e stucchi gi\u00e0 utilizzati nelle altre sale con rappresentzioni di scene prese dalla storia di Eros e Psiche di Apuleio.<br \/>\nIl Comodo ha la struttura di una stufa rinascimentale, questi ambienti particolarmente richiesti ed apprezzati in epoca rinascimentale da nobili e signori erano presenti nei palazzi pi\u00f9 importanti.<br \/>\nQuesti ambienti rinascimentali sono paragonabili alle saune moderne e avevano oltre ad una grande vasca un sistema in grado di scaldare l&#8217;acqua producendo vapore, si pensa che l&#8217;acqua fosse scaldata grazie all&#8217;immissione di aria calda proveniente da uno stanzino attiguo.<\/p>\n<p>Una volta terminato il restauro del comodo di Cosimo de Medici, Palazzo si arricchir\u00e0 di un ulteriore testimonianza di importante valore storico ed artistico, Palazzo Vecchio al tempo in cui a Firenze governavano i Medici era un luogo dove l&#8217;importante famiglia fiorentina trascorreva molto tempo, in questo palazzo esistano stanze di eccezionale fattura che erano utilizzate dalla famiglia de Medici sia per governare Firenze sia per trascorrere momenti privati.<\/p>\n","protected":false},"excerpt":{"rendered":"<p>Il Comodo di Cosimo \u00e8 un ambiente che oggi potrebbe essere l\u2019equivalente di un bagno con sauna che si trova in Palazzo Vecchio adiacente al Salone dei Duecento. Palazzo vecchio \u00e8 da sempre stato il centro politico di Firenze fin dal medioevo, in questo palazzo sono stati realizzati ambienti prestigiosi che ospitavano gli illustri governanti della citt\u00e0. Il restauro del Comodo di Cosimo sar\u00e0 realizzato grazie alla collaborazione dell&#8217;azienda Geberit-Pozzi<\/p>\n<p><a class=\"continue-reading\" href=\"https:\/\/www.article-marketing.eu\/comunicatistampa\/restauro-della-sauna-cosimo-de-medici\/\">Continue reading&#8230;<\/a><\/p>\n","protected":false},"author":123,"featured_media":0,"comment_status":"open","ping_status":"open","sticky":false,"template":"","format":"standard","meta":{"_monsterinsights_skip_tracking":false,"_monsterinsights_sitenote_active":false,"_monsterinsights_sitenote_note":"","_monsterinsights_sitenote_category":0,"footnotes":""},"categories":[407],"tags":[2363,505,2364,2365],"class_list":["post-4910","post","type-post","status-publish","format-standard","hentry","category-arte-e-cultura","tag-cosimo-de-medici","tag-firenze","tag-palazzo-vecchio","tag-salone-del-duecento"],"yoast_head":"<!-- This site is optimized with the Yoast SEO plugin v27.3 - https:\/\/yoast.com\/product\/yoast-seo-wordpress\/ -->\n<title>Restauro della sauna di Cosimo de Medici - Article Marketing<\/title>\n<meta name=\"description\" content=\"Il restauro del Comodo di Cosimo rientra nel programma \u201cFlorence I Care\u201d con il quale il Comune di Firenze offre a privati la possibilit\u00e0 di sponsorizzare\" \/>\n<meta name=\"robots\" content=\"index, follow, max-snippet:-1, max-image-preview:large, max-video-preview:-1\" \/>\n<link rel=\"canonical\" href=\"https:\/\/www.article-marketing.eu\/comunicatistampa\/restauro-della-sauna-cosimo-de-medici\/\" \/>\n<meta property=\"og:locale\" content=\"it_IT\" \/>\n<meta property=\"og:type\" content=\"article\" \/>\n<meta property=\"og:title\" content=\"Restauro della sauna di Cosimo de Medici - Article Marketing\" \/>\n<meta property=\"og:description\" content=\"Il restauro del Comodo di Cosimo rientra nel programma \u201cFlorence I Care\u201d con il quale il Comune di Firenze offre a privati la possibilit\u00e0 di sponsorizzare\" \/>\n<meta property=\"og:url\" content=\"https:\/\/www.article-marketing.eu\/comunicatistampa\/restauro-della-sauna-cosimo-de-medici\/\" \/>\n<meta property=\"og:site_name\" content=\"Article Marketing\" \/>\n<meta property=\"article:published_time\" content=\"2017-09-01T12:06:42+00:00\" \/>\n<meta name=\"author\" content=\"florencetours\" \/>\n<meta name=\"twitter:card\" content=\"summary_large_image\" \/>\n<meta name=\"twitter:label1\" content=\"Scritto da\" \/>\n\t<meta name=\"twitter:data1\" content=\"florencetours\" \/>\n\t<meta name=\"twitter:label2\" content=\"Tempo di lettura stimato\" \/>\n\t<meta name=\"twitter:data2\" content=\"1 minuto\" \/>\n<script type=\"application\/ld+json\" class=\"yoast-schema-graph\">{\"@context\":\"https:\\\/\\\/schema.org\",\"@graph\":[{\"@type\":\"Article\",\"@id\":\"https:\\\/\\\/www.article-marketing.eu\\\/comunicatistampa\\\/restauro-della-sauna-cosimo-de-medici\\\/#article\",\"isPartOf\":{\"@id\":\"https:\\\/\\\/www.article-marketing.eu\\\/comunicatistampa\\\/restauro-della-sauna-cosimo-de-medici\\\/\"},\"author\":{\"name\":\"florencetours\",\"@id\":\"https:\\\/\\\/www.article-marketing.eu\\\/comunicatistampa\\\/#\\\/schema\\\/person\\\/f38a3e5949a5875f8fdc5b183be9f331\"},\"headline\":\"Restauro della sauna di Cosimo de Medici\",\"datePublished\":\"2017-09-01T12:06:42+00:00\",\"mainEntityOfPage\":{\"@id\":\"https:\\\/\\\/www.article-marketing.eu\\\/comunicatistampa\\\/restauro-della-sauna-cosimo-de-medici\\\/\"},\"wordCount\":305,\"commentCount\":0,\"keywords\":[\"cosimo de medici\",\"firenze\",\"palazzo vecchio\",\"salone del duecento\"],\"articleSection\":[\"Arte e cultura\"],\"inLanguage\":\"it-IT\",\"potentialAction\":[{\"@type\":\"CommentAction\",\"name\":\"Comment\",\"target\":[\"https:\\\/\\\/www.article-marketing.eu\\\/comunicatistampa\\\/restauro-della-sauna-cosimo-de-medici\\\/#respond\"]}]},{\"@type\":\"WebPage\",\"@id\":\"https:\\\/\\\/www.article-marketing.eu\\\/comunicatistampa\\\/restauro-della-sauna-cosimo-de-medici\\\/\",\"url\":\"https:\\\/\\\/www.article-marketing.eu\\\/comunicatistampa\\\/restauro-della-sauna-cosimo-de-medici\\\/\",\"name\":\"Restauro della sauna di Cosimo de Medici - Article Marketing\",\"isPartOf\":{\"@id\":\"https:\\\/\\\/www.article-marketing.eu\\\/comunicatistampa\\\/#website\"},\"datePublished\":\"2017-09-01T12:06:42+00:00\",\"author\":{\"@id\":\"https:\\\/\\\/www.article-marketing.eu\\\/comunicatistampa\\\/#\\\/schema\\\/person\\\/f38a3e5949a5875f8fdc5b183be9f331\"},\"description\":\"Il restauro del Comodo di Cosimo rientra nel programma \u201cFlorence I Care\u201d con il quale il Comune di Firenze offre a privati la possibilit\u00e0 di sponsorizzare\",\"breadcrumb\":{\"@id\":\"https:\\\/\\\/www.article-marketing.eu\\\/comunicatistampa\\\/restauro-della-sauna-cosimo-de-medici\\\/#breadcrumb\"},\"inLanguage\":\"it-IT\",\"potentialAction\":[{\"@type\":\"ReadAction\",\"target\":[\"https:\\\/\\\/www.article-marketing.eu\\\/comunicatistampa\\\/restauro-della-sauna-cosimo-de-medici\\\/\"]}]},{\"@type\":\"BreadcrumbList\",\"@id\":\"https:\\\/\\\/www.article-marketing.eu\\\/comunicatistampa\\\/restauro-della-sauna-cosimo-de-medici\\\/#breadcrumb\",\"itemListElement\":[{\"@type\":\"ListItem\",\"position\":1,\"name\":\"Home\",\"item\":\"https:\\\/\\\/www.article-marketing.eu\\\/comunicatistampa\\\/\"},{\"@type\":\"ListItem\",\"position\":2,\"name\":\"Restauro della sauna di Cosimo de Medici\"}]},{\"@type\":\"WebSite\",\"@id\":\"https:\\\/\\\/www.article-marketing.eu\\\/comunicatistampa\\\/#website\",\"url\":\"https:\\\/\\\/www.article-marketing.eu\\\/comunicatistampa\\\/\",\"name\":\"Article Marketing\",\"description\":\"article marketing &amp; press release\",\"potentialAction\":[{\"@type\":\"SearchAction\",\"target\":{\"@type\":\"EntryPoint\",\"urlTemplate\":\"https:\\\/\\\/www.article-marketing.eu\\\/comunicatistampa\\\/?s={search_term_string}\"},\"query-input\":{\"@type\":\"PropertyValueSpecification\",\"valueRequired\":true,\"valueName\":\"search_term_string\"}}],\"inLanguage\":\"it-IT\"},{\"@type\":\"Person\",\"@id\":\"https:\\\/\\\/www.article-marketing.eu\\\/comunicatistampa\\\/#\\\/schema\\\/person\\\/f38a3e5949a5875f8fdc5b183be9f331\",\"name\":\"florencetours\",\"image\":{\"@type\":\"ImageObject\",\"inLanguage\":\"it-IT\",\"@id\":\"https:\\\/\\\/secure.gravatar.com\\\/avatar\\\/2d6f65382f11690372db3a0172047512bdb3dbdf64f1405b9027bc4a900578d9?s=96&d=mm&r=g\",\"url\":\"https:\\\/\\\/secure.gravatar.com\\\/avatar\\\/2d6f65382f11690372db3a0172047512bdb3dbdf64f1405b9027bc4a900578d9?s=96&d=mm&r=g\",\"contentUrl\":\"https:\\\/\\\/secure.gravatar.com\\\/avatar\\\/2d6f65382f11690372db3a0172047512bdb3dbdf64f1405b9027bc4a900578d9?s=96&d=mm&r=g\",\"caption\":\"florencetours\"},\"sameAs\":[\"http:\\\/\\\/www.florencetourstuscany.com\"],\"url\":\"https:\\\/\\\/www.article-marketing.eu\\\/comunicatistampa\\\/author\\\/florencetours\\\/\"}]}<\/script>\n<!-- \/ Yoast SEO plugin. -->","yoast_head_json":{"title":"Restauro della sauna di Cosimo de Medici - Article Marketing","description":"Il restauro del Comodo di Cosimo rientra nel programma \u201cFlorence I Care\u201d con il quale il Comune di Firenze offre a privati la possibilit\u00e0 di sponsorizzare","robots":{"index":"index","follow":"follow","max-snippet":"max-snippet:-1","max-image-preview":"max-image-preview:large","max-video-preview":"max-video-preview:-1"},"canonical":"https:\/\/www.article-marketing.eu\/comunicatistampa\/restauro-della-sauna-cosimo-de-medici\/","og_locale":"it_IT","og_type":"article","og_title":"Restauro della sauna di Cosimo de Medici - Article Marketing","og_description":"Il restauro del Comodo di Cosimo rientra nel programma \u201cFlorence I Care\u201d con il quale il Comune di Firenze offre a privati la possibilit\u00e0 di sponsorizzare","og_url":"https:\/\/www.article-marketing.eu\/comunicatistampa\/restauro-della-sauna-cosimo-de-medici\/","og_site_name":"Article Marketing","article_published_time":"2017-09-01T12:06:42+00:00","author":"florencetours","twitter_card":"summary_large_image","twitter_misc":{"Scritto da":"florencetours","Tempo di lettura stimato":"1 minuto"},"schema":{"@context":"https:\/\/schema.org","@graph":[{"@type":"Article","@id":"https:\/\/www.article-marketing.eu\/comunicatistampa\/restauro-della-sauna-cosimo-de-medici\/#article","isPartOf":{"@id":"https:\/\/www.article-marketing.eu\/comunicatistampa\/restauro-della-sauna-cosimo-de-medici\/"},"author":{"name":"florencetours","@id":"https:\/\/www.article-marketing.eu\/comunicatistampa\/#\/schema\/person\/f38a3e5949a5875f8fdc5b183be9f331"},"headline":"Restauro della sauna di Cosimo de Medici","datePublished":"2017-09-01T12:06:42+00:00","mainEntityOfPage":{"@id":"https:\/\/www.article-marketing.eu\/comunicatistampa\/restauro-della-sauna-cosimo-de-medici\/"},"wordCount":305,"commentCount":0,"keywords":["cosimo de medici","firenze","palazzo vecchio","salone del duecento"],"articleSection":["Arte e cultura"],"inLanguage":"it-IT","potentialAction":[{"@type":"CommentAction","name":"Comment","target":["https:\/\/www.article-marketing.eu\/comunicatistampa\/restauro-della-sauna-cosimo-de-medici\/#respond"]}]},{"@type":"WebPage","@id":"https:\/\/www.article-marketing.eu\/comunicatistampa\/restauro-della-sauna-cosimo-de-medici\/","url":"https:\/\/www.article-marketing.eu\/comunicatistampa\/restauro-della-sauna-cosimo-de-medici\/","name":"Restauro della sauna di Cosimo de Medici - Article Marketing","isPartOf":{"@id":"https:\/\/www.article-marketing.eu\/comunicatistampa\/#website"},"datePublished":"2017-09-01T12:06:42+00:00","author":{"@id":"https:\/\/www.article-marketing.eu\/comunicatistampa\/#\/schema\/person\/f38a3e5949a5875f8fdc5b183be9f331"},"description":"Il restauro del Comodo di Cosimo rientra nel programma \u201cFlorence I Care\u201d con il quale il Comune di Firenze offre a privati la possibilit\u00e0 di sponsorizzare","breadcrumb":{"@id":"https:\/\/www.article-marketing.eu\/comunicatistampa\/restauro-della-sauna-cosimo-de-medici\/#breadcrumb"},"inLanguage":"it-IT","potentialAction":[{"@type":"ReadAction","target":["https:\/\/www.article-marketing.eu\/comunicatistampa\/restauro-della-sauna-cosimo-de-medici\/"]}]},{"@type":"BreadcrumbList","@id":"https:\/\/www.article-marketing.eu\/comunicatistampa\/restauro-della-sauna-cosimo-de-medici\/#breadcrumb","itemListElement":[{"@type":"ListItem","position":1,"name":"Home","item":"https:\/\/www.article-marketing.eu\/comunicatistampa\/"},{"@type":"ListItem","position":2,"name":"Restauro della sauna di Cosimo de Medici"}]},{"@type":"WebSite","@id":"https:\/\/www.article-marketing.eu\/comunicatistampa\/#website","url":"https:\/\/www.article-marketing.eu\/comunicatistampa\/","name":"Article Marketing","description":"article marketing &amp; press release","potentialAction":[{"@type":"SearchAction","target":{"@type":"EntryPoint","urlTemplate":"https:\/\/www.article-marketing.eu\/comunicatistampa\/?s={search_term_string}"},"query-input":{"@type":"PropertyValueSpecification","valueRequired":true,"valueName":"search_term_string"}}],"inLanguage":"it-IT"},{"@type":"Person","@id":"https:\/\/www.article-marketing.eu\/comunicatistampa\/#\/schema\/person\/f38a3e5949a5875f8fdc5b183be9f331","name":"florencetours","image":{"@type":"ImageObject","inLanguage":"it-IT","@id":"https:\/\/secure.gravatar.com\/avatar\/2d6f65382f11690372db3a0172047512bdb3dbdf64f1405b9027bc4a900578d9?s=96&d=mm&r=g","url":"https:\/\/secure.gravatar.com\/avatar\/2d6f65382f11690372db3a0172047512bdb3dbdf64f1405b9027bc4a900578d9?s=96&d=mm&r=g","contentUrl":"https:\/\/secure.gravatar.com\/avatar\/2d6f65382f11690372db3a0172047512bdb3dbdf64f1405b9027bc4a900578d9?s=96&d=mm&r=g","caption":"florencetours"},"sameAs":["http:\/\/www.florencetourstuscany.com"],"url":"https:\/\/www.article-marketing.eu\/comunicatistampa\/author\/florencetours\/"}]}},"_links":{"self":[{"href":"https:\/\/www.article-marketing.eu\/comunicatistampa\/wp-json\/wp\/v2\/posts\/4910","targetHints":{"allow":["GET"]}}],"collection":[{"href":"https:\/\/www.article-marketing.eu\/comunicatistampa\/wp-json\/wp\/v2\/posts"}],"about":[{"href":"https:\/\/www.article-marketing.eu\/comunicatistampa\/wp-json\/wp\/v2\/types\/post"}],"author":[{"embeddable":true,"href":"https:\/\/www.article-marketing.eu\/comunicatistampa\/wp-json\/wp\/v2\/users\/123"}],"replies":[{"embeddable":true,"href":"https:\/\/www.article-marketing.eu\/comunicatistampa\/wp-json\/wp\/v2\/comments?post=4910"}],"version-history":[{"count":3,"href":"https:\/\/www.article-marketing.eu\/comunicatistampa\/wp-json\/wp\/v2\/posts\/4910\/revisions"}],"predecessor-version":[{"id":4949,"href":"https:\/\/www.article-marketing.eu\/comunicatistampa\/wp-json\/wp\/v2\/posts\/4910\/revisions\/4949"}],"wp:attachment":[{"href":"https:\/\/www.article-marketing.eu\/comunicatistampa\/wp-json\/wp\/v2\/media?parent=4910"}],"wp:term":[{"taxonomy":"category","embeddable":true,"href":"https:\/\/www.article-marketing.eu\/comunicatistampa\/wp-json\/wp\/v2\/categories?post=4910"},{"taxonomy":"post_tag","embeddable":true,"href":"https:\/\/www.article-marketing.eu\/comunicatistampa\/wp-json\/wp\/v2\/tags?post=4910"}],"curies":[{"name":"wp","href":"https:\/\/api.w.org\/{rel}","templated":true}]}}