{"id":4929,"date":"2017-09-01T14:09:42","date_gmt":"2017-09-01T12:09:42","guid":{"rendered":"http:\/\/www.article-marketing.eu\/comunicatistampa\/?p=4929"},"modified":"2017-09-01T14:09:42","modified_gmt":"2017-09-01T12:09:42","slug":"digital-workplace-secondo-ricoh","status":"publish","type":"post","link":"https:\/\/www.article-marketing.eu\/comunicatistampa\/digital-workplace-secondo-ricoh\/","title":{"rendered":"Il Digital Workplace secondo Ricoh"},"content":{"rendered":"<p>Che cosa significa e in che modo cambia le nostre vite? L\u2019innovazione tecnologica sta trasformando il modo di lavorare e offre nuove opportunit\u00e0 d\u2019interazione. I dipendenti ne sono consapevoli, guardano con ottimismo ai cambiamenti in atto e vorrebbero che la propria azienda traesse il massimo vantaggio dall\u2019IT. Collaboration e mobility sono tra i nuovi trend pi\u00f9 rilevanti per ottenere maggiori livelli di produttivit\u00e0.<\/p>\n<p>L\u2019avvento della digital economy non ha affatto eliminato la necessit\u00e0 di stampare e gestire documenti cartacei, ma d\u00e0 la possibilit\u00e0 di farlo ovunque, in qualsiasi momento e da qualunque dispositivo.<\/p>\n<p>In quest\u2019ottica Ricoh ridefinisce il posto di lavoro con una nuova offerta dedicata al Digital Workplace, che risponde all\u2019esigenza delle aziende di gestire in maniera integrata le informazioni e le comunicazioni superando i confini \u201cfisici\u201d degli uffici, anche grazie ad una serie di soluzioni \u201csmart\u201d- tra cui dispositivi multifunzione, lavagne interattive, videoconferenza e videoproiettori &#8211; che dialogano tra loro creando l\u2019ufficio interconnesso.<br \/>\nCambia quindi il concetto di periferica e il multifunzione diventa un hub intelligente su cui convergono informazioni e processi.<br \/>\nMobility, app, cloud e Internet of Things sono al centro della proposta Ricoh per cogliere le sfide dell\u2019innovazione digitale:<br \/>\n\u2022 i dispositivi \u201cmobile\u201d hanno portato gli utenti a far convergere dimensione professionale e personale in un\u2019unica soluzione di continuit\u00e0: la nuova generazione di multifunzione Ricoh consente di stampare, scansire e condividere documenti direttamente da smartphone e tablet.<br \/>\n\u2022 le app aiutano le aziende a diffondere nuovi servizi e a rafforzare la relazione con gli utenti: lo Smart Operation Panel dei multifunzione Ricoh \u00e8 facilmente personalizzabile con App scaricabili dall\u2019Application Site.<br \/>\n\u2022 l\u2019utilizzo del cloud \u00e8 sempre pi\u00f9 diffuso: qualsiasi risorsa \u00e8 disponibile via web dove e quando si vuole. Grazie alla tecnologia Ricoh i documenti possono essere scansiti e salvati sulla \u201cnuvola\u201d e stampati in qualsiasi momento.<br \/>\n\u2022 la diffusione del concetto dello IoT (Internet of Things) ormai riguarda i campi pi\u00f9 disparati: oggi sono sempre di pi\u00f9 gli oggetti a cui \u00e8 associata una componente tecnologica che li rende pi\u00f9 \u201csmart\u201d, cio\u00e8 intelligenti e comunicanti. In quest\u2019ottica l\u2019ampia gamma di soluzioni Ricoh \u00e8 dotata di funzionalit\u00e0 avanzate che semplificano la trasformazione digitale.<\/p>\n","protected":false},"excerpt":{"rendered":"<p>Che cosa significa e in che modo cambia le nostre vite? L\u2019innovazione tecnologica sta trasformando il modo di lavorare e offre nuove opportunit\u00e0 d\u2019interazione. I dipendenti ne sono consapevoli, guardano con ottimismo ai cambiamenti in atto e vorrebbero che la propria azienda traesse il massimo vantaggio dall\u2019IT. Collaboration e mobility sono tra i nuovi trend pi\u00f9 rilevanti per ottenere maggiori livelli di produttivit\u00e0. L\u2019avvento della digital economy non ha affatto<\/p>\n<p><a class=\"continue-reading\" href=\"https:\/\/www.article-marketing.eu\/comunicatistampa\/digital-workplace-secondo-ricoh\/\">Continue reading&#8230;<\/a><\/p>\n","protected":false},"author":15,"featured_media":0,"comment_status":"open","ping_status":"open","sticky":false,"template":"","format":"standard","meta":{"_monsterinsights_skip_tracking":false,"_monsterinsights_sitenote_active":false,"_monsterinsights_sitenote_note":"","_monsterinsights_sitenote_category":0,"footnotes":""},"categories":[78],"tags":[],"class_list":["post-4929","post","type-post","status-publish","format-standard","hentry","category-comunicati-stampa"],"yoast_head":"<!-- This site is optimized with the Yoast SEO plugin v27.3 - https:\/\/yoast.com\/product\/yoast-seo-wordpress\/ -->\n<title>Il Digital Workplace secondo Ricoh - Article Marketing<\/title>\n<meta name=\"robots\" content=\"index, follow, max-snippet:-1, max-image-preview:large, max-video-preview:-1\" \/>\n<link rel=\"canonical\" href=\"https:\/\/www.article-marketing.eu\/comunicatistampa\/digital-workplace-secondo-ricoh\/\" \/>\n<meta property=\"og:locale\" content=\"it_IT\" \/>\n<meta property=\"og:type\" content=\"article\" \/>\n<meta property=\"og:title\" content=\"Il Digital Workplace secondo Ricoh - Article Marketing\" \/>\n<meta property=\"og:description\" content=\"Che cosa significa e in che modo cambia le nostre vite? L\u2019innovazione tecnologica sta trasformando il modo di lavorare e offre nuove opportunit\u00e0 d\u2019interazione. I dipendenti ne sono consapevoli, guardano con ottimismo ai cambiamenti in atto e vorrebbero che la propria azienda traesse il massimo vantaggio dall\u2019IT. Collaboration e mobility sono tra i nuovi trend pi\u00f9 rilevanti per ottenere maggiori livelli di produttivit\u00e0. L\u2019avvento della digital economy non ha affattoContinue reading...\" \/>\n<meta property=\"og:url\" content=\"https:\/\/www.article-marketing.eu\/comunicatistampa\/digital-workplace-secondo-ricoh\/\" \/>\n<meta property=\"og:site_name\" content=\"Article Marketing\" \/>\n<meta property=\"article:published_time\" content=\"2017-09-01T12:09:42+00:00\" \/>\n<meta name=\"author\" content=\"MartaOldani\" \/>\n<meta name=\"twitter:card\" content=\"summary_large_image\" \/>\n<meta name=\"twitter:label1\" content=\"Scritto da\" \/>\n\t<meta name=\"twitter:data1\" content=\"MartaOldani\" \/>\n\t<meta name=\"twitter:label2\" content=\"Tempo di lettura stimato\" \/>\n\t<meta name=\"twitter:data2\" content=\"2 minuti\" \/>\n<script type=\"application\/ld+json\" class=\"yoast-schema-graph\">{\"@context\":\"https:\\\/\\\/schema.org\",\"@graph\":[{\"@type\":\"Article\",\"@id\":\"https:\\\/\\\/www.article-marketing.eu\\\/comunicatistampa\\\/digital-workplace-secondo-ricoh\\\/#article\",\"isPartOf\":{\"@id\":\"https:\\\/\\\/www.article-marketing.eu\\\/comunicatistampa\\\/digital-workplace-secondo-ricoh\\\/\"},\"author\":{\"name\":\"MartaOldani\",\"@id\":\"https:\\\/\\\/www.article-marketing.eu\\\/comunicatistampa\\\/#\\\/schema\\\/person\\\/11429a0958085546a14f2ef8706ed1ad\"},\"headline\":\"Il Digital Workplace secondo Ricoh\",\"datePublished\":\"2017-09-01T12:09:42+00:00\",\"mainEntityOfPage\":{\"@id\":\"https:\\\/\\\/www.article-marketing.eu\\\/comunicatistampa\\\/digital-workplace-secondo-ricoh\\\/\"},\"wordCount\":367,\"commentCount\":0,\"articleSection\":[\"Comunicati stampa\"],\"inLanguage\":\"it-IT\",\"potentialAction\":[{\"@type\":\"CommentAction\",\"name\":\"Comment\",\"target\":[\"https:\\\/\\\/www.article-marketing.eu\\\/comunicatistampa\\\/digital-workplace-secondo-ricoh\\\/#respond\"]}]},{\"@type\":\"WebPage\",\"@id\":\"https:\\\/\\\/www.article-marketing.eu\\\/comunicatistampa\\\/digital-workplace-secondo-ricoh\\\/\",\"url\":\"https:\\\/\\\/www.article-marketing.eu\\\/comunicatistampa\\\/digital-workplace-secondo-ricoh\\\/\",\"name\":\"Il Digital Workplace secondo Ricoh - Article Marketing\",\"isPartOf\":{\"@id\":\"https:\\\/\\\/www.article-marketing.eu\\\/comunicatistampa\\\/#website\"},\"datePublished\":\"2017-09-01T12:09:42+00:00\",\"author\":{\"@id\":\"https:\\\/\\\/www.article-marketing.eu\\\/comunicatistampa\\\/#\\\/schema\\\/person\\\/11429a0958085546a14f2ef8706ed1ad\"},\"breadcrumb\":{\"@id\":\"https:\\\/\\\/www.article-marketing.eu\\\/comunicatistampa\\\/digital-workplace-secondo-ricoh\\\/#breadcrumb\"},\"inLanguage\":\"it-IT\",\"potentialAction\":[{\"@type\":\"ReadAction\",\"target\":[\"https:\\\/\\\/www.article-marketing.eu\\\/comunicatistampa\\\/digital-workplace-secondo-ricoh\\\/\"]}]},{\"@type\":\"BreadcrumbList\",\"@id\":\"https:\\\/\\\/www.article-marketing.eu\\\/comunicatistampa\\\/digital-workplace-secondo-ricoh\\\/#breadcrumb\",\"itemListElement\":[{\"@type\":\"ListItem\",\"position\":1,\"name\":\"Home\",\"item\":\"https:\\\/\\\/www.article-marketing.eu\\\/comunicatistampa\\\/\"},{\"@type\":\"ListItem\",\"position\":2,\"name\":\"Il Digital Workplace secondo Ricoh\"}]},{\"@type\":\"WebSite\",\"@id\":\"https:\\\/\\\/www.article-marketing.eu\\\/comunicatistampa\\\/#website\",\"url\":\"https:\\\/\\\/www.article-marketing.eu\\\/comunicatistampa\\\/\",\"name\":\"Article Marketing\",\"description\":\"article marketing &amp; press release\",\"potentialAction\":[{\"@type\":\"SearchAction\",\"target\":{\"@type\":\"EntryPoint\",\"urlTemplate\":\"https:\\\/\\\/www.article-marketing.eu\\\/comunicatistampa\\\/?s={search_term_string}\"},\"query-input\":{\"@type\":\"PropertyValueSpecification\",\"valueRequired\":true,\"valueName\":\"search_term_string\"}}],\"inLanguage\":\"it-IT\"},{\"@type\":\"Person\",\"@id\":\"https:\\\/\\\/www.article-marketing.eu\\\/comunicatistampa\\\/#\\\/schema\\\/person\\\/11429a0958085546a14f2ef8706ed1ad\",\"name\":\"MartaOldani\",\"image\":{\"@type\":\"ImageObject\",\"inLanguage\":\"it-IT\",\"@id\":\"https:\\\/\\\/secure.gravatar.com\\\/avatar\\\/61f67e4d0e5fe2ae475d07df4f372fb6eb25341737f3c7e794f70d4c169f28dd?s=96&d=mm&r=g\",\"url\":\"https:\\\/\\\/secure.gravatar.com\\\/avatar\\\/61f67e4d0e5fe2ae475d07df4f372fb6eb25341737f3c7e794f70d4c169f28dd?s=96&d=mm&r=g\",\"contentUrl\":\"https:\\\/\\\/secure.gravatar.com\\\/avatar\\\/61f67e4d0e5fe2ae475d07df4f372fb6eb25341737f3c7e794f70d4c169f28dd?s=96&d=mm&r=g\",\"caption\":\"MartaOldani\"},\"url\":\"https:\\\/\\\/www.article-marketing.eu\\\/comunicatistampa\\\/author\\\/martaoldani\\\/\"}]}<\/script>\n<!-- \/ Yoast SEO plugin. -->","yoast_head_json":{"title":"Il Digital Workplace secondo Ricoh - Article Marketing","robots":{"index":"index","follow":"follow","max-snippet":"max-snippet:-1","max-image-preview":"max-image-preview:large","max-video-preview":"max-video-preview:-1"},"canonical":"https:\/\/www.article-marketing.eu\/comunicatistampa\/digital-workplace-secondo-ricoh\/","og_locale":"it_IT","og_type":"article","og_title":"Il Digital Workplace secondo Ricoh - Article Marketing","og_description":"Che cosa significa e in che modo cambia le nostre vite? L\u2019innovazione tecnologica sta trasformando il modo di lavorare e offre nuove opportunit\u00e0 d\u2019interazione. I dipendenti ne sono consapevoli, guardano con ottimismo ai cambiamenti in atto e vorrebbero che la propria azienda traesse il massimo vantaggio dall\u2019IT. Collaboration e mobility sono tra i nuovi trend pi\u00f9 rilevanti per ottenere maggiori livelli di produttivit\u00e0. L\u2019avvento della digital economy non ha affattoContinue reading...","og_url":"https:\/\/www.article-marketing.eu\/comunicatistampa\/digital-workplace-secondo-ricoh\/","og_site_name":"Article Marketing","article_published_time":"2017-09-01T12:09:42+00:00","author":"MartaOldani","twitter_card":"summary_large_image","twitter_misc":{"Scritto da":"MartaOldani","Tempo di lettura stimato":"2 minuti"},"schema":{"@context":"https:\/\/schema.org","@graph":[{"@type":"Article","@id":"https:\/\/www.article-marketing.eu\/comunicatistampa\/digital-workplace-secondo-ricoh\/#article","isPartOf":{"@id":"https:\/\/www.article-marketing.eu\/comunicatistampa\/digital-workplace-secondo-ricoh\/"},"author":{"name":"MartaOldani","@id":"https:\/\/www.article-marketing.eu\/comunicatistampa\/#\/schema\/person\/11429a0958085546a14f2ef8706ed1ad"},"headline":"Il Digital Workplace secondo Ricoh","datePublished":"2017-09-01T12:09:42+00:00","mainEntityOfPage":{"@id":"https:\/\/www.article-marketing.eu\/comunicatistampa\/digital-workplace-secondo-ricoh\/"},"wordCount":367,"commentCount":0,"articleSection":["Comunicati stampa"],"inLanguage":"it-IT","potentialAction":[{"@type":"CommentAction","name":"Comment","target":["https:\/\/www.article-marketing.eu\/comunicatistampa\/digital-workplace-secondo-ricoh\/#respond"]}]},{"@type":"WebPage","@id":"https:\/\/www.article-marketing.eu\/comunicatistampa\/digital-workplace-secondo-ricoh\/","url":"https:\/\/www.article-marketing.eu\/comunicatistampa\/digital-workplace-secondo-ricoh\/","name":"Il Digital Workplace secondo Ricoh - Article Marketing","isPartOf":{"@id":"https:\/\/www.article-marketing.eu\/comunicatistampa\/#website"},"datePublished":"2017-09-01T12:09:42+00:00","author":{"@id":"https:\/\/www.article-marketing.eu\/comunicatistampa\/#\/schema\/person\/11429a0958085546a14f2ef8706ed1ad"},"breadcrumb":{"@id":"https:\/\/www.article-marketing.eu\/comunicatistampa\/digital-workplace-secondo-ricoh\/#breadcrumb"},"inLanguage":"it-IT","potentialAction":[{"@type":"ReadAction","target":["https:\/\/www.article-marketing.eu\/comunicatistampa\/digital-workplace-secondo-ricoh\/"]}]},{"@type":"BreadcrumbList","@id":"https:\/\/www.article-marketing.eu\/comunicatistampa\/digital-workplace-secondo-ricoh\/#breadcrumb","itemListElement":[{"@type":"ListItem","position":1,"name":"Home","item":"https:\/\/www.article-marketing.eu\/comunicatistampa\/"},{"@type":"ListItem","position":2,"name":"Il Digital Workplace secondo Ricoh"}]},{"@type":"WebSite","@id":"https:\/\/www.article-marketing.eu\/comunicatistampa\/#website","url":"https:\/\/www.article-marketing.eu\/comunicatistampa\/","name":"Article Marketing","description":"article marketing &amp; press release","potentialAction":[{"@type":"SearchAction","target":{"@type":"EntryPoint","urlTemplate":"https:\/\/www.article-marketing.eu\/comunicatistampa\/?s={search_term_string}"},"query-input":{"@type":"PropertyValueSpecification","valueRequired":true,"valueName":"search_term_string"}}],"inLanguage":"it-IT"},{"@type":"Person","@id":"https:\/\/www.article-marketing.eu\/comunicatistampa\/#\/schema\/person\/11429a0958085546a14f2ef8706ed1ad","name":"MartaOldani","image":{"@type":"ImageObject","inLanguage":"it-IT","@id":"https:\/\/secure.gravatar.com\/avatar\/61f67e4d0e5fe2ae475d07df4f372fb6eb25341737f3c7e794f70d4c169f28dd?s=96&d=mm&r=g","url":"https:\/\/secure.gravatar.com\/avatar\/61f67e4d0e5fe2ae475d07df4f372fb6eb25341737f3c7e794f70d4c169f28dd?s=96&d=mm&r=g","contentUrl":"https:\/\/secure.gravatar.com\/avatar\/61f67e4d0e5fe2ae475d07df4f372fb6eb25341737f3c7e794f70d4c169f28dd?s=96&d=mm&r=g","caption":"MartaOldani"},"url":"https:\/\/www.article-marketing.eu\/comunicatistampa\/author\/martaoldani\/"}]}},"_links":{"self":[{"href":"https:\/\/www.article-marketing.eu\/comunicatistampa\/wp-json\/wp\/v2\/posts\/4929","targetHints":{"allow":["GET"]}}],"collection":[{"href":"https:\/\/www.article-marketing.eu\/comunicatistampa\/wp-json\/wp\/v2\/posts"}],"about":[{"href":"https:\/\/www.article-marketing.eu\/comunicatistampa\/wp-json\/wp\/v2\/types\/post"}],"author":[{"embeddable":true,"href":"https:\/\/www.article-marketing.eu\/comunicatistampa\/wp-json\/wp\/v2\/users\/15"}],"replies":[{"embeddable":true,"href":"https:\/\/www.article-marketing.eu\/comunicatistampa\/wp-json\/wp\/v2\/comments?post=4929"}],"version-history":[{"count":2,"href":"https:\/\/www.article-marketing.eu\/comunicatistampa\/wp-json\/wp\/v2\/posts\/4929\/revisions"}],"predecessor-version":[{"id":4955,"href":"https:\/\/www.article-marketing.eu\/comunicatistampa\/wp-json\/wp\/v2\/posts\/4929\/revisions\/4955"}],"wp:attachment":[{"href":"https:\/\/www.article-marketing.eu\/comunicatistampa\/wp-json\/wp\/v2\/media?parent=4929"}],"wp:term":[{"taxonomy":"category","embeddable":true,"href":"https:\/\/www.article-marketing.eu\/comunicatistampa\/wp-json\/wp\/v2\/categories?post=4929"},{"taxonomy":"post_tag","embeddable":true,"href":"https:\/\/www.article-marketing.eu\/comunicatistampa\/wp-json\/wp\/v2\/tags?post=4929"}],"curies":[{"name":"wp","href":"https:\/\/api.w.org\/{rel}","templated":true}]}}