{"id":5022,"date":"2017-09-06T18:32:21","date_gmt":"2017-09-06T16:32:21","guid":{"rendered":"http:\/\/www.article-marketing.eu\/comunicatistampa\/?p=5022"},"modified":"2017-09-06T18:32:21","modified_gmt":"2017-09-06T16:32:21","slug":"numero-dimensione-benessere-edicola-martedi-5-settembre-temalibera-lenergia-settembre","status":"publish","type":"post","link":"https:\/\/www.article-marketing.eu\/comunicatistampa\/numero-dimensione-benessere-edicola-martedi-5-settembre-temalibera-lenergia-settembre\/","title":{"rendered":"IL NUOVO NUMERO DI DIMENSIONE BENESSERE E\u2019 IN EDICOLA DA MARTEDI\u2019 5 SETTEMBRE CON IL TEMA:\u201dLIBERA L\u2019ENERGIA DI SETTEMBRE\u201d"},"content":{"rendered":"<p><a href=\"http:\/\/www.bluwom-milano.com\/wp-content\/uploads\/2017\/09\/NUOVA-DB-settembre.jpg\" rel=\"attachment wp-att-2063\"><img loading=\"lazy\" decoding=\"async\" class=\"wp-image-2063 alignright\" src=\"http:\/\/www.bluwom-milano.com\/wp-content\/uploads\/2017\/09\/NUOVA-DB-settembre.jpg\" alt=\"NUOVA DB settembre\" width=\"216\" height=\"303\" \/><\/a><\/p>\n<div class=\"post_content_holder\">\n<div class=\"post_text\">\n<div class=\"post_text_inner\">\n<p style=\"text-align: left;\">Milano, Settembre 2017. Da Marted\u00ec 5 Settembre \u00e8 in edicola la rivista di salute e benessere naturale <strong><em>Dimensione Benessere<\/em><\/strong> della casa editrice <strong>Jaguar Publishing<\/strong>, diretta da <strong>Giovanna Tettamanzi<\/strong>, con direttore editoriale <strong>Gian Maria Madella<\/strong>.<\/p>\n<p>&#8220;<strong>Libera l\u2019energia di Settembre<\/strong>&#8221; \u00e8 il tema conduttore del nuovo numero di Dimensione Benessere che offre alle lettrici alcuni accorgimenti per affrontare al meglio il rientro in citt\u00e0 oppure, per le pi\u00f9 fortunate ancora in vacanza, per sfruttare i benefici degli ultimi weekend liberi. L\u2019obiettivo di questo numero \u00e8 quello di fornire attraverso numerose pagine e servizi, una guida perfetta che riporta dall\u2019ombrellone alla citt\u00e0 senza disperdere le energie ed il benessere accumulato in vacanza. Dagli errori che non bisogna commettere, per viversi gli ultimi giorni di vacanza al meglio, passando per i rimedi il pi\u00f9 possibile naturali, fino a ad un prezioso manuale che stimoler\u00e0 a praticare uno sport, nella versione pi\u00f9 divertente, ovvero sulla spiaggia.<\/p>\n<p>Dimensione Benessere presenta, all\u2019interno dello speciale \u201cgiochi di coppia\u201d, <strong>un grande test <\/strong>da fare sotto l\u2019ombrellone da sola, con il partner oppure con le amiche. Fare conquiste, lasciarsi conquistare o tenersi strette il proprio partner nonostante le tentazioni dell\u2019estate: sono o non sono i passatempi che danno pepe alla vacanza? Il test, creato con l\u2019intento di far riflettere, \u00e8 suddiviso in tre capitoli che propongono tre domande stimolanti e maliziose: \u201c<strong>Che seduttrice sei<\/strong>? \u201c ,\u201c<strong>Come amante quanto vali<\/strong>?\u201d ed \u201c<strong>E\u2019 l\u2019uomo giusto per te<\/strong>?\u201d. Affrontando qualche scomoda verit\u00e0 il test si rivela molto divertente nel leggere i profili che ne conseguono e che delineano la propria personalit\u00e0 in fatto di amore.<br \/>\nLo scopo principale del direttore ed dell&#8217;editore \u00e8 quello di consolidare tutte le novit\u00e0 della nuova veste di Dimensione Benessere come un innovativo e realmente &#8216;utile&#8217; lifestyle femminile, grazie ai consigli inseriti: tutto quello che \u00e8 in esso inserito prende infatti in considerazione lo stile di vita sano e naturale sia delle lettrici gi\u00e0 affezionate che di quelle nuove con il fine di essere sempre di pi\u00f9 un appuntamento fisso per quante sono interessate al loro benessere psico-fisico, benessere che coinvolge in modo determinante il piacere della tavola.<br \/>\nDimensione Benessere \u00e8 edita da <strong>Juguar Publishing<\/strong>.<\/p>\n<p>&nbsp;<\/p>\n<p>&nbsp;<\/p>\n<p>&nbsp;<\/p>\n<p>&nbsp;<\/p>\n<p><strong><em>Per ulteriori informazioni:<\/em><\/strong><br \/>\nDigital PR a cura di Blu Wom Milano<br \/>\nwww.bluwom-milano.com<br \/>\np.fabretti@bluwom-milano.com<\/p>\n<\/div>\n<\/div>\n<\/div>\n<div class=\"single_tags clearfix\"><\/div>\n<p>&nbsp;<\/p>\n<p>&nbsp;<\/p>\n","protected":false},"excerpt":{"rendered":"<p>Milano, Settembre 2017. Da Marted\u00ec 5 Settembre \u00e8 in edicola la rivista di salute e benessere naturale Dimensione Benessere della casa editrice Jaguar Publishing, diretta da Giovanna Tettamanzi, con direttore editoriale Gian Maria Madella. &#8220;Libera l\u2019energia di Settembre&#8221; \u00e8 il tema conduttore del nuovo numero di Dimensione Benessere che offre alle lettrici alcuni accorgimenti per affrontare al meglio il rientro in citt\u00e0 oppure, per le pi\u00f9 fortunate ancora in vacanza,<\/p>\n<p><a class=\"continue-reading\" href=\"https:\/\/www.article-marketing.eu\/comunicatistampa\/numero-dimensione-benessere-edicola-martedi-5-settembre-temalibera-lenergia-settembre\/\">Continue reading&#8230;<\/a><\/p>\n","protected":false},"author":12,"featured_media":0,"comment_status":"open","ping_status":"open","sticky":false,"template":"","format":"standard","meta":{"_monsterinsights_skip_tracking":false,"_monsterinsights_sitenote_active":false,"_monsterinsights_sitenote_note":"","_monsterinsights_sitenote_category":0,"footnotes":""},"categories":[409],"tags":[2393],"class_list":["post-5022","post","type-post","status-publish","format-standard","hentry","category-giornalismo","tag-dimensionebenessererivistasalutebenesserenaturalejaguarpublishinggianmariamadella"],"yoast_head":"<!-- This site is optimized with the Yoast SEO plugin v27.3 - https:\/\/yoast.com\/product\/yoast-seo-wordpress\/ -->\n<title>IL NUOVO NUMERO DI DIMENSIONE BENESSERE E\u2019 IN EDICOLA DA MARTEDI\u2019 5 SETTEMBRE CON IL TEMA:\u201dLIBERA L\u2019ENERGIA DI SETTEMBRE\u201d - Article Marketing<\/title>\n<meta name=\"robots\" content=\"index, follow, max-snippet:-1, max-image-preview:large, max-video-preview:-1\" \/>\n<link rel=\"canonical\" href=\"https:\/\/www.article-marketing.eu\/comunicatistampa\/numero-dimensione-benessere-edicola-martedi-5-settembre-temalibera-lenergia-settembre\/\" \/>\n<meta property=\"og:locale\" content=\"it_IT\" \/>\n<meta property=\"og:type\" content=\"article\" \/>\n<meta property=\"og:title\" content=\"IL NUOVO NUMERO DI DIMENSIONE BENESSERE E\u2019 IN EDICOLA DA MARTEDI\u2019 5 SETTEMBRE CON IL TEMA:\u201dLIBERA L\u2019ENERGIA DI SETTEMBRE\u201d - Article Marketing\" \/>\n<meta property=\"og:description\" content=\"Milano, Settembre 2017. Da Marted\u00ec 5 Settembre \u00e8 in edicola la rivista di salute e benessere naturale Dimensione Benessere della casa editrice Jaguar Publishing, diretta da Giovanna Tettamanzi, con direttore editoriale Gian Maria Madella. &#8220;Libera l\u2019energia di Settembre&#8221; \u00e8 il tema conduttore del nuovo numero di Dimensione Benessere che offre alle lettrici alcuni accorgimenti per affrontare al meglio il rientro in citt\u00e0 oppure, per le pi\u00f9 fortunate ancora in vacanza,Continue reading...\" \/>\n<meta property=\"og:url\" content=\"https:\/\/www.article-marketing.eu\/comunicatistampa\/numero-dimensione-benessere-edicola-martedi-5-settembre-temalibera-lenergia-settembre\/\" \/>\n<meta property=\"og:site_name\" content=\"Article Marketing\" \/>\n<meta property=\"article:published_time\" content=\"2017-09-06T16:32:21+00:00\" \/>\n<meta property=\"og:image\" content=\"http:\/\/www.bluwom-milano.com\/wp-content\/uploads\/2017\/09\/NUOVA-DB-settembre.jpg\" \/>\n<meta name=\"author\" content=\"bluwommilano\" \/>\n<meta name=\"twitter:card\" content=\"summary_large_image\" \/>\n<meta name=\"twitter:label1\" content=\"Scritto da\" \/>\n\t<meta name=\"twitter:data1\" content=\"bluwommilano\" \/>\n\t<meta name=\"twitter:label2\" content=\"Tempo di lettura stimato\" \/>\n\t<meta name=\"twitter:data2\" content=\"2 minuti\" \/>\n<script type=\"application\/ld+json\" class=\"yoast-schema-graph\">{\"@context\":\"https:\\\/\\\/schema.org\",\"@graph\":[{\"@type\":\"Article\",\"@id\":\"https:\\\/\\\/www.article-marketing.eu\\\/comunicatistampa\\\/numero-dimensione-benessere-edicola-martedi-5-settembre-temalibera-lenergia-settembre\\\/#article\",\"isPartOf\":{\"@id\":\"https:\\\/\\\/www.article-marketing.eu\\\/comunicatistampa\\\/numero-dimensione-benessere-edicola-martedi-5-settembre-temalibera-lenergia-settembre\\\/\"},\"author\":{\"name\":\"bluwommilano\",\"@id\":\"https:\\\/\\\/www.article-marketing.eu\\\/comunicatistampa\\\/#\\\/schema\\\/person\\\/75a8cec9b0e554e822d3cf8a7d9bc185\"},\"headline\":\"IL NUOVO NUMERO DI DIMENSIONE BENESSERE E\u2019 IN EDICOLA DA MARTEDI\u2019 5 SETTEMBRE CON IL TEMA:\u201dLIBERA L\u2019ENERGIA DI SETTEMBRE\u201d\",\"datePublished\":\"2017-09-06T16:32:21+00:00\",\"mainEntityOfPage\":{\"@id\":\"https:\\\/\\\/www.article-marketing.eu\\\/comunicatistampa\\\/numero-dimensione-benessere-edicola-martedi-5-settembre-temalibera-lenergia-settembre\\\/\"},\"wordCount\":399,\"commentCount\":0,\"image\":{\"@id\":\"https:\\\/\\\/www.article-marketing.eu\\\/comunicatistampa\\\/numero-dimensione-benessere-edicola-martedi-5-settembre-temalibera-lenergia-settembre\\\/#primaryimage\"},\"thumbnailUrl\":\"http:\\\/\\\/www.bluwom-milano.com\\\/wp-content\\\/uploads\\\/2017\\\/09\\\/NUOVA-DB-settembre.jpg\",\"keywords\":[\"#DimensioneBenessere#rivista#salute#benessere#naturale#JaguarPublishing#GianMariaMadella\"],\"articleSection\":[\"Giornalismo\"],\"inLanguage\":\"it-IT\",\"potentialAction\":[{\"@type\":\"CommentAction\",\"name\":\"Comment\",\"target\":[\"https:\\\/\\\/www.article-marketing.eu\\\/comunicatistampa\\\/numero-dimensione-benessere-edicola-martedi-5-settembre-temalibera-lenergia-settembre\\\/#respond\"]}]},{\"@type\":\"WebPage\",\"@id\":\"https:\\\/\\\/www.article-marketing.eu\\\/comunicatistampa\\\/numero-dimensione-benessere-edicola-martedi-5-settembre-temalibera-lenergia-settembre\\\/\",\"url\":\"https:\\\/\\\/www.article-marketing.eu\\\/comunicatistampa\\\/numero-dimensione-benessere-edicola-martedi-5-settembre-temalibera-lenergia-settembre\\\/\",\"name\":\"IL NUOVO NUMERO DI DIMENSIONE BENESSERE E\u2019 IN EDICOLA DA MARTEDI\u2019 5 SETTEMBRE CON IL TEMA:\u201dLIBERA L\u2019ENERGIA DI SETTEMBRE\u201d - Article Marketing\",\"isPartOf\":{\"@id\":\"https:\\\/\\\/www.article-marketing.eu\\\/comunicatistampa\\\/#website\"},\"primaryImageOfPage\":{\"@id\":\"https:\\\/\\\/www.article-marketing.eu\\\/comunicatistampa\\\/numero-dimensione-benessere-edicola-martedi-5-settembre-temalibera-lenergia-settembre\\\/#primaryimage\"},\"image\":{\"@id\":\"https:\\\/\\\/www.article-marketing.eu\\\/comunicatistampa\\\/numero-dimensione-benessere-edicola-martedi-5-settembre-temalibera-lenergia-settembre\\\/#primaryimage\"},\"thumbnailUrl\":\"http:\\\/\\\/www.bluwom-milano.com\\\/wp-content\\\/uploads\\\/2017\\\/09\\\/NUOVA-DB-settembre.jpg\",\"datePublished\":\"2017-09-06T16:32:21+00:00\",\"author\":{\"@id\":\"https:\\\/\\\/www.article-marketing.eu\\\/comunicatistampa\\\/#\\\/schema\\\/person\\\/75a8cec9b0e554e822d3cf8a7d9bc185\"},\"breadcrumb\":{\"@id\":\"https:\\\/\\\/www.article-marketing.eu\\\/comunicatistampa\\\/numero-dimensione-benessere-edicola-martedi-5-settembre-temalibera-lenergia-settembre\\\/#breadcrumb\"},\"inLanguage\":\"it-IT\",\"potentialAction\":[{\"@type\":\"ReadAction\",\"target\":[\"https:\\\/\\\/www.article-marketing.eu\\\/comunicatistampa\\\/numero-dimensione-benessere-edicola-martedi-5-settembre-temalibera-lenergia-settembre\\\/\"]}]},{\"@type\":\"ImageObject\",\"inLanguage\":\"it-IT\",\"@id\":\"https:\\\/\\\/www.article-marketing.eu\\\/comunicatistampa\\\/numero-dimensione-benessere-edicola-martedi-5-settembre-temalibera-lenergia-settembre\\\/#primaryimage\",\"url\":\"http:\\\/\\\/www.bluwom-milano.com\\\/wp-content\\\/uploads\\\/2017\\\/09\\\/NUOVA-DB-settembre.jpg\",\"contentUrl\":\"http:\\\/\\\/www.bluwom-milano.com\\\/wp-content\\\/uploads\\\/2017\\\/09\\\/NUOVA-DB-settembre.jpg\"},{\"@type\":\"BreadcrumbList\",\"@id\":\"https:\\\/\\\/www.article-marketing.eu\\\/comunicatistampa\\\/numero-dimensione-benessere-edicola-martedi-5-settembre-temalibera-lenergia-settembre\\\/#breadcrumb\",\"itemListElement\":[{\"@type\":\"ListItem\",\"position\":1,\"name\":\"Home\",\"item\":\"https:\\\/\\\/www.article-marketing.eu\\\/comunicatistampa\\\/\"},{\"@type\":\"ListItem\",\"position\":2,\"name\":\"IL NUOVO NUMERO DI DIMENSIONE BENESSERE E\u2019 IN EDICOLA DA MARTEDI\u2019 5 SETTEMBRE CON IL TEMA:\u201dLIBERA L\u2019ENERGIA DI SETTEMBRE\u201d\"}]},{\"@type\":\"WebSite\",\"@id\":\"https:\\\/\\\/www.article-marketing.eu\\\/comunicatistampa\\\/#website\",\"url\":\"https:\\\/\\\/www.article-marketing.eu\\\/comunicatistampa\\\/\",\"name\":\"Article Marketing\",\"description\":\"article marketing &amp; press release\",\"potentialAction\":[{\"@type\":\"SearchAction\",\"target\":{\"@type\":\"EntryPoint\",\"urlTemplate\":\"https:\\\/\\\/www.article-marketing.eu\\\/comunicatistampa\\\/?s={search_term_string}\"},\"query-input\":{\"@type\":\"PropertyValueSpecification\",\"valueRequired\":true,\"valueName\":\"search_term_string\"}}],\"inLanguage\":\"it-IT\"},{\"@type\":\"Person\",\"@id\":\"https:\\\/\\\/www.article-marketing.eu\\\/comunicatistampa\\\/#\\\/schema\\\/person\\\/75a8cec9b0e554e822d3cf8a7d9bc185\",\"name\":\"bluwommilano\",\"image\":{\"@type\":\"ImageObject\",\"inLanguage\":\"it-IT\",\"@id\":\"https:\\\/\\\/secure.gravatar.com\\\/avatar\\\/3eb7b659ca1198da18cd77dbe226dbaf573febd61155bcb87f4609bc1082e946?s=96&d=mm&r=g\",\"url\":\"https:\\\/\\\/secure.gravatar.com\\\/avatar\\\/3eb7b659ca1198da18cd77dbe226dbaf573febd61155bcb87f4609bc1082e946?s=96&d=mm&r=g\",\"contentUrl\":\"https:\\\/\\\/secure.gravatar.com\\\/avatar\\\/3eb7b659ca1198da18cd77dbe226dbaf573febd61155bcb87f4609bc1082e946?s=96&d=mm&r=g\",\"caption\":\"bluwommilano\"},\"url\":\"https:\\\/\\\/www.article-marketing.eu\\\/comunicatistampa\\\/author\\\/bluwommilano\\\/\"}]}<\/script>\n<!-- \/ Yoast SEO plugin. -->","yoast_head_json":{"title":"IL NUOVO NUMERO DI DIMENSIONE BENESSERE E\u2019 IN EDICOLA DA MARTEDI\u2019 5 SETTEMBRE CON IL TEMA:\u201dLIBERA L\u2019ENERGIA DI SETTEMBRE\u201d - Article Marketing","robots":{"index":"index","follow":"follow","max-snippet":"max-snippet:-1","max-image-preview":"max-image-preview:large","max-video-preview":"max-video-preview:-1"},"canonical":"https:\/\/www.article-marketing.eu\/comunicatistampa\/numero-dimensione-benessere-edicola-martedi-5-settembre-temalibera-lenergia-settembre\/","og_locale":"it_IT","og_type":"article","og_title":"IL NUOVO NUMERO DI DIMENSIONE BENESSERE E\u2019 IN EDICOLA DA MARTEDI\u2019 5 SETTEMBRE CON IL TEMA:\u201dLIBERA L\u2019ENERGIA DI SETTEMBRE\u201d - Article Marketing","og_description":"Milano, Settembre 2017. Da Marted\u00ec 5 Settembre \u00e8 in edicola la rivista di salute e benessere naturale Dimensione Benessere della casa editrice Jaguar Publishing, diretta da Giovanna Tettamanzi, con direttore editoriale Gian Maria Madella. &#8220;Libera l\u2019energia di Settembre&#8221; \u00e8 il tema conduttore del nuovo numero di Dimensione Benessere che offre alle lettrici alcuni accorgimenti per affrontare al meglio il rientro in citt\u00e0 oppure, per le pi\u00f9 fortunate ancora in vacanza,Continue reading...","og_url":"https:\/\/www.article-marketing.eu\/comunicatistampa\/numero-dimensione-benessere-edicola-martedi-5-settembre-temalibera-lenergia-settembre\/","og_site_name":"Article Marketing","article_published_time":"2017-09-06T16:32:21+00:00","og_image":[{"url":"http:\/\/www.bluwom-milano.com\/wp-content\/uploads\/2017\/09\/NUOVA-DB-settembre.jpg","type":"","width":"","height":""}],"author":"bluwommilano","twitter_card":"summary_large_image","twitter_misc":{"Scritto da":"bluwommilano","Tempo di lettura stimato":"2 minuti"},"schema":{"@context":"https:\/\/schema.org","@graph":[{"@type":"Article","@id":"https:\/\/www.article-marketing.eu\/comunicatistampa\/numero-dimensione-benessere-edicola-martedi-5-settembre-temalibera-lenergia-settembre\/#article","isPartOf":{"@id":"https:\/\/www.article-marketing.eu\/comunicatistampa\/numero-dimensione-benessere-edicola-martedi-5-settembre-temalibera-lenergia-settembre\/"},"author":{"name":"bluwommilano","@id":"https:\/\/www.article-marketing.eu\/comunicatistampa\/#\/schema\/person\/75a8cec9b0e554e822d3cf8a7d9bc185"},"headline":"IL NUOVO NUMERO DI DIMENSIONE BENESSERE E\u2019 IN EDICOLA DA MARTEDI\u2019 5 SETTEMBRE CON IL TEMA:\u201dLIBERA L\u2019ENERGIA DI SETTEMBRE\u201d","datePublished":"2017-09-06T16:32:21+00:00","mainEntityOfPage":{"@id":"https:\/\/www.article-marketing.eu\/comunicatistampa\/numero-dimensione-benessere-edicola-martedi-5-settembre-temalibera-lenergia-settembre\/"},"wordCount":399,"commentCount":0,"image":{"@id":"https:\/\/www.article-marketing.eu\/comunicatistampa\/numero-dimensione-benessere-edicola-martedi-5-settembre-temalibera-lenergia-settembre\/#primaryimage"},"thumbnailUrl":"http:\/\/www.bluwom-milano.com\/wp-content\/uploads\/2017\/09\/NUOVA-DB-settembre.jpg","keywords":["#DimensioneBenessere#rivista#salute#benessere#naturale#JaguarPublishing#GianMariaMadella"],"articleSection":["Giornalismo"],"inLanguage":"it-IT","potentialAction":[{"@type":"CommentAction","name":"Comment","target":["https:\/\/www.article-marketing.eu\/comunicatistampa\/numero-dimensione-benessere-edicola-martedi-5-settembre-temalibera-lenergia-settembre\/#respond"]}]},{"@type":"WebPage","@id":"https:\/\/www.article-marketing.eu\/comunicatistampa\/numero-dimensione-benessere-edicola-martedi-5-settembre-temalibera-lenergia-settembre\/","url":"https:\/\/www.article-marketing.eu\/comunicatistampa\/numero-dimensione-benessere-edicola-martedi-5-settembre-temalibera-lenergia-settembre\/","name":"IL NUOVO NUMERO DI DIMENSIONE BENESSERE E\u2019 IN EDICOLA DA MARTEDI\u2019 5 SETTEMBRE CON IL TEMA:\u201dLIBERA L\u2019ENERGIA DI SETTEMBRE\u201d - Article Marketing","isPartOf":{"@id":"https:\/\/www.article-marketing.eu\/comunicatistampa\/#website"},"primaryImageOfPage":{"@id":"https:\/\/www.article-marketing.eu\/comunicatistampa\/numero-dimensione-benessere-edicola-martedi-5-settembre-temalibera-lenergia-settembre\/#primaryimage"},"image":{"@id":"https:\/\/www.article-marketing.eu\/comunicatistampa\/numero-dimensione-benessere-edicola-martedi-5-settembre-temalibera-lenergia-settembre\/#primaryimage"},"thumbnailUrl":"http:\/\/www.bluwom-milano.com\/wp-content\/uploads\/2017\/09\/NUOVA-DB-settembre.jpg","datePublished":"2017-09-06T16:32:21+00:00","author":{"@id":"https:\/\/www.article-marketing.eu\/comunicatistampa\/#\/schema\/person\/75a8cec9b0e554e822d3cf8a7d9bc185"},"breadcrumb":{"@id":"https:\/\/www.article-marketing.eu\/comunicatistampa\/numero-dimensione-benessere-edicola-martedi-5-settembre-temalibera-lenergia-settembre\/#breadcrumb"},"inLanguage":"it-IT","potentialAction":[{"@type":"ReadAction","target":["https:\/\/www.article-marketing.eu\/comunicatistampa\/numero-dimensione-benessere-edicola-martedi-5-settembre-temalibera-lenergia-settembre\/"]}]},{"@type":"ImageObject","inLanguage":"it-IT","@id":"https:\/\/www.article-marketing.eu\/comunicatistampa\/numero-dimensione-benessere-edicola-martedi-5-settembre-temalibera-lenergia-settembre\/#primaryimage","url":"http:\/\/www.bluwom-milano.com\/wp-content\/uploads\/2017\/09\/NUOVA-DB-settembre.jpg","contentUrl":"http:\/\/www.bluwom-milano.com\/wp-content\/uploads\/2017\/09\/NUOVA-DB-settembre.jpg"},{"@type":"BreadcrumbList","@id":"https:\/\/www.article-marketing.eu\/comunicatistampa\/numero-dimensione-benessere-edicola-martedi-5-settembre-temalibera-lenergia-settembre\/#breadcrumb","itemListElement":[{"@type":"ListItem","position":1,"name":"Home","item":"https:\/\/www.article-marketing.eu\/comunicatistampa\/"},{"@type":"ListItem","position":2,"name":"IL NUOVO NUMERO DI DIMENSIONE BENESSERE E\u2019 IN EDICOLA DA MARTEDI\u2019 5 SETTEMBRE CON IL TEMA:\u201dLIBERA L\u2019ENERGIA DI SETTEMBRE\u201d"}]},{"@type":"WebSite","@id":"https:\/\/www.article-marketing.eu\/comunicatistampa\/#website","url":"https:\/\/www.article-marketing.eu\/comunicatistampa\/","name":"Article Marketing","description":"article marketing &amp; press release","potentialAction":[{"@type":"SearchAction","target":{"@type":"EntryPoint","urlTemplate":"https:\/\/www.article-marketing.eu\/comunicatistampa\/?s={search_term_string}"},"query-input":{"@type":"PropertyValueSpecification","valueRequired":true,"valueName":"search_term_string"}}],"inLanguage":"it-IT"},{"@type":"Person","@id":"https:\/\/www.article-marketing.eu\/comunicatistampa\/#\/schema\/person\/75a8cec9b0e554e822d3cf8a7d9bc185","name":"bluwommilano","image":{"@type":"ImageObject","inLanguage":"it-IT","@id":"https:\/\/secure.gravatar.com\/avatar\/3eb7b659ca1198da18cd77dbe226dbaf573febd61155bcb87f4609bc1082e946?s=96&d=mm&r=g","url":"https:\/\/secure.gravatar.com\/avatar\/3eb7b659ca1198da18cd77dbe226dbaf573febd61155bcb87f4609bc1082e946?s=96&d=mm&r=g","contentUrl":"https:\/\/secure.gravatar.com\/avatar\/3eb7b659ca1198da18cd77dbe226dbaf573febd61155bcb87f4609bc1082e946?s=96&d=mm&r=g","caption":"bluwommilano"},"url":"https:\/\/www.article-marketing.eu\/comunicatistampa\/author\/bluwommilano\/"}]}},"_links":{"self":[{"href":"https:\/\/www.article-marketing.eu\/comunicatistampa\/wp-json\/wp\/v2\/posts\/5022","targetHints":{"allow":["GET"]}}],"collection":[{"href":"https:\/\/www.article-marketing.eu\/comunicatistampa\/wp-json\/wp\/v2\/posts"}],"about":[{"href":"https:\/\/www.article-marketing.eu\/comunicatistampa\/wp-json\/wp\/v2\/types\/post"}],"author":[{"embeddable":true,"href":"https:\/\/www.article-marketing.eu\/comunicatistampa\/wp-json\/wp\/v2\/users\/12"}],"replies":[{"embeddable":true,"href":"https:\/\/www.article-marketing.eu\/comunicatistampa\/wp-json\/wp\/v2\/comments?post=5022"}],"version-history":[{"count":2,"href":"https:\/\/www.article-marketing.eu\/comunicatistampa\/wp-json\/wp\/v2\/posts\/5022\/revisions"}],"predecessor-version":[{"id":5077,"href":"https:\/\/www.article-marketing.eu\/comunicatistampa\/wp-json\/wp\/v2\/posts\/5022\/revisions\/5077"}],"wp:attachment":[{"href":"https:\/\/www.article-marketing.eu\/comunicatistampa\/wp-json\/wp\/v2\/media?parent=5022"}],"wp:term":[{"taxonomy":"category","embeddable":true,"href":"https:\/\/www.article-marketing.eu\/comunicatistampa\/wp-json\/wp\/v2\/categories?post=5022"},{"taxonomy":"post_tag","embeddable":true,"href":"https:\/\/www.article-marketing.eu\/comunicatistampa\/wp-json\/wp\/v2\/tags?post=5022"}],"curies":[{"name":"wp","href":"https:\/\/api.w.org\/{rel}","templated":true}]}}