{"id":5048,"date":"2017-09-06T18:36:52","date_gmt":"2017-09-06T16:36:52","guid":{"rendered":"http:\/\/www.article-marketing.eu\/comunicatistampa\/?p=5048"},"modified":"2017-09-06T18:36:52","modified_gmt":"2017-09-06T16:36:52","slug":"corso-alta-formazione-design-comfort-abitativo","status":"publish","type":"post","link":"https:\/\/www.article-marketing.eu\/comunicatistampa\/corso-alta-formazione-design-comfort-abitativo\/","title":{"rendered":"Corso di Alta formazione in DESIGN PER IL COMFORT ABITATIVO"},"content":{"rendered":"<p><em><strong>La risposta di POLI.design alle esigenze della nuova edilizia sostenibile <\/strong><\/em><\/p>\n<p>Uno sguardo attento al mercato di settore rivela come <strong>le aziende che operano nel campo dell\u2019edilizia sostenibile<\/strong> stiano concentrando le proprie attivit\u00e0 intorno ai <strong>temi legati al comfort percepito all\u2019interno degli spazi abitativi<\/strong>.<\/p>\n<p><strong>La committenza \u00e8 infatti molto attenta<\/strong>, oltre al risparmio energetico, a privilegiare ambienti in cui si utilizzano materiali naturali esenti da esalazioni nocive e sistemi impiantistici di rinnovo e purificazione dell\u2019aria indoor.<\/p>\n<p>L\u2019avanzamento tecnologico in atto richiede ai professionisti operanti nel settore dell\u2019edilizia, e delle riqualificazioni energetiche in particolare, la capacit\u00e0 di <strong>proporre un\u2019efficace strategia di intervento<\/strong> in grado di orientare consapevolmente le scelte a fronte di un\u2019attenta analisi costi-benefici.<\/p>\n<p>Il Corso di Alta Formazione <strong>Design per il comfort abitativo<\/strong> organizzato da <strong>POLI.design<\/strong>, rivolgendosi a Designer, Architetti, Ingegneri, Geometri e Professionisti,\u00a0 intende soddisfare queste esigenze e rispondere al trend di mercato fornendo ai partecipanti <strong>gli strumenti per essere operativi nel settore della consulenza energetica e sensoriale degli ambienti interni<\/strong>. Le lezioni sono inoltre supportate da <strong>aziende di alto profilo<\/strong> che interverranno in aula illustrando diffusamente best practice e case history. Il Corso \u00e8 infatti supportato da <strong>ALPI Fenster, Baumit,<\/strong> <strong>Edilclima, Isolmant, Xella Group, Zehnder Group Italia, Cimberio, Pronema <\/strong>e<strong> Celenit.<\/strong><\/p>\n<p>La didattica avr\u00e0 inizio il 31 ottobre 2017 e terminer\u00e0 il 15 dicembre 2017. Sar\u00e0 strutturata in 13 giornate da 4 ore ciascuna (per 52 ore complessive); le lezioni si terranno nelle giornate di marted\u00ec e venerd\u00ec dalle ore 16.30 alle ore 20.30.<\/p>\n<p><strong>\u00a0<\/strong><strong>Le selezioni sono aperte: per ulteriori informazioni<\/strong> sui costi e le modalit\u00e0 di iscrizione si prega di contattare l\u2019Ufficio Formazione POLI.design, email <a href=\"mailto:formazione@polidesign.net\">formazione@polidesign.net<\/a>, Tel. (+39) 02 2399 7275.<\/p>\n<p>&nbsp;<\/p>\n<p><strong>Press Contact<\/strong><\/p>\n<p><strong>Ufficio Comunicazione POLI.design<\/strong><\/p>\n<p>Tel. (+39) 02 2399 7201 Mail: <a href=\"mailto:comunicazione@polidesign.net\">comunicazione@polidesign.net<\/a><\/p>\n","protected":false},"excerpt":{"rendered":"<p>La risposta di POLI.design alle esigenze della nuova edilizia sostenibile Uno sguardo attento al mercato di settore rivela come le aziende che operano nel campo dell\u2019edilizia sostenibile stiano concentrando le proprie attivit\u00e0 intorno ai temi legati al comfort percepito all\u2019interno degli spazi abitativi. La committenza \u00e8 infatti molto attenta, oltre al risparmio energetico, a privilegiare ambienti in cui si utilizzano materiali naturali esenti da esalazioni nocive e sistemi impiantistici di<\/p>\n<p><a class=\"continue-reading\" href=\"https:\/\/www.article-marketing.eu\/comunicatistampa\/corso-alta-formazione-design-comfort-abitativo\/\">Continue reading&#8230;<\/a><\/p>\n","protected":false},"author":18,"featured_media":0,"comment_status":"open","ping_status":"open","sticky":false,"template":"","format":"standard","meta":{"_monsterinsights_skip_tracking":false,"_monsterinsights_sitenote_active":false,"_monsterinsights_sitenote_note":"","_monsterinsights_sitenote_category":0,"footnotes":""},"categories":[415,78,379,405,406],"tags":[2401,2402,1457,2407,1455,2399,248,2403,2400,2404,36,524,2408,2405,2406],"class_list":["post-5048","post","type-post","status-publish","format-standard","hentry","category-architecture","category-comunicati-stampa","category-corsi","category-esterni","category-interni","tag-alpi-fenster","tag-baumit","tag-benessere-indoor","tag-cimberio","tag-comfort","tag-consulenza-energetica","tag-design","tag-edilclima","tag-edilizia-sostenibile","tag-isolmant","tag-milano","tag-poli-design","tag-pronema-e-celenit","tag-xella-group","tag-zehnder-group-italia"],"yoast_head":"<!-- This site is optimized with the Yoast SEO plugin v27.3 - https:\/\/yoast.com\/product\/yoast-seo-wordpress\/ -->\n<title>Corso di Alta formazione in DESIGN PER IL COMFORT ABITATIVO - Article Marketing<\/title>\n<meta name=\"robots\" content=\"index, follow, max-snippet:-1, max-image-preview:large, max-video-preview:-1\" \/>\n<link rel=\"canonical\" href=\"https:\/\/www.article-marketing.eu\/comunicatistampa\/corso-alta-formazione-design-comfort-abitativo\/\" \/>\n<meta property=\"og:locale\" content=\"it_IT\" \/>\n<meta property=\"og:type\" content=\"article\" \/>\n<meta property=\"og:title\" content=\"Corso di Alta formazione in DESIGN PER IL COMFORT ABITATIVO - Article Marketing\" \/>\n<meta property=\"og:description\" content=\"La risposta di POLI.design alle esigenze della nuova edilizia sostenibile Uno sguardo attento al mercato di settore rivela come le aziende che operano nel campo dell\u2019edilizia sostenibile stiano concentrando le proprie attivit\u00e0 intorno ai temi legati al comfort percepito all\u2019interno degli spazi abitativi. La committenza \u00e8 infatti molto attenta, oltre al risparmio energetico, a privilegiare ambienti in cui si utilizzano materiali naturali esenti da esalazioni nocive e sistemi impiantistici diContinue reading...\" \/>\n<meta property=\"og:url\" content=\"https:\/\/www.article-marketing.eu\/comunicatistampa\/corso-alta-formazione-design-comfort-abitativo\/\" \/>\n<meta property=\"og:site_name\" content=\"Article Marketing\" \/>\n<meta property=\"article:published_time\" content=\"2017-09-06T16:36:52+00:00\" \/>\n<meta name=\"author\" content=\"POLI.design\" \/>\n<meta name=\"twitter:card\" content=\"summary_large_image\" \/>\n<meta name=\"twitter:label1\" content=\"Scritto da\" \/>\n\t<meta name=\"twitter:data1\" content=\"POLI.design\" \/>\n\t<meta name=\"twitter:label2\" content=\"Tempo di lettura stimato\" \/>\n\t<meta name=\"twitter:data2\" content=\"1 minuto\" \/>\n<script type=\"application\/ld+json\" class=\"yoast-schema-graph\">{\"@context\":\"https:\\\/\\\/schema.org\",\"@graph\":[{\"@type\":\"Article\",\"@id\":\"https:\\\/\\\/www.article-marketing.eu\\\/comunicatistampa\\\/corso-alta-formazione-design-comfort-abitativo\\\/#article\",\"isPartOf\":{\"@id\":\"https:\\\/\\\/www.article-marketing.eu\\\/comunicatistampa\\\/corso-alta-formazione-design-comfort-abitativo\\\/\"},\"author\":{\"name\":\"POLI.design\",\"@id\":\"https:\\\/\\\/www.article-marketing.eu\\\/comunicatistampa\\\/#\\\/schema\\\/person\\\/146a6885c81198281a9e0ba0035b8e2d\"},\"headline\":\"Corso di Alta formazione in DESIGN PER IL COMFORT ABITATIVO\",\"datePublished\":\"2017-09-06T16:36:52+00:00\",\"mainEntityOfPage\":{\"@id\":\"https:\\\/\\\/www.article-marketing.eu\\\/comunicatistampa\\\/corso-alta-formazione-design-comfort-abitativo\\\/\"},\"wordCount\":294,\"commentCount\":0,\"keywords\":[\"ALPI Fenster\",\"Baumit\",\"benessere indoor\",\"Cimberio\",\"COMFORT\",\"consulenza energetica\",\"design\",\"Edilclima\",\"edilizia sostenibile\",\"Isolmant\",\"Milano\",\"POLI.design\",\"Pronema e Celenit\",\"Xella Group\",\"Zehnder Group Italia\"],\"articleSection\":[\"Architecture\",\"Comunicati stampa\",\"Corsi\",\"Esterni\",\"Interni\"],\"inLanguage\":\"it-IT\",\"potentialAction\":[{\"@type\":\"CommentAction\",\"name\":\"Comment\",\"target\":[\"https:\\\/\\\/www.article-marketing.eu\\\/comunicatistampa\\\/corso-alta-formazione-design-comfort-abitativo\\\/#respond\"]}]},{\"@type\":\"WebPage\",\"@id\":\"https:\\\/\\\/www.article-marketing.eu\\\/comunicatistampa\\\/corso-alta-formazione-design-comfort-abitativo\\\/\",\"url\":\"https:\\\/\\\/www.article-marketing.eu\\\/comunicatistampa\\\/corso-alta-formazione-design-comfort-abitativo\\\/\",\"name\":\"Corso di Alta formazione in DESIGN PER IL COMFORT ABITATIVO - Article Marketing\",\"isPartOf\":{\"@id\":\"https:\\\/\\\/www.article-marketing.eu\\\/comunicatistampa\\\/#website\"},\"datePublished\":\"2017-09-06T16:36:52+00:00\",\"author\":{\"@id\":\"https:\\\/\\\/www.article-marketing.eu\\\/comunicatistampa\\\/#\\\/schema\\\/person\\\/146a6885c81198281a9e0ba0035b8e2d\"},\"breadcrumb\":{\"@id\":\"https:\\\/\\\/www.article-marketing.eu\\\/comunicatistampa\\\/corso-alta-formazione-design-comfort-abitativo\\\/#breadcrumb\"},\"inLanguage\":\"it-IT\",\"potentialAction\":[{\"@type\":\"ReadAction\",\"target\":[\"https:\\\/\\\/www.article-marketing.eu\\\/comunicatistampa\\\/corso-alta-formazione-design-comfort-abitativo\\\/\"]}]},{\"@type\":\"BreadcrumbList\",\"@id\":\"https:\\\/\\\/www.article-marketing.eu\\\/comunicatistampa\\\/corso-alta-formazione-design-comfort-abitativo\\\/#breadcrumb\",\"itemListElement\":[{\"@type\":\"ListItem\",\"position\":1,\"name\":\"Home\",\"item\":\"https:\\\/\\\/www.article-marketing.eu\\\/comunicatistampa\\\/\"},{\"@type\":\"ListItem\",\"position\":2,\"name\":\"Corso di Alta formazione in DESIGN PER IL COMFORT ABITATIVO\"}]},{\"@type\":\"WebSite\",\"@id\":\"https:\\\/\\\/www.article-marketing.eu\\\/comunicatistampa\\\/#website\",\"url\":\"https:\\\/\\\/www.article-marketing.eu\\\/comunicatistampa\\\/\",\"name\":\"Article Marketing\",\"description\":\"article marketing &amp; press release\",\"potentialAction\":[{\"@type\":\"SearchAction\",\"target\":{\"@type\":\"EntryPoint\",\"urlTemplate\":\"https:\\\/\\\/www.article-marketing.eu\\\/comunicatistampa\\\/?s={search_term_string}\"},\"query-input\":{\"@type\":\"PropertyValueSpecification\",\"valueRequired\":true,\"valueName\":\"search_term_string\"}}],\"inLanguage\":\"it-IT\"},{\"@type\":\"Person\",\"@id\":\"https:\\\/\\\/www.article-marketing.eu\\\/comunicatistampa\\\/#\\\/schema\\\/person\\\/146a6885c81198281a9e0ba0035b8e2d\",\"name\":\"POLI.design\",\"image\":{\"@type\":\"ImageObject\",\"inLanguage\":\"it-IT\",\"@id\":\"https:\\\/\\\/secure.gravatar.com\\\/avatar\\\/87f7987dbfa674c5dd5f9fa3495ce312cba20aa6ee3f9f6df08061703fd5b3c2?s=96&d=mm&r=g\",\"url\":\"https:\\\/\\\/secure.gravatar.com\\\/avatar\\\/87f7987dbfa674c5dd5f9fa3495ce312cba20aa6ee3f9f6df08061703fd5b3c2?s=96&d=mm&r=g\",\"contentUrl\":\"https:\\\/\\\/secure.gravatar.com\\\/avatar\\\/87f7987dbfa674c5dd5f9fa3495ce312cba20aa6ee3f9f6df08061703fd5b3c2?s=96&d=mm&r=g\",\"caption\":\"POLI.design\"},\"url\":\"https:\\\/\\\/www.article-marketing.eu\\\/comunicatistampa\\\/author\\\/poli-design\\\/\"}]}<\/script>\n<!-- \/ Yoast SEO plugin. -->","yoast_head_json":{"title":"Corso di Alta formazione in DESIGN PER IL COMFORT ABITATIVO - Article Marketing","robots":{"index":"index","follow":"follow","max-snippet":"max-snippet:-1","max-image-preview":"max-image-preview:large","max-video-preview":"max-video-preview:-1"},"canonical":"https:\/\/www.article-marketing.eu\/comunicatistampa\/corso-alta-formazione-design-comfort-abitativo\/","og_locale":"it_IT","og_type":"article","og_title":"Corso di Alta formazione in DESIGN PER IL COMFORT ABITATIVO - Article Marketing","og_description":"La risposta di POLI.design alle esigenze della nuova edilizia sostenibile Uno sguardo attento al mercato di settore rivela come le aziende che operano nel campo dell\u2019edilizia sostenibile stiano concentrando le proprie attivit\u00e0 intorno ai temi legati al comfort percepito all\u2019interno degli spazi abitativi. La committenza \u00e8 infatti molto attenta, oltre al risparmio energetico, a privilegiare ambienti in cui si utilizzano materiali naturali esenti da esalazioni nocive e sistemi impiantistici diContinue reading...","og_url":"https:\/\/www.article-marketing.eu\/comunicatistampa\/corso-alta-formazione-design-comfort-abitativo\/","og_site_name":"Article Marketing","article_published_time":"2017-09-06T16:36:52+00:00","author":"POLI.design","twitter_card":"summary_large_image","twitter_misc":{"Scritto da":"POLI.design","Tempo di lettura stimato":"1 minuto"},"schema":{"@context":"https:\/\/schema.org","@graph":[{"@type":"Article","@id":"https:\/\/www.article-marketing.eu\/comunicatistampa\/corso-alta-formazione-design-comfort-abitativo\/#article","isPartOf":{"@id":"https:\/\/www.article-marketing.eu\/comunicatistampa\/corso-alta-formazione-design-comfort-abitativo\/"},"author":{"name":"POLI.design","@id":"https:\/\/www.article-marketing.eu\/comunicatistampa\/#\/schema\/person\/146a6885c81198281a9e0ba0035b8e2d"},"headline":"Corso di Alta formazione in DESIGN PER IL COMFORT ABITATIVO","datePublished":"2017-09-06T16:36:52+00:00","mainEntityOfPage":{"@id":"https:\/\/www.article-marketing.eu\/comunicatistampa\/corso-alta-formazione-design-comfort-abitativo\/"},"wordCount":294,"commentCount":0,"keywords":["ALPI Fenster","Baumit","benessere indoor","Cimberio","COMFORT","consulenza energetica","design","Edilclima","edilizia sostenibile","Isolmant","Milano","POLI.design","Pronema e Celenit","Xella Group","Zehnder Group Italia"],"articleSection":["Architecture","Comunicati stampa","Corsi","Esterni","Interni"],"inLanguage":"it-IT","potentialAction":[{"@type":"CommentAction","name":"Comment","target":["https:\/\/www.article-marketing.eu\/comunicatistampa\/corso-alta-formazione-design-comfort-abitativo\/#respond"]}]},{"@type":"WebPage","@id":"https:\/\/www.article-marketing.eu\/comunicatistampa\/corso-alta-formazione-design-comfort-abitativo\/","url":"https:\/\/www.article-marketing.eu\/comunicatistampa\/corso-alta-formazione-design-comfort-abitativo\/","name":"Corso di Alta formazione in DESIGN PER IL COMFORT ABITATIVO - Article Marketing","isPartOf":{"@id":"https:\/\/www.article-marketing.eu\/comunicatistampa\/#website"},"datePublished":"2017-09-06T16:36:52+00:00","author":{"@id":"https:\/\/www.article-marketing.eu\/comunicatistampa\/#\/schema\/person\/146a6885c81198281a9e0ba0035b8e2d"},"breadcrumb":{"@id":"https:\/\/www.article-marketing.eu\/comunicatistampa\/corso-alta-formazione-design-comfort-abitativo\/#breadcrumb"},"inLanguage":"it-IT","potentialAction":[{"@type":"ReadAction","target":["https:\/\/www.article-marketing.eu\/comunicatistampa\/corso-alta-formazione-design-comfort-abitativo\/"]}]},{"@type":"BreadcrumbList","@id":"https:\/\/www.article-marketing.eu\/comunicatistampa\/corso-alta-formazione-design-comfort-abitativo\/#breadcrumb","itemListElement":[{"@type":"ListItem","position":1,"name":"Home","item":"https:\/\/www.article-marketing.eu\/comunicatistampa\/"},{"@type":"ListItem","position":2,"name":"Corso di Alta formazione in DESIGN PER IL COMFORT ABITATIVO"}]},{"@type":"WebSite","@id":"https:\/\/www.article-marketing.eu\/comunicatistampa\/#website","url":"https:\/\/www.article-marketing.eu\/comunicatistampa\/","name":"Article Marketing","description":"article marketing &amp; press release","potentialAction":[{"@type":"SearchAction","target":{"@type":"EntryPoint","urlTemplate":"https:\/\/www.article-marketing.eu\/comunicatistampa\/?s={search_term_string}"},"query-input":{"@type":"PropertyValueSpecification","valueRequired":true,"valueName":"search_term_string"}}],"inLanguage":"it-IT"},{"@type":"Person","@id":"https:\/\/www.article-marketing.eu\/comunicatistampa\/#\/schema\/person\/146a6885c81198281a9e0ba0035b8e2d","name":"POLI.design","image":{"@type":"ImageObject","inLanguage":"it-IT","@id":"https:\/\/secure.gravatar.com\/avatar\/87f7987dbfa674c5dd5f9fa3495ce312cba20aa6ee3f9f6df08061703fd5b3c2?s=96&d=mm&r=g","url":"https:\/\/secure.gravatar.com\/avatar\/87f7987dbfa674c5dd5f9fa3495ce312cba20aa6ee3f9f6df08061703fd5b3c2?s=96&d=mm&r=g","contentUrl":"https:\/\/secure.gravatar.com\/avatar\/87f7987dbfa674c5dd5f9fa3495ce312cba20aa6ee3f9f6df08061703fd5b3c2?s=96&d=mm&r=g","caption":"POLI.design"},"url":"https:\/\/www.article-marketing.eu\/comunicatistampa\/author\/poli-design\/"}]}},"_links":{"self":[{"href":"https:\/\/www.article-marketing.eu\/comunicatistampa\/wp-json\/wp\/v2\/posts\/5048","targetHints":{"allow":["GET"]}}],"collection":[{"href":"https:\/\/www.article-marketing.eu\/comunicatistampa\/wp-json\/wp\/v2\/posts"}],"about":[{"href":"https:\/\/www.article-marketing.eu\/comunicatistampa\/wp-json\/wp\/v2\/types\/post"}],"author":[{"embeddable":true,"href":"https:\/\/www.article-marketing.eu\/comunicatistampa\/wp-json\/wp\/v2\/users\/18"}],"replies":[{"embeddable":true,"href":"https:\/\/www.article-marketing.eu\/comunicatistampa\/wp-json\/wp\/v2\/comments?post=5048"}],"version-history":[{"count":1,"href":"https:\/\/www.article-marketing.eu\/comunicatistampa\/wp-json\/wp\/v2\/posts\/5048\/revisions"}],"predecessor-version":[{"id":5049,"href":"https:\/\/www.article-marketing.eu\/comunicatistampa\/wp-json\/wp\/v2\/posts\/5048\/revisions\/5049"}],"wp:attachment":[{"href":"https:\/\/www.article-marketing.eu\/comunicatistampa\/wp-json\/wp\/v2\/media?parent=5048"}],"wp:term":[{"taxonomy":"category","embeddable":true,"href":"https:\/\/www.article-marketing.eu\/comunicatistampa\/wp-json\/wp\/v2\/categories?post=5048"},{"taxonomy":"post_tag","embeddable":true,"href":"https:\/\/www.article-marketing.eu\/comunicatistampa\/wp-json\/wp\/v2\/tags?post=5048"}],"curies":[{"name":"wp","href":"https:\/\/api.w.org\/{rel}","templated":true}]}}