{"id":5051,"date":"2017-09-06T18:33:38","date_gmt":"2017-09-06T16:33:38","guid":{"rendered":"http:\/\/www.article-marketing.eu\/comunicatistampa\/?p=5051"},"modified":"2017-09-06T18:33:38","modified_gmt":"2017-09-06T16:33:38","slug":"reggio-calabria-occasione-del-convegno-sanzioni-penali-amministrative-materia-tributaria-problematiche-attuali-presentazione-del-master-ii-livello-diritto-tributar","status":"publish","type":"post","link":"https:\/\/www.article-marketing.eu\/comunicatistampa\/reggio-calabria-occasione-del-convegno-sanzioni-penali-amministrative-materia-tributaria-problematiche-attuali-presentazione-del-master-ii-livello-diritto-tributar\/","title":{"rendered":"A Reggio Calabria, in occasione del convegno \u2018Sanzioni Penali e Amministrative in Materia Tributaria: problematiche attuali\u2019, presentazione del Master di II livello in Diritto Tributario dell&#8217;Universit\u00e0 LUMSA"},"content":{"rendered":"<p><strong>Venerd\u00ec 8 settembre (ore 9.30) <\/strong><strong>l\u2019Auditorium dell\u2019Ordine dei Dottori Commercialisti ed Esperti Contabili di Reggio Calabria <\/strong>(via Tommaso Campanella 38\/A)<strong> apre le sue porte per ospitare il convegno \u2018Sanzioni Penali e Amministrative in Materia Tributaria: problematiche attuali.\u2019 <\/strong>A margine dell\u2019incontro viene presentato il <strong>Master di II livello in Diritto Tributario promosso da LUMSA \u2013 Libera Universit\u00e0 Maria Ss. Assunta in partnership con EY<\/strong>, leader mondiale nei servizi professionali di revisione e organizzazione contabile, fiscalit\u00e0, transaction e advisory.<\/p>\n<p>Aprono il dibattito i saluti del <strong>Dottor Stefano Poeta<\/strong> (Presidente dell\u2019Ordine dei Dottori Commercialisti ed Esperti Contabili di Reggio Calabria), dell\u2019<strong>Avvocato Alberto Panuccio<\/strong> (Presidente del Consiglio dell\u2019Ordine degli Avvocati di Reggio Calabria), dell\u2019<strong>Avvocato Francesco Calabrese<\/strong> (Presidente della Camera Penale \u2018G. Sardiello di Reggio Calabria) e del <strong>Professor Avvocato Salvatore Sammartino<\/strong> (Direttore del Master in Diritto Tributario dell\u2019Universit\u00e0 Lumsa di Roma).<\/p>\n<p>Moderati dalla<strong> Dottoressa Alessandra De Simone Sacc\u00e0 <\/strong>(responsabile Gruppo Studi Amministrazioni Giudiziarie ODCEC RC) e introdotti dalla<strong> Professoressa Maria Vittoria Serran\u00f2 <\/strong>(docente di Diritto Tributario presso l\u2019Universit\u00e0 degli Studi di Messina), prendono quindi parola:<\/p>\n<ul>\n<li><strong>Dottor Stefano Musolino<\/strong>, Sostituto Procuratore della Repubblica DDA &#8211; Tribunale di Reggio Calabria<\/li>\n<li><strong>Dottor Antonio Dattola<\/strong>, Dottore Commercialista ODCEC Reggio Calabria<\/li>\n<li><strong>Avvocato Salvatore Rijli<\/strong>, Avvocato Tributarista<\/li>\n<li><strong>Professor Avvocato Salvatore Sanmmartino<\/strong>, Docente di Diritto Tributario &#8211; Universit\u00e0 Lumsa di Roma<\/li>\n<\/ul>\n<p>L\u2019incontro \u00e8 un importante momento di confronto con i pi\u00f9 autorevoli esperti per aggiornarsi in materia di Diritto Tributario.<strong> La partecipazione \u00e8 gratuita e vengono riconosciuti crediti professionali<\/strong>.<\/p>\n<p>\u00c8 anche l\u2019occasione per conoscere nel dettaglio tutte le caratteristiche del<strong> Master di II livello in Diritto Tributario <\/strong>in partenza a novembre all\u2019<strong>Universit\u00e0 LUMSA di Roma <\/strong>(<strong>il termine ultimo per iscriversi \u00e8 fissato per il 16 ottobre<\/strong>). Di durata annuale, il Master si rivolge a un pubblico allargato: a professionisti gi\u00e0 inseriti nel mondo del lavoro, a neo laureati e laureandi in Giurisprudenza ed Economia e a tutti coloro che sono interessati ad approfondire, con un percorso di studio ad hoc, la complessa materia giuridica in ambito tributario. Un corpo docente altamente qualificato, 400 ore di didattica frontale, laboratori pratici e, non ultimo, 3 mesi di stage garantiti a tutti i partecipanti da svolgersi presso primari studi professionali, uffici fiscali di aziende e societ\u00e0 di consulenza: <strong>il Master \u00e8 una vera \u2018palestra\u2019 che instrada concretamente verso il mercato<\/strong>. Ma non \u00e8 tutto: <strong>per facilitare l\u2019acceso al Master<\/strong>, l\u2019Universit\u00e0 LUMSA mette a disposizione degli studenti pi\u00f9 meritevoli <strong>ben 6 b<\/strong><strong>orse di studio <\/strong>(del valore di \u20ac 4.000) a copertura parziale delle quote di iscrizione.<\/p>\n","protected":false},"excerpt":{"rendered":"<p>Venerd\u00ec 8 settembre (ore 9.30) l\u2019Auditorium dell\u2019Ordine dei Dottori Commercialisti ed Esperti Contabili di Reggio Calabria (via Tommaso Campanella 38\/A) apre le sue porte per ospitare il convegno \u2018Sanzioni Penali e Amministrative in Materia Tributaria: problematiche attuali.\u2019 A margine dell\u2019incontro viene presentato il Master di II livello in Diritto Tributario promosso da LUMSA \u2013 Libera Universit\u00e0 Maria Ss. Assunta in partnership con EY, leader mondiale nei servizi professionali di revisione<\/p>\n<p><a class=\"continue-reading\" href=\"https:\/\/www.article-marketing.eu\/comunicatistampa\/reggio-calabria-occasione-del-convegno-sanzioni-penali-amministrative-materia-tributaria-problematiche-attuali-presentazione-del-master-ii-livello-diritto-tributar\/\">Continue reading&#8230;<\/a><\/p>\n","protected":false},"author":171,"featured_media":0,"comment_status":"open","ping_status":"open","sticky":false,"template":"","format":"standard","meta":{"_monsterinsights_skip_tracking":false,"_monsterinsights_sitenote_active":false,"_monsterinsights_sitenote_note":"","_monsterinsights_sitenote_category":0,"footnotes":""},"categories":[78],"tags":[],"class_list":["post-5051","post","type-post","status-publish","format-standard","hentry","category-comunicati-stampa"],"yoast_head":"<!-- This site is optimized with the Yoast SEO plugin v27.3 - https:\/\/yoast.com\/product\/yoast-seo-wordpress\/ -->\n<title>A Reggio Calabria, in occasione del convegno \u2018Sanzioni Penali e Amministrative in Materia Tributaria: problematiche attuali\u2019, presentazione del Master di II livello in Diritto Tributario dell&#039;Universit\u00e0 LUMSA - Article Marketing<\/title>\n<meta name=\"robots\" content=\"index, follow, max-snippet:-1, max-image-preview:large, max-video-preview:-1\" \/>\n<link rel=\"canonical\" href=\"https:\/\/www.article-marketing.eu\/comunicatistampa\/reggio-calabria-occasione-del-convegno-sanzioni-penali-amministrative-materia-tributaria-problematiche-attuali-presentazione-del-master-ii-livello-diritto-tributar\/\" \/>\n<meta property=\"og:locale\" content=\"it_IT\" \/>\n<meta property=\"og:type\" content=\"article\" \/>\n<meta property=\"og:title\" content=\"A Reggio Calabria, in occasione del convegno \u2018Sanzioni Penali e Amministrative in Materia Tributaria: problematiche attuali\u2019, presentazione del Master di II livello in Diritto Tributario dell&#039;Universit\u00e0 LUMSA - Article Marketing\" \/>\n<meta property=\"og:description\" content=\"Venerd\u00ec 8 settembre (ore 9.30) l\u2019Auditorium dell\u2019Ordine dei Dottori Commercialisti ed Esperti Contabili di Reggio Calabria (via Tommaso Campanella 38\/A) apre le sue porte per ospitare il convegno \u2018Sanzioni Penali e Amministrative in Materia Tributaria: problematiche attuali.\u2019 A margine dell\u2019incontro viene presentato il Master di II livello in Diritto Tributario promosso da LUMSA \u2013 Libera Universit\u00e0 Maria Ss. Assunta in partnership con EY, leader mondiale nei servizi professionali di revisioneContinue reading...\" \/>\n<meta property=\"og:url\" content=\"https:\/\/www.article-marketing.eu\/comunicatistampa\/reggio-calabria-occasione-del-convegno-sanzioni-penali-amministrative-materia-tributaria-problematiche-attuali-presentazione-del-master-ii-livello-diritto-tributar\/\" \/>\n<meta property=\"og:site_name\" content=\"Article Marketing\" \/>\n<meta property=\"article:published_time\" content=\"2017-09-06T16:33:38+00:00\" \/>\n<meta name=\"author\" content=\"Francesco Pieri\" \/>\n<meta name=\"twitter:card\" content=\"summary_large_image\" \/>\n<meta name=\"twitter:label1\" content=\"Scritto da\" \/>\n\t<meta name=\"twitter:data1\" content=\"Francesco Pieri\" \/>\n\t<meta name=\"twitter:label2\" content=\"Tempo di lettura stimato\" \/>\n\t<meta name=\"twitter:data2\" content=\"2 minuti\" \/>\n<script type=\"application\/ld+json\" class=\"yoast-schema-graph\">{\"@context\":\"https:\\\/\\\/schema.org\",\"@graph\":[{\"@type\":\"Article\",\"@id\":\"https:\\\/\\\/www.article-marketing.eu\\\/comunicatistampa\\\/reggio-calabria-occasione-del-convegno-sanzioni-penali-amministrative-materia-tributaria-problematiche-attuali-presentazione-del-master-ii-livello-diritto-tributar\\\/#article\",\"isPartOf\":{\"@id\":\"https:\\\/\\\/www.article-marketing.eu\\\/comunicatistampa\\\/reggio-calabria-occasione-del-convegno-sanzioni-penali-amministrative-materia-tributaria-problematiche-attuali-presentazione-del-master-ii-livello-diritto-tributar\\\/\"},\"author\":{\"name\":\"Francesco Pieri\",\"@id\":\"https:\\\/\\\/www.article-marketing.eu\\\/comunicatistampa\\\/#\\\/schema\\\/person\\\/b7fc003b64baa7773a101e3ea7c8b559\"},\"headline\":\"A Reggio Calabria, in occasione del convegno \u2018Sanzioni Penali e Amministrative in Materia Tributaria: problematiche attuali\u2019, presentazione del Master di II livello in Diritto Tributario dell&#8217;Universit\u00e0 LUMSA\",\"datePublished\":\"2017-09-06T16:33:38+00:00\",\"mainEntityOfPage\":{\"@id\":\"https:\\\/\\\/www.article-marketing.eu\\\/comunicatistampa\\\/reggio-calabria-occasione-del-convegno-sanzioni-penali-amministrative-materia-tributaria-problematiche-attuali-presentazione-del-master-ii-livello-diritto-tributar\\\/\"},\"wordCount\":438,\"commentCount\":0,\"articleSection\":[\"Comunicati stampa\"],\"inLanguage\":\"it-IT\",\"potentialAction\":[{\"@type\":\"CommentAction\",\"name\":\"Comment\",\"target\":[\"https:\\\/\\\/www.article-marketing.eu\\\/comunicatistampa\\\/reggio-calabria-occasione-del-convegno-sanzioni-penali-amministrative-materia-tributaria-problematiche-attuali-presentazione-del-master-ii-livello-diritto-tributar\\\/#respond\"]}]},{\"@type\":\"WebPage\",\"@id\":\"https:\\\/\\\/www.article-marketing.eu\\\/comunicatistampa\\\/reggio-calabria-occasione-del-convegno-sanzioni-penali-amministrative-materia-tributaria-problematiche-attuali-presentazione-del-master-ii-livello-diritto-tributar\\\/\",\"url\":\"https:\\\/\\\/www.article-marketing.eu\\\/comunicatistampa\\\/reggio-calabria-occasione-del-convegno-sanzioni-penali-amministrative-materia-tributaria-problematiche-attuali-presentazione-del-master-ii-livello-diritto-tributar\\\/\",\"name\":\"A Reggio Calabria, in occasione del convegno \u2018Sanzioni Penali e Amministrative in Materia Tributaria: problematiche attuali\u2019, presentazione del Master di II livello in Diritto Tributario dell'Universit\u00e0 LUMSA - Article Marketing\",\"isPartOf\":{\"@id\":\"https:\\\/\\\/www.article-marketing.eu\\\/comunicatistampa\\\/#website\"},\"datePublished\":\"2017-09-06T16:33:38+00:00\",\"author\":{\"@id\":\"https:\\\/\\\/www.article-marketing.eu\\\/comunicatistampa\\\/#\\\/schema\\\/person\\\/b7fc003b64baa7773a101e3ea7c8b559\"},\"breadcrumb\":{\"@id\":\"https:\\\/\\\/www.article-marketing.eu\\\/comunicatistampa\\\/reggio-calabria-occasione-del-convegno-sanzioni-penali-amministrative-materia-tributaria-problematiche-attuali-presentazione-del-master-ii-livello-diritto-tributar\\\/#breadcrumb\"},\"inLanguage\":\"it-IT\",\"potentialAction\":[{\"@type\":\"ReadAction\",\"target\":[\"https:\\\/\\\/www.article-marketing.eu\\\/comunicatistampa\\\/reggio-calabria-occasione-del-convegno-sanzioni-penali-amministrative-materia-tributaria-problematiche-attuali-presentazione-del-master-ii-livello-diritto-tributar\\\/\"]}]},{\"@type\":\"BreadcrumbList\",\"@id\":\"https:\\\/\\\/www.article-marketing.eu\\\/comunicatistampa\\\/reggio-calabria-occasione-del-convegno-sanzioni-penali-amministrative-materia-tributaria-problematiche-attuali-presentazione-del-master-ii-livello-diritto-tributar\\\/#breadcrumb\",\"itemListElement\":[{\"@type\":\"ListItem\",\"position\":1,\"name\":\"Home\",\"item\":\"https:\\\/\\\/www.article-marketing.eu\\\/comunicatistampa\\\/\"},{\"@type\":\"ListItem\",\"position\":2,\"name\":\"A Reggio Calabria, in occasione del convegno \u2018Sanzioni Penali e Amministrative in Materia Tributaria: problematiche attuali\u2019, presentazione del Master di II livello in Diritto Tributario dell&#8217;Universit\u00e0 LUMSA\"}]},{\"@type\":\"WebSite\",\"@id\":\"https:\\\/\\\/www.article-marketing.eu\\\/comunicatistampa\\\/#website\",\"url\":\"https:\\\/\\\/www.article-marketing.eu\\\/comunicatistampa\\\/\",\"name\":\"Article Marketing\",\"description\":\"article marketing &amp; press release\",\"potentialAction\":[{\"@type\":\"SearchAction\",\"target\":{\"@type\":\"EntryPoint\",\"urlTemplate\":\"https:\\\/\\\/www.article-marketing.eu\\\/comunicatistampa\\\/?s={search_term_string}\"},\"query-input\":{\"@type\":\"PropertyValueSpecification\",\"valueRequired\":true,\"valueName\":\"search_term_string\"}}],\"inLanguage\":\"it-IT\"},{\"@type\":\"Person\",\"@id\":\"https:\\\/\\\/www.article-marketing.eu\\\/comunicatistampa\\\/#\\\/schema\\\/person\\\/b7fc003b64baa7773a101e3ea7c8b559\",\"name\":\"Francesco Pieri\",\"image\":{\"@type\":\"ImageObject\",\"inLanguage\":\"it-IT\",\"@id\":\"https:\\\/\\\/secure.gravatar.com\\\/avatar\\\/6febf5aaef728a2aabefb37c0e69588f15ee58663ffda78f8c71f5a78b32158e?s=96&d=mm&r=g\",\"url\":\"https:\\\/\\\/secure.gravatar.com\\\/avatar\\\/6febf5aaef728a2aabefb37c0e69588f15ee58663ffda78f8c71f5a78b32158e?s=96&d=mm&r=g\",\"contentUrl\":\"https:\\\/\\\/secure.gravatar.com\\\/avatar\\\/6febf5aaef728a2aabefb37c0e69588f15ee58663ffda78f8c71f5a78b32158e?s=96&d=mm&r=g\",\"caption\":\"Francesco Pieri\"},\"url\":\"https:\\\/\\\/www.article-marketing.eu\\\/comunicatistampa\\\/author\\\/francesco-pieri\\\/\"}]}<\/script>\n<!-- \/ Yoast SEO plugin. -->","yoast_head_json":{"title":"A Reggio Calabria, in occasione del convegno \u2018Sanzioni Penali e Amministrative in Materia Tributaria: problematiche attuali\u2019, presentazione del Master di II livello in Diritto Tributario dell'Universit\u00e0 LUMSA - Article Marketing","robots":{"index":"index","follow":"follow","max-snippet":"max-snippet:-1","max-image-preview":"max-image-preview:large","max-video-preview":"max-video-preview:-1"},"canonical":"https:\/\/www.article-marketing.eu\/comunicatistampa\/reggio-calabria-occasione-del-convegno-sanzioni-penali-amministrative-materia-tributaria-problematiche-attuali-presentazione-del-master-ii-livello-diritto-tributar\/","og_locale":"it_IT","og_type":"article","og_title":"A Reggio Calabria, in occasione del convegno \u2018Sanzioni Penali e Amministrative in Materia Tributaria: problematiche attuali\u2019, presentazione del Master di II livello in Diritto Tributario dell'Universit\u00e0 LUMSA - Article Marketing","og_description":"Venerd\u00ec 8 settembre (ore 9.30) l\u2019Auditorium dell\u2019Ordine dei Dottori Commercialisti ed Esperti Contabili di Reggio Calabria (via Tommaso Campanella 38\/A) apre le sue porte per ospitare il convegno \u2018Sanzioni Penali e Amministrative in Materia Tributaria: problematiche attuali.\u2019 A margine dell\u2019incontro viene presentato il Master di II livello in Diritto Tributario promosso da LUMSA \u2013 Libera Universit\u00e0 Maria Ss. Assunta in partnership con EY, leader mondiale nei servizi professionali di revisioneContinue reading...","og_url":"https:\/\/www.article-marketing.eu\/comunicatistampa\/reggio-calabria-occasione-del-convegno-sanzioni-penali-amministrative-materia-tributaria-problematiche-attuali-presentazione-del-master-ii-livello-diritto-tributar\/","og_site_name":"Article Marketing","article_published_time":"2017-09-06T16:33:38+00:00","author":"Francesco Pieri","twitter_card":"summary_large_image","twitter_misc":{"Scritto da":"Francesco Pieri","Tempo di lettura stimato":"2 minuti"},"schema":{"@context":"https:\/\/schema.org","@graph":[{"@type":"Article","@id":"https:\/\/www.article-marketing.eu\/comunicatistampa\/reggio-calabria-occasione-del-convegno-sanzioni-penali-amministrative-materia-tributaria-problematiche-attuali-presentazione-del-master-ii-livello-diritto-tributar\/#article","isPartOf":{"@id":"https:\/\/www.article-marketing.eu\/comunicatistampa\/reggio-calabria-occasione-del-convegno-sanzioni-penali-amministrative-materia-tributaria-problematiche-attuali-presentazione-del-master-ii-livello-diritto-tributar\/"},"author":{"name":"Francesco Pieri","@id":"https:\/\/www.article-marketing.eu\/comunicatistampa\/#\/schema\/person\/b7fc003b64baa7773a101e3ea7c8b559"},"headline":"A Reggio Calabria, in occasione del convegno \u2018Sanzioni Penali e Amministrative in Materia Tributaria: problematiche attuali\u2019, presentazione del Master di II livello in Diritto Tributario dell&#8217;Universit\u00e0 LUMSA","datePublished":"2017-09-06T16:33:38+00:00","mainEntityOfPage":{"@id":"https:\/\/www.article-marketing.eu\/comunicatistampa\/reggio-calabria-occasione-del-convegno-sanzioni-penali-amministrative-materia-tributaria-problematiche-attuali-presentazione-del-master-ii-livello-diritto-tributar\/"},"wordCount":438,"commentCount":0,"articleSection":["Comunicati stampa"],"inLanguage":"it-IT","potentialAction":[{"@type":"CommentAction","name":"Comment","target":["https:\/\/www.article-marketing.eu\/comunicatistampa\/reggio-calabria-occasione-del-convegno-sanzioni-penali-amministrative-materia-tributaria-problematiche-attuali-presentazione-del-master-ii-livello-diritto-tributar\/#respond"]}]},{"@type":"WebPage","@id":"https:\/\/www.article-marketing.eu\/comunicatistampa\/reggio-calabria-occasione-del-convegno-sanzioni-penali-amministrative-materia-tributaria-problematiche-attuali-presentazione-del-master-ii-livello-diritto-tributar\/","url":"https:\/\/www.article-marketing.eu\/comunicatistampa\/reggio-calabria-occasione-del-convegno-sanzioni-penali-amministrative-materia-tributaria-problematiche-attuali-presentazione-del-master-ii-livello-diritto-tributar\/","name":"A Reggio Calabria, in occasione del convegno \u2018Sanzioni Penali e Amministrative in Materia Tributaria: problematiche attuali\u2019, presentazione del Master di II livello in Diritto Tributario dell'Universit\u00e0 LUMSA - Article Marketing","isPartOf":{"@id":"https:\/\/www.article-marketing.eu\/comunicatistampa\/#website"},"datePublished":"2017-09-06T16:33:38+00:00","author":{"@id":"https:\/\/www.article-marketing.eu\/comunicatistampa\/#\/schema\/person\/b7fc003b64baa7773a101e3ea7c8b559"},"breadcrumb":{"@id":"https:\/\/www.article-marketing.eu\/comunicatistampa\/reggio-calabria-occasione-del-convegno-sanzioni-penali-amministrative-materia-tributaria-problematiche-attuali-presentazione-del-master-ii-livello-diritto-tributar\/#breadcrumb"},"inLanguage":"it-IT","potentialAction":[{"@type":"ReadAction","target":["https:\/\/www.article-marketing.eu\/comunicatistampa\/reggio-calabria-occasione-del-convegno-sanzioni-penali-amministrative-materia-tributaria-problematiche-attuali-presentazione-del-master-ii-livello-diritto-tributar\/"]}]},{"@type":"BreadcrumbList","@id":"https:\/\/www.article-marketing.eu\/comunicatistampa\/reggio-calabria-occasione-del-convegno-sanzioni-penali-amministrative-materia-tributaria-problematiche-attuali-presentazione-del-master-ii-livello-diritto-tributar\/#breadcrumb","itemListElement":[{"@type":"ListItem","position":1,"name":"Home","item":"https:\/\/www.article-marketing.eu\/comunicatistampa\/"},{"@type":"ListItem","position":2,"name":"A Reggio Calabria, in occasione del convegno \u2018Sanzioni Penali e Amministrative in Materia Tributaria: problematiche attuali\u2019, presentazione del Master di II livello in Diritto Tributario dell&#8217;Universit\u00e0 LUMSA"}]},{"@type":"WebSite","@id":"https:\/\/www.article-marketing.eu\/comunicatistampa\/#website","url":"https:\/\/www.article-marketing.eu\/comunicatistampa\/","name":"Article Marketing","description":"article marketing &amp; press release","potentialAction":[{"@type":"SearchAction","target":{"@type":"EntryPoint","urlTemplate":"https:\/\/www.article-marketing.eu\/comunicatistampa\/?s={search_term_string}"},"query-input":{"@type":"PropertyValueSpecification","valueRequired":true,"valueName":"search_term_string"}}],"inLanguage":"it-IT"},{"@type":"Person","@id":"https:\/\/www.article-marketing.eu\/comunicatistampa\/#\/schema\/person\/b7fc003b64baa7773a101e3ea7c8b559","name":"Francesco Pieri","image":{"@type":"ImageObject","inLanguage":"it-IT","@id":"https:\/\/secure.gravatar.com\/avatar\/6febf5aaef728a2aabefb37c0e69588f15ee58663ffda78f8c71f5a78b32158e?s=96&d=mm&r=g","url":"https:\/\/secure.gravatar.com\/avatar\/6febf5aaef728a2aabefb37c0e69588f15ee58663ffda78f8c71f5a78b32158e?s=96&d=mm&r=g","contentUrl":"https:\/\/secure.gravatar.com\/avatar\/6febf5aaef728a2aabefb37c0e69588f15ee58663ffda78f8c71f5a78b32158e?s=96&d=mm&r=g","caption":"Francesco Pieri"},"url":"https:\/\/www.article-marketing.eu\/comunicatistampa\/author\/francesco-pieri\/"}]}},"_links":{"self":[{"href":"https:\/\/www.article-marketing.eu\/comunicatistampa\/wp-json\/wp\/v2\/posts\/5051","targetHints":{"allow":["GET"]}}],"collection":[{"href":"https:\/\/www.article-marketing.eu\/comunicatistampa\/wp-json\/wp\/v2\/posts"}],"about":[{"href":"https:\/\/www.article-marketing.eu\/comunicatistampa\/wp-json\/wp\/v2\/types\/post"}],"author":[{"embeddable":true,"href":"https:\/\/www.article-marketing.eu\/comunicatistampa\/wp-json\/wp\/v2\/users\/171"}],"replies":[{"embeddable":true,"href":"https:\/\/www.article-marketing.eu\/comunicatistampa\/wp-json\/wp\/v2\/comments?post=5051"}],"version-history":[{"count":4,"href":"https:\/\/www.article-marketing.eu\/comunicatistampa\/wp-json\/wp\/v2\/posts\/5051\/revisions"}],"predecessor-version":[{"id":5078,"href":"https:\/\/www.article-marketing.eu\/comunicatistampa\/wp-json\/wp\/v2\/posts\/5051\/revisions\/5078"}],"wp:attachment":[{"href":"https:\/\/www.article-marketing.eu\/comunicatistampa\/wp-json\/wp\/v2\/media?parent=5051"}],"wp:term":[{"taxonomy":"category","embeddable":true,"href":"https:\/\/www.article-marketing.eu\/comunicatistampa\/wp-json\/wp\/v2\/categories?post=5051"},{"taxonomy":"post_tag","embeddable":true,"href":"https:\/\/www.article-marketing.eu\/comunicatistampa\/wp-json\/wp\/v2\/tags?post=5051"}],"curies":[{"name":"wp","href":"https:\/\/api.w.org\/{rel}","templated":true}]}}