{"id":5085,"date":"2017-09-07T15:47:25","date_gmt":"2017-09-07T13:47:25","guid":{"rendered":"http:\/\/www.article-marketing.eu\/comunicatistampa\/?p=5085"},"modified":"2017-09-07T15:47:25","modified_gmt":"2017-09-07T13:47:25","slug":"la-produzione-dei-teli-mare-personalizzati","status":"publish","type":"post","link":"https:\/\/www.article-marketing.eu\/comunicatistampa\/la-produzione-dei-teli-mare-personalizzati\/","title":{"rendered":"La produzione dei teli mare personalizzati"},"content":{"rendered":"<p>La produzione dei teli da mare personalizzati \u00e8 adatta per quelle aziende che fanno uso quotidiano di salviette di ogni dimensione per i loro clienti, come ad esempio SPA, alberghi o palestre.<\/p>\n<h2>Che tipo di teli mare<\/h2>\n<p>Chi produce teli da mare personalizzati di solito opera per una clientela molto variegata ma al tempo stesso esigente. Per comprenderlo basta pensare all&#8217;utilizzo che si fa di questi teli: per coprire un lettino da spiaggia o una panca in palestra, da utilizzare durante un bagno in acque termali o anche come copertura durante un trattamento di massaggio o di altro genere. Stiamo quindi parlando di una produzione di teli mare personalizzati di alta qualit\u00e0, usati con scopi di utilit\u00e0 e pubblicit\u00e0. I filati oggi disponibili per questo tipo di prodotti sono i pi\u00f9 vari, partendo dal classico cotone ad alta grammatura, per arrivare fino al misto lino o alla microfibra, oggi sempre pi\u00f9 diffusa nella preparazione di asciugamani. Del resto questo materiale non \u00e8 solo confortevole sulla pelle piacevole alt atto, ma anche perfettamente adatto per asciugare il corpo dall&#8217;acqua.<\/p>\n<h2>La qualit\u00e0 prima di tutto<\/h2>\n<p>Quindi <a href=\"http:\/\/www.marcofrontini.com\/produzione-teli-mare-stampati-personalizzati\">la produzione di teli mare personalizzati deve proporre un&#8217;ampia gamma di prodotti<\/a>, partendo dalla classica misura 100 x 150 cm, quella considerata standard, per arrivare fino a dimensioni pi\u00f9 ampie (100 x 180 cm) o minori (40 x 100 cm), in modo da rispondere alle esigenze di una clientela molto diversificata. In ogni caso i clienti che richiedono questo tipo di prodotti li offrono poi alla loro stessa clientela: si tratta quindi di un prodotto che porta impresso il logo di un&#8217;azienda ricettiva o di servizi. I teli mare personalizzati quindi devono essere morbidi, piacevoli da utilizzare e avere uno stile consono a quello dell&#8217;azienda che li propone alla sua clientela.<\/p>\n<h2>Come utilizzare i teli mare<\/h2>\n<p>Sono diverse le situazioni in cui un&#8217;azienda pu\u00f2 necessitare di teli mare personalizzati. Si parte dalle classiche aziende che operano in ambito ricettivo, come ad esempio gli hotel sulla spiaggia, che ne propongono di diverse misure, o anche gli alberghi con SPA o centro estetico. Anche parrucchieri, massaggiatori ed estetisti possono necessitare di teli di questo tipo, il cui utilizzo non ha nulla a che fare con il mare. In alcune situazioni i teli personalizzati sono offerti come omaggio ai clienti, durante un particolare evento o per una specifica promozione. Si pensi ad esempio alle aziende che vendono prodotti di protezione solare, che offrono un telo mare con il loro logo a chi acquista un certo numero di prodotti. Anche piscine o palestre di un certo livello a volte hanno dei teli personalizzati, a cui si avvicina tutta la gamma di asciugamani, prodotta seguendo i colori degli arredi, o del logo della struttura.<\/p>\n","protected":false},"excerpt":{"rendered":"<p>La produzione dei teli da mare personalizzati \u00e8 adatta per quelle aziende che fanno uso quotidiano di salviette di ogni dimensione per i loro clienti, come ad esempio SPA, alberghi o palestre. Che tipo di teli mare Chi produce teli da mare personalizzati di solito opera per una clientela molto variegata ma al tempo stesso esigente. Per comprenderlo basta pensare all&#8217;utilizzo che si fa di questi teli: per coprire un<\/p>\n<p><a class=\"continue-reading\" href=\"https:\/\/www.article-marketing.eu\/comunicatistampa\/la-produzione-dei-teli-mare-personalizzati\/\">Continue reading&#8230;<\/a><\/p>\n","protected":false},"author":202,"featured_media":0,"comment_status":"open","ping_status":"open","sticky":false,"template":"","format":"standard","meta":{"_monsterinsights_skip_tracking":false,"_monsterinsights_sitenote_active":false,"_monsterinsights_sitenote_note":"","_monsterinsights_sitenote_category":0,"footnotes":""},"categories":[389],"tags":[],"class_list":["post-5085","post","type-post","status-publish","format-standard","hentry","category-marketing"],"yoast_head":"<!-- This site is optimized with the Yoast SEO plugin v27.3 - https:\/\/yoast.com\/product\/yoast-seo-wordpress\/ -->\n<title>La produzione dei teli mare personalizzati - Article Marketing<\/title>\n<meta name=\"robots\" content=\"index, follow, max-snippet:-1, max-image-preview:large, max-video-preview:-1\" \/>\n<link rel=\"canonical\" href=\"https:\/\/www.article-marketing.eu\/comunicatistampa\/la-produzione-dei-teli-mare-personalizzati\/\" \/>\n<meta property=\"og:locale\" content=\"it_IT\" \/>\n<meta property=\"og:type\" content=\"article\" \/>\n<meta property=\"og:title\" content=\"La produzione dei teli mare personalizzati - Article Marketing\" \/>\n<meta property=\"og:description\" content=\"La produzione dei teli da mare personalizzati \u00e8 adatta per quelle aziende che fanno uso quotidiano di salviette di ogni dimensione per i loro clienti, come ad esempio SPA, alberghi o palestre. Che tipo di teli mare Chi produce teli da mare personalizzati di solito opera per una clientela molto variegata ma al tempo stesso esigente. Per comprenderlo basta pensare all&#8217;utilizzo che si fa di questi teli: per coprire unContinue reading...\" \/>\n<meta property=\"og:url\" content=\"https:\/\/www.article-marketing.eu\/comunicatistampa\/la-produzione-dei-teli-mare-personalizzati\/\" \/>\n<meta property=\"og:site_name\" content=\"Article Marketing\" \/>\n<meta property=\"article:published_time\" content=\"2017-09-07T13:47:25+00:00\" \/>\n<meta name=\"author\" content=\"merellir\" \/>\n<meta name=\"twitter:card\" content=\"summary_large_image\" \/>\n<meta name=\"twitter:label1\" content=\"Scritto da\" \/>\n\t<meta name=\"twitter:data1\" content=\"merellir\" \/>\n\t<meta name=\"twitter:label2\" content=\"Tempo di lettura stimato\" \/>\n\t<meta name=\"twitter:data2\" content=\"2 minuti\" \/>\n<script type=\"application\/ld+json\" class=\"yoast-schema-graph\">{\"@context\":\"https:\\\/\\\/schema.org\",\"@graph\":[{\"@type\":\"Article\",\"@id\":\"https:\\\/\\\/www.article-marketing.eu\\\/comunicatistampa\\\/la-produzione-dei-teli-mare-personalizzati\\\/#article\",\"isPartOf\":{\"@id\":\"https:\\\/\\\/www.article-marketing.eu\\\/comunicatistampa\\\/la-produzione-dei-teli-mare-personalizzati\\\/\"},\"author\":{\"name\":\"merellir\",\"@id\":\"https:\\\/\\\/www.article-marketing.eu\\\/comunicatistampa\\\/#\\\/schema\\\/person\\\/ad93a86d6a7760d56d31da897a21ec7b\"},\"headline\":\"La produzione dei teli mare personalizzati\",\"datePublished\":\"2017-09-07T13:47:25+00:00\",\"mainEntityOfPage\":{\"@id\":\"https:\\\/\\\/www.article-marketing.eu\\\/comunicatistampa\\\/la-produzione-dei-teli-mare-personalizzati\\\/\"},\"wordCount\":451,\"commentCount\":0,\"articleSection\":[\"Marketing\"],\"inLanguage\":\"it-IT\",\"potentialAction\":[{\"@type\":\"CommentAction\",\"name\":\"Comment\",\"target\":[\"https:\\\/\\\/www.article-marketing.eu\\\/comunicatistampa\\\/la-produzione-dei-teli-mare-personalizzati\\\/#respond\"]}]},{\"@type\":\"WebPage\",\"@id\":\"https:\\\/\\\/www.article-marketing.eu\\\/comunicatistampa\\\/la-produzione-dei-teli-mare-personalizzati\\\/\",\"url\":\"https:\\\/\\\/www.article-marketing.eu\\\/comunicatistampa\\\/la-produzione-dei-teli-mare-personalizzati\\\/\",\"name\":\"La produzione dei teli mare personalizzati - Article Marketing\",\"isPartOf\":{\"@id\":\"https:\\\/\\\/www.article-marketing.eu\\\/comunicatistampa\\\/#website\"},\"datePublished\":\"2017-09-07T13:47:25+00:00\",\"author\":{\"@id\":\"https:\\\/\\\/www.article-marketing.eu\\\/comunicatistampa\\\/#\\\/schema\\\/person\\\/ad93a86d6a7760d56d31da897a21ec7b\"},\"breadcrumb\":{\"@id\":\"https:\\\/\\\/www.article-marketing.eu\\\/comunicatistampa\\\/la-produzione-dei-teli-mare-personalizzati\\\/#breadcrumb\"},\"inLanguage\":\"it-IT\",\"potentialAction\":[{\"@type\":\"ReadAction\",\"target\":[\"https:\\\/\\\/www.article-marketing.eu\\\/comunicatistampa\\\/la-produzione-dei-teli-mare-personalizzati\\\/\"]}]},{\"@type\":\"BreadcrumbList\",\"@id\":\"https:\\\/\\\/www.article-marketing.eu\\\/comunicatistampa\\\/la-produzione-dei-teli-mare-personalizzati\\\/#breadcrumb\",\"itemListElement\":[{\"@type\":\"ListItem\",\"position\":1,\"name\":\"Home\",\"item\":\"https:\\\/\\\/www.article-marketing.eu\\\/comunicatistampa\\\/\"},{\"@type\":\"ListItem\",\"position\":2,\"name\":\"La produzione dei teli mare personalizzati\"}]},{\"@type\":\"WebSite\",\"@id\":\"https:\\\/\\\/www.article-marketing.eu\\\/comunicatistampa\\\/#website\",\"url\":\"https:\\\/\\\/www.article-marketing.eu\\\/comunicatistampa\\\/\",\"name\":\"Article Marketing\",\"description\":\"article marketing &amp; press release\",\"potentialAction\":[{\"@type\":\"SearchAction\",\"target\":{\"@type\":\"EntryPoint\",\"urlTemplate\":\"https:\\\/\\\/www.article-marketing.eu\\\/comunicatistampa\\\/?s={search_term_string}\"},\"query-input\":{\"@type\":\"PropertyValueSpecification\",\"valueRequired\":true,\"valueName\":\"search_term_string\"}}],\"inLanguage\":\"it-IT\"},{\"@type\":\"Person\",\"@id\":\"https:\\\/\\\/www.article-marketing.eu\\\/comunicatistampa\\\/#\\\/schema\\\/person\\\/ad93a86d6a7760d56d31da897a21ec7b\",\"name\":\"merellir\",\"image\":{\"@type\":\"ImageObject\",\"inLanguage\":\"it-IT\",\"@id\":\"https:\\\/\\\/secure.gravatar.com\\\/avatar\\\/1d3d79c36dbe87999cf3070b87dac773df5f04b18fa0d478fd9dcf849b3616a1?s=96&d=mm&r=g\",\"url\":\"https:\\\/\\\/secure.gravatar.com\\\/avatar\\\/1d3d79c36dbe87999cf3070b87dac773df5f04b18fa0d478fd9dcf849b3616a1?s=96&d=mm&r=g\",\"contentUrl\":\"https:\\\/\\\/secure.gravatar.com\\\/avatar\\\/1d3d79c36dbe87999cf3070b87dac773df5f04b18fa0d478fd9dcf849b3616a1?s=96&d=mm&r=g\",\"caption\":\"merellir\"},\"url\":\"https:\\\/\\\/www.article-marketing.eu\\\/comunicatistampa\\\/author\\\/merellir\\\/\"}]}<\/script>\n<!-- \/ Yoast SEO plugin. -->","yoast_head_json":{"title":"La produzione dei teli mare personalizzati - Article Marketing","robots":{"index":"index","follow":"follow","max-snippet":"max-snippet:-1","max-image-preview":"max-image-preview:large","max-video-preview":"max-video-preview:-1"},"canonical":"https:\/\/www.article-marketing.eu\/comunicatistampa\/la-produzione-dei-teli-mare-personalizzati\/","og_locale":"it_IT","og_type":"article","og_title":"La produzione dei teli mare personalizzati - Article Marketing","og_description":"La produzione dei teli da mare personalizzati \u00e8 adatta per quelle aziende che fanno uso quotidiano di salviette di ogni dimensione per i loro clienti, come ad esempio SPA, alberghi o palestre. Che tipo di teli mare Chi produce teli da mare personalizzati di solito opera per una clientela molto variegata ma al tempo stesso esigente. Per comprenderlo basta pensare all&#8217;utilizzo che si fa di questi teli: per coprire unContinue reading...","og_url":"https:\/\/www.article-marketing.eu\/comunicatistampa\/la-produzione-dei-teli-mare-personalizzati\/","og_site_name":"Article Marketing","article_published_time":"2017-09-07T13:47:25+00:00","author":"merellir","twitter_card":"summary_large_image","twitter_misc":{"Scritto da":"merellir","Tempo di lettura stimato":"2 minuti"},"schema":{"@context":"https:\/\/schema.org","@graph":[{"@type":"Article","@id":"https:\/\/www.article-marketing.eu\/comunicatistampa\/la-produzione-dei-teli-mare-personalizzati\/#article","isPartOf":{"@id":"https:\/\/www.article-marketing.eu\/comunicatistampa\/la-produzione-dei-teli-mare-personalizzati\/"},"author":{"name":"merellir","@id":"https:\/\/www.article-marketing.eu\/comunicatistampa\/#\/schema\/person\/ad93a86d6a7760d56d31da897a21ec7b"},"headline":"La produzione dei teli mare personalizzati","datePublished":"2017-09-07T13:47:25+00:00","mainEntityOfPage":{"@id":"https:\/\/www.article-marketing.eu\/comunicatistampa\/la-produzione-dei-teli-mare-personalizzati\/"},"wordCount":451,"commentCount":0,"articleSection":["Marketing"],"inLanguage":"it-IT","potentialAction":[{"@type":"CommentAction","name":"Comment","target":["https:\/\/www.article-marketing.eu\/comunicatistampa\/la-produzione-dei-teli-mare-personalizzati\/#respond"]}]},{"@type":"WebPage","@id":"https:\/\/www.article-marketing.eu\/comunicatistampa\/la-produzione-dei-teli-mare-personalizzati\/","url":"https:\/\/www.article-marketing.eu\/comunicatistampa\/la-produzione-dei-teli-mare-personalizzati\/","name":"La produzione dei teli mare personalizzati - Article Marketing","isPartOf":{"@id":"https:\/\/www.article-marketing.eu\/comunicatistampa\/#website"},"datePublished":"2017-09-07T13:47:25+00:00","author":{"@id":"https:\/\/www.article-marketing.eu\/comunicatistampa\/#\/schema\/person\/ad93a86d6a7760d56d31da897a21ec7b"},"breadcrumb":{"@id":"https:\/\/www.article-marketing.eu\/comunicatistampa\/la-produzione-dei-teli-mare-personalizzati\/#breadcrumb"},"inLanguage":"it-IT","potentialAction":[{"@type":"ReadAction","target":["https:\/\/www.article-marketing.eu\/comunicatistampa\/la-produzione-dei-teli-mare-personalizzati\/"]}]},{"@type":"BreadcrumbList","@id":"https:\/\/www.article-marketing.eu\/comunicatistampa\/la-produzione-dei-teli-mare-personalizzati\/#breadcrumb","itemListElement":[{"@type":"ListItem","position":1,"name":"Home","item":"https:\/\/www.article-marketing.eu\/comunicatistampa\/"},{"@type":"ListItem","position":2,"name":"La produzione dei teli mare personalizzati"}]},{"@type":"WebSite","@id":"https:\/\/www.article-marketing.eu\/comunicatistampa\/#website","url":"https:\/\/www.article-marketing.eu\/comunicatistampa\/","name":"Article Marketing","description":"article marketing &amp; press release","potentialAction":[{"@type":"SearchAction","target":{"@type":"EntryPoint","urlTemplate":"https:\/\/www.article-marketing.eu\/comunicatistampa\/?s={search_term_string}"},"query-input":{"@type":"PropertyValueSpecification","valueRequired":true,"valueName":"search_term_string"}}],"inLanguage":"it-IT"},{"@type":"Person","@id":"https:\/\/www.article-marketing.eu\/comunicatistampa\/#\/schema\/person\/ad93a86d6a7760d56d31da897a21ec7b","name":"merellir","image":{"@type":"ImageObject","inLanguage":"it-IT","@id":"https:\/\/secure.gravatar.com\/avatar\/1d3d79c36dbe87999cf3070b87dac773df5f04b18fa0d478fd9dcf849b3616a1?s=96&d=mm&r=g","url":"https:\/\/secure.gravatar.com\/avatar\/1d3d79c36dbe87999cf3070b87dac773df5f04b18fa0d478fd9dcf849b3616a1?s=96&d=mm&r=g","contentUrl":"https:\/\/secure.gravatar.com\/avatar\/1d3d79c36dbe87999cf3070b87dac773df5f04b18fa0d478fd9dcf849b3616a1?s=96&d=mm&r=g","caption":"merellir"},"url":"https:\/\/www.article-marketing.eu\/comunicatistampa\/author\/merellir\/"}]}},"_links":{"self":[{"href":"https:\/\/www.article-marketing.eu\/comunicatistampa\/wp-json\/wp\/v2\/posts\/5085","targetHints":{"allow":["GET"]}}],"collection":[{"href":"https:\/\/www.article-marketing.eu\/comunicatistampa\/wp-json\/wp\/v2\/posts"}],"about":[{"href":"https:\/\/www.article-marketing.eu\/comunicatistampa\/wp-json\/wp\/v2\/types\/post"}],"author":[{"embeddable":true,"href":"https:\/\/www.article-marketing.eu\/comunicatistampa\/wp-json\/wp\/v2\/users\/202"}],"replies":[{"embeddable":true,"href":"https:\/\/www.article-marketing.eu\/comunicatistampa\/wp-json\/wp\/v2\/comments?post=5085"}],"version-history":[{"count":2,"href":"https:\/\/www.article-marketing.eu\/comunicatistampa\/wp-json\/wp\/v2\/posts\/5085\/revisions"}],"predecessor-version":[{"id":5104,"href":"https:\/\/www.article-marketing.eu\/comunicatistampa\/wp-json\/wp\/v2\/posts\/5085\/revisions\/5104"}],"wp:attachment":[{"href":"https:\/\/www.article-marketing.eu\/comunicatistampa\/wp-json\/wp\/v2\/media?parent=5085"}],"wp:term":[{"taxonomy":"category","embeddable":true,"href":"https:\/\/www.article-marketing.eu\/comunicatistampa\/wp-json\/wp\/v2\/categories?post=5085"},{"taxonomy":"post_tag","embeddable":true,"href":"https:\/\/www.article-marketing.eu\/comunicatistampa\/wp-json\/wp\/v2\/tags?post=5085"}],"curies":[{"name":"wp","href":"https:\/\/api.w.org\/{rel}","templated":true}]}}