{"id":5168,"date":"2017-09-11T22:12:46","date_gmt":"2017-09-11T20:12:46","guid":{"rendered":"http:\/\/www.article-marketing.eu\/comunicatistampa\/?p=5168"},"modified":"2017-09-11T22:12:46","modified_gmt":"2017-09-11T20:12:46","slug":"partita-iva-comunitaria-quale-la-differenza-con-quella-italiana","status":"publish","type":"post","link":"https:\/\/www.article-marketing.eu\/comunicatistampa\/partita-iva-comunitaria-quale-la-differenza-con-quella-italiana\/","title":{"rendered":"Partita Iva Comunitaria, quale la differenza con quella Italiana"},"content":{"rendered":"<p>Nel nostro Paese, la partita Iva non \u00e8 altro che una serie numerica destinata all&#8217;identificazione sia di singoli soggetti lavoratori, come professionisti e autonomi, e sia di societ\u00e0, per favorirne il pagamento delle imposte dovute. Oltre ad esistere quelle nazionali e che si possono differenziare naturalmente passando da un Paese ad un altro, negli anni si \u00e8 riscontrata tuttavia l&#8217;esigenza di creare anche una <a href=\"http:\/\/www.finanziamentipergiovani.it\/partita-iva-comunitaria.html\">Partita Iva comunitaria<\/a>. Esistono elementi comuni ed altri differenti tra questa e quelle singole nazionali. Approfondiamo, in questo caso, l&#8217;eventuale differenza appunto tra quella italiana e la sua versione comunitaria.<\/p>\n<h2>Partita Iva in Italia<\/h2>\n<p>Generalmente la partita Iva in Italia \u00e8 obbligatoria richiederla, come dicevamo, per le societ\u00e0, per lavoratori iscritti ad albi professionali particolari, come ad esempio commercialisti e avvocati purch\u00e8 esercitino la libera professione, e lavoratori autonomi, i cui profitti annui superino una certa quota prestabilita.<\/p>\n<p>Questo <strong>codice numerico<\/strong>, che in pratica mira a quantificare in maniera pi\u00f9 esatta e corretta le <strong>imposizioni<\/strong> di tipo fiscale a cui devono essere sottoposti taluni professionisti e societ\u00e0, pu\u00f2 essere richiesto sia direttamente da questi soggetti all&#8217;Agenzia delle Entrate, tramite internet, oppure attraverso l&#8217;assistenza di altri soggetti a questo scopo abilitati, quali ad esempio camere di commercio o commercialisti.<\/p>\n<p>Per quanto riguarda i <strong>costi<\/strong> della richiesta della partita Iva italiana, questa \u00e8 variabile se \u00e8 effettuata direttamente per via telematica oppure per mezzo di eventuali intermediari. Se nel primo caso, generalmente, non ha costi considerevoli, nel secondo invece possono essere raggiunte cifre consistenti. Un commercialista, ad esempio, per una gestione annuale pu\u00f2 richiedere tariffe variabili (ed importanti) a seconda dell&#8217;attivit\u00e0 svolta dal cliente, al suo volume di affari e all&#8217;eventuale regime fiscale prescelto.<\/p>\n<h3>Partita Iva Comunitaria<\/h3>\n<p>Questa \u00e8 un codice numerico simile a quello italiano e che permette di operare sia in ambito comunitario e sia in altri Paesi suoi membri e pu\u00f2 esserne fatta richiesta da professionisti, imprenditori e societ\u00e0, ed in generale comunque da coloro che mirano ad effettuare operazioni o attivit\u00e0 di tipo commerciale col resto d&#8217;Europa appunto.<\/p>\n<p>L&#8217;iter da seguire per richiedere tale codice non \u00e8 differente da quello seguito per la partita Iva italiana. Infatti pu\u00f2 essere richiesto dalla persona interessata sia per via telematica, sempre collegandosi alla pagina internet dell&#8217;Agenzia delle Entrate italiana, oppure tramite altri soggetti, quali i commercialisti. Le <strong>spese<\/strong> dovute per tale richiesta tendono a variare ed essere diversificate, ancora una volta, se si sceglie la prima o la seconda opzione.<\/p>\n<p>Una partita Iva comunitaria pu\u00f2 essere domandata sia da quei professionisti che detengono gi\u00e0 quella italiana e sia da quelli che non ne hanno nessuna. Una volta attivata, le autorit\u00e0 preposte dell&#8217;Unione Europea effettueranno regolarmente controlli sugli iscritti e sulle loro attivit\u00e0 commerciali eseguite.<\/p>\n","protected":false},"excerpt":{"rendered":"<p>Nel nostro Paese, la partita Iva non \u00e8 altro che una serie numerica destinata all&#8217;identificazione sia di singoli soggetti lavoratori, come professionisti e autonomi, e sia di societ\u00e0, per favorirne il pagamento delle imposte dovute. Oltre ad esistere quelle nazionali e che si possono differenziare naturalmente passando da un Paese ad un altro, negli anni si \u00e8 riscontrata tuttavia l&#8217;esigenza di creare anche una Partita Iva comunitaria. Esistono elementi comuni<\/p>\n<p><a class=\"continue-reading\" href=\"https:\/\/www.article-marketing.eu\/comunicatistampa\/partita-iva-comunitaria-quale-la-differenza-con-quella-italiana\/\">Continue reading&#8230;<\/a><\/p>\n","protected":false},"author":165,"featured_media":0,"comment_status":"open","ping_status":"open","sticky":false,"template":"","format":"standard","meta":{"_monsterinsights_skip_tracking":false,"_monsterinsights_sitenote_active":false,"_monsterinsights_sitenote_note":"","_monsterinsights_sitenote_category":0,"footnotes":""},"categories":[386,390],"tags":[2453,2452],"class_list":["post-5168","post","type-post","status-publish","format-standard","hentry","category-economia-e-lavoro","category-professionisti","tag-partita-iva","tag-partita-iva-comunitaria"],"yoast_head":"<!-- This site is optimized with the Yoast SEO plugin v27.3 - https:\/\/yoast.com\/product\/yoast-seo-wordpress\/ -->\n<title>Partita Iva Comunitaria, quale la differenza con quella Italiana - Article Marketing<\/title>\n<meta name=\"description\" content=\"In questo articolo varr\u00e0 approfondito il tema dalla partita iva comunitaria sottolineando le differenze con la partita iva italiana.\" \/>\n<meta name=\"robots\" content=\"index, follow, max-snippet:-1, max-image-preview:large, max-video-preview:-1\" \/>\n<link rel=\"canonical\" href=\"https:\/\/www.article-marketing.eu\/comunicatistampa\/partita-iva-comunitaria-quale-la-differenza-con-quella-italiana\/\" \/>\n<meta property=\"og:locale\" content=\"it_IT\" \/>\n<meta property=\"og:type\" content=\"article\" \/>\n<meta property=\"og:title\" content=\"Partita Iva Comunitaria, quale la differenza con quella Italiana - Article Marketing\" \/>\n<meta property=\"og:description\" content=\"In questo articolo varr\u00e0 approfondito il tema dalla partita iva comunitaria sottolineando le differenze con la partita iva italiana.\" \/>\n<meta property=\"og:url\" content=\"https:\/\/www.article-marketing.eu\/comunicatistampa\/partita-iva-comunitaria-quale-la-differenza-con-quella-italiana\/\" \/>\n<meta property=\"og:site_name\" content=\"Article Marketing\" \/>\n<meta property=\"article:published_time\" content=\"2017-09-11T20:12:46+00:00\" \/>\n<meta name=\"author\" content=\"Skira\" \/>\n<meta name=\"twitter:card\" content=\"summary_large_image\" \/>\n<meta name=\"twitter:label1\" content=\"Scritto da\" \/>\n\t<meta name=\"twitter:data1\" content=\"Skira\" \/>\n\t<meta name=\"twitter:label2\" content=\"Tempo di lettura stimato\" \/>\n\t<meta name=\"twitter:data2\" content=\"2 minuti\" \/>\n<script type=\"application\/ld+json\" class=\"yoast-schema-graph\">{\"@context\":\"https:\\\/\\\/schema.org\",\"@graph\":[{\"@type\":\"Article\",\"@id\":\"https:\\\/\\\/www.article-marketing.eu\\\/comunicatistampa\\\/partita-iva-comunitaria-quale-la-differenza-con-quella-italiana\\\/#article\",\"isPartOf\":{\"@id\":\"https:\\\/\\\/www.article-marketing.eu\\\/comunicatistampa\\\/partita-iva-comunitaria-quale-la-differenza-con-quella-italiana\\\/\"},\"author\":{\"name\":\"Skira\",\"@id\":\"https:\\\/\\\/www.article-marketing.eu\\\/comunicatistampa\\\/#\\\/schema\\\/person\\\/ac66fb21435b35ebf746d54ebc8d83e8\"},\"headline\":\"Partita Iva Comunitaria, quale la differenza con quella Italiana\",\"datePublished\":\"2017-09-11T20:12:46+00:00\",\"mainEntityOfPage\":{\"@id\":\"https:\\\/\\\/www.article-marketing.eu\\\/comunicatistampa\\\/partita-iva-comunitaria-quale-la-differenza-con-quella-italiana\\\/\"},\"wordCount\":449,\"commentCount\":0,\"keywords\":[\"partita iva\",\"partita iva comunitaria\"],\"articleSection\":[\"Economia e lavoro\",\"Professionisti\"],\"inLanguage\":\"it-IT\",\"potentialAction\":[{\"@type\":\"CommentAction\",\"name\":\"Comment\",\"target\":[\"https:\\\/\\\/www.article-marketing.eu\\\/comunicatistampa\\\/partita-iva-comunitaria-quale-la-differenza-con-quella-italiana\\\/#respond\"]}]},{\"@type\":\"WebPage\",\"@id\":\"https:\\\/\\\/www.article-marketing.eu\\\/comunicatistampa\\\/partita-iva-comunitaria-quale-la-differenza-con-quella-italiana\\\/\",\"url\":\"https:\\\/\\\/www.article-marketing.eu\\\/comunicatistampa\\\/partita-iva-comunitaria-quale-la-differenza-con-quella-italiana\\\/\",\"name\":\"Partita Iva Comunitaria, quale la differenza con quella Italiana - Article Marketing\",\"isPartOf\":{\"@id\":\"https:\\\/\\\/www.article-marketing.eu\\\/comunicatistampa\\\/#website\"},\"datePublished\":\"2017-09-11T20:12:46+00:00\",\"author\":{\"@id\":\"https:\\\/\\\/www.article-marketing.eu\\\/comunicatistampa\\\/#\\\/schema\\\/person\\\/ac66fb21435b35ebf746d54ebc8d83e8\"},\"description\":\"In questo articolo varr\u00e0 approfondito il tema dalla partita iva comunitaria sottolineando le differenze con la partita iva italiana.\",\"breadcrumb\":{\"@id\":\"https:\\\/\\\/www.article-marketing.eu\\\/comunicatistampa\\\/partita-iva-comunitaria-quale-la-differenza-con-quella-italiana\\\/#breadcrumb\"},\"inLanguage\":\"it-IT\",\"potentialAction\":[{\"@type\":\"ReadAction\",\"target\":[\"https:\\\/\\\/www.article-marketing.eu\\\/comunicatistampa\\\/partita-iva-comunitaria-quale-la-differenza-con-quella-italiana\\\/\"]}]},{\"@type\":\"BreadcrumbList\",\"@id\":\"https:\\\/\\\/www.article-marketing.eu\\\/comunicatistampa\\\/partita-iva-comunitaria-quale-la-differenza-con-quella-italiana\\\/#breadcrumb\",\"itemListElement\":[{\"@type\":\"ListItem\",\"position\":1,\"name\":\"Home\",\"item\":\"https:\\\/\\\/www.article-marketing.eu\\\/comunicatistampa\\\/\"},{\"@type\":\"ListItem\",\"position\":2,\"name\":\"Partita Iva Comunitaria, quale la differenza con quella Italiana\"}]},{\"@type\":\"WebSite\",\"@id\":\"https:\\\/\\\/www.article-marketing.eu\\\/comunicatistampa\\\/#website\",\"url\":\"https:\\\/\\\/www.article-marketing.eu\\\/comunicatistampa\\\/\",\"name\":\"Article Marketing\",\"description\":\"article marketing &amp; press release\",\"potentialAction\":[{\"@type\":\"SearchAction\",\"target\":{\"@type\":\"EntryPoint\",\"urlTemplate\":\"https:\\\/\\\/www.article-marketing.eu\\\/comunicatistampa\\\/?s={search_term_string}\"},\"query-input\":{\"@type\":\"PropertyValueSpecification\",\"valueRequired\":true,\"valueName\":\"search_term_string\"}}],\"inLanguage\":\"it-IT\"},{\"@type\":\"Person\",\"@id\":\"https:\\\/\\\/www.article-marketing.eu\\\/comunicatistampa\\\/#\\\/schema\\\/person\\\/ac66fb21435b35ebf746d54ebc8d83e8\",\"name\":\"Skira\",\"image\":{\"@type\":\"ImageObject\",\"inLanguage\":\"it-IT\",\"@id\":\"https:\\\/\\\/secure.gravatar.com\\\/avatar\\\/96027df7e813f38b27b1ed6edfffa7ee09d3ee46e2ac7cd3ecc56a0d446d6775?s=96&d=mm&r=g\",\"url\":\"https:\\\/\\\/secure.gravatar.com\\\/avatar\\\/96027df7e813f38b27b1ed6edfffa7ee09d3ee46e2ac7cd3ecc56a0d446d6775?s=96&d=mm&r=g\",\"contentUrl\":\"https:\\\/\\\/secure.gravatar.com\\\/avatar\\\/96027df7e813f38b27b1ed6edfffa7ee09d3ee46e2ac7cd3ecc56a0d446d6775?s=96&d=mm&r=g\",\"caption\":\"Skira\"},\"url\":\"https:\\\/\\\/www.article-marketing.eu\\\/comunicatistampa\\\/author\\\/skira\\\/\"}]}<\/script>\n<!-- \/ Yoast SEO plugin. -->","yoast_head_json":{"title":"Partita Iva Comunitaria, quale la differenza con quella Italiana - Article Marketing","description":"In questo articolo varr\u00e0 approfondito il tema dalla partita iva comunitaria sottolineando le differenze con la partita iva italiana.","robots":{"index":"index","follow":"follow","max-snippet":"max-snippet:-1","max-image-preview":"max-image-preview:large","max-video-preview":"max-video-preview:-1"},"canonical":"https:\/\/www.article-marketing.eu\/comunicatistampa\/partita-iva-comunitaria-quale-la-differenza-con-quella-italiana\/","og_locale":"it_IT","og_type":"article","og_title":"Partita Iva Comunitaria, quale la differenza con quella Italiana - Article Marketing","og_description":"In questo articolo varr\u00e0 approfondito il tema dalla partita iva comunitaria sottolineando le differenze con la partita iva italiana.","og_url":"https:\/\/www.article-marketing.eu\/comunicatistampa\/partita-iva-comunitaria-quale-la-differenza-con-quella-italiana\/","og_site_name":"Article Marketing","article_published_time":"2017-09-11T20:12:46+00:00","author":"Skira","twitter_card":"summary_large_image","twitter_misc":{"Scritto da":"Skira","Tempo di lettura stimato":"2 minuti"},"schema":{"@context":"https:\/\/schema.org","@graph":[{"@type":"Article","@id":"https:\/\/www.article-marketing.eu\/comunicatistampa\/partita-iva-comunitaria-quale-la-differenza-con-quella-italiana\/#article","isPartOf":{"@id":"https:\/\/www.article-marketing.eu\/comunicatistampa\/partita-iva-comunitaria-quale-la-differenza-con-quella-italiana\/"},"author":{"name":"Skira","@id":"https:\/\/www.article-marketing.eu\/comunicatistampa\/#\/schema\/person\/ac66fb21435b35ebf746d54ebc8d83e8"},"headline":"Partita Iva Comunitaria, quale la differenza con quella Italiana","datePublished":"2017-09-11T20:12:46+00:00","mainEntityOfPage":{"@id":"https:\/\/www.article-marketing.eu\/comunicatistampa\/partita-iva-comunitaria-quale-la-differenza-con-quella-italiana\/"},"wordCount":449,"commentCount":0,"keywords":["partita iva","partita iva comunitaria"],"articleSection":["Economia e lavoro","Professionisti"],"inLanguage":"it-IT","potentialAction":[{"@type":"CommentAction","name":"Comment","target":["https:\/\/www.article-marketing.eu\/comunicatistampa\/partita-iva-comunitaria-quale-la-differenza-con-quella-italiana\/#respond"]}]},{"@type":"WebPage","@id":"https:\/\/www.article-marketing.eu\/comunicatistampa\/partita-iva-comunitaria-quale-la-differenza-con-quella-italiana\/","url":"https:\/\/www.article-marketing.eu\/comunicatistampa\/partita-iva-comunitaria-quale-la-differenza-con-quella-italiana\/","name":"Partita Iva Comunitaria, quale la differenza con quella Italiana - Article Marketing","isPartOf":{"@id":"https:\/\/www.article-marketing.eu\/comunicatistampa\/#website"},"datePublished":"2017-09-11T20:12:46+00:00","author":{"@id":"https:\/\/www.article-marketing.eu\/comunicatistampa\/#\/schema\/person\/ac66fb21435b35ebf746d54ebc8d83e8"},"description":"In questo articolo varr\u00e0 approfondito il tema dalla partita iva comunitaria sottolineando le differenze con la partita iva italiana.","breadcrumb":{"@id":"https:\/\/www.article-marketing.eu\/comunicatistampa\/partita-iva-comunitaria-quale-la-differenza-con-quella-italiana\/#breadcrumb"},"inLanguage":"it-IT","potentialAction":[{"@type":"ReadAction","target":["https:\/\/www.article-marketing.eu\/comunicatistampa\/partita-iva-comunitaria-quale-la-differenza-con-quella-italiana\/"]}]},{"@type":"BreadcrumbList","@id":"https:\/\/www.article-marketing.eu\/comunicatistampa\/partita-iva-comunitaria-quale-la-differenza-con-quella-italiana\/#breadcrumb","itemListElement":[{"@type":"ListItem","position":1,"name":"Home","item":"https:\/\/www.article-marketing.eu\/comunicatistampa\/"},{"@type":"ListItem","position":2,"name":"Partita Iva Comunitaria, quale la differenza con quella Italiana"}]},{"@type":"WebSite","@id":"https:\/\/www.article-marketing.eu\/comunicatistampa\/#website","url":"https:\/\/www.article-marketing.eu\/comunicatistampa\/","name":"Article Marketing","description":"article marketing &amp; press release","potentialAction":[{"@type":"SearchAction","target":{"@type":"EntryPoint","urlTemplate":"https:\/\/www.article-marketing.eu\/comunicatistampa\/?s={search_term_string}"},"query-input":{"@type":"PropertyValueSpecification","valueRequired":true,"valueName":"search_term_string"}}],"inLanguage":"it-IT"},{"@type":"Person","@id":"https:\/\/www.article-marketing.eu\/comunicatistampa\/#\/schema\/person\/ac66fb21435b35ebf746d54ebc8d83e8","name":"Skira","image":{"@type":"ImageObject","inLanguage":"it-IT","@id":"https:\/\/secure.gravatar.com\/avatar\/96027df7e813f38b27b1ed6edfffa7ee09d3ee46e2ac7cd3ecc56a0d446d6775?s=96&d=mm&r=g","url":"https:\/\/secure.gravatar.com\/avatar\/96027df7e813f38b27b1ed6edfffa7ee09d3ee46e2ac7cd3ecc56a0d446d6775?s=96&d=mm&r=g","contentUrl":"https:\/\/secure.gravatar.com\/avatar\/96027df7e813f38b27b1ed6edfffa7ee09d3ee46e2ac7cd3ecc56a0d446d6775?s=96&d=mm&r=g","caption":"Skira"},"url":"https:\/\/www.article-marketing.eu\/comunicatistampa\/author\/skira\/"}]}},"_links":{"self":[{"href":"https:\/\/www.article-marketing.eu\/comunicatistampa\/wp-json\/wp\/v2\/posts\/5168","targetHints":{"allow":["GET"]}}],"collection":[{"href":"https:\/\/www.article-marketing.eu\/comunicatistampa\/wp-json\/wp\/v2\/posts"}],"about":[{"href":"https:\/\/www.article-marketing.eu\/comunicatistampa\/wp-json\/wp\/v2\/types\/post"}],"author":[{"embeddable":true,"href":"https:\/\/www.article-marketing.eu\/comunicatistampa\/wp-json\/wp\/v2\/users\/165"}],"replies":[{"embeddable":true,"href":"https:\/\/www.article-marketing.eu\/comunicatistampa\/wp-json\/wp\/v2\/comments?post=5168"}],"version-history":[{"count":1,"href":"https:\/\/www.article-marketing.eu\/comunicatistampa\/wp-json\/wp\/v2\/posts\/5168\/revisions"}],"predecessor-version":[{"id":5169,"href":"https:\/\/www.article-marketing.eu\/comunicatistampa\/wp-json\/wp\/v2\/posts\/5168\/revisions\/5169"}],"wp:attachment":[{"href":"https:\/\/www.article-marketing.eu\/comunicatistampa\/wp-json\/wp\/v2\/media?parent=5168"}],"wp:term":[{"taxonomy":"category","embeddable":true,"href":"https:\/\/www.article-marketing.eu\/comunicatistampa\/wp-json\/wp\/v2\/categories?post=5168"},{"taxonomy":"post_tag","embeddable":true,"href":"https:\/\/www.article-marketing.eu\/comunicatistampa\/wp-json\/wp\/v2\/tags?post=5168"}],"curies":[{"name":"wp","href":"https:\/\/api.w.org\/{rel}","templated":true}]}}