{"id":5253,"date":"2017-09-14T18:06:53","date_gmt":"2017-09-14T16:06:53","guid":{"rendered":"http:\/\/www.article-marketing.eu\/comunicatistampa\/?p=5253"},"modified":"2017-09-14T18:06:53","modified_gmt":"2017-09-14T16:06:53","slug":"viaggio-dante-cante-continua-secoli","status":"publish","type":"post","link":"https:\/\/www.article-marketing.eu\/comunicatistampa\/viaggio-dante-cante-continua-secoli\/","title":{"rendered":"\u2018IL VIAGGIO DI DANTE  E  CANTE CONTINUA ATTRAVERSO I SECOLI\u2019"},"content":{"rendered":"<p>Saranno\u00a0 SPERELLO DI SEREGO ALIGHIERI\u00a0 e\u00a0 ANTOINE\u00a0 DE GABRIELLI, discendenti\u00a0 dei due storici protagonisti \u00a0del Medioevo\u00a0 italiano,\u00a0 a incontrarsi\u00a0 a Gubbio.\u00a0\u00a0 Cosa accadr\u00e0 a\u00a0 distanza di\u00a0 9\u00a0 secoli da quei fatti che\u00a0 videro protagonisti i loro antenati?\u00a0 Torneranno a vivere le vicende tormentate che sconvolsero la vita del poeta Dante Alighieri e segnarono le sorti della letteratura,\u00a0 grazie alla creazione del capolavoro immortale della \u2018Divina Commedia\u2019,\u00a0\u00a0 scritta\u00a0 nei\u00a0 19 anni di esilio,\u00a0 lontano\u00a0 da Firenze.\u00a0 Fu\u00a0 Cante Gabrielli da Gubbio a condannarlo, in veste di Podest\u00e0 di Firenze,\u00a0 nel 1302 all\u2019esilio e alla confisca dei beni.\u00a0 E, per la prima volta, si ritroveranno faccia a faccia i discendenti dei due illustri personaggi.<\/p>\n<p>A condurre l\u2019incontro\u00a0 a Gubbio venerd\u00ec 29 settembre,\u00a0 sar\u00e0 la giornalista e scrittrice <strong>Anna Buoninsegni Sartori<\/strong>,\u00a0 autrice di un testo teatrale rappresentato per la prima volta lo scorso anno\u00a0 proprio durante il \u2018Festival del Medioevo\u2019.\u00a0 La piece \u00e8 diventata una pubblicazione\u00a0 (Ali&amp;No Editrice, 2017),\u00a0 dal titolo\u00a0 quanto mai allusivo:\u00a0\u00a0 \u2018Se l\u2019eugubino Cante Gabrielli non avesse condannato all\u2019esilio Dante, il sommo poeta avrebbe scritto la Divina Commedia?\u2019\u00a0 Domanda destinata,\u00a0 evidentemente, a rimanere senza risposta ma interessante collegamento con la stesura dei 14.223 endecasillabi delle tre Cantiche.\u00a0 \u00a0La scrittrice\u00a0 indaga sui rapporti tra Dante e Cante,\u00a0 analizza il dietro le quinte della condanna, le lotte intestine tra fazioni in mezzo a Impero e Papato e\u00a0 le ragioni, politiche ed economiche,\u00a0 che portarono all\u2019esilio dell\u2019Alighieri.<\/p>\n<p>Che cosa accadr\u00e0 a Gubbio, dove Cante aveva il suo nobile casato e\u00a0 Dante vi soggiorn\u00f2 diverse volte,\u00a0 tra i rappresentati di una progenie cos\u00ec illustre e discussa? Sicuramente un simpatico incontro, visto che entrambi sono consapevoli che non esiste merito o demerito nell\u2019essere legati a una delle due stirpi.\u00a0\u00a0 Oppure chiss\u00e0\u2026 potrebbe esserci un diverso e imprevisto finale!<\/p>\n<p><strong>SPERELLO DI SEREGO ALIGHIERI<\/strong>\u00a0 vive tra Villa Aureli\u00a0 nei pressi di\u00a0 Perugia,\u00a0 dimora storica e nobiliare che il padre Leonardo ha riportato agli antichi splendori e aperto ai visitatori nel 1985\u00a0 e\u00a0 Firenze,\u00a0\u00a0 dove lavora come astrofisico\u00a0 presso l\u2019Osservatorio di\u00a0 Arcetri.\u00a0\u00a0 Come il suo antenato Dante,\u00a0 \u00e8 affascinato\u00a0 dal destino dell\u2019universo, dallo\u00a0 studio dell\u2019inizio e dell\u2019evoluzione, occupandosi in particolare di galassie e cosmologia.\u00a0 Ha lavorato per l\u2019Agenzia Spaziale Europea (ESA) sia in Olanda che in Germania e, fra l\u2019altro,\u00a0 ha costruito il prototipo dello strumento che ha consentito all\u2019ESA di partecipare al Telescopio Spaziale Hubble della NASA. La sua sete di conoscenza lo ha portato a viaggiare spesso in moto da Perugia a Pechino, da Valparaiso a Ushuaia, da Guayaquil a Antofagasta.<\/p>\n<p><em>\u00ab Dante e le stelle\u2026\u00a0 Quando Dante scriveva\u00a0 la \u2018Commedia\u2019\u00a0 guardava le stelle\u00a0 &#8211;\u00a0 <\/em>spiega Sperello Alighieri\u00a0 &#8211;<em>\u00a0 e le vedeva sfuocate, a causa di una miopia progressiva causata dallo stare sempre chino su carte e manoscritti.\u00a0 \u00c8 lui stesso a dircelo, nella\u00a0 \u2018Vita Nova\u2019,\u00a0 le stelle gli sembravano tutte velate&#8230; Per lui l\u2019astronomia rappresenta la pi\u00f9 alta tra le scienze umane, lo afferma nel\u00a0 \u2018Convivio\u2019, e se\u00a0 \u00e8 vero che non possiamo dire che\u00a0 fosse un astronomo,\u00a0 sicuramente era molto legato\u00a0 a questa disciplina.\u00a0 Con la\u00a0 parola, \u201cstelle\u201d,\u00a0 si chiudo \u00a0tutte e tre le cantiche della Commedia:\u00a0 un punto di riferimento fisso della sua poetica \u00bb. <\/em><\/p>\n<p><strong>ANTOINE DE GABRIELLI<\/strong>\u00a0 vive a Parigi.\u00a0 E\u2019 imprenditore e innovatore nell\u2019affrontare il mondo del lavoro, alla\u00a0 luce di una diversa concezione dei rapporti umani, sviluppando un impegno personale nella vita professionale e\u00a0 in quella familiare.\u00a0\u00a0 E\u2019\u00a0 impegnato\u00a0 nei\u00a0 temi della\u00a0 qualit\u00e0 della vita negli affari e\u00a0 nelle varie forme di diversit\u00e0,\u00a0 esplorata\u00a0 sotto diversi\u00a0 aspetti. Dopo esperienze nel marketing,\u00a0 ha\u00a0 creato l\u2019azienda \u2018Companieros\u2019,\u00a0 conosciuta per i programmi di formazione circa l&#8217;integrazione economica dei disabili, l\u2019uguaglianza professionale tra uomini e donne, e il ruolo della religione nel mondo del lavoro.\u00a0 La\u00a0 specialit\u00e0 \u00e8 quella\u00a0 di formare \u2018coscienze consapevoli\u2019 ed \u00e8 rivolta a studenti, ma anche quadri e dirigenti.<\/p>\n<p><em>\u00ab Sono interessato a sviluppare rapporti democratici\u00a0 <\/em>&#8211; puntualizza Antoine de Gabrielli &#8211; <em>\u00a0e la creazione della mia azienda nel 1987 corrisponde ad una scelta di vita e di coppia, per una reale parit\u00e0 di opportunit\u00e0 e di disponibilit\u00e0 in una famiglia numerosa, con sei figli! \u00a0A \u2018Companieros\u2019\u00a0 abbiamo scelto di costruire il business attorno a una logica di comunit\u00e0, in un lavoro autonomia individuale e con la responsabilit\u00e0 di tutti i dipendenti. Nulla di pi\u00f9 lontano dallo spirito autoritario e dispotico del mio antenato Cante&#8230; Che sia la legge del contrappasso? \u00bb <\/em><\/p>\n<p><em>\u00ab\u00a0 L\u2019idea dell\u2019incontro tra i due discendenti di Dante e Cante\u00a0 &#8211;\u00a0 <\/em>spiega Anna Buoninsegni Sartori &#8211;<em>\u00a0\u00a0\u00a0 \u00e8 maturata lo scorso anno,\u00a0 durante la rappresentazione del testo teatrale e sar\u00e0 un modo anche giocoso\u00a0 per\u00a0 pareggiare i conti con la storia \u2026\u00a0 Ho voluto porre l\u2019accento sulla responsabilit\u00e0 morale, del resto giustificata dalla ferocia dei tempi e dalle guerre per il potere, della condanna di Dante, da parte di Cante Gabrielli. L\u2019accusa principale\u00a0 di baratteria,\u00a0 nella sentenza conservata all\u2019Archivio di Stato di Firenze, \u00e8 impiantata su \u2018pubbliche dicerie\u2019 e non su un processo vero e proprio.\u00a0 Ed \u00e8 singolare che dell\u2019omonimo reato, le attuali\u00a0 corruzione e concussione, sono pieni i capitoli della deplorevole attualit\u00e0 politica. Sono oltre 1.000 i deputati e senatori del nostro Parlamento,\u00a0 indagati per gli stessi reati per cui Dante fu condannato all\u2019esilio. E\u2019 un parallelo interessante \u2026 \u00bb <\/em><\/p>\n","protected":false},"excerpt":{"rendered":"<p>Saranno\u00a0 SPERELLO DI SEREGO ALIGHIERI\u00a0 e\u00a0 ANTOINE\u00a0 DE GABRIELLI, discendenti\u00a0 dei due storici protagonisti \u00a0del Medioevo\u00a0 italiano,\u00a0 a incontrarsi\u00a0 a Gubbio.\u00a0\u00a0 Cosa accadr\u00e0 a\u00a0 distanza di\u00a0 9\u00a0 secoli da quei fatti che\u00a0 videro protagonisti i loro antenati?\u00a0 Torneranno a vivere le vicende tormentate che sconvolsero la vita del poeta Dante Alighieri e segnarono le sorti della letteratura,\u00a0 grazie alla creazione del capolavoro immortale della \u2018Divina Commedia\u2019,\u00a0\u00a0 scritta\u00a0 nei\u00a0 19 anni<\/p>\n<p><a class=\"continue-reading\" href=\"https:\/\/www.article-marketing.eu\/comunicatistampa\/viaggio-dante-cante-continua-secoli\/\">Continue reading&#8230;<\/a><\/p>\n","protected":false},"author":48,"featured_media":0,"comment_status":"open","ping_status":"open","sticky":false,"template":"","format":"standard","meta":{"_monsterinsights_skip_tracking":false,"_monsterinsights_sitenote_active":false,"_monsterinsights_sitenote_note":"","_monsterinsights_sitenote_category":0,"footnotes":""},"categories":[407,78,392],"tags":[2507,2506,2508],"class_list":["post-5253","post","type-post","status-publish","format-standard","hentry","category-arte-e-cultura","category-comunicati-stampa","category-eventi","tag-cante-gabrielli","tag-dante","tag-gubbio"],"yoast_head":"<!-- This site is optimized with the Yoast SEO plugin v27.3 - https:\/\/yoast.com\/product\/yoast-seo-wordpress\/ -->\n<title>\u2018IL VIAGGIO DI DANTE E CANTE CONTINUA ATTRAVERSO I SECOLI\u2019 - Article Marketing<\/title>\n<meta name=\"robots\" content=\"index, follow, max-snippet:-1, max-image-preview:large, max-video-preview:-1\" \/>\n<link rel=\"canonical\" href=\"https:\/\/www.article-marketing.eu\/comunicatistampa\/viaggio-dante-cante-continua-secoli\/\" \/>\n<meta property=\"og:locale\" content=\"it_IT\" \/>\n<meta property=\"og:type\" content=\"article\" \/>\n<meta property=\"og:title\" content=\"\u2018IL VIAGGIO DI DANTE E CANTE CONTINUA ATTRAVERSO I SECOLI\u2019 - Article Marketing\" \/>\n<meta property=\"og:description\" content=\"Saranno\u00a0 SPERELLO DI SEREGO ALIGHIERI\u00a0 e\u00a0 ANTOINE\u00a0 DE GABRIELLI, discendenti\u00a0 dei due storici protagonisti \u00a0del Medioevo\u00a0 italiano,\u00a0 a incontrarsi\u00a0 a Gubbio.\u00a0\u00a0 Cosa accadr\u00e0 a\u00a0 distanza di\u00a0 9\u00a0 secoli da quei fatti che\u00a0 videro protagonisti i loro antenati?\u00a0 Torneranno a vivere le vicende tormentate che sconvolsero la vita del poeta Dante Alighieri e segnarono le sorti della letteratura,\u00a0 grazie alla creazione del capolavoro immortale della \u2018Divina Commedia\u2019,\u00a0\u00a0 scritta\u00a0 nei\u00a0 19 anniContinue reading...\" \/>\n<meta property=\"og:url\" content=\"https:\/\/www.article-marketing.eu\/comunicatistampa\/viaggio-dante-cante-continua-secoli\/\" \/>\n<meta property=\"og:site_name\" content=\"Article Marketing\" \/>\n<meta property=\"article:published_time\" content=\"2017-09-14T16:06:53+00:00\" \/>\n<meta name=\"author\" content=\"Uff Stampa\" \/>\n<meta name=\"twitter:card\" content=\"summary_large_image\" \/>\n<meta name=\"twitter:label1\" content=\"Scritto da\" \/>\n\t<meta name=\"twitter:data1\" content=\"Uff Stampa\" \/>\n\t<meta name=\"twitter:label2\" content=\"Tempo di lettura stimato\" \/>\n\t<meta name=\"twitter:data2\" content=\"4 minuti\" \/>\n<script type=\"application\/ld+json\" class=\"yoast-schema-graph\">{\"@context\":\"https:\\\/\\\/schema.org\",\"@graph\":[{\"@type\":\"Article\",\"@id\":\"https:\\\/\\\/www.article-marketing.eu\\\/comunicatistampa\\\/viaggio-dante-cante-continua-secoli\\\/#article\",\"isPartOf\":{\"@id\":\"https:\\\/\\\/www.article-marketing.eu\\\/comunicatistampa\\\/viaggio-dante-cante-continua-secoli\\\/\"},\"author\":{\"name\":\"Uff Stampa\",\"@id\":\"https:\\\/\\\/www.article-marketing.eu\\\/comunicatistampa\\\/#\\\/schema\\\/person\\\/22d81e7c04e93611ddcda888b65438d8\"},\"headline\":\"\u2018IL VIAGGIO DI DANTE E CANTE CONTINUA ATTRAVERSO I SECOLI\u2019\",\"datePublished\":\"2017-09-14T16:06:53+00:00\",\"mainEntityOfPage\":{\"@id\":\"https:\\\/\\\/www.article-marketing.eu\\\/comunicatistampa\\\/viaggio-dante-cante-continua-secoli\\\/\"},\"wordCount\":875,\"commentCount\":0,\"keywords\":[\"Cante Gabrielli\",\"Dante\",\"Gubbio\"],\"articleSection\":[\"Arte e cultura\",\"Comunicati stampa\",\"Eventi\"],\"inLanguage\":\"it-IT\",\"potentialAction\":[{\"@type\":\"CommentAction\",\"name\":\"Comment\",\"target\":[\"https:\\\/\\\/www.article-marketing.eu\\\/comunicatistampa\\\/viaggio-dante-cante-continua-secoli\\\/#respond\"]}]},{\"@type\":\"WebPage\",\"@id\":\"https:\\\/\\\/www.article-marketing.eu\\\/comunicatistampa\\\/viaggio-dante-cante-continua-secoli\\\/\",\"url\":\"https:\\\/\\\/www.article-marketing.eu\\\/comunicatistampa\\\/viaggio-dante-cante-continua-secoli\\\/\",\"name\":\"\u2018IL VIAGGIO DI DANTE E CANTE CONTINUA ATTRAVERSO I SECOLI\u2019 - Article Marketing\",\"isPartOf\":{\"@id\":\"https:\\\/\\\/www.article-marketing.eu\\\/comunicatistampa\\\/#website\"},\"datePublished\":\"2017-09-14T16:06:53+00:00\",\"author\":{\"@id\":\"https:\\\/\\\/www.article-marketing.eu\\\/comunicatistampa\\\/#\\\/schema\\\/person\\\/22d81e7c04e93611ddcda888b65438d8\"},\"breadcrumb\":{\"@id\":\"https:\\\/\\\/www.article-marketing.eu\\\/comunicatistampa\\\/viaggio-dante-cante-continua-secoli\\\/#breadcrumb\"},\"inLanguage\":\"it-IT\",\"potentialAction\":[{\"@type\":\"ReadAction\",\"target\":[\"https:\\\/\\\/www.article-marketing.eu\\\/comunicatistampa\\\/viaggio-dante-cante-continua-secoli\\\/\"]}]},{\"@type\":\"BreadcrumbList\",\"@id\":\"https:\\\/\\\/www.article-marketing.eu\\\/comunicatistampa\\\/viaggio-dante-cante-continua-secoli\\\/#breadcrumb\",\"itemListElement\":[{\"@type\":\"ListItem\",\"position\":1,\"name\":\"Home\",\"item\":\"https:\\\/\\\/www.article-marketing.eu\\\/comunicatistampa\\\/\"},{\"@type\":\"ListItem\",\"position\":2,\"name\":\"\u2018IL VIAGGIO DI DANTE E CANTE CONTINUA ATTRAVERSO I SECOLI\u2019\"}]},{\"@type\":\"WebSite\",\"@id\":\"https:\\\/\\\/www.article-marketing.eu\\\/comunicatistampa\\\/#website\",\"url\":\"https:\\\/\\\/www.article-marketing.eu\\\/comunicatistampa\\\/\",\"name\":\"Article Marketing\",\"description\":\"article marketing &amp; press release\",\"potentialAction\":[{\"@type\":\"SearchAction\",\"target\":{\"@type\":\"EntryPoint\",\"urlTemplate\":\"https:\\\/\\\/www.article-marketing.eu\\\/comunicatistampa\\\/?s={search_term_string}\"},\"query-input\":{\"@type\":\"PropertyValueSpecification\",\"valueRequired\":true,\"valueName\":\"search_term_string\"}}],\"inLanguage\":\"it-IT\"},{\"@type\":\"Person\",\"@id\":\"https:\\\/\\\/www.article-marketing.eu\\\/comunicatistampa\\\/#\\\/schema\\\/person\\\/22d81e7c04e93611ddcda888b65438d8\",\"name\":\"Uff Stampa\",\"image\":{\"@type\":\"ImageObject\",\"inLanguage\":\"it-IT\",\"@id\":\"https:\\\/\\\/secure.gravatar.com\\\/avatar\\\/e3e9c5b947f539233b3f740c64e48242313649ff2a529b2191b5577aab6b4c57?s=96&d=mm&r=g\",\"url\":\"https:\\\/\\\/secure.gravatar.com\\\/avatar\\\/e3e9c5b947f539233b3f740c64e48242313649ff2a529b2191b5577aab6b4c57?s=96&d=mm&r=g\",\"contentUrl\":\"https:\\\/\\\/secure.gravatar.com\\\/avatar\\\/e3e9c5b947f539233b3f740c64e48242313649ff2a529b2191b5577aab6b4c57?s=96&d=mm&r=g\",\"caption\":\"Uff Stampa\"},\"url\":\"https:\\\/\\\/www.article-marketing.eu\\\/comunicatistampa\\\/author\\\/uff-stampa\\\/\"}]}<\/script>\n<!-- \/ Yoast SEO plugin. -->","yoast_head_json":{"title":"\u2018IL VIAGGIO DI DANTE E CANTE CONTINUA ATTRAVERSO I SECOLI\u2019 - Article Marketing","robots":{"index":"index","follow":"follow","max-snippet":"max-snippet:-1","max-image-preview":"max-image-preview:large","max-video-preview":"max-video-preview:-1"},"canonical":"https:\/\/www.article-marketing.eu\/comunicatistampa\/viaggio-dante-cante-continua-secoli\/","og_locale":"it_IT","og_type":"article","og_title":"\u2018IL VIAGGIO DI DANTE E CANTE CONTINUA ATTRAVERSO I SECOLI\u2019 - Article Marketing","og_description":"Saranno\u00a0 SPERELLO DI SEREGO ALIGHIERI\u00a0 e\u00a0 ANTOINE\u00a0 DE GABRIELLI, discendenti\u00a0 dei due storici protagonisti \u00a0del Medioevo\u00a0 italiano,\u00a0 a incontrarsi\u00a0 a Gubbio.\u00a0\u00a0 Cosa accadr\u00e0 a\u00a0 distanza di\u00a0 9\u00a0 secoli da quei fatti che\u00a0 videro protagonisti i loro antenati?\u00a0 Torneranno a vivere le vicende tormentate che sconvolsero la vita del poeta Dante Alighieri e segnarono le sorti della letteratura,\u00a0 grazie alla creazione del capolavoro immortale della \u2018Divina Commedia\u2019,\u00a0\u00a0 scritta\u00a0 nei\u00a0 19 anniContinue reading...","og_url":"https:\/\/www.article-marketing.eu\/comunicatistampa\/viaggio-dante-cante-continua-secoli\/","og_site_name":"Article Marketing","article_published_time":"2017-09-14T16:06:53+00:00","author":"Uff Stampa","twitter_card":"summary_large_image","twitter_misc":{"Scritto da":"Uff Stampa","Tempo di lettura stimato":"4 minuti"},"schema":{"@context":"https:\/\/schema.org","@graph":[{"@type":"Article","@id":"https:\/\/www.article-marketing.eu\/comunicatistampa\/viaggio-dante-cante-continua-secoli\/#article","isPartOf":{"@id":"https:\/\/www.article-marketing.eu\/comunicatistampa\/viaggio-dante-cante-continua-secoli\/"},"author":{"name":"Uff Stampa","@id":"https:\/\/www.article-marketing.eu\/comunicatistampa\/#\/schema\/person\/22d81e7c04e93611ddcda888b65438d8"},"headline":"\u2018IL VIAGGIO DI DANTE E CANTE CONTINUA ATTRAVERSO I SECOLI\u2019","datePublished":"2017-09-14T16:06:53+00:00","mainEntityOfPage":{"@id":"https:\/\/www.article-marketing.eu\/comunicatistampa\/viaggio-dante-cante-continua-secoli\/"},"wordCount":875,"commentCount":0,"keywords":["Cante Gabrielli","Dante","Gubbio"],"articleSection":["Arte e cultura","Comunicati stampa","Eventi"],"inLanguage":"it-IT","potentialAction":[{"@type":"CommentAction","name":"Comment","target":["https:\/\/www.article-marketing.eu\/comunicatistampa\/viaggio-dante-cante-continua-secoli\/#respond"]}]},{"@type":"WebPage","@id":"https:\/\/www.article-marketing.eu\/comunicatistampa\/viaggio-dante-cante-continua-secoli\/","url":"https:\/\/www.article-marketing.eu\/comunicatistampa\/viaggio-dante-cante-continua-secoli\/","name":"\u2018IL VIAGGIO DI DANTE E CANTE CONTINUA ATTRAVERSO I SECOLI\u2019 - Article Marketing","isPartOf":{"@id":"https:\/\/www.article-marketing.eu\/comunicatistampa\/#website"},"datePublished":"2017-09-14T16:06:53+00:00","author":{"@id":"https:\/\/www.article-marketing.eu\/comunicatistampa\/#\/schema\/person\/22d81e7c04e93611ddcda888b65438d8"},"breadcrumb":{"@id":"https:\/\/www.article-marketing.eu\/comunicatistampa\/viaggio-dante-cante-continua-secoli\/#breadcrumb"},"inLanguage":"it-IT","potentialAction":[{"@type":"ReadAction","target":["https:\/\/www.article-marketing.eu\/comunicatistampa\/viaggio-dante-cante-continua-secoli\/"]}]},{"@type":"BreadcrumbList","@id":"https:\/\/www.article-marketing.eu\/comunicatistampa\/viaggio-dante-cante-continua-secoli\/#breadcrumb","itemListElement":[{"@type":"ListItem","position":1,"name":"Home","item":"https:\/\/www.article-marketing.eu\/comunicatistampa\/"},{"@type":"ListItem","position":2,"name":"\u2018IL VIAGGIO DI DANTE E CANTE CONTINUA ATTRAVERSO I SECOLI\u2019"}]},{"@type":"WebSite","@id":"https:\/\/www.article-marketing.eu\/comunicatistampa\/#website","url":"https:\/\/www.article-marketing.eu\/comunicatistampa\/","name":"Article Marketing","description":"article marketing &amp; press release","potentialAction":[{"@type":"SearchAction","target":{"@type":"EntryPoint","urlTemplate":"https:\/\/www.article-marketing.eu\/comunicatistampa\/?s={search_term_string}"},"query-input":{"@type":"PropertyValueSpecification","valueRequired":true,"valueName":"search_term_string"}}],"inLanguage":"it-IT"},{"@type":"Person","@id":"https:\/\/www.article-marketing.eu\/comunicatistampa\/#\/schema\/person\/22d81e7c04e93611ddcda888b65438d8","name":"Uff Stampa","image":{"@type":"ImageObject","inLanguage":"it-IT","@id":"https:\/\/secure.gravatar.com\/avatar\/e3e9c5b947f539233b3f740c64e48242313649ff2a529b2191b5577aab6b4c57?s=96&d=mm&r=g","url":"https:\/\/secure.gravatar.com\/avatar\/e3e9c5b947f539233b3f740c64e48242313649ff2a529b2191b5577aab6b4c57?s=96&d=mm&r=g","contentUrl":"https:\/\/secure.gravatar.com\/avatar\/e3e9c5b947f539233b3f740c64e48242313649ff2a529b2191b5577aab6b4c57?s=96&d=mm&r=g","caption":"Uff Stampa"},"url":"https:\/\/www.article-marketing.eu\/comunicatistampa\/author\/uff-stampa\/"}]}},"_links":{"self":[{"href":"https:\/\/www.article-marketing.eu\/comunicatistampa\/wp-json\/wp\/v2\/posts\/5253","targetHints":{"allow":["GET"]}}],"collection":[{"href":"https:\/\/www.article-marketing.eu\/comunicatistampa\/wp-json\/wp\/v2\/posts"}],"about":[{"href":"https:\/\/www.article-marketing.eu\/comunicatistampa\/wp-json\/wp\/v2\/types\/post"}],"author":[{"embeddable":true,"href":"https:\/\/www.article-marketing.eu\/comunicatistampa\/wp-json\/wp\/v2\/users\/48"}],"replies":[{"embeddable":true,"href":"https:\/\/www.article-marketing.eu\/comunicatistampa\/wp-json\/wp\/v2\/comments?post=5253"}],"version-history":[{"count":3,"href":"https:\/\/www.article-marketing.eu\/comunicatistampa\/wp-json\/wp\/v2\/posts\/5253\/revisions"}],"predecessor-version":[{"id":5307,"href":"https:\/\/www.article-marketing.eu\/comunicatistampa\/wp-json\/wp\/v2\/posts\/5253\/revisions\/5307"}],"wp:attachment":[{"href":"https:\/\/www.article-marketing.eu\/comunicatistampa\/wp-json\/wp\/v2\/media?parent=5253"}],"wp:term":[{"taxonomy":"category","embeddable":true,"href":"https:\/\/www.article-marketing.eu\/comunicatistampa\/wp-json\/wp\/v2\/categories?post=5253"},{"taxonomy":"post_tag","embeddable":true,"href":"https:\/\/www.article-marketing.eu\/comunicatistampa\/wp-json\/wp\/v2\/tags?post=5253"}],"curies":[{"name":"wp","href":"https:\/\/api.w.org\/{rel}","templated":true}]}}