{"id":5292,"date":"2017-09-14T18:35:24","date_gmt":"2017-09-14T16:35:24","guid":{"rendered":"http:\/\/www.article-marketing.eu\/comunicatistampa\/?p=5292"},"modified":"2017-09-14T18:35:24","modified_gmt":"2017-09-14T16:35:24","slug":"iquii-partner-tecnico-strategico-delifrance-italia-lapertura-la-folie-temporary-store-unisce-pasticceria-arte","status":"publish","type":"post","link":"https:\/\/www.article-marketing.eu\/comunicatistampa\/iquii-partner-tecnico-strategico-delifrance-italia-lapertura-la-folie-temporary-store-unisce-pasticceria-arte\/","title":{"rendered":"IQUII \u00e8 partner tecnico-strategico di D\u00e9lifrance Italia per l&#8217;apertura di &#8220;\u00c0 la Folie&#8221;, il temporary store che unisce pasticceria e arte"},"content":{"rendered":"<h3><b>Prosegue la collaborazione tra la digital agency e l&#8217;azienda francese grazie a sviluppo del sito web e social media strategy per l&#8217;apertura dell&#8217;esclusivo store a Milano<\/b><\/h3>\n<p><span style=\"font-weight: 400;\">IQUII conferma la sua collaborazione con D\u00e9lifrance Italia per la realizzazione della piattaforma Web a sostegno del progetto artistico <\/span><a href=\"https:\/\/www.alafolie.it\"><i><span style=\"font-weight: 400;\">\u00c0 la Folie<\/span><\/i><\/a><span style=\"font-weight: 400;\">, che parte ufficialmente oggi con l\u2019inaugurazione dello store e nel quale le creazioni artistiche dello Chef Alessandro Servida si uniranno a quelle dell\u2019artista Mihailo Karanovic.<\/span><\/p>\n<p><span style=\"font-weight: 400;\">Il coinvolgimento tecnico e strategico di IQUII per il brand ha contribuito a dar vita a un <\/span><b>touchpoint digitale<\/b><span style=\"font-weight: 400;\"> dedicato, attraverso il quale raccontare l\u2019essenza di <\/span><i><span style=\"font-weight: 400;\">\u00c0 la Folie<\/span><\/i><span style=\"font-weight: 400;\">, ovvero un luogo dove esaltare \u201c<\/span><i><span style=\"font-weight: 400;\">una nuova concezione della pasticceria, un gioco di contrasti ed equilibri realizzati attraverso l\u2019uso sapiente di ingredienti, pennellate e colori<\/span><\/i><span style=\"font-weight: 400;\">\u201d. <\/span><\/p>\n<p><span style=\"font-weight: 400;\">La collaborazione con il brand si focalizzer\u00e0 nei prossimi mesi su:<\/span><\/p>\n<ul>\n<li><span style=\"font-weight: 400;\">l\u2019implementazione delle prossime fasi del <\/span><b>progetto Web<\/b> <i><span style=\"font-weight: 400;\">\u00c0 la Folie<\/span><\/i><span style=\"font-weight: 400;\">, realizzato con un design elegante e innovativo, un\u2019architettura delle informazioni in ottica di User Experience e la gestione della comunicazione del <\/span><b>concorso<\/b><span style=\"font-weight: 400;\"> che si concluder\u00e0 a Dicembre;<\/span><\/li>\n<li><span style=\"font-weight: 400;\">il supporto alla comunicazione degli eventi e delle attivit\u00e0 che verranno portate avanti all\u2019interno del nuovo <\/span><b>temporary store<\/b><span style=\"font-weight: 400;\"> aperto fino al 30 novembre nel cuore di Milano, <\/span><span style=\"font-weight: 400;\">nel quale scoprire le creazioni artistiche dei due grandi maestri<\/span><span style=\"font-weight: 400;\">;<\/span><\/li>\n<li><span style=\"font-weight: 400;\">la gestione dell\u2019attivit\u00e0 di <\/span><b>social media management <\/b><span style=\"font-weight: 400;\">del Brand e del progetto <\/span><i><span style=\"font-weight: 400;\">\u00c0 la Folie<\/span><\/i><span style=\"font-weight: 400;\">, con l\u2019obiettivo di aumentare l\u2019engagement sui social, dare visibilit\u00e0 al progetto e al concorso e generare traffico all\u2019interno del temporary.<\/span><\/li>\n<\/ul>\n<p><span style=\"font-weight: 400;\">Il <\/span><a href=\"https:\/\/iquii.com\/2017\/06\/19\/delifrance-italia-iquii\/\"><span style=\"font-weight: 400;\">lavoro svolto per D\u00e9lifrance Italia<\/span><\/a><span style=\"font-weight: 400;\">, dalla scelta della presenza e dei canali social alla definizione creativa, editoriale e del tone of voice, ha come obiettivo l\u2019arricchimento della presenza social per il brand, attuando inoltre strategie di lead acquisition e fidelizzazione della clientela.<\/span><\/p>\n<p><span style=\"font-weight: 400;\">La progettazione e lo sviluppo del Sito Web <\/span><i><span style=\"font-weight: 400;\">\u00c0 la Folie<\/span><\/i><span style=\"font-weight: 400;\"> accrescono il valore della collaborazione consolidando il rapporto cominciato a inizio 2017.<\/span><\/p>\n<p><b>Simone Cinelli, Head of Digital IQUII<\/b><span style=\"font-weight: 400;\">, conferma che \u201c<\/span><i><span style=\"font-weight: 400;\">con il design e lo sviluppo del sito web \u00c0 la Folie e l\u2019integrazione della comunicazione riguardo il temporary store all\u2019interno della digital strategy aziendale si consolida la crescita di D\u00e9lifrance sotto il punto di vista dello storytelling e rafforza l\u2019esperienza di IQUII per la comunicazione integrata in ambito food.\u201d<\/span><\/i><\/p>\n<p><span style=\"font-weight: 400;\">Sulla conferma della scelta di continuit\u00e0 con IQUII per il web development e il social media strategy del progetto artistico <\/span><i><span style=\"font-weight: 400;\">\u00c0 la Folie,<\/span><\/i> <b>\u00a0Sara De Angelis, Responsabile Marketing di D\u00e9lifrance Italia<\/b><span style=\"font-weight: 400;\">, dichiara:<\/span> <span style=\"font-weight: 400;\">\u201c<\/span><i><span style=\"font-weight: 400;\">la scelta di IQUII come partner strategico, affidabile e competente conferma nuovamente la fiducia nella collaborazione e rappresenta un percorso di continuit\u00e0 per la nostra azienda, che ha visto negli ultimi mesi la nascita e il consolidamento della Community come patrimonio di nuove esperienze condivise dagli utenti.<\/span><\/i><span style=\"font-weight: 400;\">\u201d<\/span><\/p>\n<p>&nbsp;<\/p>\n<p><strong>ABOUT IQUII<\/strong><\/p>\n<p>IQUII \u00e8 una Mobile Digital Company, specializzata in Applicazioni iOS, Android e Windows Phone, Social Media e Digital PR, tecnologia Wearable, Data Visualization.<\/p>\n<p>Per informazioni:\u00a0web. <a href=\"http:\/\/iquii.com\">http:\/\/iquii.com<\/a> |\u00a0mail. info@iquii.com<\/p>\n<p>&nbsp;<\/p>\n","protected":false},"excerpt":{"rendered":"<p>Prosegue la collaborazione tra la digital agency e l&#8217;azienda francese grazie a sviluppo del sito web e social media strategy per l&#8217;apertura dell&#8217;esclusivo store a Milano IQUII conferma la sua collaborazione con D\u00e9lifrance Italia per la realizzazione della piattaforma Web a sostegno del progetto artistico \u00c0 la Folie, che parte ufficialmente oggi con l\u2019inaugurazione dello store e nel quale le creazioni artistiche dello Chef Alessandro Servida si uniranno a quelle<\/p>\n<p><a class=\"continue-reading\" href=\"https:\/\/www.article-marketing.eu\/comunicatistampa\/iquii-partner-tecnico-strategico-delifrance-italia-lapertura-la-folie-temporary-store-unisce-pasticceria-arte\/\">Continue reading&#8230;<\/a><\/p>\n","protected":false},"author":616,"featured_media":0,"comment_status":"open","ping_status":"open","sticky":false,"template":"","format":"standard","meta":{"_monsterinsights_skip_tracking":false,"_monsterinsights_sitenote_active":false,"_monsterinsights_sitenote_note":"","_monsterinsights_sitenote_category":0,"footnotes":""},"categories":[78,395],"tags":[2520,2518,2519,2521,175],"class_list":["post-5292","post","type-post","status-publish","format-standard","hentry","category-comunicati-stampa","category-web","tag-digital-strategy","tag-social-media-strategy","tag-temporary-store","tag-touchpoint-digitale","tag-web-development"],"yoast_head":"<!-- This site is optimized with the Yoast SEO plugin v27.3 - https:\/\/yoast.com\/product\/yoast-seo-wordpress\/ -->\n<title>IQUII \u00e8 partner tecnico-strategico di D\u00e9lifrance Italia<\/title>\n<meta name=\"description\" content=\"Prosegue la collaborazione tra IQUII e D\u00e9ligrance Italia per la realizzazione della piattaforma Web a sostegno del progetto artistico &quot;\u00c0 la Folie&quot;.\" \/>\n<meta name=\"robots\" content=\"index, follow, max-snippet:-1, max-image-preview:large, max-video-preview:-1\" \/>\n<link rel=\"canonical\" href=\"https:\/\/www.article-marketing.eu\/comunicatistampa\/iquii-partner-tecnico-strategico-delifrance-italia-lapertura-la-folie-temporary-store-unisce-pasticceria-arte\/\" \/>\n<meta property=\"og:locale\" content=\"it_IT\" \/>\n<meta property=\"og:type\" content=\"article\" \/>\n<meta property=\"og:title\" content=\"IQUII \u00e8 partner tecnico-strategico di D\u00e9lifrance Italia\" \/>\n<meta property=\"og:description\" content=\"Prosegue la collaborazione tra IQUII e D\u00e9ligrance Italia per la realizzazione della piattaforma Web a sostegno del progetto artistico &quot;\u00c0 la Folie&quot;.\" \/>\n<meta property=\"og:url\" content=\"https:\/\/www.article-marketing.eu\/comunicatistampa\/iquii-partner-tecnico-strategico-delifrance-italia-lapertura-la-folie-temporary-store-unisce-pasticceria-arte\/\" \/>\n<meta property=\"og:site_name\" content=\"Article Marketing\" \/>\n<meta property=\"article:author\" content=\"https:\/\/www.facebook.com\/iquiicompany\/?ref=bookmarks\" \/>\n<meta property=\"article:published_time\" content=\"2017-09-14T16:35:24+00:00\" \/>\n<meta name=\"author\" content=\"IQUII\" \/>\n<meta name=\"twitter:card\" content=\"summary_large_image\" \/>\n<meta name=\"twitter:creator\" content=\"@IQUII\" \/>\n<meta name=\"twitter:label1\" content=\"Scritto da\" \/>\n\t<meta name=\"twitter:data1\" content=\"IQUII\" \/>\n\t<meta name=\"twitter:label2\" content=\"Tempo di lettura stimato\" \/>\n\t<meta name=\"twitter:data2\" content=\"2 minuti\" \/>\n<script type=\"application\/ld+json\" class=\"yoast-schema-graph\">{\"@context\":\"https:\\\/\\\/schema.org\",\"@graph\":[{\"@type\":\"Article\",\"@id\":\"https:\\\/\\\/www.article-marketing.eu\\\/comunicatistampa\\\/iquii-partner-tecnico-strategico-delifrance-italia-lapertura-la-folie-temporary-store-unisce-pasticceria-arte\\\/#article\",\"isPartOf\":{\"@id\":\"https:\\\/\\\/www.article-marketing.eu\\\/comunicatistampa\\\/iquii-partner-tecnico-strategico-delifrance-italia-lapertura-la-folie-temporary-store-unisce-pasticceria-arte\\\/\"},\"author\":{\"name\":\"IQUII\",\"@id\":\"https:\\\/\\\/www.article-marketing.eu\\\/comunicatistampa\\\/#\\\/schema\\\/person\\\/2da9a4283f702b1dde6409322aaff713\"},\"headline\":\"IQUII \u00e8 partner tecnico-strategico di D\u00e9lifrance Italia per l&#8217;apertura di &#8220;\u00c0 la Folie&#8221;, il temporary store che unisce pasticceria e arte\",\"datePublished\":\"2017-09-14T16:35:24+00:00\",\"mainEntityOfPage\":{\"@id\":\"https:\\\/\\\/www.article-marketing.eu\\\/comunicatistampa\\\/iquii-partner-tecnico-strategico-delifrance-italia-lapertura-la-folie-temporary-store-unisce-pasticceria-arte\\\/\"},\"wordCount\":516,\"commentCount\":0,\"keywords\":[\"digital strategy\",\"social media strategy\",\"temporary store\",\"touchpoint digitale\",\"Web Development\"],\"articleSection\":[\"Comunicati stampa\",\"Web\"],\"inLanguage\":\"it-IT\",\"potentialAction\":[{\"@type\":\"CommentAction\",\"name\":\"Comment\",\"target\":[\"https:\\\/\\\/www.article-marketing.eu\\\/comunicatistampa\\\/iquii-partner-tecnico-strategico-delifrance-italia-lapertura-la-folie-temporary-store-unisce-pasticceria-arte\\\/#respond\"]}]},{\"@type\":\"WebPage\",\"@id\":\"https:\\\/\\\/www.article-marketing.eu\\\/comunicatistampa\\\/iquii-partner-tecnico-strategico-delifrance-italia-lapertura-la-folie-temporary-store-unisce-pasticceria-arte\\\/\",\"url\":\"https:\\\/\\\/www.article-marketing.eu\\\/comunicatistampa\\\/iquii-partner-tecnico-strategico-delifrance-italia-lapertura-la-folie-temporary-store-unisce-pasticceria-arte\\\/\",\"name\":\"IQUII \u00e8 partner tecnico-strategico di D\u00e9lifrance Italia\",\"isPartOf\":{\"@id\":\"https:\\\/\\\/www.article-marketing.eu\\\/comunicatistampa\\\/#website\"},\"datePublished\":\"2017-09-14T16:35:24+00:00\",\"author\":{\"@id\":\"https:\\\/\\\/www.article-marketing.eu\\\/comunicatistampa\\\/#\\\/schema\\\/person\\\/2da9a4283f702b1dde6409322aaff713\"},\"description\":\"Prosegue la collaborazione tra IQUII e D\u00e9ligrance Italia per la realizzazione della piattaforma Web a sostegno del progetto artistico \\\"\u00c0 la Folie\\\".\",\"breadcrumb\":{\"@id\":\"https:\\\/\\\/www.article-marketing.eu\\\/comunicatistampa\\\/iquii-partner-tecnico-strategico-delifrance-italia-lapertura-la-folie-temporary-store-unisce-pasticceria-arte\\\/#breadcrumb\"},\"inLanguage\":\"it-IT\",\"potentialAction\":[{\"@type\":\"ReadAction\",\"target\":[\"https:\\\/\\\/www.article-marketing.eu\\\/comunicatistampa\\\/iquii-partner-tecnico-strategico-delifrance-italia-lapertura-la-folie-temporary-store-unisce-pasticceria-arte\\\/\"]}]},{\"@type\":\"BreadcrumbList\",\"@id\":\"https:\\\/\\\/www.article-marketing.eu\\\/comunicatistampa\\\/iquii-partner-tecnico-strategico-delifrance-italia-lapertura-la-folie-temporary-store-unisce-pasticceria-arte\\\/#breadcrumb\",\"itemListElement\":[{\"@type\":\"ListItem\",\"position\":1,\"name\":\"Home\",\"item\":\"https:\\\/\\\/www.article-marketing.eu\\\/comunicatistampa\\\/\"},{\"@type\":\"ListItem\",\"position\":2,\"name\":\"IQUII \u00e8 partner tecnico-strategico di D\u00e9lifrance Italia per l&#8217;apertura di &#8220;\u00c0 la Folie&#8221;, il temporary store che unisce pasticceria e arte\"}]},{\"@type\":\"WebSite\",\"@id\":\"https:\\\/\\\/www.article-marketing.eu\\\/comunicatistampa\\\/#website\",\"url\":\"https:\\\/\\\/www.article-marketing.eu\\\/comunicatistampa\\\/\",\"name\":\"Article Marketing\",\"description\":\"article marketing &amp; press release\",\"potentialAction\":[{\"@type\":\"SearchAction\",\"target\":{\"@type\":\"EntryPoint\",\"urlTemplate\":\"https:\\\/\\\/www.article-marketing.eu\\\/comunicatistampa\\\/?s={search_term_string}\"},\"query-input\":{\"@type\":\"PropertyValueSpecification\",\"valueRequired\":true,\"valueName\":\"search_term_string\"}}],\"inLanguage\":\"it-IT\"},{\"@type\":\"Person\",\"@id\":\"https:\\\/\\\/www.article-marketing.eu\\\/comunicatistampa\\\/#\\\/schema\\\/person\\\/2da9a4283f702b1dde6409322aaff713\",\"name\":\"IQUII\",\"image\":{\"@type\":\"ImageObject\",\"inLanguage\":\"it-IT\",\"@id\":\"https:\\\/\\\/secure.gravatar.com\\\/avatar\\\/563bc1d8dfb9a5d68a5d9052e6861f44a19b131ddfc2b0c53e0c3a73c0d8e503?s=96&d=mm&r=g\",\"url\":\"https:\\\/\\\/secure.gravatar.com\\\/avatar\\\/563bc1d8dfb9a5d68a5d9052e6861f44a19b131ddfc2b0c53e0c3a73c0d8e503?s=96&d=mm&r=g\",\"contentUrl\":\"https:\\\/\\\/secure.gravatar.com\\\/avatar\\\/563bc1d8dfb9a5d68a5d9052e6861f44a19b131ddfc2b0c53e0c3a73c0d8e503?s=96&d=mm&r=g\",\"caption\":\"IQUII\"},\"description\":\"IQUII \u00e8 una Mobile Digital Company, specializzata in Applicazioni iOS, Android e Windows Phone, Social Media e Digital PR, tecnologia Wearable, Data Visualization.\",\"sameAs\":[\"http:\\\/\\\/iquii.com\",\"https:\\\/\\\/www.facebook.com\\\/iquiicompany\\\/?ref=bookmarks\",\"https:\\\/\\\/x.com\\\/IQUII\"],\"url\":\"https:\\\/\\\/www.article-marketing.eu\\\/comunicatistampa\\\/author\\\/iquii\\\/\"}]}<\/script>\n<!-- \/ Yoast SEO plugin. -->","yoast_head_json":{"title":"IQUII \u00e8 partner tecnico-strategico di D\u00e9lifrance Italia","description":"Prosegue la collaborazione tra IQUII e D\u00e9ligrance Italia per la realizzazione della piattaforma Web a sostegno del progetto artistico \"\u00c0 la Folie\".","robots":{"index":"index","follow":"follow","max-snippet":"max-snippet:-1","max-image-preview":"max-image-preview:large","max-video-preview":"max-video-preview:-1"},"canonical":"https:\/\/www.article-marketing.eu\/comunicatistampa\/iquii-partner-tecnico-strategico-delifrance-italia-lapertura-la-folie-temporary-store-unisce-pasticceria-arte\/","og_locale":"it_IT","og_type":"article","og_title":"IQUII \u00e8 partner tecnico-strategico di D\u00e9lifrance Italia","og_description":"Prosegue la collaborazione tra IQUII e D\u00e9ligrance Italia per la realizzazione della piattaforma Web a sostegno del progetto artistico \"\u00c0 la Folie\".","og_url":"https:\/\/www.article-marketing.eu\/comunicatistampa\/iquii-partner-tecnico-strategico-delifrance-italia-lapertura-la-folie-temporary-store-unisce-pasticceria-arte\/","og_site_name":"Article Marketing","article_author":"https:\/\/www.facebook.com\/iquiicompany\/?ref=bookmarks","article_published_time":"2017-09-14T16:35:24+00:00","author":"IQUII","twitter_card":"summary_large_image","twitter_creator":"@IQUII","twitter_misc":{"Scritto da":"IQUII","Tempo di lettura stimato":"2 minuti"},"schema":{"@context":"https:\/\/schema.org","@graph":[{"@type":"Article","@id":"https:\/\/www.article-marketing.eu\/comunicatistampa\/iquii-partner-tecnico-strategico-delifrance-italia-lapertura-la-folie-temporary-store-unisce-pasticceria-arte\/#article","isPartOf":{"@id":"https:\/\/www.article-marketing.eu\/comunicatistampa\/iquii-partner-tecnico-strategico-delifrance-italia-lapertura-la-folie-temporary-store-unisce-pasticceria-arte\/"},"author":{"name":"IQUII","@id":"https:\/\/www.article-marketing.eu\/comunicatistampa\/#\/schema\/person\/2da9a4283f702b1dde6409322aaff713"},"headline":"IQUII \u00e8 partner tecnico-strategico di D\u00e9lifrance Italia per l&#8217;apertura di &#8220;\u00c0 la Folie&#8221;, il temporary store che unisce pasticceria e arte","datePublished":"2017-09-14T16:35:24+00:00","mainEntityOfPage":{"@id":"https:\/\/www.article-marketing.eu\/comunicatistampa\/iquii-partner-tecnico-strategico-delifrance-italia-lapertura-la-folie-temporary-store-unisce-pasticceria-arte\/"},"wordCount":516,"commentCount":0,"keywords":["digital strategy","social media strategy","temporary store","touchpoint digitale","Web Development"],"articleSection":["Comunicati stampa","Web"],"inLanguage":"it-IT","potentialAction":[{"@type":"CommentAction","name":"Comment","target":["https:\/\/www.article-marketing.eu\/comunicatistampa\/iquii-partner-tecnico-strategico-delifrance-italia-lapertura-la-folie-temporary-store-unisce-pasticceria-arte\/#respond"]}]},{"@type":"WebPage","@id":"https:\/\/www.article-marketing.eu\/comunicatistampa\/iquii-partner-tecnico-strategico-delifrance-italia-lapertura-la-folie-temporary-store-unisce-pasticceria-arte\/","url":"https:\/\/www.article-marketing.eu\/comunicatistampa\/iquii-partner-tecnico-strategico-delifrance-italia-lapertura-la-folie-temporary-store-unisce-pasticceria-arte\/","name":"IQUII \u00e8 partner tecnico-strategico di D\u00e9lifrance Italia","isPartOf":{"@id":"https:\/\/www.article-marketing.eu\/comunicatistampa\/#website"},"datePublished":"2017-09-14T16:35:24+00:00","author":{"@id":"https:\/\/www.article-marketing.eu\/comunicatistampa\/#\/schema\/person\/2da9a4283f702b1dde6409322aaff713"},"description":"Prosegue la collaborazione tra IQUII e D\u00e9ligrance Italia per la realizzazione della piattaforma Web a sostegno del progetto artistico \"\u00c0 la Folie\".","breadcrumb":{"@id":"https:\/\/www.article-marketing.eu\/comunicatistampa\/iquii-partner-tecnico-strategico-delifrance-italia-lapertura-la-folie-temporary-store-unisce-pasticceria-arte\/#breadcrumb"},"inLanguage":"it-IT","potentialAction":[{"@type":"ReadAction","target":["https:\/\/www.article-marketing.eu\/comunicatistampa\/iquii-partner-tecnico-strategico-delifrance-italia-lapertura-la-folie-temporary-store-unisce-pasticceria-arte\/"]}]},{"@type":"BreadcrumbList","@id":"https:\/\/www.article-marketing.eu\/comunicatistampa\/iquii-partner-tecnico-strategico-delifrance-italia-lapertura-la-folie-temporary-store-unisce-pasticceria-arte\/#breadcrumb","itemListElement":[{"@type":"ListItem","position":1,"name":"Home","item":"https:\/\/www.article-marketing.eu\/comunicatistampa\/"},{"@type":"ListItem","position":2,"name":"IQUII \u00e8 partner tecnico-strategico di D\u00e9lifrance Italia per l&#8217;apertura di &#8220;\u00c0 la Folie&#8221;, il temporary store che unisce pasticceria e arte"}]},{"@type":"WebSite","@id":"https:\/\/www.article-marketing.eu\/comunicatistampa\/#website","url":"https:\/\/www.article-marketing.eu\/comunicatistampa\/","name":"Article Marketing","description":"article marketing &amp; press release","potentialAction":[{"@type":"SearchAction","target":{"@type":"EntryPoint","urlTemplate":"https:\/\/www.article-marketing.eu\/comunicatistampa\/?s={search_term_string}"},"query-input":{"@type":"PropertyValueSpecification","valueRequired":true,"valueName":"search_term_string"}}],"inLanguage":"it-IT"},{"@type":"Person","@id":"https:\/\/www.article-marketing.eu\/comunicatistampa\/#\/schema\/person\/2da9a4283f702b1dde6409322aaff713","name":"IQUII","image":{"@type":"ImageObject","inLanguage":"it-IT","@id":"https:\/\/secure.gravatar.com\/avatar\/563bc1d8dfb9a5d68a5d9052e6861f44a19b131ddfc2b0c53e0c3a73c0d8e503?s=96&d=mm&r=g","url":"https:\/\/secure.gravatar.com\/avatar\/563bc1d8dfb9a5d68a5d9052e6861f44a19b131ddfc2b0c53e0c3a73c0d8e503?s=96&d=mm&r=g","contentUrl":"https:\/\/secure.gravatar.com\/avatar\/563bc1d8dfb9a5d68a5d9052e6861f44a19b131ddfc2b0c53e0c3a73c0d8e503?s=96&d=mm&r=g","caption":"IQUII"},"description":"IQUII \u00e8 una Mobile Digital Company, specializzata in Applicazioni iOS, Android e Windows Phone, Social Media e Digital PR, tecnologia Wearable, Data Visualization.","sameAs":["http:\/\/iquii.com","https:\/\/www.facebook.com\/iquiicompany\/?ref=bookmarks","https:\/\/x.com\/IQUII"],"url":"https:\/\/www.article-marketing.eu\/comunicatistampa\/author\/iquii\/"}]}},"_links":{"self":[{"href":"https:\/\/www.article-marketing.eu\/comunicatistampa\/wp-json\/wp\/v2\/posts\/5292","targetHints":{"allow":["GET"]}}],"collection":[{"href":"https:\/\/www.article-marketing.eu\/comunicatistampa\/wp-json\/wp\/v2\/posts"}],"about":[{"href":"https:\/\/www.article-marketing.eu\/comunicatistampa\/wp-json\/wp\/v2\/types\/post"}],"author":[{"embeddable":true,"href":"https:\/\/www.article-marketing.eu\/comunicatistampa\/wp-json\/wp\/v2\/users\/616"}],"replies":[{"embeddable":true,"href":"https:\/\/www.article-marketing.eu\/comunicatistampa\/wp-json\/wp\/v2\/comments?post=5292"}],"version-history":[{"count":6,"href":"https:\/\/www.article-marketing.eu\/comunicatistampa\/wp-json\/wp\/v2\/posts\/5292\/revisions"}],"predecessor-version":[{"id":5323,"href":"https:\/\/www.article-marketing.eu\/comunicatistampa\/wp-json\/wp\/v2\/posts\/5292\/revisions\/5323"}],"wp:attachment":[{"href":"https:\/\/www.article-marketing.eu\/comunicatistampa\/wp-json\/wp\/v2\/media?parent=5292"}],"wp:term":[{"taxonomy":"category","embeddable":true,"href":"https:\/\/www.article-marketing.eu\/comunicatistampa\/wp-json\/wp\/v2\/categories?post=5292"},{"taxonomy":"post_tag","embeddable":true,"href":"https:\/\/www.article-marketing.eu\/comunicatistampa\/wp-json\/wp\/v2\/tags?post=5292"}],"curies":[{"name":"wp","href":"https:\/\/api.w.org\/{rel}","templated":true}]}}