{"id":5461,"date":"2017-09-21T17:00:06","date_gmt":"2017-09-21T15:00:06","guid":{"rendered":"http:\/\/www.article-marketing.eu\/comunicatistampa\/?p=5461"},"modified":"2017-09-21T17:00:06","modified_gmt":"2017-09-21T15:00:06","slug":"alessio-santoni-senza-soluzione-continuita","status":"publish","type":"post","link":"https:\/\/www.article-marketing.eu\/comunicatistampa\/alessio-santoni-senza-soluzione-continuita\/","title":{"rendered":"Alessio Santoni &#8211; senza soluzione di continuit\u00e0"},"content":{"rendered":"<p><img decoding=\"async\" src=\"https:\/\/4.bp.blogspot.com\/-SXa84kadV4Q\/Wb6_eERq06I\/AAAAAAAACdM\/C1kege9-ElAw67sBqHl579klZ1MGqfLbQCLcBGAs\/s400\/alessio%2Bsantoni%2Bok.jpg\" alt=\"\" \/><\/p>\n<p>La Galleria Marconi di Cupra Marittima domenica 24 settembre alle 18.00 riprende la propria attivit\u00e0 espositiva. Per il primo appuntamento della stagione 2017\/2018 presenta \u201csenza soluzione di continuit\u00e0\u201d, mostra personale di Alessio Santoni che si avvale del testo critico di Barbara Rossi. La mostra \u00e8 organizzata da Galleria Marconi e Marche Centro d\u2019Arte.<br \/>\n\u201csenza soluzione di continuit\u00e0\u201d \u00e8 la mostra che apre \u201cTi aspetto ANCHE domani\u201d, rassegna che accompagner\u00e0 la Galleria Marconi durante la stagione espositiva 2017\/2018. La Galleria Marconi si trova in c.so Vittorio Emanuele II n\u00b070 a Cupra Marittima. La personale di Alessio Santoni potr\u00e0 essere visitata fino al 21 ottobre 2017 con i seguenti orari: luned\u00ec \u2013 sabato 16.30 &#8211; 19.30.<\/p>\n<p>Presentando \u201csenza soluzione di continuit\u00e0\u201d, Barbara Rossi scrive: \u201cAlessio Santoni presenta alcune delle sue opere pi\u00f9 recenti che seguono la scia di un tema da tempo indagato, quello del di-stacco, inteso come dicotomia fra il positivo e il negativo, fra la traccia che rimanda e ci\u00f2 che \u00e8 &#8211; o \u00e8 stato &#8211; davvero. Non tradisce le sue origini l\u2019artista marchigiano che proprio dagli scarti della lavorazione della pelle per le calzature parte per creare i propri lavori. E cos\u00ec la pi\u00f9 tradizionale stampa calcografica trova la sua matrice nella lastra di zinco vergata quasi fino all\u2019inverosimile dal coltello dei tagliatori di pellame e l\u2019istallazione site specific realizzata sul pavimento ricalca, come una meticolosa scena del crimine, la sagoma di decine di ritagli della stessa pelle. Una traccia destinata ad essere corrosa dal tempo e dai passi di chi sar\u00e0 disposto a guardarla per trovare forme e stralci di ci\u00f2 che \u00e8 stato e trova ora nuovo significato.\u201d<\/p>\n<p>\u201cTi aspetto ANCHE domani perch\u00e9? In tanti anni di attivit\u00e0 ho avuto la fortuna di conoscere tantissimi artisti, di farli esporre, di aiutarli a valorizzare il proprio lavoro. Ogni volta che vedo una mostra installata, vedo un percorso che si compie e si apre a nuove prospettive. Mi sono reso conto in questo modo, per\u00f2, che il momento migliore per vedere una mostra, per apprezzarla, per farla propria, \u00e8 nei giorni successivi all\u2019inaugurazione. Capita troppo spesso di vedere il momento dell\u2019inaugurazione con tantissime persone che parlano, si confrontano, chiedono, ed \u00e8 giusto che sia cos\u00ec perch\u00e9 l\u2019inaugurazione ha questo scopo, permettere di potersi confrontare con artisti, curatori, critici, galleristi e far s\u00ec che le idee si incontrino e circolino. Eppure c\u2019\u00e8 sempre un po\u2019 di confusione in queste occasioni, confusione che non permette di poter godere a pieno delle opere esposte. Ecco per questo ti dico, vieni all\u2019inaugurazione, parleremo, rideremo, ci faremo una foto insieme, ma Ti aspetto ANCHE domani per gioire insieme dell\u2019Arte e delle sue mille declinazioni\u201d. (Franco Marconi)<\/p>\n<p>Alessio Santoni &#8211; senza soluzione di continuit\u00e0<\/p>\n<p>scheda tecnica\/technical card<\/p>\n<p>testo critico\/art critic by Barbara Rossi<\/p>\n<p>ufficio stampa\/press agent by Dario Ciferri<br \/>\nfotografia\/photography Catia Panciera<br \/>\nallestimenti\/preparation Pasquale Fanelli<\/p>\n<p>dal 24 settembre al 21 ottobre<br \/>\nfrom 24th September to 21th October<br \/>\norario: luned\u00ec-sabato dalle 16 alle 19.30<br \/>\nopening time: Mon-Sat 4 to 7.30 p.m.<\/p>\n<p>Con il supporto di Ostello degli Artisti: http:\/\/www.appartamenti-cupramarittima.com<\/p>\n<p>Info<br \/>\nGalleria Marconi di Franco Marconi<br \/>\nC.so Vittorio Emanuele, 70<br \/>\n63064 Cupra Marittima (AP)<br \/>\ntel 0735778703<\/p>\n<p>web http:\/\/galleriamarconi.it\/<br \/>\ne-mail galleriamarconi@vodafone.it<br \/>\nFacebook http:\/\/www.facebook.com\/galleriamarconi<br \/>\ntwitter https:\/\/twitter.com\/GalleriaMarconi<\/p>\n","protected":false},"excerpt":{"rendered":"<p>La Galleria Marconi di Cupra Marittima domenica 24 settembre alle 18.00 riprende la propria attivit\u00e0 espositiva. Per il primo appuntamento della stagione 2017\/2018 presenta \u201csenza soluzione di continuit\u00e0\u201d, mostra personale di Alessio Santoni che si avvale del testo critico di Barbara Rossi. La mostra \u00e8 organizzata da Galleria Marconi e Marche Centro d\u2019Arte. \u201csenza soluzione di continuit\u00e0\u201d \u00e8 la mostra che apre \u201cTi aspetto ANCHE domani\u201d, rassegna che accompagner\u00e0 la<\/p>\n<p><a class=\"continue-reading\" href=\"https:\/\/www.article-marketing.eu\/comunicatistampa\/alessio-santoni-senza-soluzione-continuita\/\">Continue reading&#8230;<\/a><\/p>\n","protected":false},"author":237,"featured_media":0,"comment_status":"open","ping_status":"open","sticky":false,"template":"","format":"standard","meta":{"_monsterinsights_skip_tracking":false,"_monsterinsights_sitenote_active":false,"_monsterinsights_sitenote_note":"","_monsterinsights_sitenote_category":0,"footnotes":""},"categories":[407,78,392],"tags":[571,2583,992,993,991],"class_list":["post-5461","post","type-post","status-publish","format-standard","hentry","category-arte-e-cultura","category-comunicati-stampa","category-eventi","tag-arte","tag-cupra-marittima","tag-galleria-marconi","tag-marche-centro-darte","tag-mostra"],"yoast_head":"<!-- This site is optimized with the Yoast SEO plugin v27.3 - https:\/\/yoast.com\/product\/yoast-seo-wordpress\/ -->\n<title>Alessio Santoni - senza soluzione di continuit\u00e0 - Article Marketing<\/title>\n<meta name=\"robots\" content=\"index, follow, max-snippet:-1, max-image-preview:large, max-video-preview:-1\" \/>\n<link rel=\"canonical\" href=\"https:\/\/www.article-marketing.eu\/comunicatistampa\/alessio-santoni-senza-soluzione-continuita\/\" \/>\n<meta property=\"og:locale\" content=\"it_IT\" \/>\n<meta property=\"og:type\" content=\"article\" \/>\n<meta property=\"og:title\" content=\"Alessio Santoni - senza soluzione di continuit\u00e0 - Article Marketing\" \/>\n<meta property=\"og:description\" content=\"La Galleria Marconi di Cupra Marittima domenica 24 settembre alle 18.00 riprende la propria attivit\u00e0 espositiva. Per il primo appuntamento della stagione 2017\/2018 presenta \u201csenza soluzione di continuit\u00e0\u201d, mostra personale di Alessio Santoni che si avvale del testo critico di Barbara Rossi. La mostra \u00e8 organizzata da Galleria Marconi e Marche Centro d\u2019Arte. \u201csenza soluzione di continuit\u00e0\u201d \u00e8 la mostra che apre \u201cTi aspetto ANCHE domani\u201d, rassegna che accompagner\u00e0 laContinue reading...\" \/>\n<meta property=\"og:url\" content=\"https:\/\/www.article-marketing.eu\/comunicatistampa\/alessio-santoni-senza-soluzione-continuita\/\" \/>\n<meta property=\"og:site_name\" content=\"Article Marketing\" \/>\n<meta property=\"article:published_time\" content=\"2017-09-21T15:00:06+00:00\" \/>\n<meta property=\"og:image\" content=\"https:\/\/4.bp.blogspot.com\/-SXa84kadV4Q\/Wb6_eERq06I\/AAAAAAAACdM\/C1kege9-ElAw67sBqHl579klZ1MGqfLbQCLcBGAs\/s400\/alessio%2Bsantoni%2Bok.jpg\" \/>\n<meta name=\"author\" content=\"dariociferri\" \/>\n<meta name=\"twitter:card\" content=\"summary_large_image\" \/>\n<meta name=\"twitter:label1\" content=\"Scritto da\" \/>\n\t<meta name=\"twitter:data1\" content=\"dariociferri\" \/>\n\t<meta name=\"twitter:label2\" content=\"Tempo di lettura stimato\" \/>\n\t<meta name=\"twitter:data2\" content=\"3 minuti\" \/>\n<script type=\"application\/ld+json\" class=\"yoast-schema-graph\">{\"@context\":\"https:\\\/\\\/schema.org\",\"@graph\":[{\"@type\":\"Article\",\"@id\":\"https:\\\/\\\/www.article-marketing.eu\\\/comunicatistampa\\\/alessio-santoni-senza-soluzione-continuita\\\/#article\",\"isPartOf\":{\"@id\":\"https:\\\/\\\/www.article-marketing.eu\\\/comunicatistampa\\\/alessio-santoni-senza-soluzione-continuita\\\/\"},\"author\":{\"name\":\"dariociferri\",\"@id\":\"https:\\\/\\\/www.article-marketing.eu\\\/comunicatistampa\\\/#\\\/schema\\\/person\\\/7e31cacfcb859d79d5b89c5ca7a9d3be\"},\"headline\":\"Alessio Santoni &#8211; senza soluzione di continuit\u00e0\",\"datePublished\":\"2017-09-21T15:00:06+00:00\",\"mainEntityOfPage\":{\"@id\":\"https:\\\/\\\/www.article-marketing.eu\\\/comunicatistampa\\\/alessio-santoni-senza-soluzione-continuita\\\/\"},\"wordCount\":542,\"commentCount\":0,\"image\":{\"@id\":\"https:\\\/\\\/www.article-marketing.eu\\\/comunicatistampa\\\/alessio-santoni-senza-soluzione-continuita\\\/#primaryimage\"},\"thumbnailUrl\":\"https:\\\/\\\/4.bp.blogspot.com\\\/-SXa84kadV4Q\\\/Wb6_eERq06I\\\/AAAAAAAACdM\\\/C1kege9-ElAw67sBqHl579klZ1MGqfLbQCLcBGAs\\\/s400\\\/alessio%2Bsantoni%2Bok.jpg\",\"keywords\":[\"Arte\",\"cupra marittima\",\"galleria marconi\",\"marche centro d'arte\",\"mostra\"],\"articleSection\":[\"Arte e cultura\",\"Comunicati stampa\",\"Eventi\"],\"inLanguage\":\"it-IT\",\"potentialAction\":[{\"@type\":\"CommentAction\",\"name\":\"Comment\",\"target\":[\"https:\\\/\\\/www.article-marketing.eu\\\/comunicatistampa\\\/alessio-santoni-senza-soluzione-continuita\\\/#respond\"]}]},{\"@type\":\"WebPage\",\"@id\":\"https:\\\/\\\/www.article-marketing.eu\\\/comunicatistampa\\\/alessio-santoni-senza-soluzione-continuita\\\/\",\"url\":\"https:\\\/\\\/www.article-marketing.eu\\\/comunicatistampa\\\/alessio-santoni-senza-soluzione-continuita\\\/\",\"name\":\"Alessio Santoni - senza soluzione di continuit\u00e0 - Article Marketing\",\"isPartOf\":{\"@id\":\"https:\\\/\\\/www.article-marketing.eu\\\/comunicatistampa\\\/#website\"},\"primaryImageOfPage\":{\"@id\":\"https:\\\/\\\/www.article-marketing.eu\\\/comunicatistampa\\\/alessio-santoni-senza-soluzione-continuita\\\/#primaryimage\"},\"image\":{\"@id\":\"https:\\\/\\\/www.article-marketing.eu\\\/comunicatistampa\\\/alessio-santoni-senza-soluzione-continuita\\\/#primaryimage\"},\"thumbnailUrl\":\"https:\\\/\\\/4.bp.blogspot.com\\\/-SXa84kadV4Q\\\/Wb6_eERq06I\\\/AAAAAAAACdM\\\/C1kege9-ElAw67sBqHl579klZ1MGqfLbQCLcBGAs\\\/s400\\\/alessio%2Bsantoni%2Bok.jpg\",\"datePublished\":\"2017-09-21T15:00:06+00:00\",\"author\":{\"@id\":\"https:\\\/\\\/www.article-marketing.eu\\\/comunicatistampa\\\/#\\\/schema\\\/person\\\/7e31cacfcb859d79d5b89c5ca7a9d3be\"},\"breadcrumb\":{\"@id\":\"https:\\\/\\\/www.article-marketing.eu\\\/comunicatistampa\\\/alessio-santoni-senza-soluzione-continuita\\\/#breadcrumb\"},\"inLanguage\":\"it-IT\",\"potentialAction\":[{\"@type\":\"ReadAction\",\"target\":[\"https:\\\/\\\/www.article-marketing.eu\\\/comunicatistampa\\\/alessio-santoni-senza-soluzione-continuita\\\/\"]}]},{\"@type\":\"ImageObject\",\"inLanguage\":\"it-IT\",\"@id\":\"https:\\\/\\\/www.article-marketing.eu\\\/comunicatistampa\\\/alessio-santoni-senza-soluzione-continuita\\\/#primaryimage\",\"url\":\"https:\\\/\\\/4.bp.blogspot.com\\\/-SXa84kadV4Q\\\/Wb6_eERq06I\\\/AAAAAAAACdM\\\/C1kege9-ElAw67sBqHl579klZ1MGqfLbQCLcBGAs\\\/s400\\\/alessio%2Bsantoni%2Bok.jpg\",\"contentUrl\":\"https:\\\/\\\/4.bp.blogspot.com\\\/-SXa84kadV4Q\\\/Wb6_eERq06I\\\/AAAAAAAACdM\\\/C1kege9-ElAw67sBqHl579klZ1MGqfLbQCLcBGAs\\\/s400\\\/alessio%2Bsantoni%2Bok.jpg\"},{\"@type\":\"BreadcrumbList\",\"@id\":\"https:\\\/\\\/www.article-marketing.eu\\\/comunicatistampa\\\/alessio-santoni-senza-soluzione-continuita\\\/#breadcrumb\",\"itemListElement\":[{\"@type\":\"ListItem\",\"position\":1,\"name\":\"Home\",\"item\":\"https:\\\/\\\/www.article-marketing.eu\\\/comunicatistampa\\\/\"},{\"@type\":\"ListItem\",\"position\":2,\"name\":\"Alessio Santoni &#8211; senza soluzione di continuit\u00e0\"}]},{\"@type\":\"WebSite\",\"@id\":\"https:\\\/\\\/www.article-marketing.eu\\\/comunicatistampa\\\/#website\",\"url\":\"https:\\\/\\\/www.article-marketing.eu\\\/comunicatistampa\\\/\",\"name\":\"Article Marketing\",\"description\":\"article marketing &amp; press release\",\"potentialAction\":[{\"@type\":\"SearchAction\",\"target\":{\"@type\":\"EntryPoint\",\"urlTemplate\":\"https:\\\/\\\/www.article-marketing.eu\\\/comunicatistampa\\\/?s={search_term_string}\"},\"query-input\":{\"@type\":\"PropertyValueSpecification\",\"valueRequired\":true,\"valueName\":\"search_term_string\"}}],\"inLanguage\":\"it-IT\"},{\"@type\":\"Person\",\"@id\":\"https:\\\/\\\/www.article-marketing.eu\\\/comunicatistampa\\\/#\\\/schema\\\/person\\\/7e31cacfcb859d79d5b89c5ca7a9d3be\",\"name\":\"dariociferri\",\"image\":{\"@type\":\"ImageObject\",\"inLanguage\":\"it-IT\",\"@id\":\"https:\\\/\\\/secure.gravatar.com\\\/avatar\\\/6d67194bfa09452298793ad2f9a24592bd367814b34116ffa1c6bc0aad8057d6?s=96&d=mm&r=g\",\"url\":\"https:\\\/\\\/secure.gravatar.com\\\/avatar\\\/6d67194bfa09452298793ad2f9a24592bd367814b34116ffa1c6bc0aad8057d6?s=96&d=mm&r=g\",\"contentUrl\":\"https:\\\/\\\/secure.gravatar.com\\\/avatar\\\/6d67194bfa09452298793ad2f9a24592bd367814b34116ffa1c6bc0aad8057d6?s=96&d=mm&r=g\",\"caption\":\"dariociferri\"},\"url\":\"https:\\\/\\\/www.article-marketing.eu\\\/comunicatistampa\\\/author\\\/dariociferri\\\/\"}]}<\/script>\n<!-- \/ Yoast SEO plugin. -->","yoast_head_json":{"title":"Alessio Santoni - senza soluzione di continuit\u00e0 - Article Marketing","robots":{"index":"index","follow":"follow","max-snippet":"max-snippet:-1","max-image-preview":"max-image-preview:large","max-video-preview":"max-video-preview:-1"},"canonical":"https:\/\/www.article-marketing.eu\/comunicatistampa\/alessio-santoni-senza-soluzione-continuita\/","og_locale":"it_IT","og_type":"article","og_title":"Alessio Santoni - senza soluzione di continuit\u00e0 - Article Marketing","og_description":"La Galleria Marconi di Cupra Marittima domenica 24 settembre alle 18.00 riprende la propria attivit\u00e0 espositiva. Per il primo appuntamento della stagione 2017\/2018 presenta \u201csenza soluzione di continuit\u00e0\u201d, mostra personale di Alessio Santoni che si avvale del testo critico di Barbara Rossi. La mostra \u00e8 organizzata da Galleria Marconi e Marche Centro d\u2019Arte. \u201csenza soluzione di continuit\u00e0\u201d \u00e8 la mostra che apre \u201cTi aspetto ANCHE domani\u201d, rassegna che accompagner\u00e0 laContinue reading...","og_url":"https:\/\/www.article-marketing.eu\/comunicatistampa\/alessio-santoni-senza-soluzione-continuita\/","og_site_name":"Article Marketing","article_published_time":"2017-09-21T15:00:06+00:00","og_image":[{"url":"https:\/\/4.bp.blogspot.com\/-SXa84kadV4Q\/Wb6_eERq06I\/AAAAAAAACdM\/C1kege9-ElAw67sBqHl579klZ1MGqfLbQCLcBGAs\/s400\/alessio%2Bsantoni%2Bok.jpg","type":"","width":"","height":""}],"author":"dariociferri","twitter_card":"summary_large_image","twitter_misc":{"Scritto da":"dariociferri","Tempo di lettura stimato":"3 minuti"},"schema":{"@context":"https:\/\/schema.org","@graph":[{"@type":"Article","@id":"https:\/\/www.article-marketing.eu\/comunicatistampa\/alessio-santoni-senza-soluzione-continuita\/#article","isPartOf":{"@id":"https:\/\/www.article-marketing.eu\/comunicatistampa\/alessio-santoni-senza-soluzione-continuita\/"},"author":{"name":"dariociferri","@id":"https:\/\/www.article-marketing.eu\/comunicatistampa\/#\/schema\/person\/7e31cacfcb859d79d5b89c5ca7a9d3be"},"headline":"Alessio Santoni &#8211; senza soluzione di continuit\u00e0","datePublished":"2017-09-21T15:00:06+00:00","mainEntityOfPage":{"@id":"https:\/\/www.article-marketing.eu\/comunicatistampa\/alessio-santoni-senza-soluzione-continuita\/"},"wordCount":542,"commentCount":0,"image":{"@id":"https:\/\/www.article-marketing.eu\/comunicatistampa\/alessio-santoni-senza-soluzione-continuita\/#primaryimage"},"thumbnailUrl":"https:\/\/4.bp.blogspot.com\/-SXa84kadV4Q\/Wb6_eERq06I\/AAAAAAAACdM\/C1kege9-ElAw67sBqHl579klZ1MGqfLbQCLcBGAs\/s400\/alessio%2Bsantoni%2Bok.jpg","keywords":["Arte","cupra marittima","galleria marconi","marche centro d'arte","mostra"],"articleSection":["Arte e cultura","Comunicati stampa","Eventi"],"inLanguage":"it-IT","potentialAction":[{"@type":"CommentAction","name":"Comment","target":["https:\/\/www.article-marketing.eu\/comunicatistampa\/alessio-santoni-senza-soluzione-continuita\/#respond"]}]},{"@type":"WebPage","@id":"https:\/\/www.article-marketing.eu\/comunicatistampa\/alessio-santoni-senza-soluzione-continuita\/","url":"https:\/\/www.article-marketing.eu\/comunicatistampa\/alessio-santoni-senza-soluzione-continuita\/","name":"Alessio Santoni - senza soluzione di continuit\u00e0 - Article Marketing","isPartOf":{"@id":"https:\/\/www.article-marketing.eu\/comunicatistampa\/#website"},"primaryImageOfPage":{"@id":"https:\/\/www.article-marketing.eu\/comunicatistampa\/alessio-santoni-senza-soluzione-continuita\/#primaryimage"},"image":{"@id":"https:\/\/www.article-marketing.eu\/comunicatistampa\/alessio-santoni-senza-soluzione-continuita\/#primaryimage"},"thumbnailUrl":"https:\/\/4.bp.blogspot.com\/-SXa84kadV4Q\/Wb6_eERq06I\/AAAAAAAACdM\/C1kege9-ElAw67sBqHl579klZ1MGqfLbQCLcBGAs\/s400\/alessio%2Bsantoni%2Bok.jpg","datePublished":"2017-09-21T15:00:06+00:00","author":{"@id":"https:\/\/www.article-marketing.eu\/comunicatistampa\/#\/schema\/person\/7e31cacfcb859d79d5b89c5ca7a9d3be"},"breadcrumb":{"@id":"https:\/\/www.article-marketing.eu\/comunicatistampa\/alessio-santoni-senza-soluzione-continuita\/#breadcrumb"},"inLanguage":"it-IT","potentialAction":[{"@type":"ReadAction","target":["https:\/\/www.article-marketing.eu\/comunicatistampa\/alessio-santoni-senza-soluzione-continuita\/"]}]},{"@type":"ImageObject","inLanguage":"it-IT","@id":"https:\/\/www.article-marketing.eu\/comunicatistampa\/alessio-santoni-senza-soluzione-continuita\/#primaryimage","url":"https:\/\/4.bp.blogspot.com\/-SXa84kadV4Q\/Wb6_eERq06I\/AAAAAAAACdM\/C1kege9-ElAw67sBqHl579klZ1MGqfLbQCLcBGAs\/s400\/alessio%2Bsantoni%2Bok.jpg","contentUrl":"https:\/\/4.bp.blogspot.com\/-SXa84kadV4Q\/Wb6_eERq06I\/AAAAAAAACdM\/C1kege9-ElAw67sBqHl579klZ1MGqfLbQCLcBGAs\/s400\/alessio%2Bsantoni%2Bok.jpg"},{"@type":"BreadcrumbList","@id":"https:\/\/www.article-marketing.eu\/comunicatistampa\/alessio-santoni-senza-soluzione-continuita\/#breadcrumb","itemListElement":[{"@type":"ListItem","position":1,"name":"Home","item":"https:\/\/www.article-marketing.eu\/comunicatistampa\/"},{"@type":"ListItem","position":2,"name":"Alessio Santoni &#8211; senza soluzione di continuit\u00e0"}]},{"@type":"WebSite","@id":"https:\/\/www.article-marketing.eu\/comunicatistampa\/#website","url":"https:\/\/www.article-marketing.eu\/comunicatistampa\/","name":"Article Marketing","description":"article marketing &amp; press release","potentialAction":[{"@type":"SearchAction","target":{"@type":"EntryPoint","urlTemplate":"https:\/\/www.article-marketing.eu\/comunicatistampa\/?s={search_term_string}"},"query-input":{"@type":"PropertyValueSpecification","valueRequired":true,"valueName":"search_term_string"}}],"inLanguage":"it-IT"},{"@type":"Person","@id":"https:\/\/www.article-marketing.eu\/comunicatistampa\/#\/schema\/person\/7e31cacfcb859d79d5b89c5ca7a9d3be","name":"dariociferri","image":{"@type":"ImageObject","inLanguage":"it-IT","@id":"https:\/\/secure.gravatar.com\/avatar\/6d67194bfa09452298793ad2f9a24592bd367814b34116ffa1c6bc0aad8057d6?s=96&d=mm&r=g","url":"https:\/\/secure.gravatar.com\/avatar\/6d67194bfa09452298793ad2f9a24592bd367814b34116ffa1c6bc0aad8057d6?s=96&d=mm&r=g","contentUrl":"https:\/\/secure.gravatar.com\/avatar\/6d67194bfa09452298793ad2f9a24592bd367814b34116ffa1c6bc0aad8057d6?s=96&d=mm&r=g","caption":"dariociferri"},"url":"https:\/\/www.article-marketing.eu\/comunicatistampa\/author\/dariociferri\/"}]}},"_links":{"self":[{"href":"https:\/\/www.article-marketing.eu\/comunicatistampa\/wp-json\/wp\/v2\/posts\/5461","targetHints":{"allow":["GET"]}}],"collection":[{"href":"https:\/\/www.article-marketing.eu\/comunicatistampa\/wp-json\/wp\/v2\/posts"}],"about":[{"href":"https:\/\/www.article-marketing.eu\/comunicatistampa\/wp-json\/wp\/v2\/types\/post"}],"author":[{"embeddable":true,"href":"https:\/\/www.article-marketing.eu\/comunicatistampa\/wp-json\/wp\/v2\/users\/237"}],"replies":[{"embeddable":true,"href":"https:\/\/www.article-marketing.eu\/comunicatistampa\/wp-json\/wp\/v2\/comments?post=5461"}],"version-history":[{"count":3,"href":"https:\/\/www.article-marketing.eu\/comunicatistampa\/wp-json\/wp\/v2\/posts\/5461\/revisions"}],"predecessor-version":[{"id":5495,"href":"https:\/\/www.article-marketing.eu\/comunicatistampa\/wp-json\/wp\/v2\/posts\/5461\/revisions\/5495"}],"wp:attachment":[{"href":"https:\/\/www.article-marketing.eu\/comunicatistampa\/wp-json\/wp\/v2\/media?parent=5461"}],"wp:term":[{"taxonomy":"category","embeddable":true,"href":"https:\/\/www.article-marketing.eu\/comunicatistampa\/wp-json\/wp\/v2\/categories?post=5461"},{"taxonomy":"post_tag","embeddable":true,"href":"https:\/\/www.article-marketing.eu\/comunicatistampa\/wp-json\/wp\/v2\/tags?post=5461"}],"curies":[{"name":"wp","href":"https:\/\/api.w.org\/{rel}","templated":true}]}}