{"id":5470,"date":"2017-09-21T16:49:17","date_gmt":"2017-09-21T14:49:17","guid":{"rendered":"http:\/\/www.article-marketing.eu\/comunicatistampa\/?p=5470"},"modified":"2017-09-21T16:49:17","modified_gmt":"2017-09-21T14:49:17","slug":"fini-la-pasta-fresca-resta-italiana-anzi-modena","status":"publish","type":"post","link":"https:\/\/www.article-marketing.eu\/comunicatistampa\/fini-la-pasta-fresca-resta-italiana-anzi-modena\/","title":{"rendered":"FINI: la pasta fresca resta italiana, anzi di Modena!"},"content":{"rendered":"<p><em>Fini, azienda del Gruppo Fini Spa a socio unico, di propriet\u00e0 del fondo 100% italiano Paladin Capital Partners, si riconferma legata al territorio in cui \u00e8 nata e ribadisce la propria italianit\u00e0.<\/em><\/p>\n<p>In seguito alla diffusione della notizia dell\u2019acquisizione da parte di ABF \u2013 Associated British Foods dell\u2019azienda Acetum SpA titolare del marchio Fini per l\u2019aceto balsamico Igp di Modena, si precisa che\u00a0<strong>il marchio Fini pasta fresca<\/strong>\u00a0<strong>di propriet\u00e0 di Gruppo Fini<\/strong>\u00a0<strong>\u00e8 e rimane completamente italiano<\/strong>e non \u00e8 coinvolto in alcun modo in questa trattativa.<\/p>\n<p>Il Gruppo Fini SpA, dal 2016 societ\u00e0 a socio unico, di propriet\u00e0 del fondo Paladin Capital Partners \u00e8 una grande realt\u00e0 dell\u2019alimentare 100% italiana titolare dei marchi Fini nato a Modena nel 1912, e Le Conserve della Nonna dal 1973 una realt\u00e0 produttiva di pomodoro, vegetali, legumi e composte a Ravarino (MO).<\/p>\n<p>Da anni il Gruppo conferma la propria vocazione italiana, e soprattutto emiliana, in tutte le attivit\u00e0 svolte. Nel 2015, infatti ha rinnovato l\u2019azienda di Ravarino, a pochi chilometri da Modena, centralizzando le produzioni dei due marchi Fini pasta fresca e Le Conserve della Nonna in uno stabilimento moderno e certificato secondo i principali standard internazionali.<\/p>\n<p>Il legame con il territorio \u00e8 anche evidenziato da Fini pasta fresca nel logo recentemente ridisegnato, che riporta in modo esplicito e centrale\u00a0<strong>\u201cModena 1912\u201d<\/strong>\u00a0a firma dei prodotti della gamma.<\/p>\n<p>Inoltre, l\u2019azienda ha fatto del legame con il territorio la propria nota distintiva anche nelle strategie di comunicazione verso il pubblico con la recente\u00a0<strong>campagna \u201cNoi di Modena\u201d presente sui social network.<\/strong><\/p>\n<p>L\u2019italianit\u00e0 \u00e8 quindi una caratteristica che rimane prioritaria per lo storico marchio modenese e molto legato al suo territorio di origine.<\/p>\n<p>&nbsp;<\/p>\n<p>Gruppo Fini SpA Sede sociale: Via Confine, 1583 41017 Ravarino (MO); Amministrazione: Via Albareto, 211 41122 Modena info@nonsolobuono.it &#8211;\u00a0<a href=\"http:\/\/www.nonsolobuono.it\/\">www.nonsolobuono.it<\/a><br \/>\nBorderline \u2013 Via Parisio 16 \u2013 40137 Bologna Tel. 051 4450204 Fax 051 6237200 &#8211; Communication Manager &amp; P.R Matteo Barboni \u2013 349 6172546 m.barboni@borderlineagency.com<\/p>\n","protected":false},"excerpt":{"rendered":"<p>Fini, azienda del Gruppo Fini Spa a socio unico, di propriet\u00e0 del fondo 100% italiano Paladin Capital Partners, si riconferma legata al territorio in cui \u00e8 nata e ribadisce la propria italianit\u00e0. In seguito alla diffusione della notizia dell\u2019acquisizione da parte di ABF \u2013 Associated British Foods dell\u2019azienda Acetum SpA titolare del marchio Fini per l\u2019aceto balsamico Igp di Modena, si precisa che\u00a0il marchio Fini pasta fresca\u00a0di propriet\u00e0 di Gruppo<\/p>\n<p><a class=\"continue-reading\" href=\"https:\/\/www.article-marketing.eu\/comunicatistampa\/fini-la-pasta-fresca-resta-italiana-anzi-modena\/\">Continue reading&#8230;<\/a><\/p>\n","protected":false},"author":397,"featured_media":0,"comment_status":"open","ping_status":"open","sticky":false,"template":"","format":"standard","meta":{"_monsterinsights_skip_tracking":false,"_monsterinsights_sitenote_active":false,"_monsterinsights_sitenote_note":"","_monsterinsights_sitenote_category":0,"footnotes":""},"categories":[388,78,386],"tags":[2585,1141,2584,2586],"class_list":["post-5470","post","type-post","status-publish","format-standard","hentry","category-aziende","category-comunicati-stampa","category-economia-e-lavoro","tag-fini-pasta-fresca","tag-made-in-italy","tag-modena","tag-tortellini"],"yoast_head":"<!-- This site is optimized with the Yoast SEO plugin v27.3 - https:\/\/yoast.com\/product\/yoast-seo-wordpress\/ -->\n<title>FINI: la pasta fresca resta italiana, anzi di Modena! - Article Marketing<\/title>\n<meta name=\"robots\" content=\"index, follow, max-snippet:-1, max-image-preview:large, max-video-preview:-1\" \/>\n<link rel=\"canonical\" href=\"https:\/\/www.article-marketing.eu\/comunicatistampa\/fini-la-pasta-fresca-resta-italiana-anzi-modena\/\" \/>\n<meta property=\"og:locale\" content=\"it_IT\" \/>\n<meta property=\"og:type\" content=\"article\" \/>\n<meta property=\"og:title\" content=\"FINI: la pasta fresca resta italiana, anzi di Modena! - Article Marketing\" \/>\n<meta property=\"og:description\" content=\"Fini, azienda del Gruppo Fini Spa a socio unico, di propriet\u00e0 del fondo 100% italiano Paladin Capital Partners, si riconferma legata al territorio in cui \u00e8 nata e ribadisce la propria italianit\u00e0. In seguito alla diffusione della notizia dell\u2019acquisizione da parte di ABF \u2013 Associated British Foods dell\u2019azienda Acetum SpA titolare del marchio Fini per l\u2019aceto balsamico Igp di Modena, si precisa che\u00a0il marchio Fini pasta fresca\u00a0di propriet\u00e0 di GruppoContinue reading...\" \/>\n<meta property=\"og:url\" content=\"https:\/\/www.article-marketing.eu\/comunicatistampa\/fini-la-pasta-fresca-resta-italiana-anzi-modena\/\" \/>\n<meta property=\"og:site_name\" content=\"Article Marketing\" \/>\n<meta property=\"article:published_time\" content=\"2017-09-21T14:49:17+00:00\" \/>\n<meta name=\"author\" content=\"Borderline Agency\" \/>\n<meta name=\"twitter:card\" content=\"summary_large_image\" \/>\n<meta name=\"twitter:label1\" content=\"Scritto da\" \/>\n\t<meta name=\"twitter:data1\" content=\"Borderline Agency\" \/>\n\t<meta name=\"twitter:label2\" content=\"Tempo di lettura stimato\" \/>\n\t<meta name=\"twitter:data2\" content=\"2 minuti\" \/>\n<script type=\"application\/ld+json\" class=\"yoast-schema-graph\">{\"@context\":\"https:\\\/\\\/schema.org\",\"@graph\":[{\"@type\":\"Article\",\"@id\":\"https:\\\/\\\/www.article-marketing.eu\\\/comunicatistampa\\\/fini-la-pasta-fresca-resta-italiana-anzi-modena\\\/#article\",\"isPartOf\":{\"@id\":\"https:\\\/\\\/www.article-marketing.eu\\\/comunicatistampa\\\/fini-la-pasta-fresca-resta-italiana-anzi-modena\\\/\"},\"author\":{\"name\":\"Borderline Agency\",\"@id\":\"https:\\\/\\\/www.article-marketing.eu\\\/comunicatistampa\\\/#\\\/schema\\\/person\\\/1c4ab1c7aad84347e26e78235da6ff1b\"},\"headline\":\"FINI: la pasta fresca resta italiana, anzi di Modena!\",\"datePublished\":\"2017-09-21T14:49:17+00:00\",\"mainEntityOfPage\":{\"@id\":\"https:\\\/\\\/www.article-marketing.eu\\\/comunicatistampa\\\/fini-la-pasta-fresca-resta-italiana-anzi-modena\\\/\"},\"wordCount\":319,\"commentCount\":0,\"keywords\":[\"Fini pasta fresca\",\"made in Italy\",\"Modena\",\"tortellini\"],\"articleSection\":[\"Aziende\",\"Comunicati stampa\",\"Economia e lavoro\"],\"inLanguage\":\"it-IT\",\"potentialAction\":[{\"@type\":\"CommentAction\",\"name\":\"Comment\",\"target\":[\"https:\\\/\\\/www.article-marketing.eu\\\/comunicatistampa\\\/fini-la-pasta-fresca-resta-italiana-anzi-modena\\\/#respond\"]}]},{\"@type\":\"WebPage\",\"@id\":\"https:\\\/\\\/www.article-marketing.eu\\\/comunicatistampa\\\/fini-la-pasta-fresca-resta-italiana-anzi-modena\\\/\",\"url\":\"https:\\\/\\\/www.article-marketing.eu\\\/comunicatistampa\\\/fini-la-pasta-fresca-resta-italiana-anzi-modena\\\/\",\"name\":\"FINI: la pasta fresca resta italiana, anzi di Modena! - Article Marketing\",\"isPartOf\":{\"@id\":\"https:\\\/\\\/www.article-marketing.eu\\\/comunicatistampa\\\/#website\"},\"datePublished\":\"2017-09-21T14:49:17+00:00\",\"author\":{\"@id\":\"https:\\\/\\\/www.article-marketing.eu\\\/comunicatistampa\\\/#\\\/schema\\\/person\\\/1c4ab1c7aad84347e26e78235da6ff1b\"},\"breadcrumb\":{\"@id\":\"https:\\\/\\\/www.article-marketing.eu\\\/comunicatistampa\\\/fini-la-pasta-fresca-resta-italiana-anzi-modena\\\/#breadcrumb\"},\"inLanguage\":\"it-IT\",\"potentialAction\":[{\"@type\":\"ReadAction\",\"target\":[\"https:\\\/\\\/www.article-marketing.eu\\\/comunicatistampa\\\/fini-la-pasta-fresca-resta-italiana-anzi-modena\\\/\"]}]},{\"@type\":\"BreadcrumbList\",\"@id\":\"https:\\\/\\\/www.article-marketing.eu\\\/comunicatistampa\\\/fini-la-pasta-fresca-resta-italiana-anzi-modena\\\/#breadcrumb\",\"itemListElement\":[{\"@type\":\"ListItem\",\"position\":1,\"name\":\"Home\",\"item\":\"https:\\\/\\\/www.article-marketing.eu\\\/comunicatistampa\\\/\"},{\"@type\":\"ListItem\",\"position\":2,\"name\":\"FINI: la pasta fresca resta italiana, anzi di Modena!\"}]},{\"@type\":\"WebSite\",\"@id\":\"https:\\\/\\\/www.article-marketing.eu\\\/comunicatistampa\\\/#website\",\"url\":\"https:\\\/\\\/www.article-marketing.eu\\\/comunicatistampa\\\/\",\"name\":\"Article Marketing\",\"description\":\"article marketing &amp; press release\",\"potentialAction\":[{\"@type\":\"SearchAction\",\"target\":{\"@type\":\"EntryPoint\",\"urlTemplate\":\"https:\\\/\\\/www.article-marketing.eu\\\/comunicatistampa\\\/?s={search_term_string}\"},\"query-input\":{\"@type\":\"PropertyValueSpecification\",\"valueRequired\":true,\"valueName\":\"search_term_string\"}}],\"inLanguage\":\"it-IT\"},{\"@type\":\"Person\",\"@id\":\"https:\\\/\\\/www.article-marketing.eu\\\/comunicatistampa\\\/#\\\/schema\\\/person\\\/1c4ab1c7aad84347e26e78235da6ff1b\",\"name\":\"Borderline Agency\",\"image\":{\"@type\":\"ImageObject\",\"inLanguage\":\"it-IT\",\"@id\":\"https:\\\/\\\/secure.gravatar.com\\\/avatar\\\/741fa053101610cb0be7dc835c116926549ae4ae2142ff35eac04d78fda61461?s=96&d=mm&r=g\",\"url\":\"https:\\\/\\\/secure.gravatar.com\\\/avatar\\\/741fa053101610cb0be7dc835c116926549ae4ae2142ff35eac04d78fda61461?s=96&d=mm&r=g\",\"contentUrl\":\"https:\\\/\\\/secure.gravatar.com\\\/avatar\\\/741fa053101610cb0be7dc835c116926549ae4ae2142ff35eac04d78fda61461?s=96&d=mm&r=g\",\"caption\":\"Borderline Agency\"},\"url\":\"https:\\\/\\\/www.article-marketing.eu\\\/comunicatistampa\\\/author\\\/borderline-agency\\\/\"}]}<\/script>\n<!-- \/ Yoast SEO plugin. -->","yoast_head_json":{"title":"FINI: la pasta fresca resta italiana, anzi di Modena! - Article Marketing","robots":{"index":"index","follow":"follow","max-snippet":"max-snippet:-1","max-image-preview":"max-image-preview:large","max-video-preview":"max-video-preview:-1"},"canonical":"https:\/\/www.article-marketing.eu\/comunicatistampa\/fini-la-pasta-fresca-resta-italiana-anzi-modena\/","og_locale":"it_IT","og_type":"article","og_title":"FINI: la pasta fresca resta italiana, anzi di Modena! - Article Marketing","og_description":"Fini, azienda del Gruppo Fini Spa a socio unico, di propriet\u00e0 del fondo 100% italiano Paladin Capital Partners, si riconferma legata al territorio in cui \u00e8 nata e ribadisce la propria italianit\u00e0. In seguito alla diffusione della notizia dell\u2019acquisizione da parte di ABF \u2013 Associated British Foods dell\u2019azienda Acetum SpA titolare del marchio Fini per l\u2019aceto balsamico Igp di Modena, si precisa che\u00a0il marchio Fini pasta fresca\u00a0di propriet\u00e0 di GruppoContinue reading...","og_url":"https:\/\/www.article-marketing.eu\/comunicatistampa\/fini-la-pasta-fresca-resta-italiana-anzi-modena\/","og_site_name":"Article Marketing","article_published_time":"2017-09-21T14:49:17+00:00","author":"Borderline Agency","twitter_card":"summary_large_image","twitter_misc":{"Scritto da":"Borderline Agency","Tempo di lettura stimato":"2 minuti"},"schema":{"@context":"https:\/\/schema.org","@graph":[{"@type":"Article","@id":"https:\/\/www.article-marketing.eu\/comunicatistampa\/fini-la-pasta-fresca-resta-italiana-anzi-modena\/#article","isPartOf":{"@id":"https:\/\/www.article-marketing.eu\/comunicatistampa\/fini-la-pasta-fresca-resta-italiana-anzi-modena\/"},"author":{"name":"Borderline Agency","@id":"https:\/\/www.article-marketing.eu\/comunicatistampa\/#\/schema\/person\/1c4ab1c7aad84347e26e78235da6ff1b"},"headline":"FINI: la pasta fresca resta italiana, anzi di Modena!","datePublished":"2017-09-21T14:49:17+00:00","mainEntityOfPage":{"@id":"https:\/\/www.article-marketing.eu\/comunicatistampa\/fini-la-pasta-fresca-resta-italiana-anzi-modena\/"},"wordCount":319,"commentCount":0,"keywords":["Fini pasta fresca","made in Italy","Modena","tortellini"],"articleSection":["Aziende","Comunicati stampa","Economia e lavoro"],"inLanguage":"it-IT","potentialAction":[{"@type":"CommentAction","name":"Comment","target":["https:\/\/www.article-marketing.eu\/comunicatistampa\/fini-la-pasta-fresca-resta-italiana-anzi-modena\/#respond"]}]},{"@type":"WebPage","@id":"https:\/\/www.article-marketing.eu\/comunicatistampa\/fini-la-pasta-fresca-resta-italiana-anzi-modena\/","url":"https:\/\/www.article-marketing.eu\/comunicatistampa\/fini-la-pasta-fresca-resta-italiana-anzi-modena\/","name":"FINI: la pasta fresca resta italiana, anzi di Modena! - Article Marketing","isPartOf":{"@id":"https:\/\/www.article-marketing.eu\/comunicatistampa\/#website"},"datePublished":"2017-09-21T14:49:17+00:00","author":{"@id":"https:\/\/www.article-marketing.eu\/comunicatistampa\/#\/schema\/person\/1c4ab1c7aad84347e26e78235da6ff1b"},"breadcrumb":{"@id":"https:\/\/www.article-marketing.eu\/comunicatistampa\/fini-la-pasta-fresca-resta-italiana-anzi-modena\/#breadcrumb"},"inLanguage":"it-IT","potentialAction":[{"@type":"ReadAction","target":["https:\/\/www.article-marketing.eu\/comunicatistampa\/fini-la-pasta-fresca-resta-italiana-anzi-modena\/"]}]},{"@type":"BreadcrumbList","@id":"https:\/\/www.article-marketing.eu\/comunicatistampa\/fini-la-pasta-fresca-resta-italiana-anzi-modena\/#breadcrumb","itemListElement":[{"@type":"ListItem","position":1,"name":"Home","item":"https:\/\/www.article-marketing.eu\/comunicatistampa\/"},{"@type":"ListItem","position":2,"name":"FINI: la pasta fresca resta italiana, anzi di Modena!"}]},{"@type":"WebSite","@id":"https:\/\/www.article-marketing.eu\/comunicatistampa\/#website","url":"https:\/\/www.article-marketing.eu\/comunicatistampa\/","name":"Article Marketing","description":"article marketing &amp; press release","potentialAction":[{"@type":"SearchAction","target":{"@type":"EntryPoint","urlTemplate":"https:\/\/www.article-marketing.eu\/comunicatistampa\/?s={search_term_string}"},"query-input":{"@type":"PropertyValueSpecification","valueRequired":true,"valueName":"search_term_string"}}],"inLanguage":"it-IT"},{"@type":"Person","@id":"https:\/\/www.article-marketing.eu\/comunicatistampa\/#\/schema\/person\/1c4ab1c7aad84347e26e78235da6ff1b","name":"Borderline Agency","image":{"@type":"ImageObject","inLanguage":"it-IT","@id":"https:\/\/secure.gravatar.com\/avatar\/741fa053101610cb0be7dc835c116926549ae4ae2142ff35eac04d78fda61461?s=96&d=mm&r=g","url":"https:\/\/secure.gravatar.com\/avatar\/741fa053101610cb0be7dc835c116926549ae4ae2142ff35eac04d78fda61461?s=96&d=mm&r=g","contentUrl":"https:\/\/secure.gravatar.com\/avatar\/741fa053101610cb0be7dc835c116926549ae4ae2142ff35eac04d78fda61461?s=96&d=mm&r=g","caption":"Borderline Agency"},"url":"https:\/\/www.article-marketing.eu\/comunicatistampa\/author\/borderline-agency\/"}]}},"_links":{"self":[{"href":"https:\/\/www.article-marketing.eu\/comunicatistampa\/wp-json\/wp\/v2\/posts\/5470","targetHints":{"allow":["GET"]}}],"collection":[{"href":"https:\/\/www.article-marketing.eu\/comunicatistampa\/wp-json\/wp\/v2\/posts"}],"about":[{"href":"https:\/\/www.article-marketing.eu\/comunicatistampa\/wp-json\/wp\/v2\/types\/post"}],"author":[{"embeddable":true,"href":"https:\/\/www.article-marketing.eu\/comunicatistampa\/wp-json\/wp\/v2\/users\/397"}],"replies":[{"embeddable":true,"href":"https:\/\/www.article-marketing.eu\/comunicatistampa\/wp-json\/wp\/v2\/comments?post=5470"}],"version-history":[{"count":3,"href":"https:\/\/www.article-marketing.eu\/comunicatistampa\/wp-json\/wp\/v2\/posts\/5470\/revisions"}],"predecessor-version":[{"id":5491,"href":"https:\/\/www.article-marketing.eu\/comunicatistampa\/wp-json\/wp\/v2\/posts\/5470\/revisions\/5491"}],"wp:attachment":[{"href":"https:\/\/www.article-marketing.eu\/comunicatistampa\/wp-json\/wp\/v2\/media?parent=5470"}],"wp:term":[{"taxonomy":"category","embeddable":true,"href":"https:\/\/www.article-marketing.eu\/comunicatistampa\/wp-json\/wp\/v2\/categories?post=5470"},{"taxonomy":"post_tag","embeddable":true,"href":"https:\/\/www.article-marketing.eu\/comunicatistampa\/wp-json\/wp\/v2\/tags?post=5470"}],"curies":[{"name":"wp","href":"https:\/\/api.w.org\/{rel}","templated":true}]}}