{"id":5521,"date":"2017-09-22T21:26:12","date_gmt":"2017-09-22T19:26:12","guid":{"rendered":"http:\/\/www.article-marketing.eu\/comunicatistampa\/?p=5521"},"modified":"2017-09-22T21:26:12","modified_gmt":"2017-09-22T19:26:12","slug":"caffe-vergnano-storia-centenaria-proiettata-verso-futuro","status":"publish","type":"post","link":"https:\/\/www.article-marketing.eu\/comunicatistampa\/caffe-vergnano-storia-centenaria-proiettata-verso-futuro\/","title":{"rendered":"Caff\u00e8 Vergnano: una storia centenaria proiettata verso il futuro"},"content":{"rendered":"<h2>Caff\u00e8 Vergnano nasce nel 1882 ai piedi della collina torinese. I primi tre magazzini vennero aperti in Piemonte, oggi \u00e8 la sesta azienda produttrice di caff\u00e8 in Italia ed esporta i suoi prodotti in oltre 90 paesi del mondo. Una storia affascinante che coniuga tradizione ed innovazione e che oggi \u00e8 un esempio di vera eccellenza Made in Italy.<\/h2>\n<p>&nbsp;<\/p>\n<p><strong>Caff\u00e8 Vergnano \u00e8 la pi\u00f9 antica torrefazione italiana<\/strong> e da oltre 135 anni promuove con successo la cultura del caff\u00e8 in Italia e nel mondo. Fondata dalla famiglia Vergnano nel 1882 in Piemonte, l\u2019azienda nacque in una piccola drogheria ai piedi della collina torinese e in pochi anni si impadron\u00ec di tutti i segreti della torrefazione e vendita del caff\u00e8 promuovendo in Italia e nel mondo la propria cultura con successo. Domenico Vergnano, il nonno degli attuali proprietari, avvi\u00f2 l\u2019attivit\u00e0 aprendo una piccola drogheria nella cittadina di Chieri, ai piedi della collina torinese. Ben presto il negozio si specializz\u00f2 nella torrefazione e vendita del caff\u00e8, delineando cos\u00ec la vera vocazione della famiglia Vergnano. Gli anni Trenta segnarono una tappa decisiva nella crescita dell\u2019azienda con l\u2019acquisto, in Kenya, di una fattoria produttrice di caff\u00e8 e l\u2019apertura in Italia di tre magazzini, a Torino, Alba e Chieri. Bisogna aspettare gli anni Settanta, con la costruzione dello stabilimento di Santena, per affermare Caff\u00e8 Vergnano come uno dei pi\u00f9 prestigiosi torrefattori italiani.<\/p>\n<p>&nbsp;<\/p>\n<p>Dal 2011 l\u2019azienda ha raddoppiato il suo stabilimento e ha lanciato la linea \u00c8spresso 1882 che racchiude tutto il <strong>gusto del vero espresso italiano<\/strong> alla comodit\u00e0 delle capsule. Oggi Caff\u00e8 Vergnano \u00e8 attiva sul mercato da ben 4 generazioni, \u00e8 la sesta azienda produttrice di caff\u00e8 in Italia, impiega circa 140 dipendenti ed esporta i suoi prodotti in oltre 90 paesi nel mondo con risultati molto positivi. Guidata dal Presidente Carlo Vergnano e dall\u2019 amministratore delegato Franco Vergnano, guarda al futuro con serenit\u00e0 e sicurezza puntando su tre elementi cardine: creativit\u00e0, innovazione e qualit\u00e0.<\/p>\n<p>&nbsp;<\/p>\n<p>Il segreto della qualit\u00e0 superiore delle miscele Caff\u00e8 Vergnano nasce dalla selezione dei migliori produttori di caff\u00e8 a livello mondiale, scegliendo e valutando con meticolosit\u00e0 la qualit\u00e0 della materia prima direttamente nel paese d\u2019origine dove i chicchi di caff\u00e8 vengono selezionati e acquistati. Ancora oggi, Caff\u00e8 Vergnano, lavora il caff\u00e8 in modo tradizionale e adotta un sistema di torrefazione lento: ogni variet\u00e0, divisa per origine, segue tempi di cottura e temperature differenti ed ogni ciclo viene controllato personalmente; questo garantisce un prodotto di assoluta qualit\u00e0 e durevole nel tempo.<\/p>\n<p>&nbsp;<\/p>\n<p>Ogni prodotto della gamma \u00e8 sviluppato con cura ed attenzione al dettaglio, un costante impegno e una continua ricerca di perfezione qualitativa fanno di Caff\u00e8 Vergnano un\u2019azienda innovativa e all\u2019avanguardia: questa \u00e8 la mission che la quarta generazione di famiglia persegue con passione, entusiasmo e spirito di iniziativa.<br \/>\nCaff\u00e8 Vergnano ha, inoltre, fatto proprie le nuove politiche ambientali mondiali al fine di garantire la difesa ed il rispetto dell\u2019ambiente, la sicurezza del prodotto ed il miglioramento di qualit\u00e0 della vita umana. In quest\u2019ottica <strong>sono state lanciate sul mercato le capsule compostabili<\/strong> che garantiscono una sostenibilit\u00e0 ambientale a 360 gradi.<br \/>\nPer questi motivi i veri intenditori riconoscono in Caff\u00e8 Vergnano uno dei marchi pi\u00f9 prestigiosi del panorama industriale italiano ed internazionale.<\/p>\n<p><strong>Contatti: <\/strong><br \/>\nWEB: <a href=\"https:\/\/www.caffevergnano.com\/\" target=\"_blank\" rel=\"noopener\">https:\/\/www.caffevergnano.com\/<\/a><br \/>\nMAIL: italia@caffevergnano.com<\/p>\n","protected":false},"excerpt":{"rendered":"<p>Caff\u00e8 Vergnano nasce nel 1882 ai piedi della collina torinese. I primi tre magazzini vennero aperti in Piemonte, oggi \u00e8 la sesta azienda produttrice di caff\u00e8 in Italia ed esporta i suoi prodotti in oltre 90 paesi del mondo. Una storia affascinante che coniuga tradizione ed innovazione e che oggi \u00e8 un esempio di vera eccellenza Made in Italy. &nbsp; Caff\u00e8 Vergnano \u00e8 la pi\u00f9 antica torrefazione italiana e da<\/p>\n<p><a class=\"continue-reading\" href=\"https:\/\/www.article-marketing.eu\/comunicatistampa\/caffe-vergnano-storia-centenaria-proiettata-verso-futuro\/\">Continue reading&#8230;<\/a><\/p>\n","protected":false},"author":625,"featured_media":0,"comment_status":"open","ping_status":"open","sticky":false,"template":"","format":"standard","meta":{"_monsterinsights_skip_tracking":false,"_monsterinsights_sitenote_active":false,"_monsterinsights_sitenote_note":"","_monsterinsights_sitenote_category":0,"footnotes":""},"categories":[78,393,354],"tags":[2604,2605,2603,2606,2607,2396],"class_list":["post-5521","post","type-post","status-publish","format-standard","hentry","category-comunicati-stampa","category-prodotti","category-shopping","tag-caffe","tag-caffe-in-cialde","tag-caffe-vergnano","tag-capsule-compatibili","tag-capsule-compostabili","tag-cialde-caffe"],"yoast_head":"<!-- This site is optimized with the Yoast SEO plugin v27.3 - https:\/\/yoast.com\/product\/yoast-seo-wordpress\/ -->\n<title>Caff\u00e8 Vergnano: una storia centenaria proiettata verso il futuro - Article Marketing<\/title>\n<meta name=\"robots\" content=\"index, follow, max-snippet:-1, max-image-preview:large, max-video-preview:-1\" \/>\n<link rel=\"canonical\" href=\"https:\/\/www.article-marketing.eu\/comunicatistampa\/caffe-vergnano-storia-centenaria-proiettata-verso-futuro\/\" \/>\n<meta property=\"og:locale\" content=\"it_IT\" \/>\n<meta property=\"og:type\" content=\"article\" \/>\n<meta property=\"og:title\" content=\"Caff\u00e8 Vergnano: una storia centenaria proiettata verso il futuro - Article Marketing\" \/>\n<meta property=\"og:description\" content=\"Caff\u00e8 Vergnano nasce nel 1882 ai piedi della collina torinese. I primi tre magazzini vennero aperti in Piemonte, oggi \u00e8 la sesta azienda produttrice di caff\u00e8 in Italia ed esporta i suoi prodotti in oltre 90 paesi del mondo. Una storia affascinante che coniuga tradizione ed innovazione e che oggi \u00e8 un esempio di vera eccellenza Made in Italy. &nbsp; Caff\u00e8 Vergnano \u00e8 la pi\u00f9 antica torrefazione italiana e daContinue reading...\" \/>\n<meta property=\"og:url\" content=\"https:\/\/www.article-marketing.eu\/comunicatistampa\/caffe-vergnano-storia-centenaria-proiettata-verso-futuro\/\" \/>\n<meta property=\"og:site_name\" content=\"Article Marketing\" \/>\n<meta property=\"article:published_time\" content=\"2017-09-22T19:26:12+00:00\" \/>\n<meta name=\"author\" content=\"Vergnano\" \/>\n<meta name=\"twitter:card\" content=\"summary_large_image\" \/>\n<meta name=\"twitter:label1\" content=\"Scritto da\" \/>\n\t<meta name=\"twitter:data1\" content=\"Vergnano\" \/>\n\t<meta name=\"twitter:label2\" content=\"Tempo di lettura stimato\" \/>\n\t<meta name=\"twitter:data2\" content=\"3 minuti\" \/>\n<script type=\"application\/ld+json\" class=\"yoast-schema-graph\">{\"@context\":\"https:\\\/\\\/schema.org\",\"@graph\":[{\"@type\":\"Article\",\"@id\":\"https:\\\/\\\/www.article-marketing.eu\\\/comunicatistampa\\\/caffe-vergnano-storia-centenaria-proiettata-verso-futuro\\\/#article\",\"isPartOf\":{\"@id\":\"https:\\\/\\\/www.article-marketing.eu\\\/comunicatistampa\\\/caffe-vergnano-storia-centenaria-proiettata-verso-futuro\\\/\"},\"author\":{\"name\":\"Vergnano\",\"@id\":\"https:\\\/\\\/www.article-marketing.eu\\\/comunicatistampa\\\/#\\\/schema\\\/person\\\/04e985c02c2a52fffbc5fb8bb84fab8a\"},\"headline\":\"Caff\u00e8 Vergnano: una storia centenaria proiettata verso il futuro\",\"datePublished\":\"2017-09-22T19:26:12+00:00\",\"mainEntityOfPage\":{\"@id\":\"https:\\\/\\\/www.article-marketing.eu\\\/comunicatistampa\\\/caffe-vergnano-storia-centenaria-proiettata-verso-futuro\\\/\"},\"wordCount\":547,\"commentCount\":0,\"keywords\":[\"caff\u00e8\",\"caff\u00e8 in cialde\",\"caff\u00e8 vergnano\",\"capsule compatibili\",\"capsule compostabili\",\"cialde caff\u00e8\"],\"articleSection\":[\"Comunicati stampa\",\"Prodotti\",\"Shopping\"],\"inLanguage\":\"it-IT\",\"potentialAction\":[{\"@type\":\"CommentAction\",\"name\":\"Comment\",\"target\":[\"https:\\\/\\\/www.article-marketing.eu\\\/comunicatistampa\\\/caffe-vergnano-storia-centenaria-proiettata-verso-futuro\\\/#respond\"]}]},{\"@type\":\"WebPage\",\"@id\":\"https:\\\/\\\/www.article-marketing.eu\\\/comunicatistampa\\\/caffe-vergnano-storia-centenaria-proiettata-verso-futuro\\\/\",\"url\":\"https:\\\/\\\/www.article-marketing.eu\\\/comunicatistampa\\\/caffe-vergnano-storia-centenaria-proiettata-verso-futuro\\\/\",\"name\":\"Caff\u00e8 Vergnano: una storia centenaria proiettata verso il futuro - Article Marketing\",\"isPartOf\":{\"@id\":\"https:\\\/\\\/www.article-marketing.eu\\\/comunicatistampa\\\/#website\"},\"datePublished\":\"2017-09-22T19:26:12+00:00\",\"author\":{\"@id\":\"https:\\\/\\\/www.article-marketing.eu\\\/comunicatistampa\\\/#\\\/schema\\\/person\\\/04e985c02c2a52fffbc5fb8bb84fab8a\"},\"breadcrumb\":{\"@id\":\"https:\\\/\\\/www.article-marketing.eu\\\/comunicatistampa\\\/caffe-vergnano-storia-centenaria-proiettata-verso-futuro\\\/#breadcrumb\"},\"inLanguage\":\"it-IT\",\"potentialAction\":[{\"@type\":\"ReadAction\",\"target\":[\"https:\\\/\\\/www.article-marketing.eu\\\/comunicatistampa\\\/caffe-vergnano-storia-centenaria-proiettata-verso-futuro\\\/\"]}]},{\"@type\":\"BreadcrumbList\",\"@id\":\"https:\\\/\\\/www.article-marketing.eu\\\/comunicatistampa\\\/caffe-vergnano-storia-centenaria-proiettata-verso-futuro\\\/#breadcrumb\",\"itemListElement\":[{\"@type\":\"ListItem\",\"position\":1,\"name\":\"Home\",\"item\":\"https:\\\/\\\/www.article-marketing.eu\\\/comunicatistampa\\\/\"},{\"@type\":\"ListItem\",\"position\":2,\"name\":\"Caff\u00e8 Vergnano: una storia centenaria proiettata verso il futuro\"}]},{\"@type\":\"WebSite\",\"@id\":\"https:\\\/\\\/www.article-marketing.eu\\\/comunicatistampa\\\/#website\",\"url\":\"https:\\\/\\\/www.article-marketing.eu\\\/comunicatistampa\\\/\",\"name\":\"Article Marketing\",\"description\":\"article marketing &amp; press release\",\"potentialAction\":[{\"@type\":\"SearchAction\",\"target\":{\"@type\":\"EntryPoint\",\"urlTemplate\":\"https:\\\/\\\/www.article-marketing.eu\\\/comunicatistampa\\\/?s={search_term_string}\"},\"query-input\":{\"@type\":\"PropertyValueSpecification\",\"valueRequired\":true,\"valueName\":\"search_term_string\"}}],\"inLanguage\":\"it-IT\"},{\"@type\":\"Person\",\"@id\":\"https:\\\/\\\/www.article-marketing.eu\\\/comunicatistampa\\\/#\\\/schema\\\/person\\\/04e985c02c2a52fffbc5fb8bb84fab8a\",\"name\":\"Vergnano\",\"image\":{\"@type\":\"ImageObject\",\"inLanguage\":\"it-IT\",\"@id\":\"https:\\\/\\\/secure.gravatar.com\\\/avatar\\\/b17c702d840c2a25f3141f4042de31a9f1da91d96e7131a093422012957da7a9?s=96&d=mm&r=g\",\"url\":\"https:\\\/\\\/secure.gravatar.com\\\/avatar\\\/b17c702d840c2a25f3141f4042de31a9f1da91d96e7131a093422012957da7a9?s=96&d=mm&r=g\",\"contentUrl\":\"https:\\\/\\\/secure.gravatar.com\\\/avatar\\\/b17c702d840c2a25f3141f4042de31a9f1da91d96e7131a093422012957da7a9?s=96&d=mm&r=g\",\"caption\":\"Vergnano\"},\"url\":\"https:\\\/\\\/www.article-marketing.eu\\\/comunicatistampa\\\/author\\\/vergnano\\\/\"}]}<\/script>\n<!-- \/ Yoast SEO plugin. -->","yoast_head_json":{"title":"Caff\u00e8 Vergnano: una storia centenaria proiettata verso il futuro - Article Marketing","robots":{"index":"index","follow":"follow","max-snippet":"max-snippet:-1","max-image-preview":"max-image-preview:large","max-video-preview":"max-video-preview:-1"},"canonical":"https:\/\/www.article-marketing.eu\/comunicatistampa\/caffe-vergnano-storia-centenaria-proiettata-verso-futuro\/","og_locale":"it_IT","og_type":"article","og_title":"Caff\u00e8 Vergnano: una storia centenaria proiettata verso il futuro - Article Marketing","og_description":"Caff\u00e8 Vergnano nasce nel 1882 ai piedi della collina torinese. I primi tre magazzini vennero aperti in Piemonte, oggi \u00e8 la sesta azienda produttrice di caff\u00e8 in Italia ed esporta i suoi prodotti in oltre 90 paesi del mondo. Una storia affascinante che coniuga tradizione ed innovazione e che oggi \u00e8 un esempio di vera eccellenza Made in Italy. &nbsp; Caff\u00e8 Vergnano \u00e8 la pi\u00f9 antica torrefazione italiana e daContinue reading...","og_url":"https:\/\/www.article-marketing.eu\/comunicatistampa\/caffe-vergnano-storia-centenaria-proiettata-verso-futuro\/","og_site_name":"Article Marketing","article_published_time":"2017-09-22T19:26:12+00:00","author":"Vergnano","twitter_card":"summary_large_image","twitter_misc":{"Scritto da":"Vergnano","Tempo di lettura stimato":"3 minuti"},"schema":{"@context":"https:\/\/schema.org","@graph":[{"@type":"Article","@id":"https:\/\/www.article-marketing.eu\/comunicatistampa\/caffe-vergnano-storia-centenaria-proiettata-verso-futuro\/#article","isPartOf":{"@id":"https:\/\/www.article-marketing.eu\/comunicatistampa\/caffe-vergnano-storia-centenaria-proiettata-verso-futuro\/"},"author":{"name":"Vergnano","@id":"https:\/\/www.article-marketing.eu\/comunicatistampa\/#\/schema\/person\/04e985c02c2a52fffbc5fb8bb84fab8a"},"headline":"Caff\u00e8 Vergnano: una storia centenaria proiettata verso il futuro","datePublished":"2017-09-22T19:26:12+00:00","mainEntityOfPage":{"@id":"https:\/\/www.article-marketing.eu\/comunicatistampa\/caffe-vergnano-storia-centenaria-proiettata-verso-futuro\/"},"wordCount":547,"commentCount":0,"keywords":["caff\u00e8","caff\u00e8 in cialde","caff\u00e8 vergnano","capsule compatibili","capsule compostabili","cialde caff\u00e8"],"articleSection":["Comunicati stampa","Prodotti","Shopping"],"inLanguage":"it-IT","potentialAction":[{"@type":"CommentAction","name":"Comment","target":["https:\/\/www.article-marketing.eu\/comunicatistampa\/caffe-vergnano-storia-centenaria-proiettata-verso-futuro\/#respond"]}]},{"@type":"WebPage","@id":"https:\/\/www.article-marketing.eu\/comunicatistampa\/caffe-vergnano-storia-centenaria-proiettata-verso-futuro\/","url":"https:\/\/www.article-marketing.eu\/comunicatistampa\/caffe-vergnano-storia-centenaria-proiettata-verso-futuro\/","name":"Caff\u00e8 Vergnano: una storia centenaria proiettata verso il futuro - Article Marketing","isPartOf":{"@id":"https:\/\/www.article-marketing.eu\/comunicatistampa\/#website"},"datePublished":"2017-09-22T19:26:12+00:00","author":{"@id":"https:\/\/www.article-marketing.eu\/comunicatistampa\/#\/schema\/person\/04e985c02c2a52fffbc5fb8bb84fab8a"},"breadcrumb":{"@id":"https:\/\/www.article-marketing.eu\/comunicatistampa\/caffe-vergnano-storia-centenaria-proiettata-verso-futuro\/#breadcrumb"},"inLanguage":"it-IT","potentialAction":[{"@type":"ReadAction","target":["https:\/\/www.article-marketing.eu\/comunicatistampa\/caffe-vergnano-storia-centenaria-proiettata-verso-futuro\/"]}]},{"@type":"BreadcrumbList","@id":"https:\/\/www.article-marketing.eu\/comunicatistampa\/caffe-vergnano-storia-centenaria-proiettata-verso-futuro\/#breadcrumb","itemListElement":[{"@type":"ListItem","position":1,"name":"Home","item":"https:\/\/www.article-marketing.eu\/comunicatistampa\/"},{"@type":"ListItem","position":2,"name":"Caff\u00e8 Vergnano: una storia centenaria proiettata verso il futuro"}]},{"@type":"WebSite","@id":"https:\/\/www.article-marketing.eu\/comunicatistampa\/#website","url":"https:\/\/www.article-marketing.eu\/comunicatistampa\/","name":"Article Marketing","description":"article marketing &amp; press release","potentialAction":[{"@type":"SearchAction","target":{"@type":"EntryPoint","urlTemplate":"https:\/\/www.article-marketing.eu\/comunicatistampa\/?s={search_term_string}"},"query-input":{"@type":"PropertyValueSpecification","valueRequired":true,"valueName":"search_term_string"}}],"inLanguage":"it-IT"},{"@type":"Person","@id":"https:\/\/www.article-marketing.eu\/comunicatistampa\/#\/schema\/person\/04e985c02c2a52fffbc5fb8bb84fab8a","name":"Vergnano","image":{"@type":"ImageObject","inLanguage":"it-IT","@id":"https:\/\/secure.gravatar.com\/avatar\/b17c702d840c2a25f3141f4042de31a9f1da91d96e7131a093422012957da7a9?s=96&d=mm&r=g","url":"https:\/\/secure.gravatar.com\/avatar\/b17c702d840c2a25f3141f4042de31a9f1da91d96e7131a093422012957da7a9?s=96&d=mm&r=g","contentUrl":"https:\/\/secure.gravatar.com\/avatar\/b17c702d840c2a25f3141f4042de31a9f1da91d96e7131a093422012957da7a9?s=96&d=mm&r=g","caption":"Vergnano"},"url":"https:\/\/www.article-marketing.eu\/comunicatistampa\/author\/vergnano\/"}]}},"_links":{"self":[{"href":"https:\/\/www.article-marketing.eu\/comunicatistampa\/wp-json\/wp\/v2\/posts\/5521","targetHints":{"allow":["GET"]}}],"collection":[{"href":"https:\/\/www.article-marketing.eu\/comunicatistampa\/wp-json\/wp\/v2\/posts"}],"about":[{"href":"https:\/\/www.article-marketing.eu\/comunicatistampa\/wp-json\/wp\/v2\/types\/post"}],"author":[{"embeddable":true,"href":"https:\/\/www.article-marketing.eu\/comunicatistampa\/wp-json\/wp\/v2\/users\/625"}],"replies":[{"embeddable":true,"href":"https:\/\/www.article-marketing.eu\/comunicatistampa\/wp-json\/wp\/v2\/comments?post=5521"}],"version-history":[{"count":4,"href":"https:\/\/www.article-marketing.eu\/comunicatistampa\/wp-json\/wp\/v2\/posts\/5521\/revisions"}],"predecessor-version":[{"id":5534,"href":"https:\/\/www.article-marketing.eu\/comunicatistampa\/wp-json\/wp\/v2\/posts\/5521\/revisions\/5534"}],"wp:attachment":[{"href":"https:\/\/www.article-marketing.eu\/comunicatistampa\/wp-json\/wp\/v2\/media?parent=5521"}],"wp:term":[{"taxonomy":"category","embeddable":true,"href":"https:\/\/www.article-marketing.eu\/comunicatistampa\/wp-json\/wp\/v2\/categories?post=5521"},{"taxonomy":"post_tag","embeddable":true,"href":"https:\/\/www.article-marketing.eu\/comunicatistampa\/wp-json\/wp\/v2\/tags?post=5521"}],"curies":[{"name":"wp","href":"https:\/\/api.w.org\/{rel}","templated":true}]}}