{"id":5550,"date":"2017-09-25T17:48:03","date_gmt":"2017-09-25T15:48:03","guid":{"rendered":"http:\/\/www.article-marketing.eu\/comunicatistampa\/?p=5550"},"modified":"2017-09-25T17:48:03","modified_gmt":"2017-09-25T15:48:03","slug":"dalla-germania-al-resto-deuropa-estos-punta-rafforzare-mercato-estero-scenari-positivi-anche-la-sede-italiana","status":"publish","type":"post","link":"https:\/\/www.article-marketing.eu\/comunicatistampa\/dalla-germania-al-resto-deuropa-estos-punta-rafforzare-mercato-estero-scenari-positivi-anche-la-sede-italiana\/","title":{"rendered":"Dalla Germania al resto d\u2019Europa. Estos punta a rafforzare il mercato estero. Scenari positivi anche per la sede italiana."},"content":{"rendered":"<p>Scommettere su s\u00e9 stessi, a 20 anni dalla fondazione e sapersi rinnovare in un settore estremamente dinamico come quello dell\u2019ICT.\u00a0 La sfida \u00e8 far crescere il business, rafforzare la squadra, espandersi e scalare i mercati stranieri: <a href=\"https:\/\/www.estos.it\/\">estos<\/a> c\u2019\u00e8 e la raccoglie con fiducia. In vista del rilascio ufficiale del best-seller <a href=\"https:\/\/www.estos.it\/prodotti\/procall-6-enterprise-public-beta\">ProCall 6 Enterprise,<\/a> previsto per il mese di ottobre, l\u2019azienda che sviluppa software di Unified Communications &amp; CTI annuncia grandi novit\u00e0 mentre si prepara ad ampliare il business all\u2019estero.<\/p>\n<p>&nbsp;<\/p>\n<p>Le novit\u00e0 aziendali, in fondo, sono sempre una buona occasione per fare il punto su quello che \u00e8 stato il percorso intrapreso dagli albori e guardare con concretezza al futuro.<\/p>\n<p>&nbsp;<\/p>\n<p>Ma prima di andare avanti, un passo indietro per vedere come \u00e8 cominciato il lungo percorso lungo la strada del successo.<\/p>\n<p>&nbsp;<\/p>\n<p>Dietro ad ogni impresa c\u2019\u00e8 una storia diversa, un aneddoto che la accompagna.\u00a0Il progetto estos \u00e8 nato in Germania, in una casa condivisa tra studenti universitari. Grazie alla lungimiranza di Stephan Eckbauer e Stefan Hobratschk, nel 1997 l\u2019idea ha preso forma ed oggi l\u2019azienda sviluppa software per le comunicazioni con passione e professionalit\u00e0.<\/p>\n<p>&nbsp;<\/p>\n<p>&nbsp;<\/p>\n<p><strong>Dagli inizi a leader della tecnologia<\/strong><\/p>\n<p>I primi dieci anni sono stati caratterizzati dalla convergenza del mondo dei computer e della telefonia (CTI- Computer Telephony Integration). In questi ultimi dieci anni invece, sono in corso evoluzioni nelle reti (Federation) e in futuro anche sempre pi\u00f9 nell&#8217;Audio \/ Video (WebRTC).<\/p>\n<p>&nbsp;<\/p>\n<p>Dal 1997 sono successe molte cose. Il gruppo \u00e8 cresciuto costantemente: ai due soci fondatori, direttamente dalla sede centrale tedesca, si sono aggiunti oltre <strong>90 <\/strong>dipendenti dislocati in tutta l\u2019area geografica strategica dell\u2019Austria, Svizzera e Germania. Nel 2010 \u00e8 arrivata l\u2019apertura della sede italiana (Udine) e nel 2012 quella olandese.<\/p>\n<p>&nbsp;<\/p>\n<p>\u201c<em>In Germania<\/em> \u2013spiega <a href=\"https:\/\/www.linkedin.com\/in\/alessandro-parisi-1336861b\/\">Alessandro Parisi <\/a>Senior VP Sales International di estos Italia e responsabile amministrativo e commerciale della sede italiana &#8211; <em>a fare da padrona \u00e8 la parte di produzione. Il 90% \u00e8 ricerca e sviluppo, marketing e sales solo il 10%. L\u2019azienda \u00e8 gestita totalmente con capitali privati, cresciamo in funzione dei successi che collezioniamo<\/em>\u201d.<\/p>\n<p>&nbsp;<\/p>\n<p>Le soluzioni di Unified Communications &amp; Collaboration aiutano a rendere pi\u00f9 efficienti e a semplificare i processi lavorativi. I dipendenti possono collaborare pi\u00f9 velocemente e lavorare in modo pi\u00f9 produttivo ai progetti. Libera iniziativa, collaborazione ma anche e soprattutto competenza. Se l\u2019obiettivo \u00e8 semplificare, appunto, la vita delle persone, allora non si possono trascurare le risorse, i talenti. Investire sul capitale umano \u00e8 una scelta per estos e rester\u00e0 una priorit\u00e0.<\/p>\n<p>&nbsp;<\/p>\n<p>&nbsp;<\/p>\n<p><strong>Verso il futuro <\/strong><\/p>\n<p>\u201c<em>Il nostro e-commerce<\/em> \u2013 dichiara Parisi- <em>va potenziato. In Italia c\u2019\u00e8 ancora molto da fare, il nostro \u00e8 un mercato che ha enormi possibilit\u00e0 rallentate per\u00f2 dall\u2019assenza di una cultura informatica. Analizzando alcuni paesi come Gran Bretagna e Scandinavia abbiamo individuato partner coi quali creeremo una relazione stabile. L\u2019obiettivo \u00e8 dare vita a nuove collaborazioni<\/em>\u201d.<\/p>\n<p>&nbsp;<\/p>\n<p>La macchina &#8211; che attualmente conta 4 commerciali- \u00e8 rodata, la squadra coesa, \u201c<em>negli anni abbiamo imparato a lavorare insieme e a strutturare una rete solida. Vogliamo consolidare un modello e crescere in termini di posizionamento sul mercato<\/em>&#8211; conferma Parisi-<em> Ci sono nuovi servizi da integrare, aree geografiche che fino ad oggi erano presidiate da remoto da coprire<\/em>\u201d.<\/p>\n<p>&nbsp;<\/p>\n<p>Un team in crescita e tanti obiettivi da raggiungere. Il 2018 \u00e8 alle porte e scriver\u00e0 un nuovo importante capitolo della storia di estos.<\/p>\n<p>&nbsp;<\/p>\n","protected":false},"excerpt":{"rendered":"<p>Scommettere su s\u00e9 stessi, a 20 anni dalla fondazione e sapersi rinnovare in un settore estremamente dinamico come quello dell\u2019ICT.\u00a0 La sfida \u00e8 far crescere il business, rafforzare la squadra, espandersi e scalare i mercati stranieri: estos c\u2019\u00e8 e la raccoglie con fiducia. In vista del rilascio ufficiale del best-seller ProCall 6 Enterprise, previsto per il mese di ottobre, l\u2019azienda che sviluppa software di Unified Communications &amp; CTI annuncia grandi<\/p>\n<p><a class=\"continue-reading\" href=\"https:\/\/www.article-marketing.eu\/comunicatistampa\/dalla-germania-al-resto-deuropa-estos-punta-rafforzare-mercato-estero-scenari-positivi-anche-la-sede-italiana\/\">Continue reading&#8230;<\/a><\/p>\n","protected":false},"author":607,"featured_media":0,"comment_status":"open","ping_status":"open","sticky":false,"template":"","format":"gallery","meta":{"_monsterinsights_skip_tracking":false,"_monsterinsights_sitenote_active":false,"_monsterinsights_sitenote_note":"","_monsterinsights_sitenote_category":0,"footnotes":""},"categories":[388,78,389,390,355],"tags":[2609,2427,2613,2611,2612,2484,2610],"class_list":["post-5550","post","type-post","status-publish","format-gallery","hentry","category-aziende","category-comunicati-stampa","category-marketing","category-professionisti","category-telecomunicazioni","tag-alessandro-parisi","tag-estos","tag-mercato-estero","tag-procall6enterprise","tag-storia","tag-successi","tag-team","post_format-post-format-gallery"],"yoast_head":"<!-- This site is optimized with the Yoast SEO plugin v27.3 - https:\/\/yoast.com\/product\/yoast-seo-wordpress\/ -->\n<title>Dalla Germania al resto d\u2019Europa. Estos punta a rafforzare il mercato estero. Scenari positivi anche per la sede italiana. - Article Marketing<\/title>\n<meta name=\"robots\" content=\"index, follow, max-snippet:-1, max-image-preview:large, max-video-preview:-1\" \/>\n<link rel=\"canonical\" href=\"https:\/\/www.article-marketing.eu\/comunicatistampa\/dalla-germania-al-resto-deuropa-estos-punta-rafforzare-mercato-estero-scenari-positivi-anche-la-sede-italiana\/\" \/>\n<meta property=\"og:locale\" content=\"it_IT\" \/>\n<meta property=\"og:type\" content=\"article\" \/>\n<meta property=\"og:title\" content=\"Dalla Germania al resto d\u2019Europa. Estos punta a rafforzare il mercato estero. Scenari positivi anche per la sede italiana. - Article Marketing\" \/>\n<meta property=\"og:description\" content=\"Scommettere su s\u00e9 stessi, a 20 anni dalla fondazione e sapersi rinnovare in un settore estremamente dinamico come quello dell\u2019ICT.\u00a0 La sfida \u00e8 far crescere il business, rafforzare la squadra, espandersi e scalare i mercati stranieri: estos c\u2019\u00e8 e la raccoglie con fiducia. In vista del rilascio ufficiale del best-seller ProCall 6 Enterprise, previsto per il mese di ottobre, l\u2019azienda che sviluppa software di Unified Communications &amp; CTI annuncia grandiContinue reading...\" \/>\n<meta property=\"og:url\" content=\"https:\/\/www.article-marketing.eu\/comunicatistampa\/dalla-germania-al-resto-deuropa-estos-punta-rafforzare-mercato-estero-scenari-positivi-anche-la-sede-italiana\/\" \/>\n<meta property=\"og:site_name\" content=\"Article Marketing\" \/>\n<meta property=\"article:published_time\" content=\"2017-09-25T15:48:03+00:00\" \/>\n<meta name=\"author\" content=\"inside\" \/>\n<meta name=\"twitter:card\" content=\"summary_large_image\" \/>\n<meta name=\"twitter:label1\" content=\"Scritto da\" \/>\n\t<meta name=\"twitter:data1\" content=\"inside\" \/>\n\t<meta name=\"twitter:label2\" content=\"Tempo di lettura stimato\" \/>\n\t<meta name=\"twitter:data2\" content=\"3 minuti\" \/>\n<script type=\"application\/ld+json\" class=\"yoast-schema-graph\">{\"@context\":\"https:\\\/\\\/schema.org\",\"@graph\":[{\"@type\":\"Article\",\"@id\":\"https:\\\/\\\/www.article-marketing.eu\\\/comunicatistampa\\\/dalla-germania-al-resto-deuropa-estos-punta-rafforzare-mercato-estero-scenari-positivi-anche-la-sede-italiana\\\/#article\",\"isPartOf\":{\"@id\":\"https:\\\/\\\/www.article-marketing.eu\\\/comunicatistampa\\\/dalla-germania-al-resto-deuropa-estos-punta-rafforzare-mercato-estero-scenari-positivi-anche-la-sede-italiana\\\/\"},\"author\":{\"name\":\"inside\",\"@id\":\"https:\\\/\\\/www.article-marketing.eu\\\/comunicatistampa\\\/#\\\/schema\\\/person\\\/965ee7c41059c718f74df01d19d7615a\"},\"headline\":\"Dalla Germania al resto d\u2019Europa. Estos punta a rafforzare il mercato estero. Scenari positivi anche per la sede italiana.\",\"datePublished\":\"2017-09-25T15:48:03+00:00\",\"mainEntityOfPage\":{\"@id\":\"https:\\\/\\\/www.article-marketing.eu\\\/comunicatistampa\\\/dalla-germania-al-resto-deuropa-estos-punta-rafforzare-mercato-estero-scenari-positivi-anche-la-sede-italiana\\\/\"},\"wordCount\":567,\"commentCount\":0,\"keywords\":[\"alessandro parisi\",\"estos\",\"mercato estero\",\"procall6enterprise\",\"storia\",\"successi\",\"team\"],\"articleSection\":[\"Aziende\",\"Comunicati stampa\",\"Marketing\",\"Professionisti\",\"Telecomunicazioni\"],\"inLanguage\":\"it-IT\",\"potentialAction\":[{\"@type\":\"CommentAction\",\"name\":\"Comment\",\"target\":[\"https:\\\/\\\/www.article-marketing.eu\\\/comunicatistampa\\\/dalla-germania-al-resto-deuropa-estos-punta-rafforzare-mercato-estero-scenari-positivi-anche-la-sede-italiana\\\/#respond\"]}]},{\"@type\":\"WebPage\",\"@id\":\"https:\\\/\\\/www.article-marketing.eu\\\/comunicatistampa\\\/dalla-germania-al-resto-deuropa-estos-punta-rafforzare-mercato-estero-scenari-positivi-anche-la-sede-italiana\\\/\",\"url\":\"https:\\\/\\\/www.article-marketing.eu\\\/comunicatistampa\\\/dalla-germania-al-resto-deuropa-estos-punta-rafforzare-mercato-estero-scenari-positivi-anche-la-sede-italiana\\\/\",\"name\":\"Dalla Germania al resto d\u2019Europa. Estos punta a rafforzare il mercato estero. Scenari positivi anche per la sede italiana. - Article Marketing\",\"isPartOf\":{\"@id\":\"https:\\\/\\\/www.article-marketing.eu\\\/comunicatistampa\\\/#website\"},\"datePublished\":\"2017-09-25T15:48:03+00:00\",\"author\":{\"@id\":\"https:\\\/\\\/www.article-marketing.eu\\\/comunicatistampa\\\/#\\\/schema\\\/person\\\/965ee7c41059c718f74df01d19d7615a\"},\"breadcrumb\":{\"@id\":\"https:\\\/\\\/www.article-marketing.eu\\\/comunicatistampa\\\/dalla-germania-al-resto-deuropa-estos-punta-rafforzare-mercato-estero-scenari-positivi-anche-la-sede-italiana\\\/#breadcrumb\"},\"inLanguage\":\"it-IT\",\"potentialAction\":[{\"@type\":\"ReadAction\",\"target\":[\"https:\\\/\\\/www.article-marketing.eu\\\/comunicatistampa\\\/dalla-germania-al-resto-deuropa-estos-punta-rafforzare-mercato-estero-scenari-positivi-anche-la-sede-italiana\\\/\"]}]},{\"@type\":\"BreadcrumbList\",\"@id\":\"https:\\\/\\\/www.article-marketing.eu\\\/comunicatistampa\\\/dalla-germania-al-resto-deuropa-estos-punta-rafforzare-mercato-estero-scenari-positivi-anche-la-sede-italiana\\\/#breadcrumb\",\"itemListElement\":[{\"@type\":\"ListItem\",\"position\":1,\"name\":\"Home\",\"item\":\"https:\\\/\\\/www.article-marketing.eu\\\/comunicatistampa\\\/\"},{\"@type\":\"ListItem\",\"position\":2,\"name\":\"Dalla Germania al resto d\u2019Europa. Estos punta a rafforzare il mercato estero. Scenari positivi anche per la sede italiana.\"}]},{\"@type\":\"WebSite\",\"@id\":\"https:\\\/\\\/www.article-marketing.eu\\\/comunicatistampa\\\/#website\",\"url\":\"https:\\\/\\\/www.article-marketing.eu\\\/comunicatistampa\\\/\",\"name\":\"Article Marketing\",\"description\":\"article marketing &amp; press release\",\"potentialAction\":[{\"@type\":\"SearchAction\",\"target\":{\"@type\":\"EntryPoint\",\"urlTemplate\":\"https:\\\/\\\/www.article-marketing.eu\\\/comunicatistampa\\\/?s={search_term_string}\"},\"query-input\":{\"@type\":\"PropertyValueSpecification\",\"valueRequired\":true,\"valueName\":\"search_term_string\"}}],\"inLanguage\":\"it-IT\"},{\"@type\":\"Person\",\"@id\":\"https:\\\/\\\/www.article-marketing.eu\\\/comunicatistampa\\\/#\\\/schema\\\/person\\\/965ee7c41059c718f74df01d19d7615a\",\"name\":\"inside\",\"image\":{\"@type\":\"ImageObject\",\"inLanguage\":\"it-IT\",\"@id\":\"https:\\\/\\\/secure.gravatar.com\\\/avatar\\\/1f30040eadae5a4406045456b9ef778104ba4c2fdf949a2e921ca9c1074ab866?s=96&d=mm&r=g\",\"url\":\"https:\\\/\\\/secure.gravatar.com\\\/avatar\\\/1f30040eadae5a4406045456b9ef778104ba4c2fdf949a2e921ca9c1074ab866?s=96&d=mm&r=g\",\"contentUrl\":\"https:\\\/\\\/secure.gravatar.com\\\/avatar\\\/1f30040eadae5a4406045456b9ef778104ba4c2fdf949a2e921ca9c1074ab866?s=96&d=mm&r=g\",\"caption\":\"inside\"},\"url\":\"https:\\\/\\\/www.article-marketing.eu\\\/comunicatistampa\\\/author\\\/inside\\\/\"}]}<\/script>\n<!-- \/ Yoast SEO plugin. -->","yoast_head_json":{"title":"Dalla Germania al resto d\u2019Europa. Estos punta a rafforzare il mercato estero. Scenari positivi anche per la sede italiana. - Article Marketing","robots":{"index":"index","follow":"follow","max-snippet":"max-snippet:-1","max-image-preview":"max-image-preview:large","max-video-preview":"max-video-preview:-1"},"canonical":"https:\/\/www.article-marketing.eu\/comunicatistampa\/dalla-germania-al-resto-deuropa-estos-punta-rafforzare-mercato-estero-scenari-positivi-anche-la-sede-italiana\/","og_locale":"it_IT","og_type":"article","og_title":"Dalla Germania al resto d\u2019Europa. Estos punta a rafforzare il mercato estero. Scenari positivi anche per la sede italiana. - Article Marketing","og_description":"Scommettere su s\u00e9 stessi, a 20 anni dalla fondazione e sapersi rinnovare in un settore estremamente dinamico come quello dell\u2019ICT.\u00a0 La sfida \u00e8 far crescere il business, rafforzare la squadra, espandersi e scalare i mercati stranieri: estos c\u2019\u00e8 e la raccoglie con fiducia. In vista del rilascio ufficiale del best-seller ProCall 6 Enterprise, previsto per il mese di ottobre, l\u2019azienda che sviluppa software di Unified Communications &amp; CTI annuncia grandiContinue reading...","og_url":"https:\/\/www.article-marketing.eu\/comunicatistampa\/dalla-germania-al-resto-deuropa-estos-punta-rafforzare-mercato-estero-scenari-positivi-anche-la-sede-italiana\/","og_site_name":"Article Marketing","article_published_time":"2017-09-25T15:48:03+00:00","author":"inside","twitter_card":"summary_large_image","twitter_misc":{"Scritto da":"inside","Tempo di lettura stimato":"3 minuti"},"schema":{"@context":"https:\/\/schema.org","@graph":[{"@type":"Article","@id":"https:\/\/www.article-marketing.eu\/comunicatistampa\/dalla-germania-al-resto-deuropa-estos-punta-rafforzare-mercato-estero-scenari-positivi-anche-la-sede-italiana\/#article","isPartOf":{"@id":"https:\/\/www.article-marketing.eu\/comunicatistampa\/dalla-germania-al-resto-deuropa-estos-punta-rafforzare-mercato-estero-scenari-positivi-anche-la-sede-italiana\/"},"author":{"name":"inside","@id":"https:\/\/www.article-marketing.eu\/comunicatistampa\/#\/schema\/person\/965ee7c41059c718f74df01d19d7615a"},"headline":"Dalla Germania al resto d\u2019Europa. Estos punta a rafforzare il mercato estero. Scenari positivi anche per la sede italiana.","datePublished":"2017-09-25T15:48:03+00:00","mainEntityOfPage":{"@id":"https:\/\/www.article-marketing.eu\/comunicatistampa\/dalla-germania-al-resto-deuropa-estos-punta-rafforzare-mercato-estero-scenari-positivi-anche-la-sede-italiana\/"},"wordCount":567,"commentCount":0,"keywords":["alessandro parisi","estos","mercato estero","procall6enterprise","storia","successi","team"],"articleSection":["Aziende","Comunicati stampa","Marketing","Professionisti","Telecomunicazioni"],"inLanguage":"it-IT","potentialAction":[{"@type":"CommentAction","name":"Comment","target":["https:\/\/www.article-marketing.eu\/comunicatistampa\/dalla-germania-al-resto-deuropa-estos-punta-rafforzare-mercato-estero-scenari-positivi-anche-la-sede-italiana\/#respond"]}]},{"@type":"WebPage","@id":"https:\/\/www.article-marketing.eu\/comunicatistampa\/dalla-germania-al-resto-deuropa-estos-punta-rafforzare-mercato-estero-scenari-positivi-anche-la-sede-italiana\/","url":"https:\/\/www.article-marketing.eu\/comunicatistampa\/dalla-germania-al-resto-deuropa-estos-punta-rafforzare-mercato-estero-scenari-positivi-anche-la-sede-italiana\/","name":"Dalla Germania al resto d\u2019Europa. Estos punta a rafforzare il mercato estero. Scenari positivi anche per la sede italiana. - Article Marketing","isPartOf":{"@id":"https:\/\/www.article-marketing.eu\/comunicatistampa\/#website"},"datePublished":"2017-09-25T15:48:03+00:00","author":{"@id":"https:\/\/www.article-marketing.eu\/comunicatistampa\/#\/schema\/person\/965ee7c41059c718f74df01d19d7615a"},"breadcrumb":{"@id":"https:\/\/www.article-marketing.eu\/comunicatistampa\/dalla-germania-al-resto-deuropa-estos-punta-rafforzare-mercato-estero-scenari-positivi-anche-la-sede-italiana\/#breadcrumb"},"inLanguage":"it-IT","potentialAction":[{"@type":"ReadAction","target":["https:\/\/www.article-marketing.eu\/comunicatistampa\/dalla-germania-al-resto-deuropa-estos-punta-rafforzare-mercato-estero-scenari-positivi-anche-la-sede-italiana\/"]}]},{"@type":"BreadcrumbList","@id":"https:\/\/www.article-marketing.eu\/comunicatistampa\/dalla-germania-al-resto-deuropa-estos-punta-rafforzare-mercato-estero-scenari-positivi-anche-la-sede-italiana\/#breadcrumb","itemListElement":[{"@type":"ListItem","position":1,"name":"Home","item":"https:\/\/www.article-marketing.eu\/comunicatistampa\/"},{"@type":"ListItem","position":2,"name":"Dalla Germania al resto d\u2019Europa. Estos punta a rafforzare il mercato estero. Scenari positivi anche per la sede italiana."}]},{"@type":"WebSite","@id":"https:\/\/www.article-marketing.eu\/comunicatistampa\/#website","url":"https:\/\/www.article-marketing.eu\/comunicatistampa\/","name":"Article Marketing","description":"article marketing &amp; press release","potentialAction":[{"@type":"SearchAction","target":{"@type":"EntryPoint","urlTemplate":"https:\/\/www.article-marketing.eu\/comunicatistampa\/?s={search_term_string}"},"query-input":{"@type":"PropertyValueSpecification","valueRequired":true,"valueName":"search_term_string"}}],"inLanguage":"it-IT"},{"@type":"Person","@id":"https:\/\/www.article-marketing.eu\/comunicatistampa\/#\/schema\/person\/965ee7c41059c718f74df01d19d7615a","name":"inside","image":{"@type":"ImageObject","inLanguage":"it-IT","@id":"https:\/\/secure.gravatar.com\/avatar\/1f30040eadae5a4406045456b9ef778104ba4c2fdf949a2e921ca9c1074ab866?s=96&d=mm&r=g","url":"https:\/\/secure.gravatar.com\/avatar\/1f30040eadae5a4406045456b9ef778104ba4c2fdf949a2e921ca9c1074ab866?s=96&d=mm&r=g","contentUrl":"https:\/\/secure.gravatar.com\/avatar\/1f30040eadae5a4406045456b9ef778104ba4c2fdf949a2e921ca9c1074ab866?s=96&d=mm&r=g","caption":"inside"},"url":"https:\/\/www.article-marketing.eu\/comunicatistampa\/author\/inside\/"}]}},"_links":{"self":[{"href":"https:\/\/www.article-marketing.eu\/comunicatistampa\/wp-json\/wp\/v2\/posts\/5550","targetHints":{"allow":["GET"]}}],"collection":[{"href":"https:\/\/www.article-marketing.eu\/comunicatistampa\/wp-json\/wp\/v2\/posts"}],"about":[{"href":"https:\/\/www.article-marketing.eu\/comunicatistampa\/wp-json\/wp\/v2\/types\/post"}],"author":[{"embeddable":true,"href":"https:\/\/www.article-marketing.eu\/comunicatistampa\/wp-json\/wp\/v2\/users\/607"}],"replies":[{"embeddable":true,"href":"https:\/\/www.article-marketing.eu\/comunicatistampa\/wp-json\/wp\/v2\/comments?post=5550"}],"version-history":[{"count":2,"href":"https:\/\/www.article-marketing.eu\/comunicatistampa\/wp-json\/wp\/v2\/posts\/5550\/revisions"}],"predecessor-version":[{"id":5561,"href":"https:\/\/www.article-marketing.eu\/comunicatistampa\/wp-json\/wp\/v2\/posts\/5550\/revisions\/5561"}],"wp:attachment":[{"href":"https:\/\/www.article-marketing.eu\/comunicatistampa\/wp-json\/wp\/v2\/media?parent=5550"}],"wp:term":[{"taxonomy":"category","embeddable":true,"href":"https:\/\/www.article-marketing.eu\/comunicatistampa\/wp-json\/wp\/v2\/categories?post=5550"},{"taxonomy":"post_tag","embeddable":true,"href":"https:\/\/www.article-marketing.eu\/comunicatistampa\/wp-json\/wp\/v2\/tags?post=5550"}],"curies":[{"name":"wp","href":"https:\/\/api.w.org\/{rel}","templated":true}]}}