{"id":5583,"date":"2017-09-27T01:34:55","date_gmt":"2017-09-26T23:34:55","guid":{"rendered":"http:\/\/www.article-marketing.eu\/comunicatistampa\/?p=5583"},"modified":"2017-09-27T01:34:55","modified_gmt":"2017-09-26T23:34:55","slug":"digital-workplace-trasformazione-parte-dalla-cultura-aziendale","status":"publish","type":"post","link":"https:\/\/www.article-marketing.eu\/comunicatistampa\/digital-workplace-trasformazione-parte-dalla-cultura-aziendale\/","title":{"rendered":"Digital Workplace, una trasformazione che parte dalla cultura aziendale"},"content":{"rendered":"<p>Nelle aziende l\u2019innovazione tecnologica tocca da vicino la componente pi\u00f9 importante di ogni processo di cambiamento: le persone. La trasformazione digitale non pu\u00f2 quindi prescindere dalla cultura, dall\u2019organizzazione e dal coinvolgimento dei dipendenti che, come emerge da una ricerca Ricoh, guardano con fiducia al Digital Workplace.<\/p>\n<p>Javier Diez-Aguirre, Vice President, Corporate Marketing, Ricoh Europe<\/p>\n<p>Gary Hamel, esperto di strategie aziendali, afferma: \u201cNon puoi realizzare un\u2019organizzazione adattiva senza persone adattive e le persone cambiano solo quando devono oppure vogliono farlo\u201d. Il successo dell\u2019innovazione tecnologica in azienda dipende quindi dalle persone e deve partire dalla cultura aziendale.<\/p>\n<p>L\u201981% degli intervistati di una ricerca Ricoh afferma che le nuove tecnologie, come ad esempio l\u2019automazione e l\u2019intelligenza artificiale, stanno trasformando il modo di lavorare. I dipendenti sono convinti che, per il buon esito di un progetto, sia necessario mettere le persone al centro dell\u2019attenzione e considerare gli aspetti culturali.<br \/>\nQuesto vale anche per il Digital Workplace, un ambito verso il quale i dipendenti europei mostrano grande ottimismo e fiducia.<br \/>\nAbbiamo indentificato tre aspetti che le aziende dovrebbero prendere in considerazione nei progetti di Digital Transformation.<\/p>\n<p>1. Ascolta i dipendenti: le tecnologie portano a profondi cambiamenti modificando lo status quo. Le persone dovrebbero essere incoraggiate a condividere idee e proposte su come si possa lavorare in modo pi\u00f9 smart. I dipendenti vorrebbero che la propria azienda diventasse pi\u00f9 agile e flessibile grazie all\u2019innovazione tecnologica, mentre pensano (71% del campione) che l\u2019unico interesse del top management riguardi la riduzione dei costi. Un modo per ascoltare le esigenze e i suggerimenti dei dipendenti pu\u00f2 essere quello di aprire un blog o un forum aziendale che faciliti il dialogo e di conseguenza l\u2019adozione di tecnologie davvero utili a migliorare le attivit\u00e0 quotidiane.<\/p>\n<p>2. Presta attenzione a cosa succede intorno a te: le aziende, in particolare quelle di piccole e medie dimensioni, dovrebbero analizzare in che modo i market leader stanno utilizzando le tecnologie per migliorare il business. Comprendere le strategie, come anche il ruolo della cultura digitale, pu\u00f2 aiutare a compiere i primi passi nella Digital Transformation. Quasi la met\u00e0 del campione della ricerca (45%) afferma di essere interessato a lavorare in aziende competitor che utilizzano tecnologie innovative e una percentuale simile (46%) si chiede se le tecnologie messe a disposizione dalla propria azienda aumentino davvero la produttivit\u00e0. Le aziende non possono permettersi di perdere i migliori talenti solo perch\u00e9 non riescono a introdurre le tecnologie di cui necessitano.<\/p>\n<p>3. Ricordati che la pratica \u00e8 meglio della teoria: solo il 27% dei dipendenti coinvolti nello studio \u00e8 soddisfatto della formazione tecnologica che riceve dalla propria azienda. Il risultato \u00e8 che la maggioranza delle persone ha difficolt\u00e0 ad utilizzare le nuove tecnologie e a trarne vantaggio. La teoria, ovviamente, non \u00e8 sufficiente ed \u00e8 importante organizzare demo pratiche e workshop, chiedendo al fornitore IT di supportare queste attivit\u00e0.<\/p>\n<p>Le opportunit\u00e0 del Digital Workplace sono davvero tante e ignorarle pu\u00f2 addirittura danneggiare il business. Un terzo dei dipendenti \u00e8 infatti convinto che la propria azienda sia destinata a fallire entro cinque anni se non riuscir\u00e0 a investire in modo corretto nelle nuove tecnologie. La cultura e il cambiamento organizzativo fanno quindi la differenza nel processo di trasformazione, contribuendo a rendere l\u2019azienda agile e adattiva per un successo digitale di lungo periodo.<\/p>\n","protected":false},"excerpt":{"rendered":"<p>Nelle aziende l\u2019innovazione tecnologica tocca da vicino la componente pi\u00f9 importante di ogni processo di cambiamento: le persone. La trasformazione digitale non pu\u00f2 quindi prescindere dalla cultura, dall\u2019organizzazione e dal coinvolgimento dei dipendenti che, come emerge da una ricerca Ricoh, guardano con fiducia al Digital Workplace. Javier Diez-Aguirre, Vice President, Corporate Marketing, Ricoh Europe Gary Hamel, esperto di strategie aziendali, afferma: \u201cNon puoi realizzare un\u2019organizzazione adattiva senza persone adattive e<\/p>\n<p><a class=\"continue-reading\" href=\"https:\/\/www.article-marketing.eu\/comunicatistampa\/digital-workplace-trasformazione-parte-dalla-cultura-aziendale\/\">Continue reading&#8230;<\/a><\/p>\n","protected":false},"author":15,"featured_media":0,"comment_status":"open","ping_status":"open","sticky":false,"template":"","format":"standard","meta":{"_monsterinsights_skip_tracking":false,"_monsterinsights_sitenote_active":false,"_monsterinsights_sitenote_note":"","_monsterinsights_sitenote_category":0,"footnotes":""},"categories":[78],"tags":[],"class_list":["post-5583","post","type-post","status-publish","format-standard","hentry","category-comunicati-stampa"],"yoast_head":"<!-- This site is optimized with the Yoast SEO plugin v27.3 - https:\/\/yoast.com\/product\/yoast-seo-wordpress\/ -->\n<title>Digital Workplace, una trasformazione che parte dalla cultura aziendale - Article Marketing<\/title>\n<meta name=\"robots\" content=\"index, follow, max-snippet:-1, max-image-preview:large, max-video-preview:-1\" \/>\n<link rel=\"canonical\" href=\"https:\/\/www.article-marketing.eu\/comunicatistampa\/digital-workplace-trasformazione-parte-dalla-cultura-aziendale\/\" \/>\n<meta property=\"og:locale\" content=\"it_IT\" \/>\n<meta property=\"og:type\" content=\"article\" \/>\n<meta property=\"og:title\" content=\"Digital Workplace, una trasformazione che parte dalla cultura aziendale - Article Marketing\" \/>\n<meta property=\"og:description\" content=\"Nelle aziende l\u2019innovazione tecnologica tocca da vicino la componente pi\u00f9 importante di ogni processo di cambiamento: le persone. La trasformazione digitale non pu\u00f2 quindi prescindere dalla cultura, dall\u2019organizzazione e dal coinvolgimento dei dipendenti che, come emerge da una ricerca Ricoh, guardano con fiducia al Digital Workplace. Javier Diez-Aguirre, Vice President, Corporate Marketing, Ricoh Europe Gary Hamel, esperto di strategie aziendali, afferma: \u201cNon puoi realizzare un\u2019organizzazione adattiva senza persone adattive eContinue reading...\" \/>\n<meta property=\"og:url\" content=\"https:\/\/www.article-marketing.eu\/comunicatistampa\/digital-workplace-trasformazione-parte-dalla-cultura-aziendale\/\" \/>\n<meta property=\"og:site_name\" content=\"Article Marketing\" \/>\n<meta property=\"article:published_time\" content=\"2017-09-26T23:34:55+00:00\" \/>\n<meta name=\"author\" content=\"MartaOldani\" \/>\n<meta name=\"twitter:card\" content=\"summary_large_image\" \/>\n<meta name=\"twitter:label1\" content=\"Scritto da\" \/>\n\t<meta name=\"twitter:data1\" content=\"MartaOldani\" \/>\n\t<meta name=\"twitter:label2\" content=\"Tempo di lettura stimato\" \/>\n\t<meta name=\"twitter:data2\" content=\"3 minuti\" \/>\n<script type=\"application\/ld+json\" class=\"yoast-schema-graph\">{\"@context\":\"https:\\\/\\\/schema.org\",\"@graph\":[{\"@type\":\"Article\",\"@id\":\"https:\\\/\\\/www.article-marketing.eu\\\/comunicatistampa\\\/digital-workplace-trasformazione-parte-dalla-cultura-aziendale\\\/#article\",\"isPartOf\":{\"@id\":\"https:\\\/\\\/www.article-marketing.eu\\\/comunicatistampa\\\/digital-workplace-trasformazione-parte-dalla-cultura-aziendale\\\/\"},\"author\":{\"name\":\"MartaOldani\",\"@id\":\"https:\\\/\\\/www.article-marketing.eu\\\/comunicatistampa\\\/#\\\/schema\\\/person\\\/11429a0958085546a14f2ef8706ed1ad\"},\"headline\":\"Digital Workplace, una trasformazione che parte dalla cultura aziendale\",\"datePublished\":\"2017-09-26T23:34:55+00:00\",\"mainEntityOfPage\":{\"@id\":\"https:\\\/\\\/www.article-marketing.eu\\\/comunicatistampa\\\/digital-workplace-trasformazione-parte-dalla-cultura-aziendale\\\/\"},\"wordCount\":548,\"commentCount\":0,\"articleSection\":[\"Comunicati stampa\"],\"inLanguage\":\"it-IT\",\"potentialAction\":[{\"@type\":\"CommentAction\",\"name\":\"Comment\",\"target\":[\"https:\\\/\\\/www.article-marketing.eu\\\/comunicatistampa\\\/digital-workplace-trasformazione-parte-dalla-cultura-aziendale\\\/#respond\"]}]},{\"@type\":\"WebPage\",\"@id\":\"https:\\\/\\\/www.article-marketing.eu\\\/comunicatistampa\\\/digital-workplace-trasformazione-parte-dalla-cultura-aziendale\\\/\",\"url\":\"https:\\\/\\\/www.article-marketing.eu\\\/comunicatistampa\\\/digital-workplace-trasformazione-parte-dalla-cultura-aziendale\\\/\",\"name\":\"Digital Workplace, una trasformazione che parte dalla cultura aziendale - Article Marketing\",\"isPartOf\":{\"@id\":\"https:\\\/\\\/www.article-marketing.eu\\\/comunicatistampa\\\/#website\"},\"datePublished\":\"2017-09-26T23:34:55+00:00\",\"author\":{\"@id\":\"https:\\\/\\\/www.article-marketing.eu\\\/comunicatistampa\\\/#\\\/schema\\\/person\\\/11429a0958085546a14f2ef8706ed1ad\"},\"breadcrumb\":{\"@id\":\"https:\\\/\\\/www.article-marketing.eu\\\/comunicatistampa\\\/digital-workplace-trasformazione-parte-dalla-cultura-aziendale\\\/#breadcrumb\"},\"inLanguage\":\"it-IT\",\"potentialAction\":[{\"@type\":\"ReadAction\",\"target\":[\"https:\\\/\\\/www.article-marketing.eu\\\/comunicatistampa\\\/digital-workplace-trasformazione-parte-dalla-cultura-aziendale\\\/\"]}]},{\"@type\":\"BreadcrumbList\",\"@id\":\"https:\\\/\\\/www.article-marketing.eu\\\/comunicatistampa\\\/digital-workplace-trasformazione-parte-dalla-cultura-aziendale\\\/#breadcrumb\",\"itemListElement\":[{\"@type\":\"ListItem\",\"position\":1,\"name\":\"Home\",\"item\":\"https:\\\/\\\/www.article-marketing.eu\\\/comunicatistampa\\\/\"},{\"@type\":\"ListItem\",\"position\":2,\"name\":\"Digital Workplace, una trasformazione che parte dalla cultura aziendale\"}]},{\"@type\":\"WebSite\",\"@id\":\"https:\\\/\\\/www.article-marketing.eu\\\/comunicatistampa\\\/#website\",\"url\":\"https:\\\/\\\/www.article-marketing.eu\\\/comunicatistampa\\\/\",\"name\":\"Article Marketing\",\"description\":\"article marketing &amp; press release\",\"potentialAction\":[{\"@type\":\"SearchAction\",\"target\":{\"@type\":\"EntryPoint\",\"urlTemplate\":\"https:\\\/\\\/www.article-marketing.eu\\\/comunicatistampa\\\/?s={search_term_string}\"},\"query-input\":{\"@type\":\"PropertyValueSpecification\",\"valueRequired\":true,\"valueName\":\"search_term_string\"}}],\"inLanguage\":\"it-IT\"},{\"@type\":\"Person\",\"@id\":\"https:\\\/\\\/www.article-marketing.eu\\\/comunicatistampa\\\/#\\\/schema\\\/person\\\/11429a0958085546a14f2ef8706ed1ad\",\"name\":\"MartaOldani\",\"image\":{\"@type\":\"ImageObject\",\"inLanguage\":\"it-IT\",\"@id\":\"https:\\\/\\\/secure.gravatar.com\\\/avatar\\\/61f67e4d0e5fe2ae475d07df4f372fb6eb25341737f3c7e794f70d4c169f28dd?s=96&d=mm&r=g\",\"url\":\"https:\\\/\\\/secure.gravatar.com\\\/avatar\\\/61f67e4d0e5fe2ae475d07df4f372fb6eb25341737f3c7e794f70d4c169f28dd?s=96&d=mm&r=g\",\"contentUrl\":\"https:\\\/\\\/secure.gravatar.com\\\/avatar\\\/61f67e4d0e5fe2ae475d07df4f372fb6eb25341737f3c7e794f70d4c169f28dd?s=96&d=mm&r=g\",\"caption\":\"MartaOldani\"},\"url\":\"https:\\\/\\\/www.article-marketing.eu\\\/comunicatistampa\\\/author\\\/martaoldani\\\/\"}]}<\/script>\n<!-- \/ Yoast SEO plugin. -->","yoast_head_json":{"title":"Digital Workplace, una trasformazione che parte dalla cultura aziendale - Article Marketing","robots":{"index":"index","follow":"follow","max-snippet":"max-snippet:-1","max-image-preview":"max-image-preview:large","max-video-preview":"max-video-preview:-1"},"canonical":"https:\/\/www.article-marketing.eu\/comunicatistampa\/digital-workplace-trasformazione-parte-dalla-cultura-aziendale\/","og_locale":"it_IT","og_type":"article","og_title":"Digital Workplace, una trasformazione che parte dalla cultura aziendale - Article Marketing","og_description":"Nelle aziende l\u2019innovazione tecnologica tocca da vicino la componente pi\u00f9 importante di ogni processo di cambiamento: le persone. La trasformazione digitale non pu\u00f2 quindi prescindere dalla cultura, dall\u2019organizzazione e dal coinvolgimento dei dipendenti che, come emerge da una ricerca Ricoh, guardano con fiducia al Digital Workplace. Javier Diez-Aguirre, Vice President, Corporate Marketing, Ricoh Europe Gary Hamel, esperto di strategie aziendali, afferma: \u201cNon puoi realizzare un\u2019organizzazione adattiva senza persone adattive eContinue reading...","og_url":"https:\/\/www.article-marketing.eu\/comunicatistampa\/digital-workplace-trasformazione-parte-dalla-cultura-aziendale\/","og_site_name":"Article Marketing","article_published_time":"2017-09-26T23:34:55+00:00","author":"MartaOldani","twitter_card":"summary_large_image","twitter_misc":{"Scritto da":"MartaOldani","Tempo di lettura stimato":"3 minuti"},"schema":{"@context":"https:\/\/schema.org","@graph":[{"@type":"Article","@id":"https:\/\/www.article-marketing.eu\/comunicatistampa\/digital-workplace-trasformazione-parte-dalla-cultura-aziendale\/#article","isPartOf":{"@id":"https:\/\/www.article-marketing.eu\/comunicatistampa\/digital-workplace-trasformazione-parte-dalla-cultura-aziendale\/"},"author":{"name":"MartaOldani","@id":"https:\/\/www.article-marketing.eu\/comunicatistampa\/#\/schema\/person\/11429a0958085546a14f2ef8706ed1ad"},"headline":"Digital Workplace, una trasformazione che parte dalla cultura aziendale","datePublished":"2017-09-26T23:34:55+00:00","mainEntityOfPage":{"@id":"https:\/\/www.article-marketing.eu\/comunicatistampa\/digital-workplace-trasformazione-parte-dalla-cultura-aziendale\/"},"wordCount":548,"commentCount":0,"articleSection":["Comunicati stampa"],"inLanguage":"it-IT","potentialAction":[{"@type":"CommentAction","name":"Comment","target":["https:\/\/www.article-marketing.eu\/comunicatistampa\/digital-workplace-trasformazione-parte-dalla-cultura-aziendale\/#respond"]}]},{"@type":"WebPage","@id":"https:\/\/www.article-marketing.eu\/comunicatistampa\/digital-workplace-trasformazione-parte-dalla-cultura-aziendale\/","url":"https:\/\/www.article-marketing.eu\/comunicatistampa\/digital-workplace-trasformazione-parte-dalla-cultura-aziendale\/","name":"Digital Workplace, una trasformazione che parte dalla cultura aziendale - Article Marketing","isPartOf":{"@id":"https:\/\/www.article-marketing.eu\/comunicatistampa\/#website"},"datePublished":"2017-09-26T23:34:55+00:00","author":{"@id":"https:\/\/www.article-marketing.eu\/comunicatistampa\/#\/schema\/person\/11429a0958085546a14f2ef8706ed1ad"},"breadcrumb":{"@id":"https:\/\/www.article-marketing.eu\/comunicatistampa\/digital-workplace-trasformazione-parte-dalla-cultura-aziendale\/#breadcrumb"},"inLanguage":"it-IT","potentialAction":[{"@type":"ReadAction","target":["https:\/\/www.article-marketing.eu\/comunicatistampa\/digital-workplace-trasformazione-parte-dalla-cultura-aziendale\/"]}]},{"@type":"BreadcrumbList","@id":"https:\/\/www.article-marketing.eu\/comunicatistampa\/digital-workplace-trasformazione-parte-dalla-cultura-aziendale\/#breadcrumb","itemListElement":[{"@type":"ListItem","position":1,"name":"Home","item":"https:\/\/www.article-marketing.eu\/comunicatistampa\/"},{"@type":"ListItem","position":2,"name":"Digital Workplace, una trasformazione che parte dalla cultura aziendale"}]},{"@type":"WebSite","@id":"https:\/\/www.article-marketing.eu\/comunicatistampa\/#website","url":"https:\/\/www.article-marketing.eu\/comunicatistampa\/","name":"Article Marketing","description":"article marketing &amp; press release","potentialAction":[{"@type":"SearchAction","target":{"@type":"EntryPoint","urlTemplate":"https:\/\/www.article-marketing.eu\/comunicatistampa\/?s={search_term_string}"},"query-input":{"@type":"PropertyValueSpecification","valueRequired":true,"valueName":"search_term_string"}}],"inLanguage":"it-IT"},{"@type":"Person","@id":"https:\/\/www.article-marketing.eu\/comunicatistampa\/#\/schema\/person\/11429a0958085546a14f2ef8706ed1ad","name":"MartaOldani","image":{"@type":"ImageObject","inLanguage":"it-IT","@id":"https:\/\/secure.gravatar.com\/avatar\/61f67e4d0e5fe2ae475d07df4f372fb6eb25341737f3c7e794f70d4c169f28dd?s=96&d=mm&r=g","url":"https:\/\/secure.gravatar.com\/avatar\/61f67e4d0e5fe2ae475d07df4f372fb6eb25341737f3c7e794f70d4c169f28dd?s=96&d=mm&r=g","contentUrl":"https:\/\/secure.gravatar.com\/avatar\/61f67e4d0e5fe2ae475d07df4f372fb6eb25341737f3c7e794f70d4c169f28dd?s=96&d=mm&r=g","caption":"MartaOldani"},"url":"https:\/\/www.article-marketing.eu\/comunicatistampa\/author\/martaoldani\/"}]}},"_links":{"self":[{"href":"https:\/\/www.article-marketing.eu\/comunicatistampa\/wp-json\/wp\/v2\/posts\/5583","targetHints":{"allow":["GET"]}}],"collection":[{"href":"https:\/\/www.article-marketing.eu\/comunicatistampa\/wp-json\/wp\/v2\/posts"}],"about":[{"href":"https:\/\/www.article-marketing.eu\/comunicatistampa\/wp-json\/wp\/v2\/types\/post"}],"author":[{"embeddable":true,"href":"https:\/\/www.article-marketing.eu\/comunicatistampa\/wp-json\/wp\/v2\/users\/15"}],"replies":[{"embeddable":true,"href":"https:\/\/www.article-marketing.eu\/comunicatistampa\/wp-json\/wp\/v2\/comments?post=5583"}],"version-history":[{"count":2,"href":"https:\/\/www.article-marketing.eu\/comunicatistampa\/wp-json\/wp\/v2\/posts\/5583\/revisions"}],"predecessor-version":[{"id":5594,"href":"https:\/\/www.article-marketing.eu\/comunicatistampa\/wp-json\/wp\/v2\/posts\/5583\/revisions\/5594"}],"wp:attachment":[{"href":"https:\/\/www.article-marketing.eu\/comunicatistampa\/wp-json\/wp\/v2\/media?parent=5583"}],"wp:term":[{"taxonomy":"category","embeddable":true,"href":"https:\/\/www.article-marketing.eu\/comunicatistampa\/wp-json\/wp\/v2\/categories?post=5583"},{"taxonomy":"post_tag","embeddable":true,"href":"https:\/\/www.article-marketing.eu\/comunicatistampa\/wp-json\/wp\/v2\/tags?post=5583"}],"curies":[{"name":"wp","href":"https:\/\/api.w.org\/{rel}","templated":true}]}}