{"id":5648,"date":"2017-09-29T17:02:25","date_gmt":"2017-09-29T15:02:25","guid":{"rendered":"http:\/\/www.article-marketing.eu\/comunicatistampa\/?p=5648"},"modified":"2020-08-10T01:47:49","modified_gmt":"2020-08-09T23:47:49","slug":"suonano-le-belle-parole-cuore-tasca-progetto-musicale-del-cantautore-fabrizio-fraioli-cd-dal-29-settembre-2017","status":"publish","type":"post","link":"https:\/\/www.article-marketing.eu\/comunicatistampa\/suonano-le-belle-parole-cuore-tasca-progetto-musicale-del-cantautore-fabrizio-fraioli-cd-dal-29-settembre-2017\/","title":{"rendered":"Suonano le belle parole: \u201cCuore in Tasca\u201d  \u2013 progetto musicale del cantautore Fabrizio Fraioli \u2013  in CD dal 29 settembre 2017"},"content":{"rendered":"<p>Roma, 29 settembre 2017 \u2013 Esce CUORE IN TASCA, progetto musicale del cantautore Fabrizio Fraioli con la collaborazione di Luciano Giannone, Stefano Onorati, Toni Germani e numerosi amici musicisti. Disponibile in CD dal 29 settembre 2017 e sulle maggiori piattaforme digitali.<\/p>\n<p>ln questo album, figlio della tradizione musicale cantautoriale italiana, si raccontano 11 storie espresse in canzoni. Storie che scavano nell&#8217;anima per raccontare i diversi tipi di amore che ci accompagnano lungo il viaggio che \u00e8 la vita stessa. Emozioni come i ricordi, le speranze e i rimpianti che ciascuno di noi porta con s\u00e9 nella tasca del cuore, e che solo il canto pu\u00f2 liberare.<\/p>\n<p>Le musiche, tutte originali, richiamano atmosfere folk e blues, con accenti di jazz, con arrangiamenti di fiati, tastiere, chitarre elettriche e acustiche, violino irlandese, e percussioni di tutti i tipi. I tanti amici musicisti che hanno collaborato al progetto hanno portato la propria esperienza per creare un amalgama di sonorit\u00e0 e sentimenti mediterranei.<\/p>\n<p>Citando le parole del cantante e autore dei testi, Fabrizio Fraioli: Suoniamo fondamentalmente per passione e non certo per inseguire la \u201ccelebrit\u00e0\u201d, ma, naturalmente, come tutti coloro che suonano, vorremmo far sentire quello che abbiamo creato agli altri. Il progetto dell\u2019album Cuore in Tasca \u00e8 nato come un\u2019avventura con la modesta ambizione di onorare la tradizione cantautoriale italiana, che non \u00e8 affatto morta. Non \u00e8 vero, come qualcuno sostiene, che le belle parole oggi non suonano pi\u00f9. Suonano s\u00ec, ma \u00e8 difficile trovare spazio per farle ascoltare in un mondo dove dilagano, dal vivo, principalmente le cover. Noi non demordiamo, siamo \u201cdifensori ostinati\u201d, come appunto il titolo di uno dei brani dell\u2019album.<\/p>\n<p>I MUSICISTI<\/p>\n<p>Amici da lungo tempo, Fabrizio Fraioli esordisce suonando a suo tempo al Folkstudio di Roma mentre Luciano Giannone per le strade del mondo. Unendo entusiasmo e musica di diverso stile, formano il gruppo Greyhound Cedimenti Strutturali, che si evolve con le collaborazioni di diversi amici musicisti per sfociare nell&#8217;attuale progetto Cuore in Tasca. Vero e proprio terzino del gruppo e garante dell\u2019assoluta qualit\u00e0 della produzione musicale, Stefano Onorati, si \u00e8 occupato della registrazione, del missaggio e della masterizzazione del disco oltre a suonare ogni tipo di strumento, reale o virtuale che sia: pianoforte, sintetizzatori, Hammond, diamonica e innumerevoli percussioni.<\/p>\n<p>Toni Germani, sassofonista, clarinettista, cantante, compositore, che ha collaborato con musicisti di varia provenienza e partecipato a festival internazionali, offre la sua talentuosa collaborazione su quattro brani, tra cui La Maestrina, singolo tratto dall\u2019album dal quale \u00e8 stato realizzato il videoclip con gli attori Barbara Esposito e Antonio De Stefano, prodotto da ControLuz di Estefania Lochtenberg e Lorenzo Monacelli: https:\/\/youtu.be\/rqFKU6lMi-Y https:\/\/www.facebook.com\/CuoreInTasca\/videos\/1634137153305209\/.<\/p>\n<p>Alla chitarra elettrica nel brano Il balcone troviamo il toscano Alberto Lorenzini, allievo di William Stravato, Massimo Varini e Giacomo Castellano nonch\u00e9 generoso insegnante del popolo di Youtube di tecniche chitarristiche rock, blues, heavy e pop con due album alle spalle: La Mia Verit\u00e0 e No Words: https:\/\/youtu.be\/HKch4qNavH8. Sul brano Se potessi, suona Gianluca De Angelis, esperto chitarrista blues e jazz, collaboratore a suo tempo di Sergio Caputo e Stefano Rosso. Su Senza fiato, invece, c\u2019\u00e8 il tocco vigoroso di violino \u201cirlandese\u201d di Fabio Mancini, collaboratore dei Figli del Secolo Breve (poi Stanza 101), Mantra Soul, Rieducational Band, Stolen Car, Der Wald, Wild West Band, BeFolk e tanti altri. E tutto quel ritmo di fondo ne La Maestrina lo dobbiamo alle sapienti mani di Mario \u201cdoc\u201d Poligioni, percussionista d&#8217;eccellenza, dotato di energia sconfinata percuote incessantemente tamburi, tamburelli, piatti, piattini e tutto quanto trova a portata di bacchetta.<\/p>\n<p>ELENCO DEI BRANI<\/p>\n<p>1. UNA DONNA D\u2019AUTUNNO<br \/>\nUn brano dedicato al \u201ccarpe diem\u201d di Orazio. Il suono delle sole chitarre acustiche vestono l le parole di una struggente ed inevitabile melanconia.<\/p>\n<p>2. LA MAESTRINA<br \/>\nL\u2019unico brano che narra di una storia vera: l\u2019incontro tra il giovane zio e la zia dell\u2019autore, con qualche anno in pi\u00f9 di lui. Lei, venuta dall\u2019Emilia Romagna ad insegnare in una scuola della Ciociaria nell\u2019ottobre del 1950, lui un audace ragazzo del Sud.<\/p>\n<p>3. IL LUOGO (TAKE I)<br \/>\nC\u2019\u00e8 un posto dove tutto inizia e tutto finisce; \u00e8 un luogo dell\u2019immaginazione, ma a volte \u00e8 un luogo reale. Qui il suono del sax duetta con la voce del cantante alla ricerca di un luogo dove le due melodie possano finalmente incontrarsi.<\/p>\n<p>4. UN\u2019ALTRA NOTTE \u00c8 TROPPO LUNGA<br \/>\nCi sono delle notti nelle quali prima di addormentarsi si pensa alla giornata trascorsa e si fanno buoni propositi per il domani che sta per arrivare credendo che questi si avvereranno; \u00e8 un po\u2019 come la notte di fine anno. Dopo una introduzione di pianoforte che annuncia il canto, il sax soprano conduce l\u2019ascoltatore verso quel momento nel quale il sonno e la veglia si confondono.<\/p>\n<p>5. DONNA CHE FUMA ALLA FINESTRA<br \/>\nNon bisogna attendere sempre di essere scelti, ma bisogna scegliere; non bisogna aprire solo a chi bussa alla porta, ma si deve aprire anche a chi non bussa. Insomma una dolce esortazione a partecipare alla vita e a salire sul treno delle opportunit\u00e0 invece di vederlo solamente passare.<\/p>\n<p>6. IL TROVATORE<br \/>\nLa Tillandsia (figlia del vento) \u00e8 un&#8217;originale pianta dell\u2019America centro-meridionale, la cui particolarit\u00e0 \u00e8 che riesce a vivere pur non mettendo radici n\u00e9 in terra n\u00e9 in acqua, ma vive come pianta parassitaria e senza alcun substrato. Cos\u00ec \u00e8 il cantastorie che non mette radici e si nutre cantando di tutte le storie che raccoglie lungo la strada.<\/p>\n<p>7. DIFENSORI OSTINATI<br \/>\nGli accadimenti del tempo possono rendere l\u2019animo come un volto senza espressione, come occhi che appena guardano, ma non vedono, come mani che trattengono i gesti e non toccano pi\u00f9.<\/p>\n<p>8. IL BALCONE<br \/>\nL\u2019amore pu\u00f2 creare dolore, ma quel dolore pu\u00f2 rendere felici. Le note della chitarra elettrica esprimono questo dolore insieme alla bellezza di questo tipo di dolore.<\/p>\n<p>9. SE POTESSI<br \/>\n\u201cse potessi\u201d \u00e8 un condizionale, ma per essere felici bisognerebbe non avere condizionamenti e fare sempre si che i ricordi non diventino rimpianti.<\/p>\n<p>10. IL LUOGO (TAKE II)<\/p>\n<p>11. SENZA FIATO<br \/>\nIl tempo passa e ci lascia senza fiato, ma ci deve lasciare contenti avere vissuto. Il violino irlandese ci porta magicamente in quel mondo fatto di ballate e di pub dove le canzoni vengono cantate in coro e suonate in gruppo.<\/p>\n<p>CREDITI<\/p>\n<p>Voce di Fabrizio Fraioli.<\/p>\n<p>Tutti i testi sono di Fabrizio Fraioli, tranne &#8220;Il trovatore&#8221;, scritti con Luciano Giannone.<br \/>\nMusiche originali di Fabrizio Fraioli, Luciano Giannone e Stefano Onorati.<br \/>\nL\u2019opera \u00e8 stata realizzata con la collaborazione di valenti musicisti quali Alberto Lorenzini (chitarra elettrica), Andrea Mastromattei (chitarra acustica), Daniele Cerioni (batteria), Fabio Mancini (violino), Fabrizio Fraioli (voce), Gianluca De Angelis (chitarra elettrica), Luciano Giannone (voce e chitarra acustica), Marco Chiummiento (chitarra acustica), Marco Falsini (sax soprano e tenore), Mario Poligioni (percussioni), Massimo di Gianvincenzo (basso), Maurizio Leone (basso), Stefano Onorati (piano, tastiere, synth,diamonica,moog e percussioni) e Toni Germani (sax alto)<\/p>\n<p>Registrato, missato e masterizzato da Stefano Onorati.<\/p>\n<p>I disegni della copertina del CD sono di Luca Giannone e il progetto grafico di \u201cGizzo\u201d Emanuele Rizzotti.<\/p>\n<p>CD in vendita:<br \/>\nhttps:\/\/store.cdbaby.com\/Artist\/FabrizioFraioli<br \/>\nhttps:\/\/itunes.apple.com\/it\/album\/cuore-in-tasca\/id1228554833?l=en<br \/>\nhttps:\/\/www.amazon.it\/Cuore-Tasca-Fabrizio-Fraioli\/dp\/B071R4LTYZ\/r<br \/>\nPER INFORMAZIONI:<br \/>\nfabrizio.fraioli@gmail.com &#8211; 335 8119075<\/p>\n<p>https:\/\/www.facebook.com\/CuoreInTasca\/<br \/>\nhttps:\/\/www.facebook.com\/events\/438944163168515\/?hc_location=ufi<\/p>\n","protected":false},"excerpt":{"rendered":"<p>Roma, 29 settembre 2017 \u2013 Esce CUORE IN TASCA, progetto musicale del cantautore Fabrizio Fraioli con la collaborazione di Luciano Giannone, Stefano Onorati, Toni Germani e numerosi amici musicisti. Disponibile in CD dal 29 settembre 2017 e sulle maggiori piattaforme digitali. ln questo album, figlio della tradizione musicale cantautoriale italiana, si raccontano 11 storie espresse in canzoni. Storie che scavano nell&#8217;anima per raccontare i diversi tipi di amore che ci<\/p>\n<p><a class=\"continue-reading\" href=\"https:\/\/www.article-marketing.eu\/comunicatistampa\/suonano-le-belle-parole-cuore-tasca-progetto-musicale-del-cantautore-fabrizio-fraioli-cd-dal-29-settembre-2017\/\">Continue reading&#8230;<\/a><\/p>\n","protected":false},"author":650,"featured_media":0,"comment_status":"open","ping_status":"open","sticky":false,"template":"","format":"video","meta":{"_monsterinsights_skip_tracking":false,"_monsterinsights_sitenote_active":false,"_monsterinsights_sitenote_note":"","_monsterinsights_sitenote_category":0,"footnotes":""},"categories":[78,411],"tags":[2673,2678,2675,2674,2672,2676,2677,6463],"class_list":["post-5648","post","type-post","status-publish","format-video","hentry","category-comunicati-stampa","category-musica","tag-cantautore-italiano","tag-cd-album-in-uscita","tag-fabrizio-fraioli","tag-la-maestrina","tag-musica-originale","tag-video-clip","tag-video-musicale","tag-vipcomusta","post_format-post-format-video"],"yoast_head":"<!-- This site is optimized with the Yoast SEO plugin v27.3 - https:\/\/yoast.com\/product\/yoast-seo-wordpress\/ -->\n<title>Suonano le belle parole: \u201cCuore in Tasca\u201d \u2013 progetto musicale del cantautore Fabrizio Fraioli \u2013 in CD dal 29 settembre 2017 - Article Marketing<\/title>\n<meta name=\"robots\" content=\"index, follow, max-snippet:-1, max-image-preview:large, max-video-preview:-1\" \/>\n<link rel=\"canonical\" href=\"https:\/\/www.article-marketing.eu\/comunicatistampa\/suonano-le-belle-parole-cuore-tasca-progetto-musicale-del-cantautore-fabrizio-fraioli-cd-dal-29-settembre-2017\/\" \/>\n<meta property=\"og:locale\" content=\"it_IT\" \/>\n<meta property=\"og:type\" content=\"article\" \/>\n<meta property=\"og:title\" content=\"Suonano le belle parole: \u201cCuore in Tasca\u201d \u2013 progetto musicale del cantautore Fabrizio Fraioli \u2013 in CD dal 29 settembre 2017 - Article Marketing\" \/>\n<meta property=\"og:description\" content=\"Roma, 29 settembre 2017 \u2013 Esce CUORE IN TASCA, progetto musicale del cantautore Fabrizio Fraioli con la collaborazione di Luciano Giannone, Stefano Onorati, Toni Germani e numerosi amici musicisti. Disponibile in CD dal 29 settembre 2017 e sulle maggiori piattaforme digitali. ln questo album, figlio della tradizione musicale cantautoriale italiana, si raccontano 11 storie espresse in canzoni. Storie che scavano nell&#8217;anima per raccontare i diversi tipi di amore che ciContinue reading...\" \/>\n<meta property=\"og:url\" content=\"https:\/\/www.article-marketing.eu\/comunicatistampa\/suonano-le-belle-parole-cuore-tasca-progetto-musicale-del-cantautore-fabrizio-fraioli-cd-dal-29-settembre-2017\/\" \/>\n<meta property=\"og:site_name\" content=\"Article Marketing\" \/>\n<meta property=\"article:published_time\" content=\"2017-09-29T15:02:25+00:00\" \/>\n<meta property=\"article:modified_time\" content=\"2020-08-09T23:47:49+00:00\" \/>\n<meta name=\"author\" content=\"nicoletta\" \/>\n<meta name=\"twitter:card\" content=\"summary_large_image\" \/>\n<meta name=\"twitter:label1\" content=\"Scritto da\" \/>\n\t<meta name=\"twitter:data1\" content=\"nicoletta\" \/>\n\t<meta name=\"twitter:label2\" content=\"Tempo di lettura stimato\" \/>\n\t<meta name=\"twitter:data2\" content=\"6 minuti\" \/>\n<script type=\"application\/ld+json\" class=\"yoast-schema-graph\">{\"@context\":\"https:\\\/\\\/schema.org\",\"@graph\":[{\"@type\":\"Article\",\"@id\":\"https:\\\/\\\/www.article-marketing.eu\\\/comunicatistampa\\\/suonano-le-belle-parole-cuore-tasca-progetto-musicale-del-cantautore-fabrizio-fraioli-cd-dal-29-settembre-2017\\\/#article\",\"isPartOf\":{\"@id\":\"https:\\\/\\\/www.article-marketing.eu\\\/comunicatistampa\\\/suonano-le-belle-parole-cuore-tasca-progetto-musicale-del-cantautore-fabrizio-fraioli-cd-dal-29-settembre-2017\\\/\"},\"author\":{\"name\":\"nicoletta\",\"@id\":\"https:\\\/\\\/www.article-marketing.eu\\\/comunicatistampa\\\/#\\\/schema\\\/person\\\/8abb3a10175a6bb2332c85667404cb71\"},\"headline\":\"Suonano le belle parole: \u201cCuore in Tasca\u201d \u2013 progetto musicale del cantautore Fabrizio Fraioli \u2013 in CD dal 29 settembre 2017\",\"datePublished\":\"2017-09-29T15:02:25+00:00\",\"dateModified\":\"2020-08-09T23:47:49+00:00\",\"mainEntityOfPage\":{\"@id\":\"https:\\\/\\\/www.article-marketing.eu\\\/comunicatistampa\\\/suonano-le-belle-parole-cuore-tasca-progetto-musicale-del-cantautore-fabrizio-fraioli-cd-dal-29-settembre-2017\\\/\"},\"wordCount\":1219,\"commentCount\":0,\"keywords\":[\"cantautore italiano\",\"CD album in uscita\",\"Fabrizio Fraioli\",\"La Maestrina\",\"musica originale\",\"video clip\",\"video musicale\",\"vipCOMUSTA\"],\"articleSection\":[\"Comunicati stampa\",\"Musica\"],\"inLanguage\":\"it-IT\",\"potentialAction\":[{\"@type\":\"CommentAction\",\"name\":\"Comment\",\"target\":[\"https:\\\/\\\/www.article-marketing.eu\\\/comunicatistampa\\\/suonano-le-belle-parole-cuore-tasca-progetto-musicale-del-cantautore-fabrizio-fraioli-cd-dal-29-settembre-2017\\\/#respond\"]}]},{\"@type\":\"WebPage\",\"@id\":\"https:\\\/\\\/www.article-marketing.eu\\\/comunicatistampa\\\/suonano-le-belle-parole-cuore-tasca-progetto-musicale-del-cantautore-fabrizio-fraioli-cd-dal-29-settembre-2017\\\/\",\"url\":\"https:\\\/\\\/www.article-marketing.eu\\\/comunicatistampa\\\/suonano-le-belle-parole-cuore-tasca-progetto-musicale-del-cantautore-fabrizio-fraioli-cd-dal-29-settembre-2017\\\/\",\"name\":\"Suonano le belle parole: \u201cCuore in Tasca\u201d \u2013 progetto musicale del cantautore Fabrizio Fraioli \u2013 in CD dal 29 settembre 2017 - Article Marketing\",\"isPartOf\":{\"@id\":\"https:\\\/\\\/www.article-marketing.eu\\\/comunicatistampa\\\/#website\"},\"datePublished\":\"2017-09-29T15:02:25+00:00\",\"dateModified\":\"2020-08-09T23:47:49+00:00\",\"author\":{\"@id\":\"https:\\\/\\\/www.article-marketing.eu\\\/comunicatistampa\\\/#\\\/schema\\\/person\\\/8abb3a10175a6bb2332c85667404cb71\"},\"breadcrumb\":{\"@id\":\"https:\\\/\\\/www.article-marketing.eu\\\/comunicatistampa\\\/suonano-le-belle-parole-cuore-tasca-progetto-musicale-del-cantautore-fabrizio-fraioli-cd-dal-29-settembre-2017\\\/#breadcrumb\"},\"inLanguage\":\"it-IT\",\"potentialAction\":[{\"@type\":\"ReadAction\",\"target\":[\"https:\\\/\\\/www.article-marketing.eu\\\/comunicatistampa\\\/suonano-le-belle-parole-cuore-tasca-progetto-musicale-del-cantautore-fabrizio-fraioli-cd-dal-29-settembre-2017\\\/\"]}]},{\"@type\":\"BreadcrumbList\",\"@id\":\"https:\\\/\\\/www.article-marketing.eu\\\/comunicatistampa\\\/suonano-le-belle-parole-cuore-tasca-progetto-musicale-del-cantautore-fabrizio-fraioli-cd-dal-29-settembre-2017\\\/#breadcrumb\",\"itemListElement\":[{\"@type\":\"ListItem\",\"position\":1,\"name\":\"Home\",\"item\":\"https:\\\/\\\/www.article-marketing.eu\\\/comunicatistampa\\\/\"},{\"@type\":\"ListItem\",\"position\":2,\"name\":\"Suonano le belle parole: \u201cCuore in Tasca\u201d \u2013 progetto musicale del cantautore Fabrizio Fraioli \u2013 in CD dal 29 settembre 2017\"}]},{\"@type\":\"WebSite\",\"@id\":\"https:\\\/\\\/www.article-marketing.eu\\\/comunicatistampa\\\/#website\",\"url\":\"https:\\\/\\\/www.article-marketing.eu\\\/comunicatistampa\\\/\",\"name\":\"Article Marketing\",\"description\":\"article marketing &amp; press release\",\"potentialAction\":[{\"@type\":\"SearchAction\",\"target\":{\"@type\":\"EntryPoint\",\"urlTemplate\":\"https:\\\/\\\/www.article-marketing.eu\\\/comunicatistampa\\\/?s={search_term_string}\"},\"query-input\":{\"@type\":\"PropertyValueSpecification\",\"valueRequired\":true,\"valueName\":\"search_term_string\"}}],\"inLanguage\":\"it-IT\"},{\"@type\":\"Person\",\"@id\":\"https:\\\/\\\/www.article-marketing.eu\\\/comunicatistampa\\\/#\\\/schema\\\/person\\\/8abb3a10175a6bb2332c85667404cb71\",\"name\":\"nicoletta\",\"image\":{\"@type\":\"ImageObject\",\"inLanguage\":\"it-IT\",\"@id\":\"https:\\\/\\\/secure.gravatar.com\\\/avatar\\\/eb10cf7d73a584f83c9f9aeeda134b9578ac88fcb3a89d17c4ce0550f4039c40?s=96&d=mm&r=g\",\"url\":\"https:\\\/\\\/secure.gravatar.com\\\/avatar\\\/eb10cf7d73a584f83c9f9aeeda134b9578ac88fcb3a89d17c4ce0550f4039c40?s=96&d=mm&r=g\",\"contentUrl\":\"https:\\\/\\\/secure.gravatar.com\\\/avatar\\\/eb10cf7d73a584f83c9f9aeeda134b9578ac88fcb3a89d17c4ce0550f4039c40?s=96&d=mm&r=g\",\"caption\":\"nicoletta\"},\"url\":\"https:\\\/\\\/www.article-marketing.eu\\\/comunicatistampa\\\/author\\\/nicoletta\\\/\"}]}<\/script>\n<!-- \/ Yoast SEO plugin. -->","yoast_head_json":{"title":"Suonano le belle parole: \u201cCuore in Tasca\u201d \u2013 progetto musicale del cantautore Fabrizio Fraioli \u2013 in CD dal 29 settembre 2017 - Article Marketing","robots":{"index":"index","follow":"follow","max-snippet":"max-snippet:-1","max-image-preview":"max-image-preview:large","max-video-preview":"max-video-preview:-1"},"canonical":"https:\/\/www.article-marketing.eu\/comunicatistampa\/suonano-le-belle-parole-cuore-tasca-progetto-musicale-del-cantautore-fabrizio-fraioli-cd-dal-29-settembre-2017\/","og_locale":"it_IT","og_type":"article","og_title":"Suonano le belle parole: \u201cCuore in Tasca\u201d \u2013 progetto musicale del cantautore Fabrizio Fraioli \u2013 in CD dal 29 settembre 2017 - Article Marketing","og_description":"Roma, 29 settembre 2017 \u2013 Esce CUORE IN TASCA, progetto musicale del cantautore Fabrizio Fraioli con la collaborazione di Luciano Giannone, Stefano Onorati, Toni Germani e numerosi amici musicisti. Disponibile in CD dal 29 settembre 2017 e sulle maggiori piattaforme digitali. ln questo album, figlio della tradizione musicale cantautoriale italiana, si raccontano 11 storie espresse in canzoni. Storie che scavano nell&#8217;anima per raccontare i diversi tipi di amore che ciContinue reading...","og_url":"https:\/\/www.article-marketing.eu\/comunicatistampa\/suonano-le-belle-parole-cuore-tasca-progetto-musicale-del-cantautore-fabrizio-fraioli-cd-dal-29-settembre-2017\/","og_site_name":"Article Marketing","article_published_time":"2017-09-29T15:02:25+00:00","article_modified_time":"2020-08-09T23:47:49+00:00","author":"nicoletta","twitter_card":"summary_large_image","twitter_misc":{"Scritto da":"nicoletta","Tempo di lettura stimato":"6 minuti"},"schema":{"@context":"https:\/\/schema.org","@graph":[{"@type":"Article","@id":"https:\/\/www.article-marketing.eu\/comunicatistampa\/suonano-le-belle-parole-cuore-tasca-progetto-musicale-del-cantautore-fabrizio-fraioli-cd-dal-29-settembre-2017\/#article","isPartOf":{"@id":"https:\/\/www.article-marketing.eu\/comunicatistampa\/suonano-le-belle-parole-cuore-tasca-progetto-musicale-del-cantautore-fabrizio-fraioli-cd-dal-29-settembre-2017\/"},"author":{"name":"nicoletta","@id":"https:\/\/www.article-marketing.eu\/comunicatistampa\/#\/schema\/person\/8abb3a10175a6bb2332c85667404cb71"},"headline":"Suonano le belle parole: \u201cCuore in Tasca\u201d \u2013 progetto musicale del cantautore Fabrizio Fraioli \u2013 in CD dal 29 settembre 2017","datePublished":"2017-09-29T15:02:25+00:00","dateModified":"2020-08-09T23:47:49+00:00","mainEntityOfPage":{"@id":"https:\/\/www.article-marketing.eu\/comunicatistampa\/suonano-le-belle-parole-cuore-tasca-progetto-musicale-del-cantautore-fabrizio-fraioli-cd-dal-29-settembre-2017\/"},"wordCount":1219,"commentCount":0,"keywords":["cantautore italiano","CD album in uscita","Fabrizio Fraioli","La Maestrina","musica originale","video clip","video musicale","vipCOMUSTA"],"articleSection":["Comunicati stampa","Musica"],"inLanguage":"it-IT","potentialAction":[{"@type":"CommentAction","name":"Comment","target":["https:\/\/www.article-marketing.eu\/comunicatistampa\/suonano-le-belle-parole-cuore-tasca-progetto-musicale-del-cantautore-fabrizio-fraioli-cd-dal-29-settembre-2017\/#respond"]}]},{"@type":"WebPage","@id":"https:\/\/www.article-marketing.eu\/comunicatistampa\/suonano-le-belle-parole-cuore-tasca-progetto-musicale-del-cantautore-fabrizio-fraioli-cd-dal-29-settembre-2017\/","url":"https:\/\/www.article-marketing.eu\/comunicatistampa\/suonano-le-belle-parole-cuore-tasca-progetto-musicale-del-cantautore-fabrizio-fraioli-cd-dal-29-settembre-2017\/","name":"Suonano le belle parole: \u201cCuore in Tasca\u201d \u2013 progetto musicale del cantautore Fabrizio Fraioli \u2013 in CD dal 29 settembre 2017 - Article Marketing","isPartOf":{"@id":"https:\/\/www.article-marketing.eu\/comunicatistampa\/#website"},"datePublished":"2017-09-29T15:02:25+00:00","dateModified":"2020-08-09T23:47:49+00:00","author":{"@id":"https:\/\/www.article-marketing.eu\/comunicatistampa\/#\/schema\/person\/8abb3a10175a6bb2332c85667404cb71"},"breadcrumb":{"@id":"https:\/\/www.article-marketing.eu\/comunicatistampa\/suonano-le-belle-parole-cuore-tasca-progetto-musicale-del-cantautore-fabrizio-fraioli-cd-dal-29-settembre-2017\/#breadcrumb"},"inLanguage":"it-IT","potentialAction":[{"@type":"ReadAction","target":["https:\/\/www.article-marketing.eu\/comunicatistampa\/suonano-le-belle-parole-cuore-tasca-progetto-musicale-del-cantautore-fabrizio-fraioli-cd-dal-29-settembre-2017\/"]}]},{"@type":"BreadcrumbList","@id":"https:\/\/www.article-marketing.eu\/comunicatistampa\/suonano-le-belle-parole-cuore-tasca-progetto-musicale-del-cantautore-fabrizio-fraioli-cd-dal-29-settembre-2017\/#breadcrumb","itemListElement":[{"@type":"ListItem","position":1,"name":"Home","item":"https:\/\/www.article-marketing.eu\/comunicatistampa\/"},{"@type":"ListItem","position":2,"name":"Suonano le belle parole: \u201cCuore in Tasca\u201d \u2013 progetto musicale del cantautore Fabrizio Fraioli \u2013 in CD dal 29 settembre 2017"}]},{"@type":"WebSite","@id":"https:\/\/www.article-marketing.eu\/comunicatistampa\/#website","url":"https:\/\/www.article-marketing.eu\/comunicatistampa\/","name":"Article Marketing","description":"article marketing &amp; press release","potentialAction":[{"@type":"SearchAction","target":{"@type":"EntryPoint","urlTemplate":"https:\/\/www.article-marketing.eu\/comunicatistampa\/?s={search_term_string}"},"query-input":{"@type":"PropertyValueSpecification","valueRequired":true,"valueName":"search_term_string"}}],"inLanguage":"it-IT"},{"@type":"Person","@id":"https:\/\/www.article-marketing.eu\/comunicatistampa\/#\/schema\/person\/8abb3a10175a6bb2332c85667404cb71","name":"nicoletta","image":{"@type":"ImageObject","inLanguage":"it-IT","@id":"https:\/\/secure.gravatar.com\/avatar\/eb10cf7d73a584f83c9f9aeeda134b9578ac88fcb3a89d17c4ce0550f4039c40?s=96&d=mm&r=g","url":"https:\/\/secure.gravatar.com\/avatar\/eb10cf7d73a584f83c9f9aeeda134b9578ac88fcb3a89d17c4ce0550f4039c40?s=96&d=mm&r=g","contentUrl":"https:\/\/secure.gravatar.com\/avatar\/eb10cf7d73a584f83c9f9aeeda134b9578ac88fcb3a89d17c4ce0550f4039c40?s=96&d=mm&r=g","caption":"nicoletta"},"url":"https:\/\/www.article-marketing.eu\/comunicatistampa\/author\/nicoletta\/"}]}},"_links":{"self":[{"href":"https:\/\/www.article-marketing.eu\/comunicatistampa\/wp-json\/wp\/v2\/posts\/5648","targetHints":{"allow":["GET"]}}],"collection":[{"href":"https:\/\/www.article-marketing.eu\/comunicatistampa\/wp-json\/wp\/v2\/posts"}],"about":[{"href":"https:\/\/www.article-marketing.eu\/comunicatistampa\/wp-json\/wp\/v2\/types\/post"}],"author":[{"embeddable":true,"href":"https:\/\/www.article-marketing.eu\/comunicatistampa\/wp-json\/wp\/v2\/users\/650"}],"replies":[{"embeddable":true,"href":"https:\/\/www.article-marketing.eu\/comunicatistampa\/wp-json\/wp\/v2\/comments?post=5648"}],"version-history":[{"count":3,"href":"https:\/\/www.article-marketing.eu\/comunicatistampa\/wp-json\/wp\/v2\/posts\/5648\/revisions"}],"predecessor-version":[{"id":5662,"href":"https:\/\/www.article-marketing.eu\/comunicatistampa\/wp-json\/wp\/v2\/posts\/5648\/revisions\/5662"}],"wp:attachment":[{"href":"https:\/\/www.article-marketing.eu\/comunicatistampa\/wp-json\/wp\/v2\/media?parent=5648"}],"wp:term":[{"taxonomy":"category","embeddable":true,"href":"https:\/\/www.article-marketing.eu\/comunicatistampa\/wp-json\/wp\/v2\/categories?post=5648"},{"taxonomy":"post_tag","embeddable":true,"href":"https:\/\/www.article-marketing.eu\/comunicatistampa\/wp-json\/wp\/v2\/tags?post=5648"}],"curies":[{"name":"wp","href":"https:\/\/api.w.org\/{rel}","templated":true}]}}