{"id":5660,"date":"2017-09-29T17:03:53","date_gmt":"2017-09-29T15:03:53","guid":{"rendered":"http:\/\/www.article-marketing.eu\/comunicatistampa\/?p=5660"},"modified":"2017-09-29T17:03:53","modified_gmt":"2017-09-29T15:03:53","slug":"international-coffee-day-2017-1-ottobre-lespresso-caffe-vergnano-ancora-piu-buono","status":"publish","type":"post","link":"https:\/\/www.article-marketing.eu\/comunicatistampa\/international-coffee-day-2017-1-ottobre-lespresso-caffe-vergnano-ancora-piu-buono\/","title":{"rendered":"INTERNATIONAL COFFEE DAY 2017: IL 1 OTTOBRE L\u2019ESPRESSO DI CAFF\u00c8 VERGNANO \u00c8 ANCORA PI\u00d9 BUONO"},"content":{"rendered":"<p><em>Per celebrare la giornata internazionale del caff\u00e8, l\u2019equivalente di 15mila caff\u00e8 offerti a 1Caff\u00e8 Onlus per sostenere Renken Onlus in Senegal<\/em><\/p>\n<p><em>\u00a0<\/em><\/p>\n<p><strong>Il 1 Ottobre si celebra l\u2019<a href=\"https:\/\/news.caffevergnano.com\/1-ottobre-nostro-caffe-ancora-piu-buono\/?_ga=2.67594260.422005137.1506326116-818117856.1505488147\">International Coffee Day<\/a><\/strong>, una giornata internazionale dedicata al caff\u00e8 e a tutti gli appassionati della magica bevanda promossa da ICO, International Coffe Organization.<\/p>\n<p>L\u2019equivalente di 15mila espressi bevuti nei nostri locali Caff\u00e8 Vergnano 1882 di tutto il mondo, sar\u00e0 devoluto tramite @1Caff\u00e8 Onlus per finanziare\u00a0il progetto Nouvelle Plastique di Renken Onlus in Senegal.<\/p>\n<p>La donazione servir\u00e0 a sostenere la creazione di un&#8217;officina di riciclaggio della plastica per dare nuova vita ai rifiuti e ridurre l\u2019impatto ambientale.<\/p>\n<p>&nbsp;<\/p>\n<p>Anche quest\u2019anno,\u00a0<a href=\"https:\/\/www.caffevergnano.com\/\">Caff\u00e8 Vergnano<\/a>\u00a0ha scelto di festeggiare questo momento con un\u2019attivit\u00e0 di charity: per l\u2019occasione l\u2019equivalente di 15 mila espressi bevuti nei locali Caff\u00e8 Vergnano 1882 sar\u00e0 devoluto a\u00a0<strong>1Caff\u00e8 Onlus<\/strong>\u00a0per finanziare il progetto \u201cNouvelle Plastique\u201d gestito da Renken Onlus in Senegal. Le\u00a0<strong>caffetterie a marchio Caff\u00e8 Vergnano 1882<\/strong>\u00a0sono oltre 130 presenti in oltre 19 Paesi del mondo.<\/p>\n<p>&nbsp;<\/p>\n<p>Il progetto prevede la creazione di\u00a0un&#8217;officina che permetta di dare nuova vita ai rifiuti plastici grazie all&#8217;acquisto di tre macchinari indispensabili alle diverse fasi di lavorazione, pulizia, riduzione in frammenti e fusione e creazione di nuovi oggetti.<\/p>\n<p>Il Comune di Malika ha 32.000 abitanti ed \u00e8 sede della pi\u00f9 grande discarica dell&#8217;Africa Occidentale, che soffre di problematiche ambientali e di inquinamento. Non esiste un sistema funzionale di raccolta differenziata e i rifiuti plastici e tossici vengono il pi\u00f9 delle volte bruciati dalle famiglie.<\/p>\n<p>Il progetto sostenuto da Caff\u00e8 Vergnano permetter\u00e0, inoltre, Renken Onlus, di incentivare attivit\u00e0 di raccolta dei rifiuti porta a porta, differenziazione, riciclo e riuso grazie ad una campagna di sensibilizzazione della popolazione.<\/p>\n<p>&nbsp;<\/p>\n","protected":false},"excerpt":{"rendered":"<p>Per celebrare la giornata internazionale del caff\u00e8, l\u2019equivalente di 15mila caff\u00e8 offerti a 1Caff\u00e8 Onlus per sostenere Renken Onlus in Senegal \u00a0 Il 1 Ottobre si celebra l\u2019International Coffee Day, una giornata internazionale dedicata al caff\u00e8 e a tutti gli appassionati della magica bevanda promossa da ICO, International Coffe Organization. L\u2019equivalente di 15mila espressi bevuti nei nostri locali Caff\u00e8 Vergnano 1882 di tutto il mondo, sar\u00e0 devoluto tramite @1Caff\u00e8 Onlus<\/p>\n<p><a class=\"continue-reading\" href=\"https:\/\/www.article-marketing.eu\/comunicatistampa\/international-coffee-day-2017-1-ottobre-lespresso-caffe-vergnano-ancora-piu-buono\/\">Continue reading&#8230;<\/a><\/p>\n","protected":false},"author":625,"featured_media":0,"comment_status":"open","ping_status":"open","sticky":false,"template":"","format":"standard","meta":{"_monsterinsights_skip_tracking":false,"_monsterinsights_sitenote_active":false,"_monsterinsights_sitenote_note":"","_monsterinsights_sitenote_category":0,"footnotes":""},"categories":[78,392],"tags":[2603,2681,2682,2680,2683],"class_list":["post-5660","post","type-post","status-publish","format-standard","hentry","category-comunicati-stampa","category-eventi","tag-caffe-vergnano","tag-espresso-italiano","tag-iniziativa-benefica","tag-international-coffee-day","tag-nouvelle-plastique"],"yoast_head":"<!-- This site is optimized with the Yoast SEO plugin v27.3 - https:\/\/yoast.com\/product\/yoast-seo-wordpress\/ -->\n<title>INTERNATIONAL COFFEE DAY 2017: IL 1 OTTOBRE L\u2019ESPRESSO DI CAFF\u00c8 VERGNANO \u00c8 ANCORA PI\u00d9 BUONO - Article Marketing<\/title>\n<meta name=\"robots\" content=\"index, follow, max-snippet:-1, max-image-preview:large, max-video-preview:-1\" \/>\n<link rel=\"canonical\" href=\"https:\/\/www.article-marketing.eu\/comunicatistampa\/international-coffee-day-2017-1-ottobre-lespresso-caffe-vergnano-ancora-piu-buono\/\" \/>\n<meta property=\"og:locale\" content=\"it_IT\" \/>\n<meta property=\"og:type\" content=\"article\" \/>\n<meta property=\"og:title\" content=\"INTERNATIONAL COFFEE DAY 2017: IL 1 OTTOBRE L\u2019ESPRESSO DI CAFF\u00c8 VERGNANO \u00c8 ANCORA PI\u00d9 BUONO - Article Marketing\" \/>\n<meta property=\"og:description\" content=\"Per celebrare la giornata internazionale del caff\u00e8, l\u2019equivalente di 15mila caff\u00e8 offerti a 1Caff\u00e8 Onlus per sostenere Renken Onlus in Senegal \u00a0 Il 1 Ottobre si celebra l\u2019International Coffee Day, una giornata internazionale dedicata al caff\u00e8 e a tutti gli appassionati della magica bevanda promossa da ICO, International Coffe Organization. L\u2019equivalente di 15mila espressi bevuti nei nostri locali Caff\u00e8 Vergnano 1882 di tutto il mondo, sar\u00e0 devoluto tramite @1Caff\u00e8 OnlusContinue reading...\" \/>\n<meta property=\"og:url\" content=\"https:\/\/www.article-marketing.eu\/comunicatistampa\/international-coffee-day-2017-1-ottobre-lespresso-caffe-vergnano-ancora-piu-buono\/\" \/>\n<meta property=\"og:site_name\" content=\"Article Marketing\" \/>\n<meta property=\"article:published_time\" content=\"2017-09-29T15:03:53+00:00\" \/>\n<meta name=\"author\" content=\"Vergnano\" \/>\n<meta name=\"twitter:card\" content=\"summary_large_image\" \/>\n<meta name=\"twitter:label1\" content=\"Scritto da\" \/>\n\t<meta name=\"twitter:data1\" content=\"Vergnano\" \/>\n\t<meta name=\"twitter:label2\" content=\"Tempo di lettura stimato\" \/>\n\t<meta name=\"twitter:data2\" content=\"1 minuto\" \/>\n<script type=\"application\/ld+json\" class=\"yoast-schema-graph\">{\"@context\":\"https:\\\/\\\/schema.org\",\"@graph\":[{\"@type\":\"Article\",\"@id\":\"https:\\\/\\\/www.article-marketing.eu\\\/comunicatistampa\\\/international-coffee-day-2017-1-ottobre-lespresso-caffe-vergnano-ancora-piu-buono\\\/#article\",\"isPartOf\":{\"@id\":\"https:\\\/\\\/www.article-marketing.eu\\\/comunicatistampa\\\/international-coffee-day-2017-1-ottobre-lespresso-caffe-vergnano-ancora-piu-buono\\\/\"},\"author\":{\"name\":\"Vergnano\",\"@id\":\"https:\\\/\\\/www.article-marketing.eu\\\/comunicatistampa\\\/#\\\/schema\\\/person\\\/04e985c02c2a52fffbc5fb8bb84fab8a\"},\"headline\":\"INTERNATIONAL COFFEE DAY 2017: IL 1 OTTOBRE L\u2019ESPRESSO DI CAFF\u00c8 VERGNANO \u00c8 ANCORA PI\u00d9 BUONO\",\"datePublished\":\"2017-09-29T15:03:53+00:00\",\"mainEntityOfPage\":{\"@id\":\"https:\\\/\\\/www.article-marketing.eu\\\/comunicatistampa\\\/international-coffee-day-2017-1-ottobre-lespresso-caffe-vergnano-ancora-piu-buono\\\/\"},\"wordCount\":295,\"commentCount\":0,\"keywords\":[\"caff\u00e8 vergnano\",\"espresso italiano\",\"iniziativa benefica\",\"international coffee day\",\"nouvelle plastique\"],\"articleSection\":[\"Comunicati stampa\",\"Eventi\"],\"inLanguage\":\"it-IT\",\"potentialAction\":[{\"@type\":\"CommentAction\",\"name\":\"Comment\",\"target\":[\"https:\\\/\\\/www.article-marketing.eu\\\/comunicatistampa\\\/international-coffee-day-2017-1-ottobre-lespresso-caffe-vergnano-ancora-piu-buono\\\/#respond\"]}]},{\"@type\":\"WebPage\",\"@id\":\"https:\\\/\\\/www.article-marketing.eu\\\/comunicatistampa\\\/international-coffee-day-2017-1-ottobre-lespresso-caffe-vergnano-ancora-piu-buono\\\/\",\"url\":\"https:\\\/\\\/www.article-marketing.eu\\\/comunicatistampa\\\/international-coffee-day-2017-1-ottobre-lespresso-caffe-vergnano-ancora-piu-buono\\\/\",\"name\":\"INTERNATIONAL COFFEE DAY 2017: IL 1 OTTOBRE L\u2019ESPRESSO DI CAFF\u00c8 VERGNANO \u00c8 ANCORA PI\u00d9 BUONO - Article Marketing\",\"isPartOf\":{\"@id\":\"https:\\\/\\\/www.article-marketing.eu\\\/comunicatistampa\\\/#website\"},\"datePublished\":\"2017-09-29T15:03:53+00:00\",\"author\":{\"@id\":\"https:\\\/\\\/www.article-marketing.eu\\\/comunicatistampa\\\/#\\\/schema\\\/person\\\/04e985c02c2a52fffbc5fb8bb84fab8a\"},\"breadcrumb\":{\"@id\":\"https:\\\/\\\/www.article-marketing.eu\\\/comunicatistampa\\\/international-coffee-day-2017-1-ottobre-lespresso-caffe-vergnano-ancora-piu-buono\\\/#breadcrumb\"},\"inLanguage\":\"it-IT\",\"potentialAction\":[{\"@type\":\"ReadAction\",\"target\":[\"https:\\\/\\\/www.article-marketing.eu\\\/comunicatistampa\\\/international-coffee-day-2017-1-ottobre-lespresso-caffe-vergnano-ancora-piu-buono\\\/\"]}]},{\"@type\":\"BreadcrumbList\",\"@id\":\"https:\\\/\\\/www.article-marketing.eu\\\/comunicatistampa\\\/international-coffee-day-2017-1-ottobre-lespresso-caffe-vergnano-ancora-piu-buono\\\/#breadcrumb\",\"itemListElement\":[{\"@type\":\"ListItem\",\"position\":1,\"name\":\"Home\",\"item\":\"https:\\\/\\\/www.article-marketing.eu\\\/comunicatistampa\\\/\"},{\"@type\":\"ListItem\",\"position\":2,\"name\":\"INTERNATIONAL COFFEE DAY 2017: IL 1 OTTOBRE L\u2019ESPRESSO DI CAFF\u00c8 VERGNANO \u00c8 ANCORA PI\u00d9 BUONO\"}]},{\"@type\":\"WebSite\",\"@id\":\"https:\\\/\\\/www.article-marketing.eu\\\/comunicatistampa\\\/#website\",\"url\":\"https:\\\/\\\/www.article-marketing.eu\\\/comunicatistampa\\\/\",\"name\":\"Article Marketing\",\"description\":\"article marketing &amp; press release\",\"potentialAction\":[{\"@type\":\"SearchAction\",\"target\":{\"@type\":\"EntryPoint\",\"urlTemplate\":\"https:\\\/\\\/www.article-marketing.eu\\\/comunicatistampa\\\/?s={search_term_string}\"},\"query-input\":{\"@type\":\"PropertyValueSpecification\",\"valueRequired\":true,\"valueName\":\"search_term_string\"}}],\"inLanguage\":\"it-IT\"},{\"@type\":\"Person\",\"@id\":\"https:\\\/\\\/www.article-marketing.eu\\\/comunicatistampa\\\/#\\\/schema\\\/person\\\/04e985c02c2a52fffbc5fb8bb84fab8a\",\"name\":\"Vergnano\",\"image\":{\"@type\":\"ImageObject\",\"inLanguage\":\"it-IT\",\"@id\":\"https:\\\/\\\/secure.gravatar.com\\\/avatar\\\/b17c702d840c2a25f3141f4042de31a9f1da91d96e7131a093422012957da7a9?s=96&d=mm&r=g\",\"url\":\"https:\\\/\\\/secure.gravatar.com\\\/avatar\\\/b17c702d840c2a25f3141f4042de31a9f1da91d96e7131a093422012957da7a9?s=96&d=mm&r=g\",\"contentUrl\":\"https:\\\/\\\/secure.gravatar.com\\\/avatar\\\/b17c702d840c2a25f3141f4042de31a9f1da91d96e7131a093422012957da7a9?s=96&d=mm&r=g\",\"caption\":\"Vergnano\"},\"url\":\"https:\\\/\\\/www.article-marketing.eu\\\/comunicatistampa\\\/author\\\/vergnano\\\/\"}]}<\/script>\n<!-- \/ Yoast SEO plugin. -->","yoast_head_json":{"title":"INTERNATIONAL COFFEE DAY 2017: IL 1 OTTOBRE L\u2019ESPRESSO DI CAFF\u00c8 VERGNANO \u00c8 ANCORA PI\u00d9 BUONO - Article Marketing","robots":{"index":"index","follow":"follow","max-snippet":"max-snippet:-1","max-image-preview":"max-image-preview:large","max-video-preview":"max-video-preview:-1"},"canonical":"https:\/\/www.article-marketing.eu\/comunicatistampa\/international-coffee-day-2017-1-ottobre-lespresso-caffe-vergnano-ancora-piu-buono\/","og_locale":"it_IT","og_type":"article","og_title":"INTERNATIONAL COFFEE DAY 2017: IL 1 OTTOBRE L\u2019ESPRESSO DI CAFF\u00c8 VERGNANO \u00c8 ANCORA PI\u00d9 BUONO - Article Marketing","og_description":"Per celebrare la giornata internazionale del caff\u00e8, l\u2019equivalente di 15mila caff\u00e8 offerti a 1Caff\u00e8 Onlus per sostenere Renken Onlus in Senegal \u00a0 Il 1 Ottobre si celebra l\u2019International Coffee Day, una giornata internazionale dedicata al caff\u00e8 e a tutti gli appassionati della magica bevanda promossa da ICO, International Coffe Organization. L\u2019equivalente di 15mila espressi bevuti nei nostri locali Caff\u00e8 Vergnano 1882 di tutto il mondo, sar\u00e0 devoluto tramite @1Caff\u00e8 OnlusContinue reading...","og_url":"https:\/\/www.article-marketing.eu\/comunicatistampa\/international-coffee-day-2017-1-ottobre-lespresso-caffe-vergnano-ancora-piu-buono\/","og_site_name":"Article Marketing","article_published_time":"2017-09-29T15:03:53+00:00","author":"Vergnano","twitter_card":"summary_large_image","twitter_misc":{"Scritto da":"Vergnano","Tempo di lettura stimato":"1 minuto"},"schema":{"@context":"https:\/\/schema.org","@graph":[{"@type":"Article","@id":"https:\/\/www.article-marketing.eu\/comunicatistampa\/international-coffee-day-2017-1-ottobre-lespresso-caffe-vergnano-ancora-piu-buono\/#article","isPartOf":{"@id":"https:\/\/www.article-marketing.eu\/comunicatistampa\/international-coffee-day-2017-1-ottobre-lespresso-caffe-vergnano-ancora-piu-buono\/"},"author":{"name":"Vergnano","@id":"https:\/\/www.article-marketing.eu\/comunicatistampa\/#\/schema\/person\/04e985c02c2a52fffbc5fb8bb84fab8a"},"headline":"INTERNATIONAL COFFEE DAY 2017: IL 1 OTTOBRE L\u2019ESPRESSO DI CAFF\u00c8 VERGNANO \u00c8 ANCORA PI\u00d9 BUONO","datePublished":"2017-09-29T15:03:53+00:00","mainEntityOfPage":{"@id":"https:\/\/www.article-marketing.eu\/comunicatistampa\/international-coffee-day-2017-1-ottobre-lespresso-caffe-vergnano-ancora-piu-buono\/"},"wordCount":295,"commentCount":0,"keywords":["caff\u00e8 vergnano","espresso italiano","iniziativa benefica","international coffee day","nouvelle plastique"],"articleSection":["Comunicati stampa","Eventi"],"inLanguage":"it-IT","potentialAction":[{"@type":"CommentAction","name":"Comment","target":["https:\/\/www.article-marketing.eu\/comunicatistampa\/international-coffee-day-2017-1-ottobre-lespresso-caffe-vergnano-ancora-piu-buono\/#respond"]}]},{"@type":"WebPage","@id":"https:\/\/www.article-marketing.eu\/comunicatistampa\/international-coffee-day-2017-1-ottobre-lespresso-caffe-vergnano-ancora-piu-buono\/","url":"https:\/\/www.article-marketing.eu\/comunicatistampa\/international-coffee-day-2017-1-ottobre-lespresso-caffe-vergnano-ancora-piu-buono\/","name":"INTERNATIONAL COFFEE DAY 2017: IL 1 OTTOBRE L\u2019ESPRESSO DI CAFF\u00c8 VERGNANO \u00c8 ANCORA PI\u00d9 BUONO - Article Marketing","isPartOf":{"@id":"https:\/\/www.article-marketing.eu\/comunicatistampa\/#website"},"datePublished":"2017-09-29T15:03:53+00:00","author":{"@id":"https:\/\/www.article-marketing.eu\/comunicatistampa\/#\/schema\/person\/04e985c02c2a52fffbc5fb8bb84fab8a"},"breadcrumb":{"@id":"https:\/\/www.article-marketing.eu\/comunicatistampa\/international-coffee-day-2017-1-ottobre-lespresso-caffe-vergnano-ancora-piu-buono\/#breadcrumb"},"inLanguage":"it-IT","potentialAction":[{"@type":"ReadAction","target":["https:\/\/www.article-marketing.eu\/comunicatistampa\/international-coffee-day-2017-1-ottobre-lespresso-caffe-vergnano-ancora-piu-buono\/"]}]},{"@type":"BreadcrumbList","@id":"https:\/\/www.article-marketing.eu\/comunicatistampa\/international-coffee-day-2017-1-ottobre-lespresso-caffe-vergnano-ancora-piu-buono\/#breadcrumb","itemListElement":[{"@type":"ListItem","position":1,"name":"Home","item":"https:\/\/www.article-marketing.eu\/comunicatistampa\/"},{"@type":"ListItem","position":2,"name":"INTERNATIONAL COFFEE DAY 2017: IL 1 OTTOBRE L\u2019ESPRESSO DI CAFF\u00c8 VERGNANO \u00c8 ANCORA PI\u00d9 BUONO"}]},{"@type":"WebSite","@id":"https:\/\/www.article-marketing.eu\/comunicatistampa\/#website","url":"https:\/\/www.article-marketing.eu\/comunicatistampa\/","name":"Article Marketing","description":"article marketing &amp; press release","potentialAction":[{"@type":"SearchAction","target":{"@type":"EntryPoint","urlTemplate":"https:\/\/www.article-marketing.eu\/comunicatistampa\/?s={search_term_string}"},"query-input":{"@type":"PropertyValueSpecification","valueRequired":true,"valueName":"search_term_string"}}],"inLanguage":"it-IT"},{"@type":"Person","@id":"https:\/\/www.article-marketing.eu\/comunicatistampa\/#\/schema\/person\/04e985c02c2a52fffbc5fb8bb84fab8a","name":"Vergnano","image":{"@type":"ImageObject","inLanguage":"it-IT","@id":"https:\/\/secure.gravatar.com\/avatar\/b17c702d840c2a25f3141f4042de31a9f1da91d96e7131a093422012957da7a9?s=96&d=mm&r=g","url":"https:\/\/secure.gravatar.com\/avatar\/b17c702d840c2a25f3141f4042de31a9f1da91d96e7131a093422012957da7a9?s=96&d=mm&r=g","contentUrl":"https:\/\/secure.gravatar.com\/avatar\/b17c702d840c2a25f3141f4042de31a9f1da91d96e7131a093422012957da7a9?s=96&d=mm&r=g","caption":"Vergnano"},"url":"https:\/\/www.article-marketing.eu\/comunicatistampa\/author\/vergnano\/"}]}},"_links":{"self":[{"href":"https:\/\/www.article-marketing.eu\/comunicatistampa\/wp-json\/wp\/v2\/posts\/5660","targetHints":{"allow":["GET"]}}],"collection":[{"href":"https:\/\/www.article-marketing.eu\/comunicatistampa\/wp-json\/wp\/v2\/posts"}],"about":[{"href":"https:\/\/www.article-marketing.eu\/comunicatistampa\/wp-json\/wp\/v2\/types\/post"}],"author":[{"embeddable":true,"href":"https:\/\/www.article-marketing.eu\/comunicatistampa\/wp-json\/wp\/v2\/users\/625"}],"replies":[{"embeddable":true,"href":"https:\/\/www.article-marketing.eu\/comunicatistampa\/wp-json\/wp\/v2\/comments?post=5660"}],"version-history":[{"count":2,"href":"https:\/\/www.article-marketing.eu\/comunicatistampa\/wp-json\/wp\/v2\/posts\/5660\/revisions"}],"predecessor-version":[{"id":5664,"href":"https:\/\/www.article-marketing.eu\/comunicatistampa\/wp-json\/wp\/v2\/posts\/5660\/revisions\/5664"}],"wp:attachment":[{"href":"https:\/\/www.article-marketing.eu\/comunicatistampa\/wp-json\/wp\/v2\/media?parent=5660"}],"wp:term":[{"taxonomy":"category","embeddable":true,"href":"https:\/\/www.article-marketing.eu\/comunicatistampa\/wp-json\/wp\/v2\/categories?post=5660"},{"taxonomy":"post_tag","embeddable":true,"href":"https:\/\/www.article-marketing.eu\/comunicatistampa\/wp-json\/wp\/v2\/tags?post=5660"}],"curies":[{"name":"wp","href":"https:\/\/api.w.org\/{rel}","templated":true}]}}