{"id":5888,"date":"2017-10-11T04:24:48","date_gmt":"2017-10-11T02:24:48","guid":{"rendered":"http:\/\/www.article-marketing.eu\/comunicatistampa\/?p=5888"},"modified":"2017-10-11T04:24:48","modified_gmt":"2017-10-11T02:24:48","slug":"iii-forum-internazionale-to-be-verona-esperienza-verona-regia-innovativa-nuova-esperienza-sensoriale-della-citta","status":"publish","type":"post","link":"https:\/\/www.article-marketing.eu\/comunicatistampa\/iii-forum-internazionale-to-be-verona-esperienza-verona-regia-innovativa-nuova-esperienza-sensoriale-della-citta\/","title":{"rendered":"III\u00b0 Forum Internazionale To Be Verona: \u201cEsperienza Verona: una regia innovativa per una nuova esperienza sensoriale della citt\u00e0\u201d"},"content":{"rendered":"<p>Verona, Ottobre 2017 &#8211; Si svolger\u00e0 la mattina di <strong>sabato 21 Ottobre 2017<\/strong>, presso la <strong>Sala Convegni del Palazzo della Gran Guardia<\/strong>, il <strong>III\u00b0 Forum Internazionale di To Be Verona<\/strong>, il progetto di marketing territoriale nato nel 2011 in Ass.Im.P &#8211; Associazione tra imprenditori e professionisti di Verona.\u2028<strong>To Be Verona<\/strong> ha lo scopo di mettere a fattor comune le grandi potenzialit\u00e0 di un territorio unico &#8211; attraverso un percorso identitario che sappia ben caratterizzarlo &#8211; promuovendo nel contempo l\u2019innovazione, motore necessario per garantire lo sviluppo futuro di<strong> Verona<\/strong>, che ha tutte le caratteristiche per divenire una <strong>Smart Land a misura d\u2019uomo<\/strong>.<\/p>\n<p>I nuovi talenti e i nuovi lavori della societ\u00e0 e dell\u2019economia moderna saranno il fulcro tematico del <strong>III\u00b0 Forum<\/strong> partendo da progetti legati alla ricerca, all\u2019innovazione, al business e alla promozione del territorio, proseguendo nel percorso di <strong>sostegno e di sviluppo dell\u2019identit\u00e0 fisica ed imprenditoriale di Verona<\/strong>.\u2028Uno degli obiettivi di To Be Verona \u00e8 quello di realizzare a Verona un <strong>hub internazionale dell\u2019innovazione<\/strong> per favorire il<strong> talent sharing<\/strong>, la <strong>condivisione e la contaminazione di conoscenze e competenze<\/strong>, la<strong> presentazione delle eccellenze di Verona<\/strong> e il<strong> contatto con progetti internazionali<\/strong>. Per questo motivo \u00e8 stato sottoscritto un accordo di collaborazione con lo<strong> spazio di co-working 311 Verona<\/strong>, una realt\u00e0 veronese che si sta muovendo con forza in questa direzione.<br \/>\nPer <strong>trasformare la Citt\u00e0 ed il suo territorio<\/strong> in modo sostenibile, intelligente, inclusivo ed internazionale, \u00e8 necessario focalizzarsi su temi quali accoglienza, energia e sostenibilit\u00e0 ambientale, mobilit\u00e0 e accessibilit\u00e0, riqualificazione e rilancio di intere aree: in questo modo creando consapevolezza nei veronesi del grande potenziale del loro territorio e dell\u2019importanza strategica di una <strong>nuova proposta identitaria per Verona<\/strong>, per trasformarla in una vera e propria citt\u00e0 del ben-essere.<\/p>\n<p>Gli <strong>speaker<\/strong> che prenderanno parte alla conferenza \u201cEsperienza Verona: una regia innovativa per una nuova esperienza sensoriale della citt\u00e0\u201d sono di notevole rilievo e affronteranno temi che relativi al cambiamento e come esserne fautori.\u2028Ospiti di questa edizione sono <strong>Nicoletta Iacobacci<\/strong>, Ambassador per la Svizzera della Singularity University, Curatrice di TEDxCarouge e Future media strategist, <strong>Federico Pistono<\/strong>, Futurist and Technology Expert e Founder di Axelera, <strong>Paolo Errico<\/strong>, Vice Presidente Confindustria Verona e Chief Executive Officer Maxphone, <strong>Antonello Vedovato<\/strong>, Presidente Edulife Spa e promotore di 311 Verona, <strong>Vito Margiotta, Founder &amp; CEO Snapp Mobile e TEDx Organizer, Antonio Gambardella<\/strong>, Direttore Generale FONGIT, <strong>Francesco Monastero<\/strong>, Direttore Generale Expandia Srl e CEO We Arena International L.td.,<strong> Wim de Kinderen<\/strong>, Vice President Enoll. La moderazione sar\u00e0 a cura di <strong>Giampaolo Colletti<\/strong>, Digital Communication Manager, Giornalista de Il Sole 24 ore e Storyteller.<\/p>\n<p>Il <strong>III\u00b0 Forum<\/strong> sar\u00e0 ricco di appuntamenti. Il <strong>Workshop<\/strong> di <strong>To Be Verona Lab<\/strong>, che avr\u00e0 luogo il 20 Ottobre presso lo spazio di coworking del 311 Verona, dal titolo \u201cTatto &#8211; To Be present, To Be Future, To Be Verona\u201d, avr\u00e0 come obiettivo la declinazione dell\u2019identit\u00e0 di Verona attraverso il senso del tatto su vari argomenti fra cui il turismo, le aziende, l\u2019intrattenimento, lo sport e l\u2019educazione. La <strong>Tavola Rotonda<\/strong>, che si svolger\u00e0 la sera del 20 Ottobre presso la sede di Progetto di Vita &#8211; Cattolica per i Giovani, vedr\u00e0 alternarsi esponenti delle startup pi\u00f9 innovative del territorio veronese che racconteranno le proprie realt\u00e0 imprenditoriali. Gli <strong>eventi<\/strong> della mattina del 21 Ottobre, localizzati nel Loggiato della Gran Guardia e nel centro storico, offriranno un\u2019interessante panoramica delle eccellenze e delle risorse che Verona pu\u00f2 offrire ai suoi cittadini.<\/p>\n<p>Il<strong> III\u00b0 Forum Internazionale To Be Verona<\/strong> ha ricevuto il sostegno di numerose entit\u00e0 del territorio, in primis la <strong>sponsorizzazione<\/strong> di Cattolica Assicurazioni, Arena Broker, Pastificio Rana, Famila, AIA, Galbusera Assicurazioni, AMIA, Veronafiere, Karrell Srl, Expandia, Banca Valsabbina, Fondazione Zanotto, Banca Popolare di Verona &#8211; Banco BPM, Acque Veronesi, Vini Montresor, AGEC.<br \/>\n<strong>Patrocini<\/strong> dell\u2019evento sono Comune di Verona, Provincia di Verona, Confcommercio Verona, Confindustria Verona, Camera di Commercio di Verona, Apindustria Verona e Dipartimento di Economia Aziendale dell\u2019Universit\u00e0 di Verona.\u2028I <strong>Partner tecnici<\/strong> sono Intesys, Sharp Italia e Social Meter Analysis &#8211; Maxfone.\u2028Il progetto \u00e8 a cura di <strong>Ass.Im.P e Terzomillennium<\/strong>.<\/p>\n<p>To Be Verona<br \/>\nVia Pancaldo 70 37138 Verona info@tobeverona.it www.tobeverona.it<\/p>\n<p>Press office Terzomillennium<br \/>\nbarbara@terzomillennium.net info@terzomillennium.net T. 045 6050601 www.terzomillennium.net<\/p>\n","protected":false},"excerpt":{"rendered":"<p>Verona, Ottobre 2017 &#8211; Si svolger\u00e0 la mattina di sabato 21 Ottobre 2017, presso la Sala Convegni del Palazzo della Gran Guardia, il III\u00b0 Forum Internazionale di To Be Verona, il progetto di marketing territoriale nato nel 2011 in Ass.Im.P &#8211; Associazione tra imprenditori e professionisti di Verona.\u2028To Be Verona ha lo scopo di mettere a fattor comune le grandi potenzialit\u00e0 di un territorio unico &#8211; attraverso un percorso identitario<\/p>\n<p><a class=\"continue-reading\" href=\"https:\/\/www.article-marketing.eu\/comunicatistampa\/iii-forum-internazionale-to-be-verona-esperienza-verona-regia-innovativa-nuova-esperienza-sensoriale-della-citta\/\">Continue reading&#8230;<\/a><\/p>\n","protected":false},"author":344,"featured_media":0,"comment_status":"open","ping_status":"open","sticky":false,"template":"","format":"standard","meta":{"_monsterinsights_skip_tracking":false,"_monsterinsights_sitenote_active":false,"_monsterinsights_sitenote_note":"","_monsterinsights_sitenote_category":0,"footnotes":""},"categories":[392,346],"tags":[2764,2765,2762,2763],"class_list":["post-5888","post","type-post","status-publish","format-standard","hentry","category-eventi","category-viaggi-e-turismo","tag-palazzo-gran-guardia","tag-smart-land","tag-terzo-forum","tag-to-be-verona"],"yoast_head":"<!-- This site is optimized with the Yoast SEO plugin v27.3 - https:\/\/yoast.com\/product\/yoast-seo-wordpress\/ -->\n<title>III\u00b0 Forum Internazionale To Be Verona: \u201cEsperienza Verona: una regia innovativa per una nuova esperienza sensoriale della citt\u00e0\u201d - Article Marketing<\/title>\n<meta name=\"robots\" content=\"index, follow, max-snippet:-1, max-image-preview:large, max-video-preview:-1\" \/>\n<link rel=\"canonical\" href=\"https:\/\/www.article-marketing.eu\/comunicatistampa\/iii-forum-internazionale-to-be-verona-esperienza-verona-regia-innovativa-nuova-esperienza-sensoriale-della-citta\/\" \/>\n<meta property=\"og:locale\" content=\"it_IT\" \/>\n<meta property=\"og:type\" content=\"article\" \/>\n<meta property=\"og:title\" content=\"III\u00b0 Forum Internazionale To Be Verona: \u201cEsperienza Verona: una regia innovativa per una nuova esperienza sensoriale della citt\u00e0\u201d - Article Marketing\" \/>\n<meta property=\"og:description\" content=\"Verona, Ottobre 2017 &#8211; Si svolger\u00e0 la mattina di sabato 21 Ottobre 2017, presso la Sala Convegni del Palazzo della Gran Guardia, il III\u00b0 Forum Internazionale di To Be Verona, il progetto di marketing territoriale nato nel 2011 in Ass.Im.P &#8211; Associazione tra imprenditori e professionisti di Verona.\u2028To Be Verona ha lo scopo di mettere a fattor comune le grandi potenzialit\u00e0 di un territorio unico &#8211; attraverso un percorso identitarioContinue reading...\" \/>\n<meta property=\"og:url\" content=\"https:\/\/www.article-marketing.eu\/comunicatistampa\/iii-forum-internazionale-to-be-verona-esperienza-verona-regia-innovativa-nuova-esperienza-sensoriale-della-citta\/\" \/>\n<meta property=\"og:site_name\" content=\"Article Marketing\" \/>\n<meta property=\"article:published_time\" content=\"2017-10-11T02:24:48+00:00\" \/>\n<meta name=\"author\" content=\"terzomillennium\" \/>\n<meta name=\"twitter:card\" content=\"summary_large_image\" \/>\n<meta name=\"twitter:label1\" content=\"Scritto da\" \/>\n\t<meta name=\"twitter:data1\" content=\"terzomillennium\" \/>\n\t<meta name=\"twitter:label2\" content=\"Tempo di lettura stimato\" \/>\n\t<meta name=\"twitter:data2\" content=\"3 minuti\" \/>\n<script type=\"application\/ld+json\" class=\"yoast-schema-graph\">{\"@context\":\"https:\\\/\\\/schema.org\",\"@graph\":[{\"@type\":\"Article\",\"@id\":\"https:\\\/\\\/www.article-marketing.eu\\\/comunicatistampa\\\/iii-forum-internazionale-to-be-verona-esperienza-verona-regia-innovativa-nuova-esperienza-sensoriale-della-citta\\\/#article\",\"isPartOf\":{\"@id\":\"https:\\\/\\\/www.article-marketing.eu\\\/comunicatistampa\\\/iii-forum-internazionale-to-be-verona-esperienza-verona-regia-innovativa-nuova-esperienza-sensoriale-della-citta\\\/\"},\"author\":{\"name\":\"terzomillennium\",\"@id\":\"https:\\\/\\\/www.article-marketing.eu\\\/comunicatistampa\\\/#\\\/schema\\\/person\\\/dbe4c5d399df926e2213f28673797307\"},\"headline\":\"III\u00b0 Forum Internazionale To Be Verona: \u201cEsperienza Verona: una regia innovativa per una nuova esperienza sensoriale della citt\u00e0\u201d\",\"datePublished\":\"2017-10-11T02:24:48+00:00\",\"mainEntityOfPage\":{\"@id\":\"https:\\\/\\\/www.article-marketing.eu\\\/comunicatistampa\\\/iii-forum-internazionale-to-be-verona-esperienza-verona-regia-innovativa-nuova-esperienza-sensoriale-della-citta\\\/\"},\"wordCount\":714,\"commentCount\":0,\"keywords\":[\"Palazzo Gran Guardia\",\"Smart Land\",\"terzo forum\",\"To Be Verona\"],\"articleSection\":[\"Eventi\",\"Viaggi e turismo\"],\"inLanguage\":\"it-IT\",\"potentialAction\":[{\"@type\":\"CommentAction\",\"name\":\"Comment\",\"target\":[\"https:\\\/\\\/www.article-marketing.eu\\\/comunicatistampa\\\/iii-forum-internazionale-to-be-verona-esperienza-verona-regia-innovativa-nuova-esperienza-sensoriale-della-citta\\\/#respond\"]}]},{\"@type\":\"WebPage\",\"@id\":\"https:\\\/\\\/www.article-marketing.eu\\\/comunicatistampa\\\/iii-forum-internazionale-to-be-verona-esperienza-verona-regia-innovativa-nuova-esperienza-sensoriale-della-citta\\\/\",\"url\":\"https:\\\/\\\/www.article-marketing.eu\\\/comunicatistampa\\\/iii-forum-internazionale-to-be-verona-esperienza-verona-regia-innovativa-nuova-esperienza-sensoriale-della-citta\\\/\",\"name\":\"III\u00b0 Forum Internazionale To Be Verona: \u201cEsperienza Verona: una regia innovativa per una nuova esperienza sensoriale della citt\u00e0\u201d - Article Marketing\",\"isPartOf\":{\"@id\":\"https:\\\/\\\/www.article-marketing.eu\\\/comunicatistampa\\\/#website\"},\"datePublished\":\"2017-10-11T02:24:48+00:00\",\"author\":{\"@id\":\"https:\\\/\\\/www.article-marketing.eu\\\/comunicatistampa\\\/#\\\/schema\\\/person\\\/dbe4c5d399df926e2213f28673797307\"},\"breadcrumb\":{\"@id\":\"https:\\\/\\\/www.article-marketing.eu\\\/comunicatistampa\\\/iii-forum-internazionale-to-be-verona-esperienza-verona-regia-innovativa-nuova-esperienza-sensoriale-della-citta\\\/#breadcrumb\"},\"inLanguage\":\"it-IT\",\"potentialAction\":[{\"@type\":\"ReadAction\",\"target\":[\"https:\\\/\\\/www.article-marketing.eu\\\/comunicatistampa\\\/iii-forum-internazionale-to-be-verona-esperienza-verona-regia-innovativa-nuova-esperienza-sensoriale-della-citta\\\/\"]}]},{\"@type\":\"BreadcrumbList\",\"@id\":\"https:\\\/\\\/www.article-marketing.eu\\\/comunicatistampa\\\/iii-forum-internazionale-to-be-verona-esperienza-verona-regia-innovativa-nuova-esperienza-sensoriale-della-citta\\\/#breadcrumb\",\"itemListElement\":[{\"@type\":\"ListItem\",\"position\":1,\"name\":\"Home\",\"item\":\"https:\\\/\\\/www.article-marketing.eu\\\/comunicatistampa\\\/\"},{\"@type\":\"ListItem\",\"position\":2,\"name\":\"III\u00b0 Forum Internazionale To Be Verona: \u201cEsperienza Verona: una regia innovativa per una nuova esperienza sensoriale della citt\u00e0\u201d\"}]},{\"@type\":\"WebSite\",\"@id\":\"https:\\\/\\\/www.article-marketing.eu\\\/comunicatistampa\\\/#website\",\"url\":\"https:\\\/\\\/www.article-marketing.eu\\\/comunicatistampa\\\/\",\"name\":\"Article Marketing\",\"description\":\"article marketing &amp; press release\",\"potentialAction\":[{\"@type\":\"SearchAction\",\"target\":{\"@type\":\"EntryPoint\",\"urlTemplate\":\"https:\\\/\\\/www.article-marketing.eu\\\/comunicatistampa\\\/?s={search_term_string}\"},\"query-input\":{\"@type\":\"PropertyValueSpecification\",\"valueRequired\":true,\"valueName\":\"search_term_string\"}}],\"inLanguage\":\"it-IT\"},{\"@type\":\"Person\",\"@id\":\"https:\\\/\\\/www.article-marketing.eu\\\/comunicatistampa\\\/#\\\/schema\\\/person\\\/dbe4c5d399df926e2213f28673797307\",\"name\":\"terzomillennium\",\"image\":{\"@type\":\"ImageObject\",\"inLanguage\":\"it-IT\",\"@id\":\"https:\\\/\\\/secure.gravatar.com\\\/avatar\\\/05fbb0856efe8321f9a676f0e98cc114b824c8fb0f82a087cc91ec92770cbec7?s=96&d=mm&r=g\",\"url\":\"https:\\\/\\\/secure.gravatar.com\\\/avatar\\\/05fbb0856efe8321f9a676f0e98cc114b824c8fb0f82a087cc91ec92770cbec7?s=96&d=mm&r=g\",\"contentUrl\":\"https:\\\/\\\/secure.gravatar.com\\\/avatar\\\/05fbb0856efe8321f9a676f0e98cc114b824c8fb0f82a087cc91ec92770cbec7?s=96&d=mm&r=g\",\"caption\":\"terzomillennium\"},\"url\":\"https:\\\/\\\/www.article-marketing.eu\\\/comunicatistampa\\\/author\\\/terzomillennium\\\/\"}]}<\/script>\n<!-- \/ Yoast SEO plugin. -->","yoast_head_json":{"title":"III\u00b0 Forum Internazionale To Be Verona: \u201cEsperienza Verona: una regia innovativa per una nuova esperienza sensoriale della citt\u00e0\u201d - Article Marketing","robots":{"index":"index","follow":"follow","max-snippet":"max-snippet:-1","max-image-preview":"max-image-preview:large","max-video-preview":"max-video-preview:-1"},"canonical":"https:\/\/www.article-marketing.eu\/comunicatistampa\/iii-forum-internazionale-to-be-verona-esperienza-verona-regia-innovativa-nuova-esperienza-sensoriale-della-citta\/","og_locale":"it_IT","og_type":"article","og_title":"III\u00b0 Forum Internazionale To Be Verona: \u201cEsperienza Verona: una regia innovativa per una nuova esperienza sensoriale della citt\u00e0\u201d - Article Marketing","og_description":"Verona, Ottobre 2017 &#8211; Si svolger\u00e0 la mattina di sabato 21 Ottobre 2017, presso la Sala Convegni del Palazzo della Gran Guardia, il III\u00b0 Forum Internazionale di To Be Verona, il progetto di marketing territoriale nato nel 2011 in Ass.Im.P &#8211; Associazione tra imprenditori e professionisti di Verona.\u2028To Be Verona ha lo scopo di mettere a fattor comune le grandi potenzialit\u00e0 di un territorio unico &#8211; attraverso un percorso identitarioContinue reading...","og_url":"https:\/\/www.article-marketing.eu\/comunicatistampa\/iii-forum-internazionale-to-be-verona-esperienza-verona-regia-innovativa-nuova-esperienza-sensoriale-della-citta\/","og_site_name":"Article Marketing","article_published_time":"2017-10-11T02:24:48+00:00","author":"terzomillennium","twitter_card":"summary_large_image","twitter_misc":{"Scritto da":"terzomillennium","Tempo di lettura stimato":"3 minuti"},"schema":{"@context":"https:\/\/schema.org","@graph":[{"@type":"Article","@id":"https:\/\/www.article-marketing.eu\/comunicatistampa\/iii-forum-internazionale-to-be-verona-esperienza-verona-regia-innovativa-nuova-esperienza-sensoriale-della-citta\/#article","isPartOf":{"@id":"https:\/\/www.article-marketing.eu\/comunicatistampa\/iii-forum-internazionale-to-be-verona-esperienza-verona-regia-innovativa-nuova-esperienza-sensoriale-della-citta\/"},"author":{"name":"terzomillennium","@id":"https:\/\/www.article-marketing.eu\/comunicatistampa\/#\/schema\/person\/dbe4c5d399df926e2213f28673797307"},"headline":"III\u00b0 Forum Internazionale To Be Verona: \u201cEsperienza Verona: una regia innovativa per una nuova esperienza sensoriale della citt\u00e0\u201d","datePublished":"2017-10-11T02:24:48+00:00","mainEntityOfPage":{"@id":"https:\/\/www.article-marketing.eu\/comunicatistampa\/iii-forum-internazionale-to-be-verona-esperienza-verona-regia-innovativa-nuova-esperienza-sensoriale-della-citta\/"},"wordCount":714,"commentCount":0,"keywords":["Palazzo Gran Guardia","Smart Land","terzo forum","To Be Verona"],"articleSection":["Eventi","Viaggi e turismo"],"inLanguage":"it-IT","potentialAction":[{"@type":"CommentAction","name":"Comment","target":["https:\/\/www.article-marketing.eu\/comunicatistampa\/iii-forum-internazionale-to-be-verona-esperienza-verona-regia-innovativa-nuova-esperienza-sensoriale-della-citta\/#respond"]}]},{"@type":"WebPage","@id":"https:\/\/www.article-marketing.eu\/comunicatistampa\/iii-forum-internazionale-to-be-verona-esperienza-verona-regia-innovativa-nuova-esperienza-sensoriale-della-citta\/","url":"https:\/\/www.article-marketing.eu\/comunicatistampa\/iii-forum-internazionale-to-be-verona-esperienza-verona-regia-innovativa-nuova-esperienza-sensoriale-della-citta\/","name":"III\u00b0 Forum Internazionale To Be Verona: \u201cEsperienza Verona: una regia innovativa per una nuova esperienza sensoriale della citt\u00e0\u201d - Article Marketing","isPartOf":{"@id":"https:\/\/www.article-marketing.eu\/comunicatistampa\/#website"},"datePublished":"2017-10-11T02:24:48+00:00","author":{"@id":"https:\/\/www.article-marketing.eu\/comunicatistampa\/#\/schema\/person\/dbe4c5d399df926e2213f28673797307"},"breadcrumb":{"@id":"https:\/\/www.article-marketing.eu\/comunicatistampa\/iii-forum-internazionale-to-be-verona-esperienza-verona-regia-innovativa-nuova-esperienza-sensoriale-della-citta\/#breadcrumb"},"inLanguage":"it-IT","potentialAction":[{"@type":"ReadAction","target":["https:\/\/www.article-marketing.eu\/comunicatistampa\/iii-forum-internazionale-to-be-verona-esperienza-verona-regia-innovativa-nuova-esperienza-sensoriale-della-citta\/"]}]},{"@type":"BreadcrumbList","@id":"https:\/\/www.article-marketing.eu\/comunicatistampa\/iii-forum-internazionale-to-be-verona-esperienza-verona-regia-innovativa-nuova-esperienza-sensoriale-della-citta\/#breadcrumb","itemListElement":[{"@type":"ListItem","position":1,"name":"Home","item":"https:\/\/www.article-marketing.eu\/comunicatistampa\/"},{"@type":"ListItem","position":2,"name":"III\u00b0 Forum Internazionale To Be Verona: \u201cEsperienza Verona: una regia innovativa per una nuova esperienza sensoriale della citt\u00e0\u201d"}]},{"@type":"WebSite","@id":"https:\/\/www.article-marketing.eu\/comunicatistampa\/#website","url":"https:\/\/www.article-marketing.eu\/comunicatistampa\/","name":"Article Marketing","description":"article marketing &amp; press release","potentialAction":[{"@type":"SearchAction","target":{"@type":"EntryPoint","urlTemplate":"https:\/\/www.article-marketing.eu\/comunicatistampa\/?s={search_term_string}"},"query-input":{"@type":"PropertyValueSpecification","valueRequired":true,"valueName":"search_term_string"}}],"inLanguage":"it-IT"},{"@type":"Person","@id":"https:\/\/www.article-marketing.eu\/comunicatistampa\/#\/schema\/person\/dbe4c5d399df926e2213f28673797307","name":"terzomillennium","image":{"@type":"ImageObject","inLanguage":"it-IT","@id":"https:\/\/secure.gravatar.com\/avatar\/05fbb0856efe8321f9a676f0e98cc114b824c8fb0f82a087cc91ec92770cbec7?s=96&d=mm&r=g","url":"https:\/\/secure.gravatar.com\/avatar\/05fbb0856efe8321f9a676f0e98cc114b824c8fb0f82a087cc91ec92770cbec7?s=96&d=mm&r=g","contentUrl":"https:\/\/secure.gravatar.com\/avatar\/05fbb0856efe8321f9a676f0e98cc114b824c8fb0f82a087cc91ec92770cbec7?s=96&d=mm&r=g","caption":"terzomillennium"},"url":"https:\/\/www.article-marketing.eu\/comunicatistampa\/author\/terzomillennium\/"}]}},"_links":{"self":[{"href":"https:\/\/www.article-marketing.eu\/comunicatistampa\/wp-json\/wp\/v2\/posts\/5888","targetHints":{"allow":["GET"]}}],"collection":[{"href":"https:\/\/www.article-marketing.eu\/comunicatistampa\/wp-json\/wp\/v2\/posts"}],"about":[{"href":"https:\/\/www.article-marketing.eu\/comunicatistampa\/wp-json\/wp\/v2\/types\/post"}],"author":[{"embeddable":true,"href":"https:\/\/www.article-marketing.eu\/comunicatistampa\/wp-json\/wp\/v2\/users\/344"}],"replies":[{"embeddable":true,"href":"https:\/\/www.article-marketing.eu\/comunicatistampa\/wp-json\/wp\/v2\/comments?post=5888"}],"version-history":[{"count":2,"href":"https:\/\/www.article-marketing.eu\/comunicatistampa\/wp-json\/wp\/v2\/posts\/5888\/revisions"}],"predecessor-version":[{"id":5962,"href":"https:\/\/www.article-marketing.eu\/comunicatistampa\/wp-json\/wp\/v2\/posts\/5888\/revisions\/5962"}],"wp:attachment":[{"href":"https:\/\/www.article-marketing.eu\/comunicatistampa\/wp-json\/wp\/v2\/media?parent=5888"}],"wp:term":[{"taxonomy":"category","embeddable":true,"href":"https:\/\/www.article-marketing.eu\/comunicatistampa\/wp-json\/wp\/v2\/categories?post=5888"},{"taxonomy":"post_tag","embeddable":true,"href":"https:\/\/www.article-marketing.eu\/comunicatistampa\/wp-json\/wp\/v2\/tags?post=5888"}],"curies":[{"name":"wp","href":"https:\/\/api.w.org\/{rel}","templated":true}]}}