{"id":5895,"date":"2017-10-11T04:23:58","date_gmt":"2017-10-11T02:23:58","guid":{"rendered":"http:\/\/www.article-marketing.eu\/comunicatistampa\/?p=5895"},"modified":"2017-10-11T04:23:58","modified_gmt":"2017-10-11T02:23:58","slug":"iquii-porta-eventxp-al-mashable-social-media-day-italia","status":"publish","type":"post","link":"https:\/\/www.article-marketing.eu\/comunicatistampa\/iquii-porta-eventxp-al-mashable-social-media-day-italia\/","title":{"rendered":"IQUII porta EventXP al Mashable Social Media Day Italia"},"content":{"rendered":"<h3>In occasione dell\u2019edizione 2017 del <a href=\"http:\/\/mashablesocialmediaday.it\" target=\"_blank\" rel=\"noopener\">Mashable Social Media Day<\/a>, IQUII parteciper\u00e0 nella duplice veste di sponsor e app provider ufficiale con EventXP, la sua piattaforma enterprise per la gestione degli eventi.<\/h3>\n<p>Dal 19 al 21 Ottobre, al Talent Garden Milano Calabiana, ci sar\u00e0 l\u2019appuntamento \u201cMashable Social Media Day\u201d e \u201cDigital Innovation Days\u201d per celebrare l\u2019innovazione digitale a 360\u00b0 che vedr\u00e0 <a href=\"https:\/\/iquii.com\/\" target=\"_blank\" rel=\"noopener\">IQUII<\/a> come sponsor ufficiale dell\u2019evento.<\/p>\n<p>Una full immersion nel mondo Social Media, Digital Marketing e Innovation, con oltre 90 relatori presenti e un programma verticale, potr\u00e0 essere seguita facilmente attraverso l\u2019app evento ufficiale Mashable<strong> SMDAYIT 2017<\/strong>, ora disponibile negli store per iOS e Android.<\/p>\n<p>Nella creazione di progetti mobile studiati su misura per i clienti,<a href=\"http:\/\/eventxp.it\/\" target=\"_blank\" rel=\"noopener\"> EventXP<\/a> offre una gamma di servizi integrati per ottimizzare la gestione e la misurazione dell\u2019esperienza evento. Nello specifico, l\u2019app evento #SMDAYIT dar\u00e0 la possibilit\u00e0 di:<\/p>\n<ul>\n<li>scoprire il <strong>programma<\/strong> delle tre giornate;<\/li>\n<li>rimanere aggiornati su tutte <strong>le news, i workshop e i panel<\/strong> dell\u2019evento;<\/li>\n<li>trovare in modo facile e veloce <strong>orario, data e speaker<\/strong> dei workshop;<\/li>\n<li><strong>condividere testi e foto<\/strong> con gli amici che si trovano all\u2019evento;<\/li>\n<li>leggere gli <strong>aggiornamenti<\/strong> degli utenti per condividere contenuti su eventi e speaker;<\/li>\n<li>commentare e condividere immagini e video su <strong>Facebook, Twitter e altri social network<\/strong>.<\/li>\n<\/ul>\n<p>Attraverso l\u2019ideazione e lo sviluppo di soluzioni digital capaci di innovare le modalit\u00e0 di fruizione degli eventi e delle community verticali, EventXP mira a creare un\u2019<strong>offerta di valore<\/strong> e di prodotti sempre pi\u00f9 attenta alle esigenze degli utenti.<\/p>\n<p>A supporto dell\u2019evento, il progetto mobile \u00e8 stato realizzato da EventXP per offrire non solo ai partecipanti ma anche agli organizzatori nuove opportunit\u00e0 di networking e la possibilit\u00e0 di vivere i tre giorni dell\u2019evento in modo pi\u00f9 coinvolgente e completo.<\/p>\n<p>L\u2019appuntamento \u00e8 per il 19, 20, 21 Ottobre a Milano con Mashable SMDAYIT 2017. E se volete saperne di pi\u00f9 su Mobile &amp; Business non perdete il talk del 20 Ottobre di <strong>Fabio Lalli<\/strong>, CEO di IQUII, sull\u2019approccio <strong>Enterprise App Ecosystem<\/strong>.<\/p>\n<p>L\u2019app Mashable SMDAYIT 2017 \u00e8 disponibile gratuitamente su:<\/p>\n<ul>\n<li>App Store<\/li>\n<li>Google Play<\/li>\n<\/ul>\n","protected":false},"excerpt":{"rendered":"<p>In occasione dell\u2019edizione 2017 del Mashable Social Media Day, IQUII parteciper\u00e0 nella duplice veste di sponsor e app provider ufficiale con EventXP, la sua piattaforma enterprise per la gestione degli eventi. Dal 19 al 21 Ottobre, al Talent Garden Milano Calabiana, ci sar\u00e0 l\u2019appuntamento \u201cMashable Social Media Day\u201d e \u201cDigital Innovation Days\u201d per celebrare l\u2019innovazione digitale a 360\u00b0 che vedr\u00e0 IQUII come sponsor ufficiale dell\u2019evento. Una full immersion nel mondo<\/p>\n<p><a class=\"continue-reading\" href=\"https:\/\/www.article-marketing.eu\/comunicatistampa\/iquii-porta-eventxp-al-mashable-social-media-day-italia\/\">Continue reading&#8230;<\/a><\/p>\n","protected":false},"author":616,"featured_media":0,"comment_status":"open","ping_status":"open","sticky":false,"template":"","format":"standard","meta":{"_monsterinsights_skip_tracking":false,"_monsterinsights_sitenote_active":false,"_monsterinsights_sitenote_note":"","_monsterinsights_sitenote_category":0,"footnotes":""},"categories":[78],"tags":[2772,2766,2752,2771,2767,2751,2769,2768,2770,1269],"class_list":["post-5895","post","type-post","status-publish","format-standard","hentry","category-comunicati-stampa","tag-app-evento","tag-app-provider","tag-digital-company","tag-enterprise-app-ecosystem","tag-eventxp","tag-iquii","tag-mashable","tag-smdayit","tag-social-media-day","tag-sponsor"],"yoast_head":"<!-- This site is optimized with the Yoast SEO plugin v27.3 - https:\/\/yoast.com\/product\/yoast-seo-wordpress\/ -->\n<title>IQUII porta EventXP al Mashable Social Media Day Italia - Article Marketing<\/title>\n<meta name=\"robots\" content=\"index, follow, max-snippet:-1, max-image-preview:large, max-video-preview:-1\" \/>\n<link rel=\"canonical\" href=\"https:\/\/www.article-marketing.eu\/comunicatistampa\/iquii-porta-eventxp-al-mashable-social-media-day-italia\/\" \/>\n<meta property=\"og:locale\" content=\"it_IT\" \/>\n<meta property=\"og:type\" content=\"article\" \/>\n<meta property=\"og:title\" content=\"IQUII porta EventXP al Mashable Social Media Day Italia - Article Marketing\" \/>\n<meta property=\"og:description\" content=\"In occasione dell\u2019edizione 2017 del Mashable Social Media Day, IQUII parteciper\u00e0 nella duplice veste di sponsor e app provider ufficiale con EventXP, la sua piattaforma enterprise per la gestione degli eventi. Dal 19 al 21 Ottobre, al Talent Garden Milano Calabiana, ci sar\u00e0 l\u2019appuntamento \u201cMashable Social Media Day\u201d e \u201cDigital Innovation Days\u201d per celebrare l\u2019innovazione digitale a 360\u00b0 che vedr\u00e0 IQUII come sponsor ufficiale dell\u2019evento. Una full immersion nel mondoContinue reading...\" \/>\n<meta property=\"og:url\" content=\"https:\/\/www.article-marketing.eu\/comunicatistampa\/iquii-porta-eventxp-al-mashable-social-media-day-italia\/\" \/>\n<meta property=\"og:site_name\" content=\"Article Marketing\" \/>\n<meta property=\"article:author\" content=\"https:\/\/www.facebook.com\/iquiicompany\/?ref=bookmarks\" \/>\n<meta property=\"article:published_time\" content=\"2017-10-11T02:23:58+00:00\" \/>\n<meta name=\"author\" content=\"IQUII\" \/>\n<meta name=\"twitter:card\" content=\"summary_large_image\" \/>\n<meta name=\"twitter:creator\" content=\"@IQUII\" \/>\n<meta name=\"twitter:label1\" content=\"Scritto da\" \/>\n\t<meta name=\"twitter:data1\" content=\"IQUII\" \/>\n\t<meta name=\"twitter:label2\" content=\"Tempo di lettura stimato\" \/>\n\t<meta name=\"twitter:data2\" content=\"2 minuti\" \/>\n<script type=\"application\/ld+json\" class=\"yoast-schema-graph\">{\"@context\":\"https:\\\/\\\/schema.org\",\"@graph\":[{\"@type\":\"Article\",\"@id\":\"https:\\\/\\\/www.article-marketing.eu\\\/comunicatistampa\\\/iquii-porta-eventxp-al-mashable-social-media-day-italia\\\/#article\",\"isPartOf\":{\"@id\":\"https:\\\/\\\/www.article-marketing.eu\\\/comunicatistampa\\\/iquii-porta-eventxp-al-mashable-social-media-day-italia\\\/\"},\"author\":{\"name\":\"IQUII\",\"@id\":\"https:\\\/\\\/www.article-marketing.eu\\\/comunicatistampa\\\/#\\\/schema\\\/person\\\/2da9a4283f702b1dde6409322aaff713\"},\"headline\":\"IQUII porta EventXP al Mashable Social Media Day Italia\",\"datePublished\":\"2017-10-11T02:23:58+00:00\",\"mainEntityOfPage\":{\"@id\":\"https:\\\/\\\/www.article-marketing.eu\\\/comunicatistampa\\\/iquii-porta-eventxp-al-mashable-social-media-day-italia\\\/\"},\"wordCount\":347,\"commentCount\":0,\"keywords\":[\"app evento\",\"app provider\",\"Digital Company\",\"enterprise app ecosystem\",\"eventxp\",\"IQUII\",\"mashable\",\"smdayit\",\"social media day\",\"sponsor\"],\"articleSection\":[\"Comunicati stampa\"],\"inLanguage\":\"it-IT\",\"potentialAction\":[{\"@type\":\"CommentAction\",\"name\":\"Comment\",\"target\":[\"https:\\\/\\\/www.article-marketing.eu\\\/comunicatistampa\\\/iquii-porta-eventxp-al-mashable-social-media-day-italia\\\/#respond\"]}]},{\"@type\":\"WebPage\",\"@id\":\"https:\\\/\\\/www.article-marketing.eu\\\/comunicatistampa\\\/iquii-porta-eventxp-al-mashable-social-media-day-italia\\\/\",\"url\":\"https:\\\/\\\/www.article-marketing.eu\\\/comunicatistampa\\\/iquii-porta-eventxp-al-mashable-social-media-day-italia\\\/\",\"name\":\"IQUII porta EventXP al Mashable Social Media Day Italia - Article Marketing\",\"isPartOf\":{\"@id\":\"https:\\\/\\\/www.article-marketing.eu\\\/comunicatistampa\\\/#website\"},\"datePublished\":\"2017-10-11T02:23:58+00:00\",\"author\":{\"@id\":\"https:\\\/\\\/www.article-marketing.eu\\\/comunicatistampa\\\/#\\\/schema\\\/person\\\/2da9a4283f702b1dde6409322aaff713\"},\"breadcrumb\":{\"@id\":\"https:\\\/\\\/www.article-marketing.eu\\\/comunicatistampa\\\/iquii-porta-eventxp-al-mashable-social-media-day-italia\\\/#breadcrumb\"},\"inLanguage\":\"it-IT\",\"potentialAction\":[{\"@type\":\"ReadAction\",\"target\":[\"https:\\\/\\\/www.article-marketing.eu\\\/comunicatistampa\\\/iquii-porta-eventxp-al-mashable-social-media-day-italia\\\/\"]}]},{\"@type\":\"BreadcrumbList\",\"@id\":\"https:\\\/\\\/www.article-marketing.eu\\\/comunicatistampa\\\/iquii-porta-eventxp-al-mashable-social-media-day-italia\\\/#breadcrumb\",\"itemListElement\":[{\"@type\":\"ListItem\",\"position\":1,\"name\":\"Home\",\"item\":\"https:\\\/\\\/www.article-marketing.eu\\\/comunicatistampa\\\/\"},{\"@type\":\"ListItem\",\"position\":2,\"name\":\"IQUII porta EventXP al Mashable Social Media Day Italia\"}]},{\"@type\":\"WebSite\",\"@id\":\"https:\\\/\\\/www.article-marketing.eu\\\/comunicatistampa\\\/#website\",\"url\":\"https:\\\/\\\/www.article-marketing.eu\\\/comunicatistampa\\\/\",\"name\":\"Article Marketing\",\"description\":\"article marketing &amp; press release\",\"potentialAction\":[{\"@type\":\"SearchAction\",\"target\":{\"@type\":\"EntryPoint\",\"urlTemplate\":\"https:\\\/\\\/www.article-marketing.eu\\\/comunicatistampa\\\/?s={search_term_string}\"},\"query-input\":{\"@type\":\"PropertyValueSpecification\",\"valueRequired\":true,\"valueName\":\"search_term_string\"}}],\"inLanguage\":\"it-IT\"},{\"@type\":\"Person\",\"@id\":\"https:\\\/\\\/www.article-marketing.eu\\\/comunicatistampa\\\/#\\\/schema\\\/person\\\/2da9a4283f702b1dde6409322aaff713\",\"name\":\"IQUII\",\"image\":{\"@type\":\"ImageObject\",\"inLanguage\":\"it-IT\",\"@id\":\"https:\\\/\\\/secure.gravatar.com\\\/avatar\\\/563bc1d8dfb9a5d68a5d9052e6861f44a19b131ddfc2b0c53e0c3a73c0d8e503?s=96&d=mm&r=g\",\"url\":\"https:\\\/\\\/secure.gravatar.com\\\/avatar\\\/563bc1d8dfb9a5d68a5d9052e6861f44a19b131ddfc2b0c53e0c3a73c0d8e503?s=96&d=mm&r=g\",\"contentUrl\":\"https:\\\/\\\/secure.gravatar.com\\\/avatar\\\/563bc1d8dfb9a5d68a5d9052e6861f44a19b131ddfc2b0c53e0c3a73c0d8e503?s=96&d=mm&r=g\",\"caption\":\"IQUII\"},\"description\":\"IQUII \u00e8 una Mobile Digital Company, specializzata in Applicazioni iOS, Android e Windows Phone, Social Media e Digital PR, tecnologia Wearable, Data Visualization.\",\"sameAs\":[\"http:\\\/\\\/iquii.com\",\"https:\\\/\\\/www.facebook.com\\\/iquiicompany\\\/?ref=bookmarks\",\"https:\\\/\\\/x.com\\\/IQUII\"],\"url\":\"https:\\\/\\\/www.article-marketing.eu\\\/comunicatistampa\\\/author\\\/iquii\\\/\"}]}<\/script>\n<!-- \/ Yoast SEO plugin. -->","yoast_head_json":{"title":"IQUII porta EventXP al Mashable Social Media Day Italia - Article Marketing","robots":{"index":"index","follow":"follow","max-snippet":"max-snippet:-1","max-image-preview":"max-image-preview:large","max-video-preview":"max-video-preview:-1"},"canonical":"https:\/\/www.article-marketing.eu\/comunicatistampa\/iquii-porta-eventxp-al-mashable-social-media-day-italia\/","og_locale":"it_IT","og_type":"article","og_title":"IQUII porta EventXP al Mashable Social Media Day Italia - Article Marketing","og_description":"In occasione dell\u2019edizione 2017 del Mashable Social Media Day, IQUII parteciper\u00e0 nella duplice veste di sponsor e app provider ufficiale con EventXP, la sua piattaforma enterprise per la gestione degli eventi. Dal 19 al 21 Ottobre, al Talent Garden Milano Calabiana, ci sar\u00e0 l\u2019appuntamento \u201cMashable Social Media Day\u201d e \u201cDigital Innovation Days\u201d per celebrare l\u2019innovazione digitale a 360\u00b0 che vedr\u00e0 IQUII come sponsor ufficiale dell\u2019evento. Una full immersion nel mondoContinue reading...","og_url":"https:\/\/www.article-marketing.eu\/comunicatistampa\/iquii-porta-eventxp-al-mashable-social-media-day-italia\/","og_site_name":"Article Marketing","article_author":"https:\/\/www.facebook.com\/iquiicompany\/?ref=bookmarks","article_published_time":"2017-10-11T02:23:58+00:00","author":"IQUII","twitter_card":"summary_large_image","twitter_creator":"@IQUII","twitter_misc":{"Scritto da":"IQUII","Tempo di lettura stimato":"2 minuti"},"schema":{"@context":"https:\/\/schema.org","@graph":[{"@type":"Article","@id":"https:\/\/www.article-marketing.eu\/comunicatistampa\/iquii-porta-eventxp-al-mashable-social-media-day-italia\/#article","isPartOf":{"@id":"https:\/\/www.article-marketing.eu\/comunicatistampa\/iquii-porta-eventxp-al-mashable-social-media-day-italia\/"},"author":{"name":"IQUII","@id":"https:\/\/www.article-marketing.eu\/comunicatistampa\/#\/schema\/person\/2da9a4283f702b1dde6409322aaff713"},"headline":"IQUII porta EventXP al Mashable Social Media Day Italia","datePublished":"2017-10-11T02:23:58+00:00","mainEntityOfPage":{"@id":"https:\/\/www.article-marketing.eu\/comunicatistampa\/iquii-porta-eventxp-al-mashable-social-media-day-italia\/"},"wordCount":347,"commentCount":0,"keywords":["app evento","app provider","Digital Company","enterprise app ecosystem","eventxp","IQUII","mashable","smdayit","social media day","sponsor"],"articleSection":["Comunicati stampa"],"inLanguage":"it-IT","potentialAction":[{"@type":"CommentAction","name":"Comment","target":["https:\/\/www.article-marketing.eu\/comunicatistampa\/iquii-porta-eventxp-al-mashable-social-media-day-italia\/#respond"]}]},{"@type":"WebPage","@id":"https:\/\/www.article-marketing.eu\/comunicatistampa\/iquii-porta-eventxp-al-mashable-social-media-day-italia\/","url":"https:\/\/www.article-marketing.eu\/comunicatistampa\/iquii-porta-eventxp-al-mashable-social-media-day-italia\/","name":"IQUII porta EventXP al Mashable Social Media Day Italia - Article Marketing","isPartOf":{"@id":"https:\/\/www.article-marketing.eu\/comunicatistampa\/#website"},"datePublished":"2017-10-11T02:23:58+00:00","author":{"@id":"https:\/\/www.article-marketing.eu\/comunicatistampa\/#\/schema\/person\/2da9a4283f702b1dde6409322aaff713"},"breadcrumb":{"@id":"https:\/\/www.article-marketing.eu\/comunicatistampa\/iquii-porta-eventxp-al-mashable-social-media-day-italia\/#breadcrumb"},"inLanguage":"it-IT","potentialAction":[{"@type":"ReadAction","target":["https:\/\/www.article-marketing.eu\/comunicatistampa\/iquii-porta-eventxp-al-mashable-social-media-day-italia\/"]}]},{"@type":"BreadcrumbList","@id":"https:\/\/www.article-marketing.eu\/comunicatistampa\/iquii-porta-eventxp-al-mashable-social-media-day-italia\/#breadcrumb","itemListElement":[{"@type":"ListItem","position":1,"name":"Home","item":"https:\/\/www.article-marketing.eu\/comunicatistampa\/"},{"@type":"ListItem","position":2,"name":"IQUII porta EventXP al Mashable Social Media Day Italia"}]},{"@type":"WebSite","@id":"https:\/\/www.article-marketing.eu\/comunicatistampa\/#website","url":"https:\/\/www.article-marketing.eu\/comunicatistampa\/","name":"Article Marketing","description":"article marketing &amp; press release","potentialAction":[{"@type":"SearchAction","target":{"@type":"EntryPoint","urlTemplate":"https:\/\/www.article-marketing.eu\/comunicatistampa\/?s={search_term_string}"},"query-input":{"@type":"PropertyValueSpecification","valueRequired":true,"valueName":"search_term_string"}}],"inLanguage":"it-IT"},{"@type":"Person","@id":"https:\/\/www.article-marketing.eu\/comunicatistampa\/#\/schema\/person\/2da9a4283f702b1dde6409322aaff713","name":"IQUII","image":{"@type":"ImageObject","inLanguage":"it-IT","@id":"https:\/\/secure.gravatar.com\/avatar\/563bc1d8dfb9a5d68a5d9052e6861f44a19b131ddfc2b0c53e0c3a73c0d8e503?s=96&d=mm&r=g","url":"https:\/\/secure.gravatar.com\/avatar\/563bc1d8dfb9a5d68a5d9052e6861f44a19b131ddfc2b0c53e0c3a73c0d8e503?s=96&d=mm&r=g","contentUrl":"https:\/\/secure.gravatar.com\/avatar\/563bc1d8dfb9a5d68a5d9052e6861f44a19b131ddfc2b0c53e0c3a73c0d8e503?s=96&d=mm&r=g","caption":"IQUII"},"description":"IQUII \u00e8 una Mobile Digital Company, specializzata in Applicazioni iOS, Android e Windows Phone, Social Media e Digital PR, tecnologia Wearable, Data Visualization.","sameAs":["http:\/\/iquii.com","https:\/\/www.facebook.com\/iquiicompany\/?ref=bookmarks","https:\/\/x.com\/IQUII"],"url":"https:\/\/www.article-marketing.eu\/comunicatistampa\/author\/iquii\/"}]}},"_links":{"self":[{"href":"https:\/\/www.article-marketing.eu\/comunicatistampa\/wp-json\/wp\/v2\/posts\/5895","targetHints":{"allow":["GET"]}}],"collection":[{"href":"https:\/\/www.article-marketing.eu\/comunicatistampa\/wp-json\/wp\/v2\/posts"}],"about":[{"href":"https:\/\/www.article-marketing.eu\/comunicatistampa\/wp-json\/wp\/v2\/types\/post"}],"author":[{"embeddable":true,"href":"https:\/\/www.article-marketing.eu\/comunicatistampa\/wp-json\/wp\/v2\/users\/616"}],"replies":[{"embeddable":true,"href":"https:\/\/www.article-marketing.eu\/comunicatistampa\/wp-json\/wp\/v2\/comments?post=5895"}],"version-history":[{"count":3,"href":"https:\/\/www.article-marketing.eu\/comunicatistampa\/wp-json\/wp\/v2\/posts\/5895\/revisions"}],"predecessor-version":[{"id":5959,"href":"https:\/\/www.article-marketing.eu\/comunicatistampa\/wp-json\/wp\/v2\/posts\/5895\/revisions\/5959"}],"wp:attachment":[{"href":"https:\/\/www.article-marketing.eu\/comunicatistampa\/wp-json\/wp\/v2\/media?parent=5895"}],"wp:term":[{"taxonomy":"category","embeddable":true,"href":"https:\/\/www.article-marketing.eu\/comunicatistampa\/wp-json\/wp\/v2\/categories?post=5895"},{"taxonomy":"post_tag","embeddable":true,"href":"https:\/\/www.article-marketing.eu\/comunicatistampa\/wp-json\/wp\/v2\/tags?post=5895"}],"curies":[{"name":"wp","href":"https:\/\/api.w.org\/{rel}","templated":true}]}}