{"id":591,"date":"2017-02-21T19:04:35","date_gmt":"2017-02-21T18:04:35","guid":{"rendered":"http:\/\/www.article-marketing.eu\/comunicatistampa\/?p=591"},"modified":"2017-02-25T21:30:34","modified_gmt":"2017-02-25T20:30:34","slug":"le-vacanze-in-famiglia-in-una-casa-vacanze-in-affitto-con-iha","status":"publish","type":"post","link":"https:\/\/www.article-marketing.eu\/comunicatistampa\/le-vacanze-in-famiglia-in-una-casa-vacanze-in-affitto-con-iha\/","title":{"rendered":"Le vacanze in famiglia in una casa vacanze in affitto con iha"},"content":{"rendered":"<p>Le famiglie amano la facilit\u00e0 di soggiornare in una casa vacanze e anche i loro costi molto pi\u00f9 vantaggiosi perch\u00e9 una casa vacanze \u00e8 pi\u00f9 conveniente rispetto all\u2019hotel o un residence.<\/p>\n<p>Da quanto risulta dall\u2019esperienza di oltre 10 anni del sito di case vacanze iha.it, le abitudini di prenotazione si formano secondo la composizione della famiglia, i periodi e le preferenze della tipologia di alloggio e del tema di vacanze.<\/p>\n<p>A Natale o in estate, le famiglie numerose ne approfittano per ritrovarsi tra zie, zii, cugini, nonni e ricercano ampie case con giardino e talvolta piscina. Queste ampie case vacanza rendono pi\u00f9 stretti i legami tra parenti e cugini e permettono ai bambini di crearsi dei ricordi con i loro nonni.<\/p>\n<p>Fuori vacanze scolastiche, le giovani coppie amano i prezzi promozionali e, con un bambino in tenera et\u00e0, apprezzano tutti i confort di un alloggio con angolo cottura.<\/p>\n<p>Le mamme e pap\u00e0 single con bambini favoriscono un comodo monolocale in affitto, in ottima posizione, vicino alle attivit\u00e0 culturali come i musei.<\/p>\n<p>Le famiglie con giovani bambini ricercano spesso le mete nei pressi dei parchi divertimenti a tema come il Parc Ast\u00e9rix, PortAventura, Europa-Park &#8230; ma anche le vacanze in fattoria e le mete balneari.<\/p>\n<p>I genitori accompagnati da pre-adolescenti tenderanno a dedicarsi ad attivit\u00e0 diverse quali il rafting, l\u2019immersione subacquea, la passeggiata e a scegliere alloggi insoliti (capanne sull\u2019albero, chiatte, &#8230;).<\/p>\n<p>Ma il criterio che torna sempre per le famiglie, \u00e8 il prezzo! I siti di case vacanze direttamente da privato a privato come <a href=\"http:\/\/www.iha.it\">www.iha.it<\/a> sono la soluzione pi\u00f9 economica perch\u00e9 \u00e8 senza commissione e senza spese aggiuntive rispetto alle centrali prenotazioni. La scelta per il vacanziere \u00e8 diventata molto pi\u00f9 ampia rispetto a qualche anno fa e l\u2019accesso ad un contatto diretto \u00e8 stato reso pi\u00f9 facile grazie a internet, e questo per tutta la gamma di case vacanze e soggiorno di vacanze qualsiasi sia la sua meta. Oggi il proprietario di una casa affitta pi\u00f9 facilmente il suo bene, e quindi l\u2019offerta risulta fortemente diversificata, dal monolocale passando per la casa in campagna, l\u2019appartamento in citt\u00e0, lo chalet in montagna fino ad arrivare alla villa in riva al mare, queste tipologie di alloggi sono spesso molto meglio attrezzate per soddisfare le esigenze dei vacanzieri.<\/p>\n<p>Trascorrete buone vacanze in famiglia con <a href=\"http:\/\/www.iha.it\">www.iha.it<\/a> !<\/p>\n","protected":false},"excerpt":{"rendered":"<p>Le famiglie amano la facilit\u00e0 di soggiornare in una casa vacanze e anche i loro costi molto pi\u00f9 vantaggiosi perch\u00e9 una casa vacanze \u00e8 pi\u00f9 conveniente rispetto all\u2019hotel o un residence. Da quanto risulta dall\u2019esperienza di oltre 10 anni del sito di case vacanze iha.it, le abitudini di prenotazione si formano secondo la composizione della famiglia, i periodi e le preferenze della tipologia di alloggio e del tema di vacanze.<\/p>\n<p><a class=\"continue-reading\" href=\"https:\/\/www.article-marketing.eu\/comunicatistampa\/le-vacanze-in-famiglia-in-una-casa-vacanze-in-affitto-con-iha\/\">Continue reading&#8230;<\/a><\/p>\n","protected":false},"author":29,"featured_media":0,"comment_status":"open","ping_status":"open","sticky":false,"template":"","format":"standard","meta":{"_monsterinsights_skip_tracking":false,"_monsterinsights_sitenote_active":false,"_monsterinsights_sitenote_note":"","_monsterinsights_sitenote_category":0,"footnotes":""},"categories":[346],"tags":[421,422,424,423],"class_list":["post-591","post","type-post","status-publish","format-standard","hentry","category-viaggi-e-turismo","tag-affitto","tag-casa-di-affitto","tag-casa-di-vacanza","tag-iha"],"yoast_head":"<!-- This site is optimized with the Yoast SEO plugin v27.3 - https:\/\/yoast.com\/product\/yoast-seo-wordpress\/ -->\n<title>Le vacanze in famiglia in una casa vacanze in affitto con iha - Article Marketing<\/title>\n<meta name=\"robots\" content=\"index, follow, max-snippet:-1, max-image-preview:large, max-video-preview:-1\" \/>\n<link rel=\"canonical\" href=\"https:\/\/www.article-marketing.eu\/comunicatistampa\/le-vacanze-in-famiglia-in-una-casa-vacanze-in-affitto-con-iha\/\" \/>\n<meta property=\"og:locale\" content=\"it_IT\" \/>\n<meta property=\"og:type\" content=\"article\" \/>\n<meta property=\"og:title\" content=\"Le vacanze in famiglia in una casa vacanze in affitto con iha - Article Marketing\" \/>\n<meta property=\"og:description\" content=\"Le famiglie amano la facilit\u00e0 di soggiornare in una casa vacanze e anche i loro costi molto pi\u00f9 vantaggiosi perch\u00e9 una casa vacanze \u00e8 pi\u00f9 conveniente rispetto all\u2019hotel o un residence. Da quanto risulta dall\u2019esperienza di oltre 10 anni del sito di case vacanze iha.it, le abitudini di prenotazione si formano secondo la composizione della famiglia, i periodi e le preferenze della tipologia di alloggio e del tema di vacanze.Continue reading...\" \/>\n<meta property=\"og:url\" content=\"https:\/\/www.article-marketing.eu\/comunicatistampa\/le-vacanze-in-famiglia-in-una-casa-vacanze-in-affitto-con-iha\/\" \/>\n<meta property=\"og:site_name\" content=\"Article Marketing\" \/>\n<meta property=\"article:published_time\" content=\"2017-02-21T18:04:35+00:00\" \/>\n<meta property=\"article:modified_time\" content=\"2017-02-25T20:30:34+00:00\" \/>\n<meta name=\"author\" content=\"hlecomte\" \/>\n<meta name=\"twitter:card\" content=\"summary_large_image\" \/>\n<meta name=\"twitter:label1\" content=\"Scritto da\" \/>\n\t<meta name=\"twitter:data1\" content=\"hlecomte\" \/>\n\t<meta name=\"twitter:label2\" content=\"Tempo di lettura stimato\" \/>\n\t<meta name=\"twitter:data2\" content=\"2 minuti\" \/>\n<script type=\"application\/ld+json\" class=\"yoast-schema-graph\">{\"@context\":\"https:\\\/\\\/schema.org\",\"@graph\":[{\"@type\":\"Article\",\"@id\":\"https:\\\/\\\/www.article-marketing.eu\\\/comunicatistampa\\\/le-vacanze-in-famiglia-in-una-casa-vacanze-in-affitto-con-iha\\\/#article\",\"isPartOf\":{\"@id\":\"https:\\\/\\\/www.article-marketing.eu\\\/comunicatistampa\\\/le-vacanze-in-famiglia-in-una-casa-vacanze-in-affitto-con-iha\\\/\"},\"author\":{\"name\":\"hlecomte\",\"@id\":\"https:\\\/\\\/www.article-marketing.eu\\\/comunicatistampa\\\/#\\\/schema\\\/person\\\/569f585da815cfb07079a51ce95b836a\"},\"headline\":\"Le vacanze in famiglia in una casa vacanze in affitto con iha\",\"datePublished\":\"2017-02-21T18:04:35+00:00\",\"dateModified\":\"2017-02-25T20:30:34+00:00\",\"mainEntityOfPage\":{\"@id\":\"https:\\\/\\\/www.article-marketing.eu\\\/comunicatistampa\\\/le-vacanze-in-famiglia-in-una-casa-vacanze-in-affitto-con-iha\\\/\"},\"wordCount\":400,\"commentCount\":0,\"keywords\":[\"affitto\",\"casa di affitto\",\"casa di vacanza\",\"IHA\"],\"articleSection\":[\"Viaggi e turismo\"],\"inLanguage\":\"it-IT\",\"potentialAction\":[{\"@type\":\"CommentAction\",\"name\":\"Comment\",\"target\":[\"https:\\\/\\\/www.article-marketing.eu\\\/comunicatistampa\\\/le-vacanze-in-famiglia-in-una-casa-vacanze-in-affitto-con-iha\\\/#respond\"]}]},{\"@type\":\"WebPage\",\"@id\":\"https:\\\/\\\/www.article-marketing.eu\\\/comunicatistampa\\\/le-vacanze-in-famiglia-in-una-casa-vacanze-in-affitto-con-iha\\\/\",\"url\":\"https:\\\/\\\/www.article-marketing.eu\\\/comunicatistampa\\\/le-vacanze-in-famiglia-in-una-casa-vacanze-in-affitto-con-iha\\\/\",\"name\":\"Le vacanze in famiglia in una casa vacanze in affitto con iha - Article Marketing\",\"isPartOf\":{\"@id\":\"https:\\\/\\\/www.article-marketing.eu\\\/comunicatistampa\\\/#website\"},\"datePublished\":\"2017-02-21T18:04:35+00:00\",\"dateModified\":\"2017-02-25T20:30:34+00:00\",\"author\":{\"@id\":\"https:\\\/\\\/www.article-marketing.eu\\\/comunicatistampa\\\/#\\\/schema\\\/person\\\/569f585da815cfb07079a51ce95b836a\"},\"breadcrumb\":{\"@id\":\"https:\\\/\\\/www.article-marketing.eu\\\/comunicatistampa\\\/le-vacanze-in-famiglia-in-una-casa-vacanze-in-affitto-con-iha\\\/#breadcrumb\"},\"inLanguage\":\"it-IT\",\"potentialAction\":[{\"@type\":\"ReadAction\",\"target\":[\"https:\\\/\\\/www.article-marketing.eu\\\/comunicatistampa\\\/le-vacanze-in-famiglia-in-una-casa-vacanze-in-affitto-con-iha\\\/\"]}]},{\"@type\":\"BreadcrumbList\",\"@id\":\"https:\\\/\\\/www.article-marketing.eu\\\/comunicatistampa\\\/le-vacanze-in-famiglia-in-una-casa-vacanze-in-affitto-con-iha\\\/#breadcrumb\",\"itemListElement\":[{\"@type\":\"ListItem\",\"position\":1,\"name\":\"Home\",\"item\":\"https:\\\/\\\/www.article-marketing.eu\\\/comunicatistampa\\\/\"},{\"@type\":\"ListItem\",\"position\":2,\"name\":\"Le vacanze in famiglia in una casa vacanze in affitto con iha\"}]},{\"@type\":\"WebSite\",\"@id\":\"https:\\\/\\\/www.article-marketing.eu\\\/comunicatistampa\\\/#website\",\"url\":\"https:\\\/\\\/www.article-marketing.eu\\\/comunicatistampa\\\/\",\"name\":\"Article Marketing\",\"description\":\"article marketing &amp; press release\",\"potentialAction\":[{\"@type\":\"SearchAction\",\"target\":{\"@type\":\"EntryPoint\",\"urlTemplate\":\"https:\\\/\\\/www.article-marketing.eu\\\/comunicatistampa\\\/?s={search_term_string}\"},\"query-input\":{\"@type\":\"PropertyValueSpecification\",\"valueRequired\":true,\"valueName\":\"search_term_string\"}}],\"inLanguage\":\"it-IT\"},{\"@type\":\"Person\",\"@id\":\"https:\\\/\\\/www.article-marketing.eu\\\/comunicatistampa\\\/#\\\/schema\\\/person\\\/569f585da815cfb07079a51ce95b836a\",\"name\":\"hlecomte\",\"image\":{\"@type\":\"ImageObject\",\"inLanguage\":\"it-IT\",\"@id\":\"https:\\\/\\\/secure.gravatar.com\\\/avatar\\\/a150cc170ae7ae4f9568f0c7a2ee057d4294ab04e60c29f386a69817627d3145?s=96&d=mm&r=g\",\"url\":\"https:\\\/\\\/secure.gravatar.com\\\/avatar\\\/a150cc170ae7ae4f9568f0c7a2ee057d4294ab04e60c29f386a69817627d3145?s=96&d=mm&r=g\",\"contentUrl\":\"https:\\\/\\\/secure.gravatar.com\\\/avatar\\\/a150cc170ae7ae4f9568f0c7a2ee057d4294ab04e60c29f386a69817627d3145?s=96&d=mm&r=g\",\"caption\":\"hlecomte\"},\"url\":\"https:\\\/\\\/www.article-marketing.eu\\\/comunicatistampa\\\/author\\\/hlecomte\\\/\"}]}<\/script>\n<!-- \/ Yoast SEO plugin. -->","yoast_head_json":{"title":"Le vacanze in famiglia in una casa vacanze in affitto con iha - Article Marketing","robots":{"index":"index","follow":"follow","max-snippet":"max-snippet:-1","max-image-preview":"max-image-preview:large","max-video-preview":"max-video-preview:-1"},"canonical":"https:\/\/www.article-marketing.eu\/comunicatistampa\/le-vacanze-in-famiglia-in-una-casa-vacanze-in-affitto-con-iha\/","og_locale":"it_IT","og_type":"article","og_title":"Le vacanze in famiglia in una casa vacanze in affitto con iha - Article Marketing","og_description":"Le famiglie amano la facilit\u00e0 di soggiornare in una casa vacanze e anche i loro costi molto pi\u00f9 vantaggiosi perch\u00e9 una casa vacanze \u00e8 pi\u00f9 conveniente rispetto all\u2019hotel o un residence. Da quanto risulta dall\u2019esperienza di oltre 10 anni del sito di case vacanze iha.it, le abitudini di prenotazione si formano secondo la composizione della famiglia, i periodi e le preferenze della tipologia di alloggio e del tema di vacanze.Continue reading...","og_url":"https:\/\/www.article-marketing.eu\/comunicatistampa\/le-vacanze-in-famiglia-in-una-casa-vacanze-in-affitto-con-iha\/","og_site_name":"Article Marketing","article_published_time":"2017-02-21T18:04:35+00:00","article_modified_time":"2017-02-25T20:30:34+00:00","author":"hlecomte","twitter_card":"summary_large_image","twitter_misc":{"Scritto da":"hlecomte","Tempo di lettura stimato":"2 minuti"},"schema":{"@context":"https:\/\/schema.org","@graph":[{"@type":"Article","@id":"https:\/\/www.article-marketing.eu\/comunicatistampa\/le-vacanze-in-famiglia-in-una-casa-vacanze-in-affitto-con-iha\/#article","isPartOf":{"@id":"https:\/\/www.article-marketing.eu\/comunicatistampa\/le-vacanze-in-famiglia-in-una-casa-vacanze-in-affitto-con-iha\/"},"author":{"name":"hlecomte","@id":"https:\/\/www.article-marketing.eu\/comunicatistampa\/#\/schema\/person\/569f585da815cfb07079a51ce95b836a"},"headline":"Le vacanze in famiglia in una casa vacanze in affitto con iha","datePublished":"2017-02-21T18:04:35+00:00","dateModified":"2017-02-25T20:30:34+00:00","mainEntityOfPage":{"@id":"https:\/\/www.article-marketing.eu\/comunicatistampa\/le-vacanze-in-famiglia-in-una-casa-vacanze-in-affitto-con-iha\/"},"wordCount":400,"commentCount":0,"keywords":["affitto","casa di affitto","casa di vacanza","IHA"],"articleSection":["Viaggi e turismo"],"inLanguage":"it-IT","potentialAction":[{"@type":"CommentAction","name":"Comment","target":["https:\/\/www.article-marketing.eu\/comunicatistampa\/le-vacanze-in-famiglia-in-una-casa-vacanze-in-affitto-con-iha\/#respond"]}]},{"@type":"WebPage","@id":"https:\/\/www.article-marketing.eu\/comunicatistampa\/le-vacanze-in-famiglia-in-una-casa-vacanze-in-affitto-con-iha\/","url":"https:\/\/www.article-marketing.eu\/comunicatistampa\/le-vacanze-in-famiglia-in-una-casa-vacanze-in-affitto-con-iha\/","name":"Le vacanze in famiglia in una casa vacanze in affitto con iha - Article Marketing","isPartOf":{"@id":"https:\/\/www.article-marketing.eu\/comunicatistampa\/#website"},"datePublished":"2017-02-21T18:04:35+00:00","dateModified":"2017-02-25T20:30:34+00:00","author":{"@id":"https:\/\/www.article-marketing.eu\/comunicatistampa\/#\/schema\/person\/569f585da815cfb07079a51ce95b836a"},"breadcrumb":{"@id":"https:\/\/www.article-marketing.eu\/comunicatistampa\/le-vacanze-in-famiglia-in-una-casa-vacanze-in-affitto-con-iha\/#breadcrumb"},"inLanguage":"it-IT","potentialAction":[{"@type":"ReadAction","target":["https:\/\/www.article-marketing.eu\/comunicatistampa\/le-vacanze-in-famiglia-in-una-casa-vacanze-in-affitto-con-iha\/"]}]},{"@type":"BreadcrumbList","@id":"https:\/\/www.article-marketing.eu\/comunicatistampa\/le-vacanze-in-famiglia-in-una-casa-vacanze-in-affitto-con-iha\/#breadcrumb","itemListElement":[{"@type":"ListItem","position":1,"name":"Home","item":"https:\/\/www.article-marketing.eu\/comunicatistampa\/"},{"@type":"ListItem","position":2,"name":"Le vacanze in famiglia in una casa vacanze in affitto con iha"}]},{"@type":"WebSite","@id":"https:\/\/www.article-marketing.eu\/comunicatistampa\/#website","url":"https:\/\/www.article-marketing.eu\/comunicatistampa\/","name":"Article Marketing","description":"article marketing &amp; press release","potentialAction":[{"@type":"SearchAction","target":{"@type":"EntryPoint","urlTemplate":"https:\/\/www.article-marketing.eu\/comunicatistampa\/?s={search_term_string}"},"query-input":{"@type":"PropertyValueSpecification","valueRequired":true,"valueName":"search_term_string"}}],"inLanguage":"it-IT"},{"@type":"Person","@id":"https:\/\/www.article-marketing.eu\/comunicatistampa\/#\/schema\/person\/569f585da815cfb07079a51ce95b836a","name":"hlecomte","image":{"@type":"ImageObject","inLanguage":"it-IT","@id":"https:\/\/secure.gravatar.com\/avatar\/a150cc170ae7ae4f9568f0c7a2ee057d4294ab04e60c29f386a69817627d3145?s=96&d=mm&r=g","url":"https:\/\/secure.gravatar.com\/avatar\/a150cc170ae7ae4f9568f0c7a2ee057d4294ab04e60c29f386a69817627d3145?s=96&d=mm&r=g","contentUrl":"https:\/\/secure.gravatar.com\/avatar\/a150cc170ae7ae4f9568f0c7a2ee057d4294ab04e60c29f386a69817627d3145?s=96&d=mm&r=g","caption":"hlecomte"},"url":"https:\/\/www.article-marketing.eu\/comunicatistampa\/author\/hlecomte\/"}]}},"_links":{"self":[{"href":"https:\/\/www.article-marketing.eu\/comunicatistampa\/wp-json\/wp\/v2\/posts\/591","targetHints":{"allow":["GET"]}}],"collection":[{"href":"https:\/\/www.article-marketing.eu\/comunicatistampa\/wp-json\/wp\/v2\/posts"}],"about":[{"href":"https:\/\/www.article-marketing.eu\/comunicatistampa\/wp-json\/wp\/v2\/types\/post"}],"author":[{"embeddable":true,"href":"https:\/\/www.article-marketing.eu\/comunicatistampa\/wp-json\/wp\/v2\/users\/29"}],"replies":[{"embeddable":true,"href":"https:\/\/www.article-marketing.eu\/comunicatistampa\/wp-json\/wp\/v2\/comments?post=591"}],"version-history":[{"count":2,"href":"https:\/\/www.article-marketing.eu\/comunicatistampa\/wp-json\/wp\/v2\/posts\/591\/revisions"}],"predecessor-version":[{"id":657,"href":"https:\/\/www.article-marketing.eu\/comunicatistampa\/wp-json\/wp\/v2\/posts\/591\/revisions\/657"}],"wp:attachment":[{"href":"https:\/\/www.article-marketing.eu\/comunicatistampa\/wp-json\/wp\/v2\/media?parent=591"}],"wp:term":[{"taxonomy":"category","embeddable":true,"href":"https:\/\/www.article-marketing.eu\/comunicatistampa\/wp-json\/wp\/v2\/categories?post=591"},{"taxonomy":"post_tag","embeddable":true,"href":"https:\/\/www.article-marketing.eu\/comunicatistampa\/wp-json\/wp\/v2\/tags?post=591"}],"curies":[{"name":"wp","href":"https:\/\/api.w.org\/{rel}","templated":true}]}}