{"id":6071,"date":"2017-10-12T19:33:40","date_gmt":"2017-10-12T17:33:40","guid":{"rendered":"http:\/\/www.article-marketing.eu\/comunicatistampa\/?p=6071"},"modified":"2017-10-12T19:33:40","modified_gmt":"2017-10-12T17:33:40","slug":"bello-viene-adesso-tema-conduttore-del-numero-dimensione-benessere-edicola-lunedi-9-ottobre","status":"publish","type":"post","link":"https:\/\/www.article-marketing.eu\/comunicatistampa\/bello-viene-adesso-tema-conduttore-del-numero-dimensione-benessere-edicola-lunedi-9-ottobre\/","title":{"rendered":"\u201cIL BELLO VIENE ADESSO\u201d E\u2019 IL TEMA CONDUTTORE DEL NUOVO NUMERO DI DIMENSIONE BENESSERE  IN EDICOLA DA LUNEDI\u2019 9 OTTOBRE"},"content":{"rendered":"<p>&nbsp;<\/p>\n<p>&nbsp;<\/p>\n<p><img loading=\"lazy\" decoding=\"async\" class=\" wp-image-2156 alignright\" src=\"http:\/\/www.bluwom-milano.com\/wp-content\/uploads\/2017\/10\/Schermata-2017-10-12-alle-12.46.13-2-213x300.png\" alt=\"Schermata 2017-10-12 alle 12.46.13\" width=\"226\" height=\"318\" \/><\/p>\n<p>Milano, Ottobre 2017. Da Luned\u00ec 9 Ottobre \u00e8 in edicola il nuovo numero della rivista di salute e benessere naturale <strong><em>Dimensione Benessere<\/em><\/strong> della casa editrice <strong>Jaguar Publishing<\/strong>, diretta da <strong>Giovanna Tettamanzi<\/strong>, con direttore editoriale <strong>Gian Maria Madella<\/strong>.<\/p>\n<p>&#8220;<strong>Il bello viene adesso<\/strong> &#8221; \u00e8 il tema centrale del nuovo numero di Dimensione Benessere per dare il benvenuto alla stagione autunnale. Nel nuovo numero in edicola \u00e8 offerto uno spunto di riflessione sull\u2019autunno, partendo dal testo di una canzone: \u201c<strong>E\u2019 nell\u2019aria un tiepido profumo d\u2019Ottobre sar\u00e0 un brivido che il corpo non riesce a capire\u2026<\/strong>\u201d. L\u2019autunno infatti, non \u00e8 affatto una stagione triste e cupa come molti autori e poeti hanno intrepretato, anzi, proprio osservando la natura ci rendiamo conto che \u00e8 un momento straordinario per il raccolto e per il cambiamento. L\u2019obiettivo di questo numero \u00e8 fornire, attraverso servizi ed interviste, numerosi consigli da parte di esperti su come affrontare al meglio il cambiamento climatico, la stanchezza e i primi malanni stagionali.<\/p>\n<p>Inoltre,<strong> Dimensione Benessere<\/strong> racconta all\u2019interno di questo numero una storia toccante e commovente: quella di <strong>Alida Gotta<\/strong>, finalista di Masterchef. In questa intervista Alida Gotta si racconta prima dell\u2019esperienza televisiva, quando per lei il cibo rappresentava un nemico da sconfiggere e da odiare sempre pi\u00f9. Oggi, grazie alla sua estrema forza di volont\u00e0, \u00e8 riuscita non solo a guarire dall\u2019anoressia, ma ha fatto del cibo la sua nuova vita. Dapprima arrivando finalista al programma televisivo Masterchef e poi trasformando i fornelli in una missione di cucina sana che da questo mese in poi diventer\u00e0 una rubrica all\u2019interno del magazine Dimensione Benessere.<\/p>\n<p>Scopo principale del direttore, consolidare tutte le novit\u00e0 di Dimensione Benessere, rendendolo un innovativo e realmente &#8216;utile&#8217; lifestyle femminile, grazie anche ai consigli che si possono trovare all\u2019interno. Ogni mese, \u00e8 possibile trovare spunti che prendono in considerazione lo stile di vita sano e naturale, sia delle lettrici gi\u00e0 affezionate che di quelle nuove, con il fine di essere sempre di pi\u00f9 un appuntamento fisso per quante sono interessate al loro benessere psico-fisico, benessere che coinvolge in modo determinante il piacere della tavola.<\/p>\n<p>Dimensione Benessere \u00e8 edita da <strong>Jaguar Publishing<\/strong>.<\/p>\n<p>&nbsp;<\/p>\n<p><strong><em>Per ulteriori informazioni:<\/em><\/strong><br \/>\nDigital PR a cura di Blu Wom Milano<br \/>\nwww.bluwom-milano.com<br \/>\np.fabretti@bluwom-milano.com<\/p>\n","protected":false},"excerpt":{"rendered":"<p>&nbsp; &nbsp; Milano, Ottobre 2017. Da Luned\u00ec 9 Ottobre \u00e8 in edicola il nuovo numero della rivista di salute e benessere naturale Dimensione Benessere della casa editrice Jaguar Publishing, diretta da Giovanna Tettamanzi, con direttore editoriale Gian Maria Madella. &#8220;Il bello viene adesso &#8221; \u00e8 il tema centrale del nuovo numero di Dimensione Benessere per dare il benvenuto alla stagione autunnale. Nel nuovo numero in edicola \u00e8 offerto uno spunto<\/p>\n<p><a class=\"continue-reading\" href=\"https:\/\/www.article-marketing.eu\/comunicatistampa\/bello-viene-adesso-tema-conduttore-del-numero-dimensione-benessere-edicola-lunedi-9-ottobre\/\">Continue reading&#8230;<\/a><\/p>\n","protected":false},"author":12,"featured_media":0,"comment_status":"open","ping_status":"open","sticky":false,"template":"","format":"standard","meta":{"_monsterinsights_skip_tracking":false,"_monsterinsights_sitenote_active":false,"_monsterinsights_sitenote_note":"","_monsterinsights_sitenote_category":0,"footnotes":""},"categories":[369],"tags":[2834],"class_list":["post-6071","post","type-post","status-publish","format-standard","hentry","category-salute-e-benessere","tag-dimensionebenessererivistamagazineottobrealessandrocecchipaoneopinionista"],"yoast_head":"<!-- This site is optimized with the Yoast SEO plugin v27.3 - https:\/\/yoast.com\/product\/yoast-seo-wordpress\/ -->\n<title>\u201cIL BELLO VIENE ADESSO\u201d E\u2019 IL TEMA CONDUTTORE DEL NUOVO NUMERO DI DIMENSIONE BENESSERE IN EDICOLA DA LUNEDI\u2019 9 OTTOBRE - Article Marketing<\/title>\n<meta name=\"robots\" content=\"index, follow, max-snippet:-1, max-image-preview:large, max-video-preview:-1\" \/>\n<link rel=\"canonical\" href=\"https:\/\/www.article-marketing.eu\/comunicatistampa\/bello-viene-adesso-tema-conduttore-del-numero-dimensione-benessere-edicola-lunedi-9-ottobre\/\" \/>\n<meta property=\"og:locale\" content=\"it_IT\" \/>\n<meta property=\"og:type\" content=\"article\" \/>\n<meta property=\"og:title\" content=\"\u201cIL BELLO VIENE ADESSO\u201d E\u2019 IL TEMA CONDUTTORE DEL NUOVO NUMERO DI DIMENSIONE BENESSERE IN EDICOLA DA LUNEDI\u2019 9 OTTOBRE - Article Marketing\" \/>\n<meta property=\"og:description\" content=\"&nbsp; &nbsp; Milano, Ottobre 2017. Da Luned\u00ec 9 Ottobre \u00e8 in edicola il nuovo numero della rivista di salute e benessere naturale Dimensione Benessere della casa editrice Jaguar Publishing, diretta da Giovanna Tettamanzi, con direttore editoriale Gian Maria Madella. &#8220;Il bello viene adesso &#8221; \u00e8 il tema centrale del nuovo numero di Dimensione Benessere per dare il benvenuto alla stagione autunnale. Nel nuovo numero in edicola \u00e8 offerto uno spuntoContinue reading...\" \/>\n<meta property=\"og:url\" content=\"https:\/\/www.article-marketing.eu\/comunicatistampa\/bello-viene-adesso-tema-conduttore-del-numero-dimensione-benessere-edicola-lunedi-9-ottobre\/\" \/>\n<meta property=\"og:site_name\" content=\"Article Marketing\" \/>\n<meta property=\"article:published_time\" content=\"2017-10-12T17:33:40+00:00\" \/>\n<meta property=\"og:image\" content=\"http:\/\/www.bluwom-milano.com\/wp-content\/uploads\/2017\/10\/Schermata-2017-10-12-alle-12.46.13-2-213x300.png\" \/>\n<meta name=\"author\" content=\"bluwommilano\" \/>\n<meta name=\"twitter:card\" content=\"summary_large_image\" \/>\n<meta name=\"twitter:label1\" content=\"Scritto da\" \/>\n\t<meta name=\"twitter:data1\" content=\"bluwommilano\" \/>\n\t<meta name=\"twitter:label2\" content=\"Tempo di lettura stimato\" \/>\n\t<meta name=\"twitter:data2\" content=\"2 minuti\" \/>\n<script type=\"application\/ld+json\" class=\"yoast-schema-graph\">{\"@context\":\"https:\\\/\\\/schema.org\",\"@graph\":[{\"@type\":\"Article\",\"@id\":\"https:\\\/\\\/www.article-marketing.eu\\\/comunicatistampa\\\/bello-viene-adesso-tema-conduttore-del-numero-dimensione-benessere-edicola-lunedi-9-ottobre\\\/#article\",\"isPartOf\":{\"@id\":\"https:\\\/\\\/www.article-marketing.eu\\\/comunicatistampa\\\/bello-viene-adesso-tema-conduttore-del-numero-dimensione-benessere-edicola-lunedi-9-ottobre\\\/\"},\"author\":{\"name\":\"bluwommilano\",\"@id\":\"https:\\\/\\\/www.article-marketing.eu\\\/comunicatistampa\\\/#\\\/schema\\\/person\\\/75a8cec9b0e554e822d3cf8a7d9bc185\"},\"headline\":\"\u201cIL BELLO VIENE ADESSO\u201d E\u2019 IL TEMA CONDUTTORE DEL NUOVO NUMERO DI DIMENSIONE BENESSERE IN EDICOLA DA LUNEDI\u2019 9 OTTOBRE\",\"datePublished\":\"2017-10-12T17:33:40+00:00\",\"mainEntityOfPage\":{\"@id\":\"https:\\\/\\\/www.article-marketing.eu\\\/comunicatistampa\\\/bello-viene-adesso-tema-conduttore-del-numero-dimensione-benessere-edicola-lunedi-9-ottobre\\\/\"},\"wordCount\":390,\"commentCount\":0,\"image\":{\"@id\":\"https:\\\/\\\/www.article-marketing.eu\\\/comunicatistampa\\\/bello-viene-adesso-tema-conduttore-del-numero-dimensione-benessere-edicola-lunedi-9-ottobre\\\/#primaryimage\"},\"thumbnailUrl\":\"http:\\\/\\\/www.bluwom-milano.com\\\/wp-content\\\/uploads\\\/2017\\\/10\\\/Schermata-2017-10-12-alle-12.46.13-2-213x300.png\",\"keywords\":[\"#DimensioneBenessere#rivista#magazine#ottobre#AlessandroCecchiPaone#opinionista\"],\"articleSection\":[\"Salute e benessere\"],\"inLanguage\":\"it-IT\",\"potentialAction\":[{\"@type\":\"CommentAction\",\"name\":\"Comment\",\"target\":[\"https:\\\/\\\/www.article-marketing.eu\\\/comunicatistampa\\\/bello-viene-adesso-tema-conduttore-del-numero-dimensione-benessere-edicola-lunedi-9-ottobre\\\/#respond\"]}]},{\"@type\":\"WebPage\",\"@id\":\"https:\\\/\\\/www.article-marketing.eu\\\/comunicatistampa\\\/bello-viene-adesso-tema-conduttore-del-numero-dimensione-benessere-edicola-lunedi-9-ottobre\\\/\",\"url\":\"https:\\\/\\\/www.article-marketing.eu\\\/comunicatistampa\\\/bello-viene-adesso-tema-conduttore-del-numero-dimensione-benessere-edicola-lunedi-9-ottobre\\\/\",\"name\":\"\u201cIL BELLO VIENE ADESSO\u201d E\u2019 IL TEMA CONDUTTORE DEL NUOVO NUMERO DI DIMENSIONE BENESSERE IN EDICOLA DA LUNEDI\u2019 9 OTTOBRE - Article Marketing\",\"isPartOf\":{\"@id\":\"https:\\\/\\\/www.article-marketing.eu\\\/comunicatistampa\\\/#website\"},\"primaryImageOfPage\":{\"@id\":\"https:\\\/\\\/www.article-marketing.eu\\\/comunicatistampa\\\/bello-viene-adesso-tema-conduttore-del-numero-dimensione-benessere-edicola-lunedi-9-ottobre\\\/#primaryimage\"},\"image\":{\"@id\":\"https:\\\/\\\/www.article-marketing.eu\\\/comunicatistampa\\\/bello-viene-adesso-tema-conduttore-del-numero-dimensione-benessere-edicola-lunedi-9-ottobre\\\/#primaryimage\"},\"thumbnailUrl\":\"http:\\\/\\\/www.bluwom-milano.com\\\/wp-content\\\/uploads\\\/2017\\\/10\\\/Schermata-2017-10-12-alle-12.46.13-2-213x300.png\",\"datePublished\":\"2017-10-12T17:33:40+00:00\",\"author\":{\"@id\":\"https:\\\/\\\/www.article-marketing.eu\\\/comunicatistampa\\\/#\\\/schema\\\/person\\\/75a8cec9b0e554e822d3cf8a7d9bc185\"},\"breadcrumb\":{\"@id\":\"https:\\\/\\\/www.article-marketing.eu\\\/comunicatistampa\\\/bello-viene-adesso-tema-conduttore-del-numero-dimensione-benessere-edicola-lunedi-9-ottobre\\\/#breadcrumb\"},\"inLanguage\":\"it-IT\",\"potentialAction\":[{\"@type\":\"ReadAction\",\"target\":[\"https:\\\/\\\/www.article-marketing.eu\\\/comunicatistampa\\\/bello-viene-adesso-tema-conduttore-del-numero-dimensione-benessere-edicola-lunedi-9-ottobre\\\/\"]}]},{\"@type\":\"ImageObject\",\"inLanguage\":\"it-IT\",\"@id\":\"https:\\\/\\\/www.article-marketing.eu\\\/comunicatistampa\\\/bello-viene-adesso-tema-conduttore-del-numero-dimensione-benessere-edicola-lunedi-9-ottobre\\\/#primaryimage\",\"url\":\"http:\\\/\\\/www.bluwom-milano.com\\\/wp-content\\\/uploads\\\/2017\\\/10\\\/Schermata-2017-10-12-alle-12.46.13-2-213x300.png\",\"contentUrl\":\"http:\\\/\\\/www.bluwom-milano.com\\\/wp-content\\\/uploads\\\/2017\\\/10\\\/Schermata-2017-10-12-alle-12.46.13-2-213x300.png\"},{\"@type\":\"BreadcrumbList\",\"@id\":\"https:\\\/\\\/www.article-marketing.eu\\\/comunicatistampa\\\/bello-viene-adesso-tema-conduttore-del-numero-dimensione-benessere-edicola-lunedi-9-ottobre\\\/#breadcrumb\",\"itemListElement\":[{\"@type\":\"ListItem\",\"position\":1,\"name\":\"Home\",\"item\":\"https:\\\/\\\/www.article-marketing.eu\\\/comunicatistampa\\\/\"},{\"@type\":\"ListItem\",\"position\":2,\"name\":\"\u201cIL BELLO VIENE ADESSO\u201d E\u2019 IL TEMA CONDUTTORE DEL NUOVO NUMERO DI DIMENSIONE BENESSERE IN EDICOLA DA LUNEDI\u2019 9 OTTOBRE\"}]},{\"@type\":\"WebSite\",\"@id\":\"https:\\\/\\\/www.article-marketing.eu\\\/comunicatistampa\\\/#website\",\"url\":\"https:\\\/\\\/www.article-marketing.eu\\\/comunicatistampa\\\/\",\"name\":\"Article Marketing\",\"description\":\"article marketing &amp; press release\",\"potentialAction\":[{\"@type\":\"SearchAction\",\"target\":{\"@type\":\"EntryPoint\",\"urlTemplate\":\"https:\\\/\\\/www.article-marketing.eu\\\/comunicatistampa\\\/?s={search_term_string}\"},\"query-input\":{\"@type\":\"PropertyValueSpecification\",\"valueRequired\":true,\"valueName\":\"search_term_string\"}}],\"inLanguage\":\"it-IT\"},{\"@type\":\"Person\",\"@id\":\"https:\\\/\\\/www.article-marketing.eu\\\/comunicatistampa\\\/#\\\/schema\\\/person\\\/75a8cec9b0e554e822d3cf8a7d9bc185\",\"name\":\"bluwommilano\",\"image\":{\"@type\":\"ImageObject\",\"inLanguage\":\"it-IT\",\"@id\":\"https:\\\/\\\/secure.gravatar.com\\\/avatar\\\/3eb7b659ca1198da18cd77dbe226dbaf573febd61155bcb87f4609bc1082e946?s=96&d=mm&r=g\",\"url\":\"https:\\\/\\\/secure.gravatar.com\\\/avatar\\\/3eb7b659ca1198da18cd77dbe226dbaf573febd61155bcb87f4609bc1082e946?s=96&d=mm&r=g\",\"contentUrl\":\"https:\\\/\\\/secure.gravatar.com\\\/avatar\\\/3eb7b659ca1198da18cd77dbe226dbaf573febd61155bcb87f4609bc1082e946?s=96&d=mm&r=g\",\"caption\":\"bluwommilano\"},\"url\":\"https:\\\/\\\/www.article-marketing.eu\\\/comunicatistampa\\\/author\\\/bluwommilano\\\/\"}]}<\/script>\n<!-- \/ Yoast SEO plugin. -->","yoast_head_json":{"title":"\u201cIL BELLO VIENE ADESSO\u201d E\u2019 IL TEMA CONDUTTORE DEL NUOVO NUMERO DI DIMENSIONE BENESSERE IN EDICOLA DA LUNEDI\u2019 9 OTTOBRE - Article Marketing","robots":{"index":"index","follow":"follow","max-snippet":"max-snippet:-1","max-image-preview":"max-image-preview:large","max-video-preview":"max-video-preview:-1"},"canonical":"https:\/\/www.article-marketing.eu\/comunicatistampa\/bello-viene-adesso-tema-conduttore-del-numero-dimensione-benessere-edicola-lunedi-9-ottobre\/","og_locale":"it_IT","og_type":"article","og_title":"\u201cIL BELLO VIENE ADESSO\u201d E\u2019 IL TEMA CONDUTTORE DEL NUOVO NUMERO DI DIMENSIONE BENESSERE IN EDICOLA DA LUNEDI\u2019 9 OTTOBRE - Article Marketing","og_description":"&nbsp; &nbsp; Milano, Ottobre 2017. Da Luned\u00ec 9 Ottobre \u00e8 in edicola il nuovo numero della rivista di salute e benessere naturale Dimensione Benessere della casa editrice Jaguar Publishing, diretta da Giovanna Tettamanzi, con direttore editoriale Gian Maria Madella. &#8220;Il bello viene adesso &#8221; \u00e8 il tema centrale del nuovo numero di Dimensione Benessere per dare il benvenuto alla stagione autunnale. Nel nuovo numero in edicola \u00e8 offerto uno spuntoContinue reading...","og_url":"https:\/\/www.article-marketing.eu\/comunicatistampa\/bello-viene-adesso-tema-conduttore-del-numero-dimensione-benessere-edicola-lunedi-9-ottobre\/","og_site_name":"Article Marketing","article_published_time":"2017-10-12T17:33:40+00:00","og_image":[{"url":"http:\/\/www.bluwom-milano.com\/wp-content\/uploads\/2017\/10\/Schermata-2017-10-12-alle-12.46.13-2-213x300.png","type":"","width":"","height":""}],"author":"bluwommilano","twitter_card":"summary_large_image","twitter_misc":{"Scritto da":"bluwommilano","Tempo di lettura stimato":"2 minuti"},"schema":{"@context":"https:\/\/schema.org","@graph":[{"@type":"Article","@id":"https:\/\/www.article-marketing.eu\/comunicatistampa\/bello-viene-adesso-tema-conduttore-del-numero-dimensione-benessere-edicola-lunedi-9-ottobre\/#article","isPartOf":{"@id":"https:\/\/www.article-marketing.eu\/comunicatistampa\/bello-viene-adesso-tema-conduttore-del-numero-dimensione-benessere-edicola-lunedi-9-ottobre\/"},"author":{"name":"bluwommilano","@id":"https:\/\/www.article-marketing.eu\/comunicatistampa\/#\/schema\/person\/75a8cec9b0e554e822d3cf8a7d9bc185"},"headline":"\u201cIL BELLO VIENE ADESSO\u201d E\u2019 IL TEMA CONDUTTORE DEL NUOVO NUMERO DI DIMENSIONE BENESSERE IN EDICOLA DA LUNEDI\u2019 9 OTTOBRE","datePublished":"2017-10-12T17:33:40+00:00","mainEntityOfPage":{"@id":"https:\/\/www.article-marketing.eu\/comunicatistampa\/bello-viene-adesso-tema-conduttore-del-numero-dimensione-benessere-edicola-lunedi-9-ottobre\/"},"wordCount":390,"commentCount":0,"image":{"@id":"https:\/\/www.article-marketing.eu\/comunicatistampa\/bello-viene-adesso-tema-conduttore-del-numero-dimensione-benessere-edicola-lunedi-9-ottobre\/#primaryimage"},"thumbnailUrl":"http:\/\/www.bluwom-milano.com\/wp-content\/uploads\/2017\/10\/Schermata-2017-10-12-alle-12.46.13-2-213x300.png","keywords":["#DimensioneBenessere#rivista#magazine#ottobre#AlessandroCecchiPaone#opinionista"],"articleSection":["Salute e benessere"],"inLanguage":"it-IT","potentialAction":[{"@type":"CommentAction","name":"Comment","target":["https:\/\/www.article-marketing.eu\/comunicatistampa\/bello-viene-adesso-tema-conduttore-del-numero-dimensione-benessere-edicola-lunedi-9-ottobre\/#respond"]}]},{"@type":"WebPage","@id":"https:\/\/www.article-marketing.eu\/comunicatistampa\/bello-viene-adesso-tema-conduttore-del-numero-dimensione-benessere-edicola-lunedi-9-ottobre\/","url":"https:\/\/www.article-marketing.eu\/comunicatistampa\/bello-viene-adesso-tema-conduttore-del-numero-dimensione-benessere-edicola-lunedi-9-ottobre\/","name":"\u201cIL BELLO VIENE ADESSO\u201d E\u2019 IL TEMA CONDUTTORE DEL NUOVO NUMERO DI DIMENSIONE BENESSERE IN EDICOLA DA LUNEDI\u2019 9 OTTOBRE - Article Marketing","isPartOf":{"@id":"https:\/\/www.article-marketing.eu\/comunicatistampa\/#website"},"primaryImageOfPage":{"@id":"https:\/\/www.article-marketing.eu\/comunicatistampa\/bello-viene-adesso-tema-conduttore-del-numero-dimensione-benessere-edicola-lunedi-9-ottobre\/#primaryimage"},"image":{"@id":"https:\/\/www.article-marketing.eu\/comunicatistampa\/bello-viene-adesso-tema-conduttore-del-numero-dimensione-benessere-edicola-lunedi-9-ottobre\/#primaryimage"},"thumbnailUrl":"http:\/\/www.bluwom-milano.com\/wp-content\/uploads\/2017\/10\/Schermata-2017-10-12-alle-12.46.13-2-213x300.png","datePublished":"2017-10-12T17:33:40+00:00","author":{"@id":"https:\/\/www.article-marketing.eu\/comunicatistampa\/#\/schema\/person\/75a8cec9b0e554e822d3cf8a7d9bc185"},"breadcrumb":{"@id":"https:\/\/www.article-marketing.eu\/comunicatistampa\/bello-viene-adesso-tema-conduttore-del-numero-dimensione-benessere-edicola-lunedi-9-ottobre\/#breadcrumb"},"inLanguage":"it-IT","potentialAction":[{"@type":"ReadAction","target":["https:\/\/www.article-marketing.eu\/comunicatistampa\/bello-viene-adesso-tema-conduttore-del-numero-dimensione-benessere-edicola-lunedi-9-ottobre\/"]}]},{"@type":"ImageObject","inLanguage":"it-IT","@id":"https:\/\/www.article-marketing.eu\/comunicatistampa\/bello-viene-adesso-tema-conduttore-del-numero-dimensione-benessere-edicola-lunedi-9-ottobre\/#primaryimage","url":"http:\/\/www.bluwom-milano.com\/wp-content\/uploads\/2017\/10\/Schermata-2017-10-12-alle-12.46.13-2-213x300.png","contentUrl":"http:\/\/www.bluwom-milano.com\/wp-content\/uploads\/2017\/10\/Schermata-2017-10-12-alle-12.46.13-2-213x300.png"},{"@type":"BreadcrumbList","@id":"https:\/\/www.article-marketing.eu\/comunicatistampa\/bello-viene-adesso-tema-conduttore-del-numero-dimensione-benessere-edicola-lunedi-9-ottobre\/#breadcrumb","itemListElement":[{"@type":"ListItem","position":1,"name":"Home","item":"https:\/\/www.article-marketing.eu\/comunicatistampa\/"},{"@type":"ListItem","position":2,"name":"\u201cIL BELLO VIENE ADESSO\u201d E\u2019 IL TEMA CONDUTTORE DEL NUOVO NUMERO DI DIMENSIONE BENESSERE IN EDICOLA DA LUNEDI\u2019 9 OTTOBRE"}]},{"@type":"WebSite","@id":"https:\/\/www.article-marketing.eu\/comunicatistampa\/#website","url":"https:\/\/www.article-marketing.eu\/comunicatistampa\/","name":"Article Marketing","description":"article marketing &amp; press release","potentialAction":[{"@type":"SearchAction","target":{"@type":"EntryPoint","urlTemplate":"https:\/\/www.article-marketing.eu\/comunicatistampa\/?s={search_term_string}"},"query-input":{"@type":"PropertyValueSpecification","valueRequired":true,"valueName":"search_term_string"}}],"inLanguage":"it-IT"},{"@type":"Person","@id":"https:\/\/www.article-marketing.eu\/comunicatistampa\/#\/schema\/person\/75a8cec9b0e554e822d3cf8a7d9bc185","name":"bluwommilano","image":{"@type":"ImageObject","inLanguage":"it-IT","@id":"https:\/\/secure.gravatar.com\/avatar\/3eb7b659ca1198da18cd77dbe226dbaf573febd61155bcb87f4609bc1082e946?s=96&d=mm&r=g","url":"https:\/\/secure.gravatar.com\/avatar\/3eb7b659ca1198da18cd77dbe226dbaf573febd61155bcb87f4609bc1082e946?s=96&d=mm&r=g","contentUrl":"https:\/\/secure.gravatar.com\/avatar\/3eb7b659ca1198da18cd77dbe226dbaf573febd61155bcb87f4609bc1082e946?s=96&d=mm&r=g","caption":"bluwommilano"},"url":"https:\/\/www.article-marketing.eu\/comunicatistampa\/author\/bluwommilano\/"}]}},"_links":{"self":[{"href":"https:\/\/www.article-marketing.eu\/comunicatistampa\/wp-json\/wp\/v2\/posts\/6071","targetHints":{"allow":["GET"]}}],"collection":[{"href":"https:\/\/www.article-marketing.eu\/comunicatistampa\/wp-json\/wp\/v2\/posts"}],"about":[{"href":"https:\/\/www.article-marketing.eu\/comunicatistampa\/wp-json\/wp\/v2\/types\/post"}],"author":[{"embeddable":true,"href":"https:\/\/www.article-marketing.eu\/comunicatistampa\/wp-json\/wp\/v2\/users\/12"}],"replies":[{"embeddable":true,"href":"https:\/\/www.article-marketing.eu\/comunicatistampa\/wp-json\/wp\/v2\/comments?post=6071"}],"version-history":[{"count":2,"href":"https:\/\/www.article-marketing.eu\/comunicatistampa\/wp-json\/wp\/v2\/posts\/6071\/revisions"}],"predecessor-version":[{"id":6083,"href":"https:\/\/www.article-marketing.eu\/comunicatistampa\/wp-json\/wp\/v2\/posts\/6071\/revisions\/6083"}],"wp:attachment":[{"href":"https:\/\/www.article-marketing.eu\/comunicatistampa\/wp-json\/wp\/v2\/media?parent=6071"}],"wp:term":[{"taxonomy":"category","embeddable":true,"href":"https:\/\/www.article-marketing.eu\/comunicatistampa\/wp-json\/wp\/v2\/categories?post=6071"},{"taxonomy":"post_tag","embeddable":true,"href":"https:\/\/www.article-marketing.eu\/comunicatistampa\/wp-json\/wp\/v2\/tags?post=6071"}],"curies":[{"name":"wp","href":"https:\/\/api.w.org\/{rel}","templated":true}]}}