{"id":6197,"date":"2017-10-18T23:23:28","date_gmt":"2017-10-18T21:23:28","guid":{"rendered":"http:\/\/www.article-marketing.eu\/comunicatistampa\/?p=6197"},"modified":"2020-08-10T01:48:03","modified_gmt":"2020-08-09T23:48:03","slug":"suoni-citta-parole-approda-bologna","status":"publish","type":"post","link":"https:\/\/www.article-marketing.eu\/comunicatistampa\/suoni-citta-parole-approda-bologna\/","title":{"rendered":"Suoni citt\u00e0 e parole approda a Bologna"},"content":{"rendered":"<p><b>Suoni e parole dalla citt\u00e0, <\/b><span style=\"font-weight: 400;\">format radiofonico condotto dall\u2019autore, giornalista e produttore <\/span><b>Renato Marengo<\/b><span style=\"font-weight: 400;\"> e <\/span><b>Stelio Gicca Galli<\/b><span style=\"font-weight: 400;\"> (autore e cantautore) dedica la terza settimana <\/span><b>\u00a0<\/b><span style=\"font-weight: 400;\">a Bologna e dintorni. Si apre con un immancabile riferimento alla musica tradizionale romagnola con <\/span><i><span style=\"font-weight: 400;\">Romagna Mia<\/span><\/i><span style=\"font-weight: 400;\"> di <\/span><b>Raoul Casadei<\/b><span style=\"font-weight: 400;\">. A seguire, uno dei gruppi pi\u00f9 rappresentativi della Bologna musicale di oggi: <\/span><b>Gli Stato Sociale<\/b><span style=\"font-weight: 400;\"> con la loro <\/span><i><span style=\"font-weight: 400;\">Amarsi Male<\/span><\/i><span style=\"font-weight: 400;\">. Torniamo indietro negli anni, precisamente al \u201876, con il grande Francesco Guccini e la sua <\/span><i><span style=\"font-weight: 400;\">Via Paolo Fabbri,43<\/span><\/i><span style=\"font-weight: 400;\">; che precede \u00a0la \u00a0canzone <\/span><i><span style=\"font-weight: 400;\">Il grande freddo<\/span><\/i><span style=\"font-weight: 400;\"> del mitico Claudio Lolli. Bologna \u00e8 la citt\u00e0 di<\/span><b> Lucio Dalla<\/b><span style=\"font-weight: 400;\">, cos\u00ec come \u00e8 la stessa protagonista di molte delle sue canzoni, ma in questa occasione viene proposto uno dei suoi brani pi\u00f9 intimi e poetici, <\/span><i><span style=\"font-weight: 400;\">Disperato Erotico Stomp<\/span><\/i><span style=\"font-weight: 400;\">. A terminare la puntata Zucchero e il suo brano blues <\/span><i><span style=\"font-weight: 400;\">Con le mani<\/span><\/i><span style=\"font-weight: 400;\">.<\/span><\/p>\n<p><b>Ricordiamo che Suoni e parole dalla citt\u00e0 \u00e8 il \u00a0<\/b><span style=\"font-weight: 400;\">format radiofonico condotto dall\u2019autore, giornalista e produttore <\/span><b>Renato Marengo<\/b><span style=\"font-weight: 400;\"> e <\/span><b>Stelio Gicca Galli<\/b><span style=\"font-weight: 400;\">, autore e cantautore: un programma che ripercorre in lungo e in largo la nostra Penisola, rileggendone la geografia attraverso il vasto mondo della <\/span><i><span style=\"font-weight: 400;\">canzone, <\/span><\/i><span style=\"font-weight: 400;\">di ieri, di oggi e di domani. Fra i protagonisti di questa puntata ricordiano <\/span><b>Donella del Monaco<\/b><span style=\"font-weight: 400;\"> e la sua <\/span><i><span style=\"font-weight: 400;\">E mi me ne so andao<\/span><\/i><span style=\"font-weight: 400;\">. \u00a0Anche il grande <\/span><b>Francesco De Gregori,<\/b><span style=\"font-weight: 400;\"> che pur non essendo nativo \u00a0della citt\u00e0 ha voluto celebrarne la bellezza, con \u00a0<\/span><i><span style=\"font-weight: 400;\">O Venezia che sei la pi\u00f9 bella<\/span><\/i><span style=\"font-weight: 400;\">. Addirittura un artista oltreconfine ha voluto omaggiare la citt\u00e0: <\/span><b>Charles Aznavour<\/b><span style=\"font-weight: 400;\"> con la sua celeberrima <\/span><i><span style=\"font-weight: 400;\">Com\u2019\u00e8 Triste Venezi<\/span><\/i><span style=\"font-weight: 400;\">a. A seguire Marcella Bella con il brano <\/span><i><span style=\"font-weight: 400;\">Venezia nella Mente<\/span><\/i><span style=\"font-weight: 400;\">, al quale segue, per giungere al termine della puntata <\/span><b>Franco Battiato<\/b><span style=\"font-weight: 400;\"> con <\/span><i><span style=\"font-weight: 400;\">Venezia Istanbul<\/span><\/i><span style=\"font-weight: 400;\">.<\/span> <span style=\"font-weight: 400;\">Ogni settimana una citt\u00e0 viene ripercorsa nelle sue vie, nei suoi autori pi\u00f9 noti. Il programma, attualmente in onda in oltre 50 radio italiane, ha dedicato la prima settimana a <\/span><b>Torino<\/b><span style=\"font-weight: 400;\">. Dopo <\/span><b>Venezia<\/b><span style=\"font-weight: 400;\"> \u00a0si prosegue \u00a0con <\/span><b>Bologna <\/b><span style=\"font-weight: 400;\">ed infine \u00a0<\/span><b>Firenze<\/b><span style=\"font-weight: 400;\">. Per tutte: un primo assaggio di un percorso che ritorner\u00e0 a raccontare un panorama per ciascuna ricchissimo. Ad ogni puntata interviene, portando frammenti dal suo libro <\/span><i><span style=\"font-weight: 400;\">L\u2019Italia delle canzoni<\/span><\/i><span style=\"font-weight: 400;\">, <\/span><b>Italo Mastrolia<\/b><span style=\"font-weight: 400;\">. E chiude, cantastorie dei nostri giorni, Stelio Gicca Palli rileggendo brani sia propri che della grande tradizione alla chitarra.<\/span><\/p>\n","protected":false},"excerpt":{"rendered":"<p>Suoni e parole dalla citt\u00e0, format radiofonico condotto dall\u2019autore, giornalista e produttore Renato Marengo e Stelio Gicca Galli (autore e cantautore) dedica la terza settimana \u00a0a Bologna e dintorni. Si apre con un immancabile riferimento alla musica tradizionale romagnola con Romagna Mia di Raoul Casadei. A seguire, uno dei gruppi pi\u00f9 rappresentativi della Bologna musicale di oggi: Gli Stato Sociale con la loro Amarsi Male. Torniamo indietro negli anni, precisamente<\/p>\n<p><a class=\"continue-reading\" href=\"https:\/\/www.article-marketing.eu\/comunicatistampa\/suoni-citta-parole-approda-bologna\/\">Continue reading&#8230;<\/a><\/p>\n","protected":false},"author":732,"featured_media":0,"comment_status":"open","ping_status":"open","sticky":false,"template":"","format":"standard","meta":{"_monsterinsights_skip_tracking":false,"_monsterinsights_sitenote_active":false,"_monsterinsights_sitenote_note":"","_monsterinsights_sitenote_category":0,"footnotes":""},"categories":[407,78,392,411,356,355],"tags":[2074,2873,2874,2875,2872],"class_list":["post-6197","post","type-post","status-publish","format-standard","hentry","category-arte-e-cultura","category-comunicati-stampa","category-eventi","category-musica","category-radio-e-tv-satellitare","category-telecomunicazioni","tag-bologna","tag-marengo","tag-radio","tag-stelio-gicca-galli","tag-suoni-e-parole"],"yoast_head":"<!-- This site is optimized with the Yoast SEO plugin v27.3 - https:\/\/yoast.com\/product\/yoast-seo-wordpress\/ -->\n<title>Suoni citt\u00e0 e parole approda a Bologna - Article Marketing<\/title>\n<meta name=\"robots\" content=\"index, follow, max-snippet:-1, max-image-preview:large, max-video-preview:-1\" \/>\n<link rel=\"canonical\" href=\"https:\/\/www.article-marketing.eu\/comunicatistampa\/suoni-citta-parole-approda-bologna\/\" \/>\n<meta property=\"og:locale\" content=\"it_IT\" \/>\n<meta property=\"og:type\" content=\"article\" \/>\n<meta property=\"og:title\" content=\"Suoni citt\u00e0 e parole approda a Bologna - Article Marketing\" \/>\n<meta property=\"og:description\" content=\"Suoni e parole dalla citt\u00e0, format radiofonico condotto dall\u2019autore, giornalista e produttore Renato Marengo e Stelio Gicca Galli (autore e cantautore) dedica la terza settimana \u00a0a Bologna e dintorni. Si apre con un immancabile riferimento alla musica tradizionale romagnola con Romagna Mia di Raoul Casadei. A seguire, uno dei gruppi pi\u00f9 rappresentativi della Bologna musicale di oggi: Gli Stato Sociale con la loro Amarsi Male. Torniamo indietro negli anni, precisamenteContinue reading...\" \/>\n<meta property=\"og:url\" content=\"https:\/\/www.article-marketing.eu\/comunicatistampa\/suoni-citta-parole-approda-bologna\/\" \/>\n<meta property=\"og:site_name\" content=\"Article Marketing\" \/>\n<meta property=\"article:published_time\" content=\"2017-10-18T21:23:28+00:00\" \/>\n<meta property=\"article:modified_time\" content=\"2020-08-09T23:48:03+00:00\" \/>\n<meta name=\"author\" content=\"studioalfa\" \/>\n<meta name=\"twitter:card\" content=\"summary_large_image\" \/>\n<meta name=\"twitter:label1\" content=\"Scritto da\" \/>\n\t<meta name=\"twitter:data1\" content=\"studioalfa\" \/>\n\t<meta name=\"twitter:label2\" content=\"Tempo di lettura stimato\" \/>\n\t<meta name=\"twitter:data2\" content=\"2 minuti\" \/>\n<script type=\"application\/ld+json\" class=\"yoast-schema-graph\">{\"@context\":\"https:\\\/\\\/schema.org\",\"@graph\":[{\"@type\":\"Article\",\"@id\":\"https:\\\/\\\/www.article-marketing.eu\\\/comunicatistampa\\\/suoni-citta-parole-approda-bologna\\\/#article\",\"isPartOf\":{\"@id\":\"https:\\\/\\\/www.article-marketing.eu\\\/comunicatistampa\\\/suoni-citta-parole-approda-bologna\\\/\"},\"author\":{\"name\":\"studioalfa\",\"@id\":\"https:\\\/\\\/www.article-marketing.eu\\\/comunicatistampa\\\/#\\\/schema\\\/person\\\/016dfd52849dd05631ba118c3dff9ace\"},\"headline\":\"Suoni citt\u00e0 e parole approda a Bologna\",\"datePublished\":\"2017-10-18T21:23:28+00:00\",\"dateModified\":\"2020-08-09T23:48:03+00:00\",\"mainEntityOfPage\":{\"@id\":\"https:\\\/\\\/www.article-marketing.eu\\\/comunicatistampa\\\/suoni-citta-parole-approda-bologna\\\/\"},\"wordCount\":378,\"commentCount\":0,\"keywords\":[\"Bologna\",\"marengo\",\"radio\",\"stelio gicca galli\",\"suoni e parole\"],\"articleSection\":[\"Arte e cultura\",\"Comunicati stampa\",\"Eventi\",\"Musica\",\"Radio e TV satellitare\",\"Telecomunicazioni\"],\"inLanguage\":\"it-IT\",\"potentialAction\":[{\"@type\":\"CommentAction\",\"name\":\"Comment\",\"target\":[\"https:\\\/\\\/www.article-marketing.eu\\\/comunicatistampa\\\/suoni-citta-parole-approda-bologna\\\/#respond\"]}]},{\"@type\":\"WebPage\",\"@id\":\"https:\\\/\\\/www.article-marketing.eu\\\/comunicatistampa\\\/suoni-citta-parole-approda-bologna\\\/\",\"url\":\"https:\\\/\\\/www.article-marketing.eu\\\/comunicatistampa\\\/suoni-citta-parole-approda-bologna\\\/\",\"name\":\"Suoni citt\u00e0 e parole approda a Bologna - Article Marketing\",\"isPartOf\":{\"@id\":\"https:\\\/\\\/www.article-marketing.eu\\\/comunicatistampa\\\/#website\"},\"datePublished\":\"2017-10-18T21:23:28+00:00\",\"dateModified\":\"2020-08-09T23:48:03+00:00\",\"author\":{\"@id\":\"https:\\\/\\\/www.article-marketing.eu\\\/comunicatistampa\\\/#\\\/schema\\\/person\\\/016dfd52849dd05631ba118c3dff9ace\"},\"breadcrumb\":{\"@id\":\"https:\\\/\\\/www.article-marketing.eu\\\/comunicatistampa\\\/suoni-citta-parole-approda-bologna\\\/#breadcrumb\"},\"inLanguage\":\"it-IT\",\"potentialAction\":[{\"@type\":\"ReadAction\",\"target\":[\"https:\\\/\\\/www.article-marketing.eu\\\/comunicatistampa\\\/suoni-citta-parole-approda-bologna\\\/\"]}]},{\"@type\":\"BreadcrumbList\",\"@id\":\"https:\\\/\\\/www.article-marketing.eu\\\/comunicatistampa\\\/suoni-citta-parole-approda-bologna\\\/#breadcrumb\",\"itemListElement\":[{\"@type\":\"ListItem\",\"position\":1,\"name\":\"Home\",\"item\":\"https:\\\/\\\/www.article-marketing.eu\\\/comunicatistampa\\\/\"},{\"@type\":\"ListItem\",\"position\":2,\"name\":\"Suoni citt\u00e0 e parole approda a Bologna\"}]},{\"@type\":\"WebSite\",\"@id\":\"https:\\\/\\\/www.article-marketing.eu\\\/comunicatistampa\\\/#website\",\"url\":\"https:\\\/\\\/www.article-marketing.eu\\\/comunicatistampa\\\/\",\"name\":\"Article Marketing\",\"description\":\"article marketing &amp; press release\",\"potentialAction\":[{\"@type\":\"SearchAction\",\"target\":{\"@type\":\"EntryPoint\",\"urlTemplate\":\"https:\\\/\\\/www.article-marketing.eu\\\/comunicatistampa\\\/?s={search_term_string}\"},\"query-input\":{\"@type\":\"PropertyValueSpecification\",\"valueRequired\":true,\"valueName\":\"search_term_string\"}}],\"inLanguage\":\"it-IT\"},{\"@type\":\"Person\",\"@id\":\"https:\\\/\\\/www.article-marketing.eu\\\/comunicatistampa\\\/#\\\/schema\\\/person\\\/016dfd52849dd05631ba118c3dff9ace\",\"name\":\"studioalfa\",\"image\":{\"@type\":\"ImageObject\",\"inLanguage\":\"it-IT\",\"@id\":\"https:\\\/\\\/secure.gravatar.com\\\/avatar\\\/e7a37e17b09595ecf7196e00f441c7cc74f75800109ba49376861d605b8805d4?s=96&d=mm&r=g\",\"url\":\"https:\\\/\\\/secure.gravatar.com\\\/avatar\\\/e7a37e17b09595ecf7196e00f441c7cc74f75800109ba49376861d605b8805d4?s=96&d=mm&r=g\",\"contentUrl\":\"https:\\\/\\\/secure.gravatar.com\\\/avatar\\\/e7a37e17b09595ecf7196e00f441c7cc74f75800109ba49376861d605b8805d4?s=96&d=mm&r=g\",\"caption\":\"studioalfa\"},\"url\":\"https:\\\/\\\/www.article-marketing.eu\\\/comunicatistampa\\\/author\\\/studioalfa\\\/\"}]}<\/script>\n<!-- \/ Yoast SEO plugin. -->","yoast_head_json":{"title":"Suoni citt\u00e0 e parole approda a Bologna - Article Marketing","robots":{"index":"index","follow":"follow","max-snippet":"max-snippet:-1","max-image-preview":"max-image-preview:large","max-video-preview":"max-video-preview:-1"},"canonical":"https:\/\/www.article-marketing.eu\/comunicatistampa\/suoni-citta-parole-approda-bologna\/","og_locale":"it_IT","og_type":"article","og_title":"Suoni citt\u00e0 e parole approda a Bologna - Article Marketing","og_description":"Suoni e parole dalla citt\u00e0, format radiofonico condotto dall\u2019autore, giornalista e produttore Renato Marengo e Stelio Gicca Galli (autore e cantautore) dedica la terza settimana \u00a0a Bologna e dintorni. Si apre con un immancabile riferimento alla musica tradizionale romagnola con Romagna Mia di Raoul Casadei. A seguire, uno dei gruppi pi\u00f9 rappresentativi della Bologna musicale di oggi: Gli Stato Sociale con la loro Amarsi Male. Torniamo indietro negli anni, precisamenteContinue reading...","og_url":"https:\/\/www.article-marketing.eu\/comunicatistampa\/suoni-citta-parole-approda-bologna\/","og_site_name":"Article Marketing","article_published_time":"2017-10-18T21:23:28+00:00","article_modified_time":"2020-08-09T23:48:03+00:00","author":"studioalfa","twitter_card":"summary_large_image","twitter_misc":{"Scritto da":"studioalfa","Tempo di lettura stimato":"2 minuti"},"schema":{"@context":"https:\/\/schema.org","@graph":[{"@type":"Article","@id":"https:\/\/www.article-marketing.eu\/comunicatistampa\/suoni-citta-parole-approda-bologna\/#article","isPartOf":{"@id":"https:\/\/www.article-marketing.eu\/comunicatistampa\/suoni-citta-parole-approda-bologna\/"},"author":{"name":"studioalfa","@id":"https:\/\/www.article-marketing.eu\/comunicatistampa\/#\/schema\/person\/016dfd52849dd05631ba118c3dff9ace"},"headline":"Suoni citt\u00e0 e parole approda a Bologna","datePublished":"2017-10-18T21:23:28+00:00","dateModified":"2020-08-09T23:48:03+00:00","mainEntityOfPage":{"@id":"https:\/\/www.article-marketing.eu\/comunicatistampa\/suoni-citta-parole-approda-bologna\/"},"wordCount":378,"commentCount":0,"keywords":["Bologna","marengo","radio","stelio gicca galli","suoni e parole"],"articleSection":["Arte e cultura","Comunicati stampa","Eventi","Musica","Radio e TV satellitare","Telecomunicazioni"],"inLanguage":"it-IT","potentialAction":[{"@type":"CommentAction","name":"Comment","target":["https:\/\/www.article-marketing.eu\/comunicatistampa\/suoni-citta-parole-approda-bologna\/#respond"]}]},{"@type":"WebPage","@id":"https:\/\/www.article-marketing.eu\/comunicatistampa\/suoni-citta-parole-approda-bologna\/","url":"https:\/\/www.article-marketing.eu\/comunicatistampa\/suoni-citta-parole-approda-bologna\/","name":"Suoni citt\u00e0 e parole approda a Bologna - Article Marketing","isPartOf":{"@id":"https:\/\/www.article-marketing.eu\/comunicatistampa\/#website"},"datePublished":"2017-10-18T21:23:28+00:00","dateModified":"2020-08-09T23:48:03+00:00","author":{"@id":"https:\/\/www.article-marketing.eu\/comunicatistampa\/#\/schema\/person\/016dfd52849dd05631ba118c3dff9ace"},"breadcrumb":{"@id":"https:\/\/www.article-marketing.eu\/comunicatistampa\/suoni-citta-parole-approda-bologna\/#breadcrumb"},"inLanguage":"it-IT","potentialAction":[{"@type":"ReadAction","target":["https:\/\/www.article-marketing.eu\/comunicatistampa\/suoni-citta-parole-approda-bologna\/"]}]},{"@type":"BreadcrumbList","@id":"https:\/\/www.article-marketing.eu\/comunicatistampa\/suoni-citta-parole-approda-bologna\/#breadcrumb","itemListElement":[{"@type":"ListItem","position":1,"name":"Home","item":"https:\/\/www.article-marketing.eu\/comunicatistampa\/"},{"@type":"ListItem","position":2,"name":"Suoni citt\u00e0 e parole approda a Bologna"}]},{"@type":"WebSite","@id":"https:\/\/www.article-marketing.eu\/comunicatistampa\/#website","url":"https:\/\/www.article-marketing.eu\/comunicatistampa\/","name":"Article Marketing","description":"article marketing &amp; press release","potentialAction":[{"@type":"SearchAction","target":{"@type":"EntryPoint","urlTemplate":"https:\/\/www.article-marketing.eu\/comunicatistampa\/?s={search_term_string}"},"query-input":{"@type":"PropertyValueSpecification","valueRequired":true,"valueName":"search_term_string"}}],"inLanguage":"it-IT"},{"@type":"Person","@id":"https:\/\/www.article-marketing.eu\/comunicatistampa\/#\/schema\/person\/016dfd52849dd05631ba118c3dff9ace","name":"studioalfa","image":{"@type":"ImageObject","inLanguage":"it-IT","@id":"https:\/\/secure.gravatar.com\/avatar\/e7a37e17b09595ecf7196e00f441c7cc74f75800109ba49376861d605b8805d4?s=96&d=mm&r=g","url":"https:\/\/secure.gravatar.com\/avatar\/e7a37e17b09595ecf7196e00f441c7cc74f75800109ba49376861d605b8805d4?s=96&d=mm&r=g","contentUrl":"https:\/\/secure.gravatar.com\/avatar\/e7a37e17b09595ecf7196e00f441c7cc74f75800109ba49376861d605b8805d4?s=96&d=mm&r=g","caption":"studioalfa"},"url":"https:\/\/www.article-marketing.eu\/comunicatistampa\/author\/studioalfa\/"}]}},"_links":{"self":[{"href":"https:\/\/www.article-marketing.eu\/comunicatistampa\/wp-json\/wp\/v2\/posts\/6197","targetHints":{"allow":["GET"]}}],"collection":[{"href":"https:\/\/www.article-marketing.eu\/comunicatistampa\/wp-json\/wp\/v2\/posts"}],"about":[{"href":"https:\/\/www.article-marketing.eu\/comunicatistampa\/wp-json\/wp\/v2\/types\/post"}],"author":[{"embeddable":true,"href":"https:\/\/www.article-marketing.eu\/comunicatistampa\/wp-json\/wp\/v2\/users\/732"}],"replies":[{"embeddable":true,"href":"https:\/\/www.article-marketing.eu\/comunicatistampa\/wp-json\/wp\/v2\/comments?post=6197"}],"version-history":[{"count":2,"href":"https:\/\/www.article-marketing.eu\/comunicatistampa\/wp-json\/wp\/v2\/posts\/6197\/revisions"}],"predecessor-version":[{"id":6229,"href":"https:\/\/www.article-marketing.eu\/comunicatistampa\/wp-json\/wp\/v2\/posts\/6197\/revisions\/6229"}],"wp:attachment":[{"href":"https:\/\/www.article-marketing.eu\/comunicatistampa\/wp-json\/wp\/v2\/media?parent=6197"}],"wp:term":[{"taxonomy":"category","embeddable":true,"href":"https:\/\/www.article-marketing.eu\/comunicatistampa\/wp-json\/wp\/v2\/categories?post=6197"},{"taxonomy":"post_tag","embeddable":true,"href":"https:\/\/www.article-marketing.eu\/comunicatistampa\/wp-json\/wp\/v2\/tags?post=6197"}],"curies":[{"name":"wp","href":"https:\/\/api.w.org\/{rel}","templated":true}]}}