{"id":6205,"date":"2017-10-18T23:22:37","date_gmt":"2017-10-18T21:22:37","guid":{"rendered":"http:\/\/www.article-marketing.eu\/comunicatistampa\/?p=6205"},"modified":"2020-08-10T01:47:49","modified_gmt":"2020-08-09T23:47:49","slug":"martina-vinci-si-aggiudica-premio-lautore-mestiere-della-musica","status":"publish","type":"post","link":"https:\/\/www.article-marketing.eu\/comunicatistampa\/martina-vinci-si-aggiudica-premio-lautore-mestiere-della-musica\/","title":{"rendered":"MARTINA VINCI SI AGGIUDICA IL PREMIO L&#8217;AUTORE &#8211; IL MESTIERE DELLA MUSICA"},"content":{"rendered":"<p class=\"ox-be8a1e8fea-MsoNormal\"><b>\u00c8 Martina Vinci l\u2019autrice che si aggiudica la prima edizione del concorso L\u2019AUTORE \u2013 Il mestiere della musica\u00a0<\/b>andato in scena sul palco del Teatro Arsenale di Milano, con una coinvolgente serata\u00a0<b>presentata da Francesco Rapetti Mogol<\/b>.<u><\/u><u><\/u><\/p>\n<p class=\"ox-be8a1e8fea-MsoNormal\">L\u2019autrice genovese \u00e8 stata valutata la migliore dalla giuria di esperti presieduta da\u00a0<b>Mara Maionchi<\/b>\u00a0e ha ottenuto il contratto editoriale con Edizioni Curci.<u><\/u><u><\/u><\/p>\n<p class=\"ox-be8a1e8fea-MsoNormal\">Gli altri componenti della giuria erano:\u00a0<b>Claudia Mescoli\u00a0<\/b>(General Manager Edizioni Curci),\u00a0<b>Alberto Salerno\u00a0<\/b>(Officina della Musica e delle Parole),\u00a0<b>Andrea Zuppini\u00a0<\/b>(Art&amp;Musica),\u00a0<b>Alfredo Gramitto Ricci\u00a0<\/b>(CEO &amp; Managing Director Edizioni Curci),<b>\u00a0Luca Chiaravalli\u00a0<\/b>(autore e produttore),\u00a0<b>Niccol\u00f2 Agliardi\u00a0<\/b>(autore e cantautore),\u00a0<b>Bungaro\u00a0<\/b>(autore e cantautore),<b>Dario Giovannini\u00a0<\/b>(Managing Director Carosello Records)<u><\/u><u><\/u><\/p>\n<p class=\"ox-be8a1e8fea-MsoNormal\"><u><\/u>\u00a0<u><\/u><\/p>\n<p class=\"ox-be8a1e8fea-MsoNormal\">Il<b>\u00a0Premio<\/b>\u00a0le \u00e8 stato conferito dal Presidente di Edizioni Curci\u00a0<b>Alfredo<\/b>\u00a0<b>Gramitto<\/b>\u00a0<b>Ricci<\/b>\u00a0e consegnato dalla Presidente di Giuria\u00a0<b>Mara<\/b>\u00a0<b>Maionchi<\/b>.<u><\/u><u><\/u><\/p>\n<p class=\"ox-be8a1e8fea-MsoNormal\"><i>\u00a0<u><\/u><u><\/u><\/i><\/p>\n<p class=\"ox-be8a1e8fea-MsoNormal\"><i>\u201cQuesto premio per me rappresenta la chiusura di un ciclo della mia vita e l&#8217;apertura di uno nuovo, perch\u00e9 lavorare nel campo musicale \u00e8 quello che tutti noi sogniamo da sempre\u00a0<b>\u2013 racconta<\/b>\u00a0<b>emozionata la vincitrice Martina Vinci &#8211;<\/b>\u00a0 Spero di potermi guadagnare la fiducia e prover\u00f2 a scrivere il pi\u00f9 possibile, sapendo che la mia musica verr\u00e0 ascoltata da professionisti e che potr\u00f2 collaborare con loro oltre che con i ragazzi. Poter fare di pi\u00f9 di quello che avrei potuto fare da sola, \u00e8 una bella sensazione. Ancora non riesco a rendermene conto, ma lo capir\u00f2 nei prossimi giorni, capir\u00f2 che forse ho un lavoro bellissimo per il prossimo anno ed \u00e8 quello che sognavo da un sacco\u201d.<u><\/u><u><\/u><\/i><\/p>\n<p class=\"ox-be8a1e8fea-MsoNormal\"><b><u><\/u>\u00a0<u><\/u><\/b><\/p>\n<p class=\"ox-be8a1e8fea-MsoNormal\">La prima edizione di\u00a0<b>L\u2019AUTORE \u2013 Il mestiere della musica<\/b>\u00a0\u00e8 stata un successo.<b>\u00a0<\/b>Sono stati moltissimi gli iscritti\u00a0al concorso per autori e compositori promosso da\u00a0<b><i>Edizioni Curci\u00a0<\/i>e<i>\u00a0Officina della Musica<\/i><\/b><i>\u00a0<b>e delle Parole<\/b>\u00a0\u2013 che si avvale del sostegno di\u00a0<b>S.I.A.E<\/b>\u00a0(Societ\u00e0 Italiana Autori Editori)\u00a0 &#8211;\u00a0\u00a0<\/i>in collaborazione con<i>\u00a0<b>Art&amp;musica<\/b>.<\/i><u><\/u><u><\/u><\/p>\n<p class=\"ox-be8a1e8fea-MsoNormal\">Con oltre 300 iscrizioni, pi\u00f9 di 600 canzoni, sono state un successo le selezioni e le tre serate finali di audizioni per decretare il primo vincitore assoluto che ha ottenuto il contratto come autore con Edizioni Curci.<u><\/u><u><\/u><\/p>\n<p class=\"ox-be8a1e8fea-MsoNormal\"><u><\/u>\u00a0<u><\/u><\/p>\n<p class=\"ox-be8a1e8fea-MsoNormal\">La partnership con Officina della Musica e delle Parole in collaborazione con Art&amp;musica fa s\u00ec che il concorso\u00a0sia qualcosa in pi\u00f9 che una mera esibizione e che i giovani possano trovare un ambiente idoneo in cui confrontarsi e crescere come autori e compositori, seguiti da professionisti del settore che mettono a disposizione strumenti e consigli finalizzati a formarli e coltivare il loro talento.<u><\/u><u><\/u><\/p>\n<p class=\"ox-be8a1e8fea-MsoNormal\"><u><\/u>\u00a0<u><\/u><\/p>\n<p class=\"ox-be8a1e8fea-MsoNormal\">Sar\u00e0 possibile seguire le informazioni sulla prossima edizione del concorso sulla pagina facebook e sul sito della manifestazione:<u><\/u><u><\/u><\/p>\n<p class=\"ox-be8a1e8fea-MsoNormal\"><u>\u00a0<\/u><\/p>\n<p class=\"ox-be8a1e8fea-MsoNormal\" align=\"center\"><a href=\"https:\/\/www.facebook.com\/lautoreilmestieredellamusica\" target=\"_blank\" rel=\"noopener noreferrer\">www.facebook.com\/lautoreilmestieredellamusica<\/a><u><\/u><\/p>\n<p class=\"ox-be8a1e8fea-MsoNormal\" align=\"center\"><a href=\"http:\/\/www.lautoreilmestieredellamusica.it\/\" target=\"_blank\" rel=\"noopener noreferrer\">www.lautoreilmestieredellamusica.it<\/a><u><\/u><u><\/u><\/p>\n<p class=\"ox-be8a1e8fea-MsoNormal\"><u><\/u>\u00a0<u><\/u><\/p>\n<p class=\"ox-be8a1e8fea-MsoNormal\"><u><\/u>\u00a0<u><\/u><\/p>\n<p class=\"ox-be8a1e8fea-MsoNormal\">\u00a0<u><\/u><u><\/u><\/p>\n<p class=\"ox-be8a1e8fea-MsoNormal\"><u><\/u>\u00a0<u><\/u><\/p>\n<p class=\"ox-be8a1e8fea-MsoNormal\">Ufficio stampa: Elisabetta Galletta &#8211; 393 6833111\u00a0<a class=\"mailto-link\" href=\"mailto:egalletta@ultrapragency.com\" target=\"_blank\" rel=\"noopener noreferrer\">egalletta@ultrapragency.com<\/a><u><\/u><u><\/u><\/p>\n<p class=\"ox-be8a1e8fea-MsoNormal\">\n","protected":false},"excerpt":{"rendered":"<p>\u00c8 Martina Vinci l\u2019autrice che si aggiudica la prima edizione del concorso L\u2019AUTORE \u2013 Il mestiere della musica\u00a0andato in scena sul palco del Teatro Arsenale di Milano, con una coinvolgente serata\u00a0presentata da Francesco Rapetti Mogol. L\u2019autrice genovese \u00e8 stata valutata la migliore dalla giuria di esperti presieduta da\u00a0Mara Maionchi\u00a0e ha ottenuto il contratto editoriale con Edizioni Curci. Gli altri componenti della giuria erano:\u00a0Claudia Mescoli\u00a0(General Manager Edizioni Curci),\u00a0Alberto Salerno\u00a0(Officina della Musica<\/p>\n<p><a class=\"continue-reading\" href=\"https:\/\/www.article-marketing.eu\/comunicatistampa\/martina-vinci-si-aggiudica-premio-lautore-mestiere-della-musica\/\">Continue reading&#8230;<\/a><\/p>\n","protected":false},"author":715,"featured_media":0,"comment_status":"open","ping_status":"open","sticky":false,"template":"","format":"standard","meta":{"_monsterinsights_skip_tracking":false,"_monsterinsights_sitenote_active":false,"_monsterinsights_sitenote_note":"","_monsterinsights_sitenote_category":0,"footnotes":""},"categories":[411],"tags":[2855,2857,1901,2856,517],"class_list":["post-6205","post","type-post","status-publish","format-standard","hentry","category-musica","tag-autore","tag-curci","tag-finale","tag-martina-vinci","tag-musica"],"yoast_head":"<!-- This site is optimized with the Yoast SEO plugin v27.3 - https:\/\/yoast.com\/product\/yoast-seo-wordpress\/ -->\n<title>MARTINA VINCI SI AGGIUDICA IL PREMIO L&#039;AUTORE - IL MESTIERE DELLA MUSICA - Article Marketing<\/title>\n<meta name=\"robots\" content=\"index, follow, max-snippet:-1, max-image-preview:large, max-video-preview:-1\" \/>\n<link rel=\"canonical\" href=\"https:\/\/www.article-marketing.eu\/comunicatistampa\/martina-vinci-si-aggiudica-premio-lautore-mestiere-della-musica\/\" \/>\n<meta property=\"og:locale\" content=\"it_IT\" \/>\n<meta property=\"og:type\" content=\"article\" \/>\n<meta property=\"og:title\" content=\"MARTINA VINCI SI AGGIUDICA IL PREMIO L&#039;AUTORE - IL MESTIERE DELLA MUSICA - Article Marketing\" \/>\n<meta property=\"og:description\" content=\"\u00c8 Martina Vinci l\u2019autrice che si aggiudica la prima edizione del concorso L\u2019AUTORE \u2013 Il mestiere della musica\u00a0andato in scena sul palco del Teatro Arsenale di Milano, con una coinvolgente serata\u00a0presentata da Francesco Rapetti Mogol. L\u2019autrice genovese \u00e8 stata valutata la migliore dalla giuria di esperti presieduta da\u00a0Mara Maionchi\u00a0e ha ottenuto il contratto editoriale con Edizioni Curci. Gli altri componenti della giuria erano:\u00a0Claudia Mescoli\u00a0(General Manager Edizioni Curci),\u00a0Alberto Salerno\u00a0(Officina della MusicaContinue reading...\" \/>\n<meta property=\"og:url\" content=\"https:\/\/www.article-marketing.eu\/comunicatistampa\/martina-vinci-si-aggiudica-premio-lautore-mestiere-della-musica\/\" \/>\n<meta property=\"og:site_name\" content=\"Article Marketing\" \/>\n<meta property=\"article:published_time\" content=\"2017-10-18T21:22:37+00:00\" \/>\n<meta property=\"article:modified_time\" content=\"2020-08-09T23:47:49+00:00\" \/>\n<meta name=\"author\" content=\"Elisa Ultra\" \/>\n<meta name=\"twitter:card\" content=\"summary_large_image\" \/>\n<meta name=\"twitter:label1\" content=\"Scritto da\" \/>\n\t<meta name=\"twitter:data1\" content=\"Elisa Ultra\" \/>\n\t<meta name=\"twitter:label2\" content=\"Tempo di lettura stimato\" \/>\n\t<meta name=\"twitter:data2\" content=\"2 minuti\" \/>\n<script type=\"application\/ld+json\" class=\"yoast-schema-graph\">{\"@context\":\"https:\\\/\\\/schema.org\",\"@graph\":[{\"@type\":\"Article\",\"@id\":\"https:\\\/\\\/www.article-marketing.eu\\\/comunicatistampa\\\/martina-vinci-si-aggiudica-premio-lautore-mestiere-della-musica\\\/#article\",\"isPartOf\":{\"@id\":\"https:\\\/\\\/www.article-marketing.eu\\\/comunicatistampa\\\/martina-vinci-si-aggiudica-premio-lautore-mestiere-della-musica\\\/\"},\"author\":{\"name\":\"Elisa Ultra\",\"@id\":\"https:\\\/\\\/www.article-marketing.eu\\\/comunicatistampa\\\/#\\\/schema\\\/person\\\/56366e085ae470318073d0339d5d54ef\"},\"headline\":\"MARTINA VINCI SI AGGIUDICA IL PREMIO L&#8217;AUTORE &#8211; IL MESTIERE DELLA MUSICA\",\"datePublished\":\"2017-10-18T21:22:37+00:00\",\"dateModified\":\"2020-08-09T23:47:49+00:00\",\"mainEntityOfPage\":{\"@id\":\"https:\\\/\\\/www.article-marketing.eu\\\/comunicatistampa\\\/martina-vinci-si-aggiudica-premio-lautore-mestiere-della-musica\\\/\"},\"wordCount\":453,\"commentCount\":0,\"keywords\":[\"autore\",\"Curci\",\"finale\",\"Martina Vinci\",\"Musica\"],\"articleSection\":[\"Musica\"],\"inLanguage\":\"it-IT\",\"potentialAction\":[{\"@type\":\"CommentAction\",\"name\":\"Comment\",\"target\":[\"https:\\\/\\\/www.article-marketing.eu\\\/comunicatistampa\\\/martina-vinci-si-aggiudica-premio-lautore-mestiere-della-musica\\\/#respond\"]}]},{\"@type\":\"WebPage\",\"@id\":\"https:\\\/\\\/www.article-marketing.eu\\\/comunicatistampa\\\/martina-vinci-si-aggiudica-premio-lautore-mestiere-della-musica\\\/\",\"url\":\"https:\\\/\\\/www.article-marketing.eu\\\/comunicatistampa\\\/martina-vinci-si-aggiudica-premio-lautore-mestiere-della-musica\\\/\",\"name\":\"MARTINA VINCI SI AGGIUDICA IL PREMIO L'AUTORE - IL MESTIERE DELLA MUSICA - Article Marketing\",\"isPartOf\":{\"@id\":\"https:\\\/\\\/www.article-marketing.eu\\\/comunicatistampa\\\/#website\"},\"datePublished\":\"2017-10-18T21:22:37+00:00\",\"dateModified\":\"2020-08-09T23:47:49+00:00\",\"author\":{\"@id\":\"https:\\\/\\\/www.article-marketing.eu\\\/comunicatistampa\\\/#\\\/schema\\\/person\\\/56366e085ae470318073d0339d5d54ef\"},\"breadcrumb\":{\"@id\":\"https:\\\/\\\/www.article-marketing.eu\\\/comunicatistampa\\\/martina-vinci-si-aggiudica-premio-lautore-mestiere-della-musica\\\/#breadcrumb\"},\"inLanguage\":\"it-IT\",\"potentialAction\":[{\"@type\":\"ReadAction\",\"target\":[\"https:\\\/\\\/www.article-marketing.eu\\\/comunicatistampa\\\/martina-vinci-si-aggiudica-premio-lautore-mestiere-della-musica\\\/\"]}]},{\"@type\":\"BreadcrumbList\",\"@id\":\"https:\\\/\\\/www.article-marketing.eu\\\/comunicatistampa\\\/martina-vinci-si-aggiudica-premio-lautore-mestiere-della-musica\\\/#breadcrumb\",\"itemListElement\":[{\"@type\":\"ListItem\",\"position\":1,\"name\":\"Home\",\"item\":\"https:\\\/\\\/www.article-marketing.eu\\\/comunicatistampa\\\/\"},{\"@type\":\"ListItem\",\"position\":2,\"name\":\"MARTINA VINCI SI AGGIUDICA IL PREMIO L&#8217;AUTORE &#8211; IL MESTIERE DELLA MUSICA\"}]},{\"@type\":\"WebSite\",\"@id\":\"https:\\\/\\\/www.article-marketing.eu\\\/comunicatistampa\\\/#website\",\"url\":\"https:\\\/\\\/www.article-marketing.eu\\\/comunicatistampa\\\/\",\"name\":\"Article Marketing\",\"description\":\"article marketing &amp; press release\",\"potentialAction\":[{\"@type\":\"SearchAction\",\"target\":{\"@type\":\"EntryPoint\",\"urlTemplate\":\"https:\\\/\\\/www.article-marketing.eu\\\/comunicatistampa\\\/?s={search_term_string}\"},\"query-input\":{\"@type\":\"PropertyValueSpecification\",\"valueRequired\":true,\"valueName\":\"search_term_string\"}}],\"inLanguage\":\"it-IT\"},{\"@type\":\"Person\",\"@id\":\"https:\\\/\\\/www.article-marketing.eu\\\/comunicatistampa\\\/#\\\/schema\\\/person\\\/56366e085ae470318073d0339d5d54ef\",\"name\":\"Elisa Ultra\",\"image\":{\"@type\":\"ImageObject\",\"inLanguage\":\"it-IT\",\"@id\":\"https:\\\/\\\/secure.gravatar.com\\\/avatar\\\/02f2afa4b8e0629c5581a388be953dd3c40a98e1d59d1dca646479d65b38c7b9?s=96&d=mm&r=g\",\"url\":\"https:\\\/\\\/secure.gravatar.com\\\/avatar\\\/02f2afa4b8e0629c5581a388be953dd3c40a98e1d59d1dca646479d65b38c7b9?s=96&d=mm&r=g\",\"contentUrl\":\"https:\\\/\\\/secure.gravatar.com\\\/avatar\\\/02f2afa4b8e0629c5581a388be953dd3c40a98e1d59d1dca646479d65b38c7b9?s=96&d=mm&r=g\",\"caption\":\"Elisa Ultra\"},\"url\":\"https:\\\/\\\/www.article-marketing.eu\\\/comunicatistampa\\\/author\\\/elisa-ultra\\\/\"}]}<\/script>\n<!-- \/ Yoast SEO plugin. -->","yoast_head_json":{"title":"MARTINA VINCI SI AGGIUDICA IL PREMIO L'AUTORE - IL MESTIERE DELLA MUSICA - Article Marketing","robots":{"index":"index","follow":"follow","max-snippet":"max-snippet:-1","max-image-preview":"max-image-preview:large","max-video-preview":"max-video-preview:-1"},"canonical":"https:\/\/www.article-marketing.eu\/comunicatistampa\/martina-vinci-si-aggiudica-premio-lautore-mestiere-della-musica\/","og_locale":"it_IT","og_type":"article","og_title":"MARTINA VINCI SI AGGIUDICA IL PREMIO L'AUTORE - IL MESTIERE DELLA MUSICA - Article Marketing","og_description":"\u00c8 Martina Vinci l\u2019autrice che si aggiudica la prima edizione del concorso L\u2019AUTORE \u2013 Il mestiere della musica\u00a0andato in scena sul palco del Teatro Arsenale di Milano, con una coinvolgente serata\u00a0presentata da Francesco Rapetti Mogol. L\u2019autrice genovese \u00e8 stata valutata la migliore dalla giuria di esperti presieduta da\u00a0Mara Maionchi\u00a0e ha ottenuto il contratto editoriale con Edizioni Curci. Gli altri componenti della giuria erano:\u00a0Claudia Mescoli\u00a0(General Manager Edizioni Curci),\u00a0Alberto Salerno\u00a0(Officina della MusicaContinue reading...","og_url":"https:\/\/www.article-marketing.eu\/comunicatistampa\/martina-vinci-si-aggiudica-premio-lautore-mestiere-della-musica\/","og_site_name":"Article Marketing","article_published_time":"2017-10-18T21:22:37+00:00","article_modified_time":"2020-08-09T23:47:49+00:00","author":"Elisa Ultra","twitter_card":"summary_large_image","twitter_misc":{"Scritto da":"Elisa Ultra","Tempo di lettura stimato":"2 minuti"},"schema":{"@context":"https:\/\/schema.org","@graph":[{"@type":"Article","@id":"https:\/\/www.article-marketing.eu\/comunicatistampa\/martina-vinci-si-aggiudica-premio-lautore-mestiere-della-musica\/#article","isPartOf":{"@id":"https:\/\/www.article-marketing.eu\/comunicatistampa\/martina-vinci-si-aggiudica-premio-lautore-mestiere-della-musica\/"},"author":{"name":"Elisa Ultra","@id":"https:\/\/www.article-marketing.eu\/comunicatistampa\/#\/schema\/person\/56366e085ae470318073d0339d5d54ef"},"headline":"MARTINA VINCI SI AGGIUDICA IL PREMIO L&#8217;AUTORE &#8211; IL MESTIERE DELLA MUSICA","datePublished":"2017-10-18T21:22:37+00:00","dateModified":"2020-08-09T23:47:49+00:00","mainEntityOfPage":{"@id":"https:\/\/www.article-marketing.eu\/comunicatistampa\/martina-vinci-si-aggiudica-premio-lautore-mestiere-della-musica\/"},"wordCount":453,"commentCount":0,"keywords":["autore","Curci","finale","Martina Vinci","Musica"],"articleSection":["Musica"],"inLanguage":"it-IT","potentialAction":[{"@type":"CommentAction","name":"Comment","target":["https:\/\/www.article-marketing.eu\/comunicatistampa\/martina-vinci-si-aggiudica-premio-lautore-mestiere-della-musica\/#respond"]}]},{"@type":"WebPage","@id":"https:\/\/www.article-marketing.eu\/comunicatistampa\/martina-vinci-si-aggiudica-premio-lautore-mestiere-della-musica\/","url":"https:\/\/www.article-marketing.eu\/comunicatistampa\/martina-vinci-si-aggiudica-premio-lautore-mestiere-della-musica\/","name":"MARTINA VINCI SI AGGIUDICA IL PREMIO L'AUTORE - IL MESTIERE DELLA MUSICA - Article Marketing","isPartOf":{"@id":"https:\/\/www.article-marketing.eu\/comunicatistampa\/#website"},"datePublished":"2017-10-18T21:22:37+00:00","dateModified":"2020-08-09T23:47:49+00:00","author":{"@id":"https:\/\/www.article-marketing.eu\/comunicatistampa\/#\/schema\/person\/56366e085ae470318073d0339d5d54ef"},"breadcrumb":{"@id":"https:\/\/www.article-marketing.eu\/comunicatistampa\/martina-vinci-si-aggiudica-premio-lautore-mestiere-della-musica\/#breadcrumb"},"inLanguage":"it-IT","potentialAction":[{"@type":"ReadAction","target":["https:\/\/www.article-marketing.eu\/comunicatistampa\/martina-vinci-si-aggiudica-premio-lautore-mestiere-della-musica\/"]}]},{"@type":"BreadcrumbList","@id":"https:\/\/www.article-marketing.eu\/comunicatistampa\/martina-vinci-si-aggiudica-premio-lautore-mestiere-della-musica\/#breadcrumb","itemListElement":[{"@type":"ListItem","position":1,"name":"Home","item":"https:\/\/www.article-marketing.eu\/comunicatistampa\/"},{"@type":"ListItem","position":2,"name":"MARTINA VINCI SI AGGIUDICA IL PREMIO L&#8217;AUTORE &#8211; IL MESTIERE DELLA MUSICA"}]},{"@type":"WebSite","@id":"https:\/\/www.article-marketing.eu\/comunicatistampa\/#website","url":"https:\/\/www.article-marketing.eu\/comunicatistampa\/","name":"Article Marketing","description":"article marketing &amp; press release","potentialAction":[{"@type":"SearchAction","target":{"@type":"EntryPoint","urlTemplate":"https:\/\/www.article-marketing.eu\/comunicatistampa\/?s={search_term_string}"},"query-input":{"@type":"PropertyValueSpecification","valueRequired":true,"valueName":"search_term_string"}}],"inLanguage":"it-IT"},{"@type":"Person","@id":"https:\/\/www.article-marketing.eu\/comunicatistampa\/#\/schema\/person\/56366e085ae470318073d0339d5d54ef","name":"Elisa Ultra","image":{"@type":"ImageObject","inLanguage":"it-IT","@id":"https:\/\/secure.gravatar.com\/avatar\/02f2afa4b8e0629c5581a388be953dd3c40a98e1d59d1dca646479d65b38c7b9?s=96&d=mm&r=g","url":"https:\/\/secure.gravatar.com\/avatar\/02f2afa4b8e0629c5581a388be953dd3c40a98e1d59d1dca646479d65b38c7b9?s=96&d=mm&r=g","contentUrl":"https:\/\/secure.gravatar.com\/avatar\/02f2afa4b8e0629c5581a388be953dd3c40a98e1d59d1dca646479d65b38c7b9?s=96&d=mm&r=g","caption":"Elisa Ultra"},"url":"https:\/\/www.article-marketing.eu\/comunicatistampa\/author\/elisa-ultra\/"}]}},"_links":{"self":[{"href":"https:\/\/www.article-marketing.eu\/comunicatistampa\/wp-json\/wp\/v2\/posts\/6205","targetHints":{"allow":["GET"]}}],"collection":[{"href":"https:\/\/www.article-marketing.eu\/comunicatistampa\/wp-json\/wp\/v2\/posts"}],"about":[{"href":"https:\/\/www.article-marketing.eu\/comunicatistampa\/wp-json\/wp\/v2\/types\/post"}],"author":[{"embeddable":true,"href":"https:\/\/www.article-marketing.eu\/comunicatistampa\/wp-json\/wp\/v2\/users\/715"}],"replies":[{"embeddable":true,"href":"https:\/\/www.article-marketing.eu\/comunicatistampa\/wp-json\/wp\/v2\/comments?post=6205"}],"version-history":[{"count":3,"href":"https:\/\/www.article-marketing.eu\/comunicatistampa\/wp-json\/wp\/v2\/posts\/6205\/revisions"}],"predecessor-version":[{"id":15549,"href":"https:\/\/www.article-marketing.eu\/comunicatistampa\/wp-json\/wp\/v2\/posts\/6205\/revisions\/15549"}],"wp:attachment":[{"href":"https:\/\/www.article-marketing.eu\/comunicatistampa\/wp-json\/wp\/v2\/media?parent=6205"}],"wp:term":[{"taxonomy":"category","embeddable":true,"href":"https:\/\/www.article-marketing.eu\/comunicatistampa\/wp-json\/wp\/v2\/categories?post=6205"},{"taxonomy":"post_tag","embeddable":true,"href":"https:\/\/www.article-marketing.eu\/comunicatistampa\/wp-json\/wp\/v2\/tags?post=6205"}],"curies":[{"name":"wp","href":"https:\/\/api.w.org\/{rel}","templated":true}]}}