{"id":6388,"date":"2017-10-24T23:46:17","date_gmt":"2017-10-24T21:46:17","guid":{"rendered":"http:\/\/www.article-marketing.eu\/comunicatistampa\/?p=6388"},"modified":"2017-10-24T23:46:17","modified_gmt":"2017-10-24T21:46:17","slug":"fiera-doltralpe-varvel","status":"publish","type":"post","link":"https:\/\/www.article-marketing.eu\/comunicatistampa\/fiera-doltralpe-varvel\/","title":{"rendered":"Fiera d\u2019Oltralpe per Varvel"},"content":{"rendered":"<p><em>Il Gruppo parteciper\u00e0 a Europack-Euromanut-CFIA, promuovendo l\u2019eccellenza della meccanica di precisione Made in Italy nel mercato francese<\/em><\/p>\n<p><em>\u00a0<\/em><\/p>\n<p>Il Gruppo Varvel, dal 1955 specializzato nell\u2019ideazione, nella produzione e nella commercializzazione di riduttori e variatori meccanici di velocit\u00e0, da anni opera seguendo una strategia volta all\u2019<strong>internazionalizzazione<\/strong>, facendo affidamento sulla qualit\u00e0 del suo prodotto e sulla profonda conoscenza dei mercati.<\/p>\n<p>Proprio per questo motivo il Gruppo Varvel partecipa a numerose manifestazioni in tutto il mondo: il prossimo appuntamento \u00e8 quello di\u00a0<strong>Europack-Euromanut-CFIA<\/strong>, che si terr\u00e0\u00a0<strong>a Lione dal 21 al 23 novembre<\/strong>.<\/p>\n<p>Si tratta di un\u2019importante fiera dedicata alle soluzioni proposte per i settori delle lavorazioni industriali, della movimentazione e del confezionamento.<\/p>\n<p><strong>Varvel<\/strong>, che sar\u00e0 presente presso il\u00a0<strong>padiglione<\/strong>\u00a0<strong>6 stand G115<\/strong>, esporr\u00e0 alcuni prodotti della vasta gamma, tra cui le nuove flange quadrate per servomotori e i riduttori pi\u00f9 adatti per le applicazioni nelle tecnologie del\u00a0<strong>packaging<\/strong>, uno dei settori pi\u00f9 interessanti per lo sviluppo dell\u2019azienda nel mercato francese e, pi\u00f9 in generale, internazionale.<\/p>\n<p>La Francia rappresenta uno dei Paesi con grandi potenzialit\u00e0 di sviluppo: l\u2019azienda vuole consolidare la propria presenza nel territorio e fare conoscere ancora meglio la qualit\u00e0 e la versatilit\u00e0 dei prodotti a marchio Varvel, ideali per tutte le applicazioni dell\u2019industria dell\u2019imballaggio in tutti i settori di lavorazione.<\/p>\n<p>A questa manifestazione partecipano oltre 500 espositori e sono attesi circa 12.000 visitatori da tutto il mondo: l\u2019evento si presenta come un ottimo punto di incontro tra domanda e offerta nel distretto manifatturiero pi\u00f9 vitale della Francia, snodo logistico strategico in tutta Europa.<\/p>\n<p><em>\u201cSiamo consapevoli che i nostri punti di forza sono le nostre solide basi e l\u2019eccellenza dei nostri prodotti Made in Italy ed \u00e8 su queste caratteristiche che Varvel pu\u00f2 presentarsi in modo realmente competitivo nello scenario internazionale, sempre pi\u00f9 mutevole e sfidante\u201d<\/em>\u00a0afferma\u00a0<strong>Francesco Berselli, Presidente del Gruppo Varvel<\/strong>.<\/p>\n<p>Anche\u00a0<strong>Mauro Cominoli, Direttore Generale<\/strong>\u00a0del Gruppo, commenta:\u00a0<em>\u201cLavorare in un contesto internazionale richiede grandi capacit\u00e0 di osservazione e di ascolto, necessarie per cogliere tutte le opportunit\u00e0 che il mercato pone. Partecipare alle fiere pi\u00f9 significative per il nostro sviluppo ci permette di confrontarci con i maggiori player del settore, presentare al nostro target le peculiarit\u00e0 che ci contraddistinguono dalla concorrenza e mettere in risalto il valore della ricerca costante di soluzioni di alto livello per qualunque esigenza. Conoscere il mercato per anticiparne i bisogni e fornire risposte in modo tempestivo: questo \u00e8 il desiderio che ci stimola a lavorare sempre meglio e a sfruttare ogni sfida come un\u2019opportunit\u00e0 di crescita.\u201d<\/em><\/p>\n<p>&nbsp;<\/p>\n<p><a href=\"http:\/\/www.varvel.com\/\">Varvel SpA<\/a>\u00a0&#8211; Via 2 Agosto 1980, 9 &#8211; Loc. Crespellano, 40053 Valsamoggia (BO) &#8211; Italy &#8211; Tel. +39 051 6721811 &#8211; Fax +39 051 6721825 &#8211;\u00a0<a href=\"mailto:varvel@varvel.com\">varvel@varvel.com<br \/>\n<\/a>Ufficio Stampa: Borderline &#8211; Via Parisio 16 &#8211; 40137 Bologna &#8211; Tel. 0514450204 &#8211; Matteo Barboni &#8211; 3496172546 m.barboni@borderlineagency.com<\/p>\n","protected":false},"excerpt":{"rendered":"<p>Il Gruppo parteciper\u00e0 a Europack-Euromanut-CFIA, promuovendo l\u2019eccellenza della meccanica di precisione Made in Italy nel mercato francese \u00a0 Il Gruppo Varvel, dal 1955 specializzato nell\u2019ideazione, nella produzione e nella commercializzazione di riduttori e variatori meccanici di velocit\u00e0, da anni opera seguendo una strategia volta all\u2019internazionalizzazione, facendo affidamento sulla qualit\u00e0 del suo prodotto e sulla profonda conoscenza dei mercati. Proprio per questo motivo il Gruppo Varvel partecipa a numerose manifestazioni in<\/p>\n<p><a class=\"continue-reading\" href=\"https:\/\/www.article-marketing.eu\/comunicatistampa\/fiera-doltralpe-varvel\/\">Continue reading&#8230;<\/a><\/p>\n","protected":false},"author":397,"featured_media":0,"comment_status":"open","ping_status":"open","sticky":false,"template":"","format":"standard","meta":{"_monsterinsights_skip_tracking":false,"_monsterinsights_sitenote_active":false,"_monsterinsights_sitenote_note":"","_monsterinsights_sitenote_category":0,"footnotes":""},"categories":[388,412],"tags":[2905,1141,2201,880,2906,2376],"class_list":["post-6388","post","type-post","status-publish","format-standard","hentry","category-aziende","category-ricerca-e-sviluppo","tag-europack","tag-made-in-italy","tag-meccanica-di-precisione","tag-packaging","tag-riduttore","tag-trasmissioni-di-potenza"],"yoast_head":"<!-- This site is optimized with the Yoast SEO plugin v27.3 - https:\/\/yoast.com\/product\/yoast-seo-wordpress\/ -->\n<title>Fiera d\u2019Oltralpe per Varvel - Article Marketing<\/title>\n<meta name=\"robots\" content=\"index, follow, max-snippet:-1, max-image-preview:large, max-video-preview:-1\" \/>\n<link rel=\"canonical\" href=\"https:\/\/www.article-marketing.eu\/comunicatistampa\/fiera-doltralpe-varvel\/\" \/>\n<meta property=\"og:locale\" content=\"it_IT\" \/>\n<meta property=\"og:type\" content=\"article\" \/>\n<meta property=\"og:title\" content=\"Fiera d\u2019Oltralpe per Varvel - Article Marketing\" \/>\n<meta property=\"og:description\" content=\"Il Gruppo parteciper\u00e0 a Europack-Euromanut-CFIA, promuovendo l\u2019eccellenza della meccanica di precisione Made in Italy nel mercato francese \u00a0 Il Gruppo Varvel, dal 1955 specializzato nell\u2019ideazione, nella produzione e nella commercializzazione di riduttori e variatori meccanici di velocit\u00e0, da anni opera seguendo una strategia volta all\u2019internazionalizzazione, facendo affidamento sulla qualit\u00e0 del suo prodotto e sulla profonda conoscenza dei mercati. Proprio per questo motivo il Gruppo Varvel partecipa a numerose manifestazioni inContinue reading...\" \/>\n<meta property=\"og:url\" content=\"https:\/\/www.article-marketing.eu\/comunicatistampa\/fiera-doltralpe-varvel\/\" \/>\n<meta property=\"og:site_name\" content=\"Article Marketing\" \/>\n<meta property=\"article:published_time\" content=\"2017-10-24T21:46:17+00:00\" \/>\n<meta name=\"author\" content=\"Borderline Agency\" \/>\n<meta name=\"twitter:card\" content=\"summary_large_image\" \/>\n<meta name=\"twitter:label1\" content=\"Scritto da\" \/>\n\t<meta name=\"twitter:data1\" content=\"Borderline Agency\" \/>\n\t<meta name=\"twitter:label2\" content=\"Tempo di lettura stimato\" \/>\n\t<meta name=\"twitter:data2\" content=\"2 minuti\" \/>\n<script type=\"application\/ld+json\" class=\"yoast-schema-graph\">{\"@context\":\"https:\\\/\\\/schema.org\",\"@graph\":[{\"@type\":\"Article\",\"@id\":\"https:\\\/\\\/www.article-marketing.eu\\\/comunicatistampa\\\/fiera-doltralpe-varvel\\\/#article\",\"isPartOf\":{\"@id\":\"https:\\\/\\\/www.article-marketing.eu\\\/comunicatistampa\\\/fiera-doltralpe-varvel\\\/\"},\"author\":{\"name\":\"Borderline Agency\",\"@id\":\"https:\\\/\\\/www.article-marketing.eu\\\/comunicatistampa\\\/#\\\/schema\\\/person\\\/1c4ab1c7aad84347e26e78235da6ff1b\"},\"headline\":\"Fiera d\u2019Oltralpe per Varvel\",\"datePublished\":\"2017-10-24T21:46:17+00:00\",\"mainEntityOfPage\":{\"@id\":\"https:\\\/\\\/www.article-marketing.eu\\\/comunicatistampa\\\/fiera-doltralpe-varvel\\\/\"},\"wordCount\":458,\"commentCount\":0,\"keywords\":[\"Europack\",\"made in Italy\",\"meccanica di precisione\",\"packaging\",\"riduttore\",\"trasmissioni di potenza\"],\"articleSection\":[\"Aziende\",\"Ricerca e sviluppo\"],\"inLanguage\":\"it-IT\",\"potentialAction\":[{\"@type\":\"CommentAction\",\"name\":\"Comment\",\"target\":[\"https:\\\/\\\/www.article-marketing.eu\\\/comunicatistampa\\\/fiera-doltralpe-varvel\\\/#respond\"]}]},{\"@type\":\"WebPage\",\"@id\":\"https:\\\/\\\/www.article-marketing.eu\\\/comunicatistampa\\\/fiera-doltralpe-varvel\\\/\",\"url\":\"https:\\\/\\\/www.article-marketing.eu\\\/comunicatistampa\\\/fiera-doltralpe-varvel\\\/\",\"name\":\"Fiera d\u2019Oltralpe per Varvel - Article Marketing\",\"isPartOf\":{\"@id\":\"https:\\\/\\\/www.article-marketing.eu\\\/comunicatistampa\\\/#website\"},\"datePublished\":\"2017-10-24T21:46:17+00:00\",\"author\":{\"@id\":\"https:\\\/\\\/www.article-marketing.eu\\\/comunicatistampa\\\/#\\\/schema\\\/person\\\/1c4ab1c7aad84347e26e78235da6ff1b\"},\"breadcrumb\":{\"@id\":\"https:\\\/\\\/www.article-marketing.eu\\\/comunicatistampa\\\/fiera-doltralpe-varvel\\\/#breadcrumb\"},\"inLanguage\":\"it-IT\",\"potentialAction\":[{\"@type\":\"ReadAction\",\"target\":[\"https:\\\/\\\/www.article-marketing.eu\\\/comunicatistampa\\\/fiera-doltralpe-varvel\\\/\"]}]},{\"@type\":\"BreadcrumbList\",\"@id\":\"https:\\\/\\\/www.article-marketing.eu\\\/comunicatistampa\\\/fiera-doltralpe-varvel\\\/#breadcrumb\",\"itemListElement\":[{\"@type\":\"ListItem\",\"position\":1,\"name\":\"Home\",\"item\":\"https:\\\/\\\/www.article-marketing.eu\\\/comunicatistampa\\\/\"},{\"@type\":\"ListItem\",\"position\":2,\"name\":\"Fiera d\u2019Oltralpe per Varvel\"}]},{\"@type\":\"WebSite\",\"@id\":\"https:\\\/\\\/www.article-marketing.eu\\\/comunicatistampa\\\/#website\",\"url\":\"https:\\\/\\\/www.article-marketing.eu\\\/comunicatistampa\\\/\",\"name\":\"Article Marketing\",\"description\":\"article marketing &amp; press release\",\"potentialAction\":[{\"@type\":\"SearchAction\",\"target\":{\"@type\":\"EntryPoint\",\"urlTemplate\":\"https:\\\/\\\/www.article-marketing.eu\\\/comunicatistampa\\\/?s={search_term_string}\"},\"query-input\":{\"@type\":\"PropertyValueSpecification\",\"valueRequired\":true,\"valueName\":\"search_term_string\"}}],\"inLanguage\":\"it-IT\"},{\"@type\":\"Person\",\"@id\":\"https:\\\/\\\/www.article-marketing.eu\\\/comunicatistampa\\\/#\\\/schema\\\/person\\\/1c4ab1c7aad84347e26e78235da6ff1b\",\"name\":\"Borderline Agency\",\"image\":{\"@type\":\"ImageObject\",\"inLanguage\":\"it-IT\",\"@id\":\"https:\\\/\\\/secure.gravatar.com\\\/avatar\\\/741fa053101610cb0be7dc835c116926549ae4ae2142ff35eac04d78fda61461?s=96&d=mm&r=g\",\"url\":\"https:\\\/\\\/secure.gravatar.com\\\/avatar\\\/741fa053101610cb0be7dc835c116926549ae4ae2142ff35eac04d78fda61461?s=96&d=mm&r=g\",\"contentUrl\":\"https:\\\/\\\/secure.gravatar.com\\\/avatar\\\/741fa053101610cb0be7dc835c116926549ae4ae2142ff35eac04d78fda61461?s=96&d=mm&r=g\",\"caption\":\"Borderline Agency\"},\"url\":\"https:\\\/\\\/www.article-marketing.eu\\\/comunicatistampa\\\/author\\\/borderline-agency\\\/\"}]}<\/script>\n<!-- \/ Yoast SEO plugin. -->","yoast_head_json":{"title":"Fiera d\u2019Oltralpe per Varvel - Article Marketing","robots":{"index":"index","follow":"follow","max-snippet":"max-snippet:-1","max-image-preview":"max-image-preview:large","max-video-preview":"max-video-preview:-1"},"canonical":"https:\/\/www.article-marketing.eu\/comunicatistampa\/fiera-doltralpe-varvel\/","og_locale":"it_IT","og_type":"article","og_title":"Fiera d\u2019Oltralpe per Varvel - Article Marketing","og_description":"Il Gruppo parteciper\u00e0 a Europack-Euromanut-CFIA, promuovendo l\u2019eccellenza della meccanica di precisione Made in Italy nel mercato francese \u00a0 Il Gruppo Varvel, dal 1955 specializzato nell\u2019ideazione, nella produzione e nella commercializzazione di riduttori e variatori meccanici di velocit\u00e0, da anni opera seguendo una strategia volta all\u2019internazionalizzazione, facendo affidamento sulla qualit\u00e0 del suo prodotto e sulla profonda conoscenza dei mercati. Proprio per questo motivo il Gruppo Varvel partecipa a numerose manifestazioni inContinue reading...","og_url":"https:\/\/www.article-marketing.eu\/comunicatistampa\/fiera-doltralpe-varvel\/","og_site_name":"Article Marketing","article_published_time":"2017-10-24T21:46:17+00:00","author":"Borderline Agency","twitter_card":"summary_large_image","twitter_misc":{"Scritto da":"Borderline Agency","Tempo di lettura stimato":"2 minuti"},"schema":{"@context":"https:\/\/schema.org","@graph":[{"@type":"Article","@id":"https:\/\/www.article-marketing.eu\/comunicatistampa\/fiera-doltralpe-varvel\/#article","isPartOf":{"@id":"https:\/\/www.article-marketing.eu\/comunicatistampa\/fiera-doltralpe-varvel\/"},"author":{"name":"Borderline Agency","@id":"https:\/\/www.article-marketing.eu\/comunicatistampa\/#\/schema\/person\/1c4ab1c7aad84347e26e78235da6ff1b"},"headline":"Fiera d\u2019Oltralpe per Varvel","datePublished":"2017-10-24T21:46:17+00:00","mainEntityOfPage":{"@id":"https:\/\/www.article-marketing.eu\/comunicatistampa\/fiera-doltralpe-varvel\/"},"wordCount":458,"commentCount":0,"keywords":["Europack","made in Italy","meccanica di precisione","packaging","riduttore","trasmissioni di potenza"],"articleSection":["Aziende","Ricerca e sviluppo"],"inLanguage":"it-IT","potentialAction":[{"@type":"CommentAction","name":"Comment","target":["https:\/\/www.article-marketing.eu\/comunicatistampa\/fiera-doltralpe-varvel\/#respond"]}]},{"@type":"WebPage","@id":"https:\/\/www.article-marketing.eu\/comunicatistampa\/fiera-doltralpe-varvel\/","url":"https:\/\/www.article-marketing.eu\/comunicatistampa\/fiera-doltralpe-varvel\/","name":"Fiera d\u2019Oltralpe per Varvel - Article Marketing","isPartOf":{"@id":"https:\/\/www.article-marketing.eu\/comunicatistampa\/#website"},"datePublished":"2017-10-24T21:46:17+00:00","author":{"@id":"https:\/\/www.article-marketing.eu\/comunicatistampa\/#\/schema\/person\/1c4ab1c7aad84347e26e78235da6ff1b"},"breadcrumb":{"@id":"https:\/\/www.article-marketing.eu\/comunicatistampa\/fiera-doltralpe-varvel\/#breadcrumb"},"inLanguage":"it-IT","potentialAction":[{"@type":"ReadAction","target":["https:\/\/www.article-marketing.eu\/comunicatistampa\/fiera-doltralpe-varvel\/"]}]},{"@type":"BreadcrumbList","@id":"https:\/\/www.article-marketing.eu\/comunicatistampa\/fiera-doltralpe-varvel\/#breadcrumb","itemListElement":[{"@type":"ListItem","position":1,"name":"Home","item":"https:\/\/www.article-marketing.eu\/comunicatistampa\/"},{"@type":"ListItem","position":2,"name":"Fiera d\u2019Oltralpe per Varvel"}]},{"@type":"WebSite","@id":"https:\/\/www.article-marketing.eu\/comunicatistampa\/#website","url":"https:\/\/www.article-marketing.eu\/comunicatistampa\/","name":"Article Marketing","description":"article marketing &amp; press release","potentialAction":[{"@type":"SearchAction","target":{"@type":"EntryPoint","urlTemplate":"https:\/\/www.article-marketing.eu\/comunicatistampa\/?s={search_term_string}"},"query-input":{"@type":"PropertyValueSpecification","valueRequired":true,"valueName":"search_term_string"}}],"inLanguage":"it-IT"},{"@type":"Person","@id":"https:\/\/www.article-marketing.eu\/comunicatistampa\/#\/schema\/person\/1c4ab1c7aad84347e26e78235da6ff1b","name":"Borderline Agency","image":{"@type":"ImageObject","inLanguage":"it-IT","@id":"https:\/\/secure.gravatar.com\/avatar\/741fa053101610cb0be7dc835c116926549ae4ae2142ff35eac04d78fda61461?s=96&d=mm&r=g","url":"https:\/\/secure.gravatar.com\/avatar\/741fa053101610cb0be7dc835c116926549ae4ae2142ff35eac04d78fda61461?s=96&d=mm&r=g","contentUrl":"https:\/\/secure.gravatar.com\/avatar\/741fa053101610cb0be7dc835c116926549ae4ae2142ff35eac04d78fda61461?s=96&d=mm&r=g","caption":"Borderline Agency"},"url":"https:\/\/www.article-marketing.eu\/comunicatistampa\/author\/borderline-agency\/"}]}},"_links":{"self":[{"href":"https:\/\/www.article-marketing.eu\/comunicatistampa\/wp-json\/wp\/v2\/posts\/6388","targetHints":{"allow":["GET"]}}],"collection":[{"href":"https:\/\/www.article-marketing.eu\/comunicatistampa\/wp-json\/wp\/v2\/posts"}],"about":[{"href":"https:\/\/www.article-marketing.eu\/comunicatistampa\/wp-json\/wp\/v2\/types\/post"}],"author":[{"embeddable":true,"href":"https:\/\/www.article-marketing.eu\/comunicatistampa\/wp-json\/wp\/v2\/users\/397"}],"replies":[{"embeddable":true,"href":"https:\/\/www.article-marketing.eu\/comunicatistampa\/wp-json\/wp\/v2\/comments?post=6388"}],"version-history":[{"count":2,"href":"https:\/\/www.article-marketing.eu\/comunicatistampa\/wp-json\/wp\/v2\/posts\/6388\/revisions"}],"predecessor-version":[{"id":6421,"href":"https:\/\/www.article-marketing.eu\/comunicatistampa\/wp-json\/wp\/v2\/posts\/6388\/revisions\/6421"}],"wp:attachment":[{"href":"https:\/\/www.article-marketing.eu\/comunicatistampa\/wp-json\/wp\/v2\/media?parent=6388"}],"wp:term":[{"taxonomy":"category","embeddable":true,"href":"https:\/\/www.article-marketing.eu\/comunicatistampa\/wp-json\/wp\/v2\/categories?post=6388"},{"taxonomy":"post_tag","embeddable":true,"href":"https:\/\/www.article-marketing.eu\/comunicatistampa\/wp-json\/wp\/v2\/tags?post=6388"}],"curies":[{"name":"wp","href":"https:\/\/api.w.org\/{rel}","templated":true}]}}