{"id":6390,"date":"2017-10-24T23:47:57","date_gmt":"2017-10-24T21:47:57","guid":{"rendered":"http:\/\/www.article-marketing.eu\/comunicatistampa\/?p=6390"},"modified":"2017-10-24T23:47:57","modified_gmt":"2017-10-24T21:47:57","slug":"breil-comunicazione-raz-degan","status":"publish","type":"post","link":"https:\/\/www.article-marketing.eu\/comunicatistampa\/breil-comunicazione-raz-degan\/","title":{"rendered":"BREIL IN COMUNICAZIONE CON RAZ DEGAN"},"content":{"rendered":"<div style=\"text-align: justify;\">\n<h2>Breil sceglie Raz Degan e Raz Degan sceglie Breil.<\/h2>\n<p>Si pu\u00f2 sintetizzare cos\u00ec il connubio tra il <a href=\"http:\/\/www.breil.com\/it\">brand di orologi e gioielli<\/a> e uno dei personaggi pi\u00f9 affascinanti e, al tempo stesso, controversi del panorama televisivo e cinematografico, italiano e mondiale.<\/p>\n<p>Entrambi ricordati anche per slogan indelebili e per aver indicato un\u2019attitudine alla vita che ha segnato un\u2019epoca, uniscono ora i propri mondi e valori per comunicare un nuovo modo di intendere il claim \u201cDon\u2019t touch my Breil\u201d.<\/p>\n<p>&nbsp;<\/p>\n<p>Non pi\u00f9 antitesi tra uomo e donna, non pi\u00f9 conflitto tra i ruoli, ma complicit\u00e0 e gioco, affinit\u00e0 e intreccio. Entrambi rivelano caratteri forti e determinati, ma si percepisce il desiderio della donna di essere protetta e coccolata e la volont\u00e0 dell\u2019uomo di esaudire questa richiesta. Non pi\u00f9 due entit\u00e0 separate, ma due anime che si uniscono e che creano una simbiosi e un incastro perfetti.<\/p>\n<p>Raz avvolge in un abbraccio intimo e protettivo la sua donna e, insieme, i gioielli che lei indossa, pronunciando la frase: \u201cNon toccate i miei gioielli\u201d.<\/p>\n<p>La molteplice chiave di lettura va a toccare dimensioni diverse.<\/p>\n<p>&nbsp;<\/p>\n<p>Una pi\u00f9 \u201cprofana\u201d, estremamente didascalica, legata agli oggetti, ai gioielli indossati e custoditi gelosamente. L\u2019altra fa invece un passo in avanti, andando a estendere la parola gioiello alla donna stessa e a tutti i valori di cui lei \u00e8 portatrice, alla relazione che si instaura con l\u2019uomo. La donna stessa \u00e8 il suo gioiello, parte di s\u00e9, prezioso e necessario come l\u2019aria.<\/p>\n<p>Raz Degan, che racchiude una profondit\u00e0 e una spiritualit\u00e0 che lo rendono sempre diverso, mai banale, spesso controcorrente, rappresenta in maniera perfetta l\u2019uomo protettivo, complice e attento. Non poteva che essere lui a segnare questa nuova tappa significativa del brand.<\/p>\n<p>&nbsp;<\/p>\n<p>\u201c<em>Dal 1996 non prestavo la mia immagine per una campagna pubblicitaria o per un brand commerciale. Non<\/em> <em>perch\u00e9 non avessi avuto occasioni di farlo, ma perch\u00e9 non trovavo un senso e un percorso che mi accomunasse e legasse a chi, di volta in volta, si faceva avanti; ero impegnato a sperimentar nuove cose e a trovare il mio orizzonte. Con <a href=\"http:\/\/www.breil.com\/it\">Breil<\/a> \u00e8 stato diverso: l\u2019idea di collaborare con un brand che non \u00e8 mai stato scontato mi ha incuriosito e stimolato. Essere scontati \u00e8 \u201cboring\u201d! Breil \u00e8 capitato nel momento giusto, con la proposta pi\u00f9 adatta: tornare a fare comunicazione con la possibilit\u00e0 di dire la mia e di mostrare me stesso mi ha subito convinto. Inoltre, con un regista e art director come Luca Tommassini, si aprivano prospettive interessanti: il gruppo di lavoro che si \u00e8 formato sul set \u00e8 stato eccezionale, io e Luca abbiamo collaborato con la casa di produzione e con l\u2019azienda stessa per dare corpo alle nostre visioni e idee<\/em>\u201d.<\/p>\n<p>&nbsp;<\/p>\n<p>Luca Tommassini, direttore creativo di talent di successo, coreografo e ballerino di fama mondiale, ha firmato infatti la regia, portando in dote la sua creativit\u00e0, la sua visione e la sua poliedricit\u00e0.<\/p>\n<p>&nbsp;<\/p>\n<p>Dopo alcuni passaggi TV su SKY, in concomitanza con la messa in onda in anteprima televisiva del film documentario di cui Raz Degan \u00e8 regista, la campagna verr\u00e0 pianificata a partire da met\u00e0 ottobre sempre in TV, oltre che su stampa e WEB.<\/p>\n<p>&nbsp;<\/p>\n<p><a href=\"https:\/\/www.youtube.com\/watch?v=CCR7tfRf8VI\">Guarda lo spot.<\/a><\/p>\n<p>Casa di Produzione : Collateral Film<\/p>\n<p>Regia: Luca Tommassini<\/p>\n<p>Talent: Raz Degan<\/p>\n<p>Modella: Meri Gulin di women management<\/p>\n<p>Direttore della fotografia: Marco Bassano<\/p>\n<p>Sound Design: Giacomo Cella<\/p>\n<p>Hair &amp; make up: Letizia Maestri<\/p>\n<p>Styling: Valentina Bianchi<\/p>\n<\/div>\n","protected":false},"excerpt":{"rendered":"<p>Breil sceglie Raz Degan e Raz Degan sceglie Breil. Si pu\u00f2 sintetizzare cos\u00ec il connubio tra il brand di orologi e gioielli e uno dei personaggi pi\u00f9 affascinanti e, al tempo stesso, controversi del panorama televisivo e cinematografico, italiano e mondiale. Entrambi ricordati anche per slogan indelebili e per aver indicato un\u2019attitudine alla vita che ha segnato un\u2019epoca, uniscono ora i propri mondi e valori per comunicare un nuovo modo<\/p>\n<p><a class=\"continue-reading\" href=\"https:\/\/www.article-marketing.eu\/comunicatistampa\/breil-comunicazione-raz-degan\/\">Continue reading&#8230;<\/a><\/p>\n","protected":false},"author":705,"featured_media":0,"comment_status":"open","ping_status":"open","sticky":false,"template":"","format":"standard","meta":{"_monsterinsights_skip_tracking":false,"_monsterinsights_sitenote_active":false,"_monsterinsights_sitenote_note":"","_monsterinsights_sitenote_category":0,"footnotes":""},"categories":[78,393],"tags":[2907,2910,2908,2909],"class_list":["post-6390","post","type-post","status-publish","format-standard","hentry","category-comunicati-stampa","category-prodotti","tag-brand-di-orologi-e-gioeilli","tag-brand-gioielli","tag-brand-orologi","tag-breil-raz-degan"],"yoast_head":"<!-- This site is optimized with the Yoast SEO plugin v27.3 - https:\/\/yoast.com\/product\/yoast-seo-wordpress\/ -->\n<title>BREIL IN COMUNICAZIONE CON RAZ DEGAN - Article Marketing<\/title>\n<meta name=\"description\" content=\"Raz Degan \u00e8 il protagonista della nuova campagna pubblicitaria di Breil. Alla regia Luca Tommassini, direttore creativo di successo. Guarda lo spot.\" \/>\n<meta name=\"robots\" content=\"index, follow, max-snippet:-1, max-image-preview:large, max-video-preview:-1\" \/>\n<link rel=\"canonical\" href=\"https:\/\/www.article-marketing.eu\/comunicatistampa\/breil-comunicazione-raz-degan\/\" \/>\n<meta property=\"og:locale\" content=\"it_IT\" \/>\n<meta property=\"og:type\" content=\"article\" \/>\n<meta property=\"og:title\" content=\"BREIL IN COMUNICAZIONE CON RAZ DEGAN - Article Marketing\" \/>\n<meta property=\"og:description\" content=\"Raz Degan \u00e8 il protagonista della nuova campagna pubblicitaria di Breil. Alla regia Luca Tommassini, direttore creativo di successo. Guarda lo spot.\" \/>\n<meta property=\"og:url\" content=\"https:\/\/www.article-marketing.eu\/comunicatistampa\/breil-comunicazione-raz-degan\/\" \/>\n<meta property=\"og:site_name\" content=\"Article Marketing\" \/>\n<meta property=\"article:published_time\" content=\"2017-10-24T21:47:57+00:00\" \/>\n<meta name=\"author\" content=\"Federico Favro\" \/>\n<meta name=\"twitter:card\" content=\"summary_large_image\" \/>\n<meta name=\"twitter:label1\" content=\"Scritto da\" \/>\n\t<meta name=\"twitter:data1\" content=\"Federico Favro\" \/>\n\t<meta name=\"twitter:label2\" content=\"Tempo di lettura stimato\" \/>\n\t<meta name=\"twitter:data2\" content=\"3 minuti\" \/>\n<script type=\"application\/ld+json\" class=\"yoast-schema-graph\">{\"@context\":\"https:\\\/\\\/schema.org\",\"@graph\":[{\"@type\":\"Article\",\"@id\":\"https:\\\/\\\/www.article-marketing.eu\\\/comunicatistampa\\\/breil-comunicazione-raz-degan\\\/#article\",\"isPartOf\":{\"@id\":\"https:\\\/\\\/www.article-marketing.eu\\\/comunicatistampa\\\/breil-comunicazione-raz-degan\\\/\"},\"author\":{\"name\":\"Federico Favro\",\"@id\":\"https:\\\/\\\/www.article-marketing.eu\\\/comunicatistampa\\\/#\\\/schema\\\/person\\\/d385490c4e7e90f04f637f7c6448c24e\"},\"headline\":\"BREIL IN COMUNICAZIONE CON RAZ DEGAN\",\"datePublished\":\"2017-10-24T21:47:57+00:00\",\"mainEntityOfPage\":{\"@id\":\"https:\\\/\\\/www.article-marketing.eu\\\/comunicatistampa\\\/breil-comunicazione-raz-degan\\\/\"},\"wordCount\":572,\"commentCount\":0,\"keywords\":[\"brand di orologi e gioeilli\",\"brand gioielli\",\"brand orologi\",\"breil raz degan\"],\"articleSection\":[\"Comunicati stampa\",\"Prodotti\"],\"inLanguage\":\"it-IT\",\"potentialAction\":[{\"@type\":\"CommentAction\",\"name\":\"Comment\",\"target\":[\"https:\\\/\\\/www.article-marketing.eu\\\/comunicatistampa\\\/breil-comunicazione-raz-degan\\\/#respond\"]}]},{\"@type\":\"WebPage\",\"@id\":\"https:\\\/\\\/www.article-marketing.eu\\\/comunicatistampa\\\/breil-comunicazione-raz-degan\\\/\",\"url\":\"https:\\\/\\\/www.article-marketing.eu\\\/comunicatistampa\\\/breil-comunicazione-raz-degan\\\/\",\"name\":\"BREIL IN COMUNICAZIONE CON RAZ DEGAN - Article Marketing\",\"isPartOf\":{\"@id\":\"https:\\\/\\\/www.article-marketing.eu\\\/comunicatistampa\\\/#website\"},\"datePublished\":\"2017-10-24T21:47:57+00:00\",\"author\":{\"@id\":\"https:\\\/\\\/www.article-marketing.eu\\\/comunicatistampa\\\/#\\\/schema\\\/person\\\/d385490c4e7e90f04f637f7c6448c24e\"},\"description\":\"Raz Degan \u00e8 il protagonista della nuova campagna pubblicitaria di Breil. Alla regia Luca Tommassini, direttore creativo di successo. Guarda lo spot.\",\"breadcrumb\":{\"@id\":\"https:\\\/\\\/www.article-marketing.eu\\\/comunicatistampa\\\/breil-comunicazione-raz-degan\\\/#breadcrumb\"},\"inLanguage\":\"it-IT\",\"potentialAction\":[{\"@type\":\"ReadAction\",\"target\":[\"https:\\\/\\\/www.article-marketing.eu\\\/comunicatistampa\\\/breil-comunicazione-raz-degan\\\/\"]}]},{\"@type\":\"BreadcrumbList\",\"@id\":\"https:\\\/\\\/www.article-marketing.eu\\\/comunicatistampa\\\/breil-comunicazione-raz-degan\\\/#breadcrumb\",\"itemListElement\":[{\"@type\":\"ListItem\",\"position\":1,\"name\":\"Home\",\"item\":\"https:\\\/\\\/www.article-marketing.eu\\\/comunicatistampa\\\/\"},{\"@type\":\"ListItem\",\"position\":2,\"name\":\"BREIL IN COMUNICAZIONE CON RAZ DEGAN\"}]},{\"@type\":\"WebSite\",\"@id\":\"https:\\\/\\\/www.article-marketing.eu\\\/comunicatistampa\\\/#website\",\"url\":\"https:\\\/\\\/www.article-marketing.eu\\\/comunicatistampa\\\/\",\"name\":\"Article Marketing\",\"description\":\"article marketing &amp; press release\",\"potentialAction\":[{\"@type\":\"SearchAction\",\"target\":{\"@type\":\"EntryPoint\",\"urlTemplate\":\"https:\\\/\\\/www.article-marketing.eu\\\/comunicatistampa\\\/?s={search_term_string}\"},\"query-input\":{\"@type\":\"PropertyValueSpecification\",\"valueRequired\":true,\"valueName\":\"search_term_string\"}}],\"inLanguage\":\"it-IT\"},{\"@type\":\"Person\",\"@id\":\"https:\\\/\\\/www.article-marketing.eu\\\/comunicatistampa\\\/#\\\/schema\\\/person\\\/d385490c4e7e90f04f637f7c6448c24e\",\"name\":\"Federico Favro\",\"image\":{\"@type\":\"ImageObject\",\"inLanguage\":\"it-IT\",\"@id\":\"https:\\\/\\\/secure.gravatar.com\\\/avatar\\\/6598072e4b2a8a589e3b51dfb05d3b738528e6a9869d84cc26ad6edcf028a81c?s=96&d=mm&r=g\",\"url\":\"https:\\\/\\\/secure.gravatar.com\\\/avatar\\\/6598072e4b2a8a589e3b51dfb05d3b738528e6a9869d84cc26ad6edcf028a81c?s=96&d=mm&r=g\",\"contentUrl\":\"https:\\\/\\\/secure.gravatar.com\\\/avatar\\\/6598072e4b2a8a589e3b51dfb05d3b738528e6a9869d84cc26ad6edcf028a81c?s=96&d=mm&r=g\",\"caption\":\"Federico Favro\"},\"url\":\"https:\\\/\\\/www.article-marketing.eu\\\/comunicatistampa\\\/author\\\/orologi-hh\\\/\"}]}<\/script>\n<!-- \/ Yoast SEO plugin. -->","yoast_head_json":{"title":"BREIL IN COMUNICAZIONE CON RAZ DEGAN - Article Marketing","description":"Raz Degan \u00e8 il protagonista della nuova campagna pubblicitaria di Breil. Alla regia Luca Tommassini, direttore creativo di successo. Guarda lo spot.","robots":{"index":"index","follow":"follow","max-snippet":"max-snippet:-1","max-image-preview":"max-image-preview:large","max-video-preview":"max-video-preview:-1"},"canonical":"https:\/\/www.article-marketing.eu\/comunicatistampa\/breil-comunicazione-raz-degan\/","og_locale":"it_IT","og_type":"article","og_title":"BREIL IN COMUNICAZIONE CON RAZ DEGAN - Article Marketing","og_description":"Raz Degan \u00e8 il protagonista della nuova campagna pubblicitaria di Breil. Alla regia Luca Tommassini, direttore creativo di successo. Guarda lo spot.","og_url":"https:\/\/www.article-marketing.eu\/comunicatistampa\/breil-comunicazione-raz-degan\/","og_site_name":"Article Marketing","article_published_time":"2017-10-24T21:47:57+00:00","author":"Federico Favro","twitter_card":"summary_large_image","twitter_misc":{"Scritto da":"Federico Favro","Tempo di lettura stimato":"3 minuti"},"schema":{"@context":"https:\/\/schema.org","@graph":[{"@type":"Article","@id":"https:\/\/www.article-marketing.eu\/comunicatistampa\/breil-comunicazione-raz-degan\/#article","isPartOf":{"@id":"https:\/\/www.article-marketing.eu\/comunicatistampa\/breil-comunicazione-raz-degan\/"},"author":{"name":"Federico Favro","@id":"https:\/\/www.article-marketing.eu\/comunicatistampa\/#\/schema\/person\/d385490c4e7e90f04f637f7c6448c24e"},"headline":"BREIL IN COMUNICAZIONE CON RAZ DEGAN","datePublished":"2017-10-24T21:47:57+00:00","mainEntityOfPage":{"@id":"https:\/\/www.article-marketing.eu\/comunicatistampa\/breil-comunicazione-raz-degan\/"},"wordCount":572,"commentCount":0,"keywords":["brand di orologi e gioeilli","brand gioielli","brand orologi","breil raz degan"],"articleSection":["Comunicati stampa","Prodotti"],"inLanguage":"it-IT","potentialAction":[{"@type":"CommentAction","name":"Comment","target":["https:\/\/www.article-marketing.eu\/comunicatistampa\/breil-comunicazione-raz-degan\/#respond"]}]},{"@type":"WebPage","@id":"https:\/\/www.article-marketing.eu\/comunicatistampa\/breil-comunicazione-raz-degan\/","url":"https:\/\/www.article-marketing.eu\/comunicatistampa\/breil-comunicazione-raz-degan\/","name":"BREIL IN COMUNICAZIONE CON RAZ DEGAN - Article Marketing","isPartOf":{"@id":"https:\/\/www.article-marketing.eu\/comunicatistampa\/#website"},"datePublished":"2017-10-24T21:47:57+00:00","author":{"@id":"https:\/\/www.article-marketing.eu\/comunicatistampa\/#\/schema\/person\/d385490c4e7e90f04f637f7c6448c24e"},"description":"Raz Degan \u00e8 il protagonista della nuova campagna pubblicitaria di Breil. Alla regia Luca Tommassini, direttore creativo di successo. Guarda lo spot.","breadcrumb":{"@id":"https:\/\/www.article-marketing.eu\/comunicatistampa\/breil-comunicazione-raz-degan\/#breadcrumb"},"inLanguage":"it-IT","potentialAction":[{"@type":"ReadAction","target":["https:\/\/www.article-marketing.eu\/comunicatistampa\/breil-comunicazione-raz-degan\/"]}]},{"@type":"BreadcrumbList","@id":"https:\/\/www.article-marketing.eu\/comunicatistampa\/breil-comunicazione-raz-degan\/#breadcrumb","itemListElement":[{"@type":"ListItem","position":1,"name":"Home","item":"https:\/\/www.article-marketing.eu\/comunicatistampa\/"},{"@type":"ListItem","position":2,"name":"BREIL IN COMUNICAZIONE CON RAZ DEGAN"}]},{"@type":"WebSite","@id":"https:\/\/www.article-marketing.eu\/comunicatistampa\/#website","url":"https:\/\/www.article-marketing.eu\/comunicatistampa\/","name":"Article Marketing","description":"article marketing &amp; press release","potentialAction":[{"@type":"SearchAction","target":{"@type":"EntryPoint","urlTemplate":"https:\/\/www.article-marketing.eu\/comunicatistampa\/?s={search_term_string}"},"query-input":{"@type":"PropertyValueSpecification","valueRequired":true,"valueName":"search_term_string"}}],"inLanguage":"it-IT"},{"@type":"Person","@id":"https:\/\/www.article-marketing.eu\/comunicatistampa\/#\/schema\/person\/d385490c4e7e90f04f637f7c6448c24e","name":"Federico Favro","image":{"@type":"ImageObject","inLanguage":"it-IT","@id":"https:\/\/secure.gravatar.com\/avatar\/6598072e4b2a8a589e3b51dfb05d3b738528e6a9869d84cc26ad6edcf028a81c?s=96&d=mm&r=g","url":"https:\/\/secure.gravatar.com\/avatar\/6598072e4b2a8a589e3b51dfb05d3b738528e6a9869d84cc26ad6edcf028a81c?s=96&d=mm&r=g","contentUrl":"https:\/\/secure.gravatar.com\/avatar\/6598072e4b2a8a589e3b51dfb05d3b738528e6a9869d84cc26ad6edcf028a81c?s=96&d=mm&r=g","caption":"Federico Favro"},"url":"https:\/\/www.article-marketing.eu\/comunicatistampa\/author\/orologi-hh\/"}]}},"_links":{"self":[{"href":"https:\/\/www.article-marketing.eu\/comunicatistampa\/wp-json\/wp\/v2\/posts\/6390","targetHints":{"allow":["GET"]}}],"collection":[{"href":"https:\/\/www.article-marketing.eu\/comunicatistampa\/wp-json\/wp\/v2\/posts"}],"about":[{"href":"https:\/\/www.article-marketing.eu\/comunicatistampa\/wp-json\/wp\/v2\/types\/post"}],"author":[{"embeddable":true,"href":"https:\/\/www.article-marketing.eu\/comunicatistampa\/wp-json\/wp\/v2\/users\/705"}],"replies":[{"embeddable":true,"href":"https:\/\/www.article-marketing.eu\/comunicatistampa\/wp-json\/wp\/v2\/comments?post=6390"}],"version-history":[{"count":2,"href":"https:\/\/www.article-marketing.eu\/comunicatistampa\/wp-json\/wp\/v2\/posts\/6390\/revisions"}],"predecessor-version":[{"id":6426,"href":"https:\/\/www.article-marketing.eu\/comunicatistampa\/wp-json\/wp\/v2\/posts\/6390\/revisions\/6426"}],"wp:attachment":[{"href":"https:\/\/www.article-marketing.eu\/comunicatistampa\/wp-json\/wp\/v2\/media?parent=6390"}],"wp:term":[{"taxonomy":"category","embeddable":true,"href":"https:\/\/www.article-marketing.eu\/comunicatistampa\/wp-json\/wp\/v2\/categories?post=6390"},{"taxonomy":"post_tag","embeddable":true,"href":"https:\/\/www.article-marketing.eu\/comunicatistampa\/wp-json\/wp\/v2\/tags?post=6390"}],"curies":[{"name":"wp","href":"https:\/\/api.w.org\/{rel}","templated":true}]}}