{"id":640,"date":"2017-02-24T00:59:55","date_gmt":"2017-02-23T23:59:55","guid":{"rendered":"http:\/\/www.article-marketing.eu\/comunicatistampa\/?p=640"},"modified":"2020-03-26T15:02:06","modified_gmt":"2020-03-26T14:02:06","slug":"nata-il-giorno-della-liberazione-un-segno-del-destino","status":"publish","type":"post","link":"https:\/\/www.article-marketing.eu\/comunicatistampa\/nata-il-giorno-della-liberazione-un-segno-del-destino\/","title":{"rendered":"Nata il giorno della Liberazione, un segno del destino"},"content":{"rendered":"<h3>Bella, alta, prosperosa, piena di colorati tatuaggi, seguitissima su Instagram.<br \/>\n\u00c8 Manola Tenti, la 35enne aretina che spopola sui social.<\/h3>\n<p>Era marzo del 2016 quando Manola, delusa da una lunga storia culminata in un tradimento sub\u00ecto, ne usciva disillusa, con alle spalle una vita, che le aveva gi\u00e0 regalato una serie di difficolt\u00e0, vissute durante l\u2019adolescenza.<br \/>\nPer caso, si incuriosisce alle dinamiche di Instagram e, determinata, testarda, ostinata com\u2019\u00e8, decide che quello sarebbe stato il mezzo per comunicare, a modo suo, il suo essere indignata, contro una certa categoria di uomini e contro i moralisti tutti, benpensanti in generale.<br \/>\n<img loading=\"lazy\" decoding=\"async\" src=\"http:\/\/www.manola-tenti.it\/wp-content\/uploads\/2017\/02\/IMG-20170215-WA0012.jpg\" alt=\"Manola Tenti la provocante suicide girl di Arezzo\" width=\"300\" height=\"400\" \/><br \/>\nA neanche un anno di distanza, basta digitare manola1982 su Instagram, per avere la conferma di quanto sia riuscita nei suoi obiettivi.<br \/>\n143.000 followers (aggiornamento 21\/02\/17) tutti reali, tutti spontanei, raccolti negli ultimi mesi al ritmo di 1000 nuovi fans ogni 2 giorni. Una macchina da guerra, una performance difficilmente replicabile da chi non sia un personaggio pubblico, un marchio famoso o non utilizzi meri espedienti per rastrellare pubblico.<\/p>\n<p>Ma che cosa fa di preciso Manola per creare tutto questo? Fa selfie.<br \/>\nL\u201980% di questi, chiusa dentro la sua camera da letto.<br \/>\nSelfie accompagnati da una riga di commento; normalmente una frase studiata appositamente per creare il fraintendimento, messa l\u00ec come un\u2019efficace trappola per far cadere chi giudica le persone solo dalle apparenze.<br \/>\nEd \u00e8 proprio questa la sua arma tagliente ma vincente.<\/p>\n<p>Parliamoci chiaro, non \u00e8 proprio cos\u00ec difficile cadere in \u201cfallo\u201d nel giudicarla, sfogliando le foto che pubblica.<br \/>\nManola \u00e8 consapevole di incarnare il desiderio sessuale di molti uomini e gioca su questo.<br \/>\n\u00c8 la provocazione fatta donna.<br \/>\nSi immortala in foto che fanno risaltare il suo abbondante decollet\u00e8, le sue labbra (un po\u2019 troppo gonfie) e i mitici 70 tatuaggi stile old school che ricoprono il suo corpo ma sempre tenendo a mente il principio che si \u00e8 data: solo vedo non vedo, mai il nudo.<br \/>\nAnche perch\u00e9, finch\u00e8 non ti scopri, alimenti il brivido dell\u2019attesa e la curiosit\u00e0 morbosa, mentre una volta che hai mostrato tutto resta ben poco all\u2019immaginazione.<\/p>\n<p>\u00c8 una sirena che ti adesca con la sensualit\u00e0 ma che ti lascia di ghiaccio se non sai stare al tuo posto.<br \/>\nUn bel caratterino spigoloso che spesso rasenta il bipolarismo.<br \/>\nMa fondamentalmente \u00e8 una persona che si spacca la schiena per vivere, cresciuta nel rispetto dei sani pricncipi, ben radicati dentro di lei, e affascinata dai rapporti sinceri, quelli senza doppi fini.<\/p>\n<p>Al primo approccio con le sue foto, il profilo di Manola risulta frutto del mero esibizionismo che regna su Instagram.<br \/>\nIn realt\u00e0 la provocazione cercata \u00e8 ben altra. Una sorta di crociata contro chi si adopera a etichettare gli altri, basandosi soltanto sulla loro apparenza esteriore.<\/p>\n<p>Manola molto vistosa di natura, alta 1,80 (senza tacchi), con una prorompente quinta di seno, non ha nessuna intenzione di stemperare queste caratteristiche con outfit casti.<br \/>\nAl contrario, oltre ad avere svariati piercing ed enormi tatuaggi, ama indossare, specialmente durante le sue serate in discoteca, body scollati e trasparenti, abbondanti pizzi, spacchi vertiginosi e pellicciotti di<br \/>\ncolori sgargianti. Insomma non fa proprio nulla per non dare abbondantemente nell\u2019occhio.<\/p>\n<p>Se a questo si aggiunge l\u2019esuberanza del suo carattere, la spontaneit\u00e0 che la porta a dire ci\u00f2 che pensa senza filtri e l\u2019attivit\u00e0 da pr\/ragazza immagine, in alcuni locali della Toscana e della riviera romagnola, ecco che Manola diventa il miglior argomento di gossip di cui parlare in Provincia, fino a farla passare per una ricercatissima escort.<\/p>\n<p>Ma lungi dal fermarla, tutto questo, seppur ferisce, genera fondamentalmente una reazione a catena: pi\u00f9 le chiacchiere si moltiplicano e si fanno intense, fantasticando sui suoi presunti biechi costumi, pi\u00f9 lei le affronta, sfidandole a colpi di ulteriori provocazioni: foto, testi e messaggi pi\u00f9 o meno espliciti rivolti alle lingue biforcute che vivono nella sua citt\u00e0.<\/p>\n<p>E il cerchio si chiude col recentissimo lancio del suo sito personale, <a href=\"http:\/\/www.manola-tenti.it\" target=\"_blank\" rel=\"noopener noreferrer\">www.manola-tenti.it<\/a> che in soli 10 giorni ha raccolto 12.000 visite spontanee e quasi 40.000 visualizzazioni di pagina.<\/p>\n<p>Il desiderio di Manola era quello di superare i limiti di Instagram, per definizione social di foto e quindi molto legato all\u2019immagine esteriore, sfruttando invece l\u2019opportunit\u00e0, offerta dal web, di scrivere contenuti pi\u00f9 approfonditi. Sentiva realmente il bisogno di mettere a nudo la sua anima, mostrando effettivamente quale interiorit\u00e0 ci fosse sotto quella scorza da femme fatale che il pubblico, non senza la sua complicit\u00e0, le aveva costruito addosso.<\/p>\n<p>Anche parlando di se stessa Manola non usa mai schermi, \u00e8 autoironica e offre le sue debolezze di donna in pasto a un pubblico che incredibilmente non ne approfitta ma, al contrario, apprezza questa libert\u00e0 di espressione, il suo essere vera, la serenit\u00e0 con cui posta i propri pensieri senza farsi troppe paranoie (citazione da un commento del sito).<\/p>\n<p>C\u2019\u00e8 sicuramente del voyeurismo nell\u2019intensit\u00e0 con cui il sito di Manola viene frequentato ma \u00e8 un voyeurismo differente da quello di Instagram, in cui il pubblico si attende sempre che esca un centimetro di pelle in pi\u00f9.<br \/>\nSul sito \u00e8 sicuramente il cervello ad esser stimolato, nelle emozioni pi\u00f9 pure, dall\u2019immagine semplice che una donna tanto vistosa riesce a dare di se, con questo suo \u201cmettersi a nudo\u201d, senza preoccuparsi del giudizio delle male lingue.<\/p>\n<p>Alcuni commenti sono delle vere e proprie dichiarazioni d\u2019amore e da spettatore critico si resta stupiti di come sia possibile che qualcuno possa innamorarsi di una figura che non fa parte della propria vita reale, che non si pu\u00f2 toccar con mano, che \u00e8 un ologramma, testo e immagini su uno schermo di pc o di smartphone.<br \/>\nComplice sicuramente \u00e8 la presenza quotidiana di Manola che ogni giorno posta sui social, molto spesso scrive sul suo blog ma soprattutto risponde a tutti i messaggi e a tutti i commenti sul sito.<\/p>\n<p>E cominciano a farsi fedeli visitatrici del blog anche ragazze che vedono in Manola un modello da seguire.<\/p>\n<p>L\u2019avventura \u00e8 appena iniziata. Staremo a vedere che cosa sapr\u00e0 riservarci questa eclettica ragazza.<\/p>\n","protected":false},"excerpt":{"rendered":"<p>Bella, alta, prosperosa, piena di colorati tatuaggi, seguitissima su Instagram. \u00c8 Manola Tenti, la 35enne aretina che spopola sui social. Era marzo del 2016 quando Manola, delusa da una lunga storia culminata in un tradimento sub\u00ecto, ne usciva disillusa, con alle spalle una vita, che le aveva gi\u00e0 regalato una serie di difficolt\u00e0, vissute durante l\u2019adolescenza. Per caso, si incuriosisce alle dinamiche di Instagram e, determinata, testarda, ostinata com\u2019\u00e8, decide<\/p>\n<p><a class=\"continue-reading\" href=\"https:\/\/www.article-marketing.eu\/comunicatistampa\/nata-il-giorno-della-liberazione-un-segno-del-destino\/\">Continue reading&#8230;<\/a><\/p>\n","protected":false},"author":37,"featured_media":0,"comment_status":"open","ping_status":"open","sticky":false,"template":"","format":"standard","meta":{"_monsterinsights_skip_tracking":false,"_monsterinsights_sitenote_active":false,"_monsterinsights_sitenote_note":"","_monsterinsights_sitenote_category":0,"footnotes":""},"categories":[368],"tags":[446,445,447],"class_list":["post-640","post","type-post","status-publish","format-standard","hentry","category-persone","tag-blog-manola-tenti","tag-manola-tenti","tag-suicide-girl-italiana"],"yoast_head":"<!-- This site is optimized with the Yoast SEO plugin v27.3 - https:\/\/yoast.com\/product\/yoast-seo-wordpress\/ -->\n<title>Nata il giorno della Liberazione, un segno del destino - Article Marketing<\/title>\n<meta name=\"robots\" content=\"index, follow, max-snippet:-1, max-image-preview:large, max-video-preview:-1\" \/>\n<link rel=\"canonical\" href=\"https:\/\/www.article-marketing.eu\/comunicatistampa\/nata-il-giorno-della-liberazione-un-segno-del-destino\/\" \/>\n<meta property=\"og:locale\" content=\"it_IT\" \/>\n<meta property=\"og:type\" content=\"article\" \/>\n<meta property=\"og:title\" content=\"Nata il giorno della Liberazione, un segno del destino - Article Marketing\" \/>\n<meta property=\"og:description\" content=\"Bella, alta, prosperosa, piena di colorati tatuaggi, seguitissima su Instagram. \u00c8 Manola Tenti, la 35enne aretina che spopola sui social. Era marzo del 2016 quando Manola, delusa da una lunga storia culminata in un tradimento sub\u00ecto, ne usciva disillusa, con alle spalle una vita, che le aveva gi\u00e0 regalato una serie di difficolt\u00e0, vissute durante l\u2019adolescenza. Per caso, si incuriosisce alle dinamiche di Instagram e, determinata, testarda, ostinata com\u2019\u00e8, decideContinue reading...\" \/>\n<meta property=\"og:url\" content=\"https:\/\/www.article-marketing.eu\/comunicatistampa\/nata-il-giorno-della-liberazione-un-segno-del-destino\/\" \/>\n<meta property=\"og:site_name\" content=\"Article Marketing\" \/>\n<meta property=\"article:published_time\" content=\"2017-02-23T23:59:55+00:00\" \/>\n<meta property=\"article:modified_time\" content=\"2020-03-26T14:02:06+00:00\" \/>\n<meta property=\"og:image\" content=\"http:\/\/www.manola-tenti.it\/wp-content\/uploads\/2017\/02\/IMG-20170215-WA0012.jpg\" \/>\n<meta name=\"author\" content=\"manola\" \/>\n<meta name=\"twitter:card\" content=\"summary_large_image\" \/>\n<meta name=\"twitter:label1\" content=\"Scritto da\" \/>\n\t<meta name=\"twitter:data1\" content=\"manola\" \/>\n\t<meta name=\"twitter:label2\" content=\"Tempo di lettura stimato\" \/>\n\t<meta name=\"twitter:data2\" content=\"5 minuti\" \/>\n<script type=\"application\/ld+json\" class=\"yoast-schema-graph\">{\"@context\":\"https:\\\/\\\/schema.org\",\"@graph\":[{\"@type\":\"Article\",\"@id\":\"https:\\\/\\\/www.article-marketing.eu\\\/comunicatistampa\\\/nata-il-giorno-della-liberazione-un-segno-del-destino\\\/#article\",\"isPartOf\":{\"@id\":\"https:\\\/\\\/www.article-marketing.eu\\\/comunicatistampa\\\/nata-il-giorno-della-liberazione-un-segno-del-destino\\\/\"},\"author\":{\"name\":\"manola\",\"@id\":\"https:\\\/\\\/www.article-marketing.eu\\\/comunicatistampa\\\/#\\\/schema\\\/person\\\/12ca276ec1a274fe4d26ebbf6195858e\"},\"headline\":\"Nata il giorno della Liberazione, un segno del destino\",\"datePublished\":\"2017-02-23T23:59:55+00:00\",\"dateModified\":\"2020-03-26T14:02:06+00:00\",\"mainEntityOfPage\":{\"@id\":\"https:\\\/\\\/www.article-marketing.eu\\\/comunicatistampa\\\/nata-il-giorno-della-liberazione-un-segno-del-destino\\\/\"},\"wordCount\":989,\"commentCount\":0,\"image\":{\"@id\":\"https:\\\/\\\/www.article-marketing.eu\\\/comunicatistampa\\\/nata-il-giorno-della-liberazione-un-segno-del-destino\\\/#primaryimage\"},\"thumbnailUrl\":\"http:\\\/\\\/www.manola-tenti.it\\\/wp-content\\\/uploads\\\/2017\\\/02\\\/IMG-20170215-WA0012.jpg\",\"keywords\":[\"blog manola tenti\",\"manola tenti\",\"suicide girl italiana\"],\"articleSection\":[\"Persone\"],\"inLanguage\":\"it-IT\",\"potentialAction\":[{\"@type\":\"CommentAction\",\"name\":\"Comment\",\"target\":[\"https:\\\/\\\/www.article-marketing.eu\\\/comunicatistampa\\\/nata-il-giorno-della-liberazione-un-segno-del-destino\\\/#respond\"]}]},{\"@type\":\"WebPage\",\"@id\":\"https:\\\/\\\/www.article-marketing.eu\\\/comunicatistampa\\\/nata-il-giorno-della-liberazione-un-segno-del-destino\\\/\",\"url\":\"https:\\\/\\\/www.article-marketing.eu\\\/comunicatistampa\\\/nata-il-giorno-della-liberazione-un-segno-del-destino\\\/\",\"name\":\"Nata il giorno della Liberazione, un segno del destino - Article Marketing\",\"isPartOf\":{\"@id\":\"https:\\\/\\\/www.article-marketing.eu\\\/comunicatistampa\\\/#website\"},\"primaryImageOfPage\":{\"@id\":\"https:\\\/\\\/www.article-marketing.eu\\\/comunicatistampa\\\/nata-il-giorno-della-liberazione-un-segno-del-destino\\\/#primaryimage\"},\"image\":{\"@id\":\"https:\\\/\\\/www.article-marketing.eu\\\/comunicatistampa\\\/nata-il-giorno-della-liberazione-un-segno-del-destino\\\/#primaryimage\"},\"thumbnailUrl\":\"http:\\\/\\\/www.manola-tenti.it\\\/wp-content\\\/uploads\\\/2017\\\/02\\\/IMG-20170215-WA0012.jpg\",\"datePublished\":\"2017-02-23T23:59:55+00:00\",\"dateModified\":\"2020-03-26T14:02:06+00:00\",\"author\":{\"@id\":\"https:\\\/\\\/www.article-marketing.eu\\\/comunicatistampa\\\/#\\\/schema\\\/person\\\/12ca276ec1a274fe4d26ebbf6195858e\"},\"breadcrumb\":{\"@id\":\"https:\\\/\\\/www.article-marketing.eu\\\/comunicatistampa\\\/nata-il-giorno-della-liberazione-un-segno-del-destino\\\/#breadcrumb\"},\"inLanguage\":\"it-IT\",\"potentialAction\":[{\"@type\":\"ReadAction\",\"target\":[\"https:\\\/\\\/www.article-marketing.eu\\\/comunicatistampa\\\/nata-il-giorno-della-liberazione-un-segno-del-destino\\\/\"]}]},{\"@type\":\"ImageObject\",\"inLanguage\":\"it-IT\",\"@id\":\"https:\\\/\\\/www.article-marketing.eu\\\/comunicatistampa\\\/nata-il-giorno-della-liberazione-un-segno-del-destino\\\/#primaryimage\",\"url\":\"http:\\\/\\\/www.manola-tenti.it\\\/wp-content\\\/uploads\\\/2017\\\/02\\\/IMG-20170215-WA0012.jpg\",\"contentUrl\":\"http:\\\/\\\/www.manola-tenti.it\\\/wp-content\\\/uploads\\\/2017\\\/02\\\/IMG-20170215-WA0012.jpg\"},{\"@type\":\"BreadcrumbList\",\"@id\":\"https:\\\/\\\/www.article-marketing.eu\\\/comunicatistampa\\\/nata-il-giorno-della-liberazione-un-segno-del-destino\\\/#breadcrumb\",\"itemListElement\":[{\"@type\":\"ListItem\",\"position\":1,\"name\":\"Home\",\"item\":\"https:\\\/\\\/www.article-marketing.eu\\\/comunicatistampa\\\/\"},{\"@type\":\"ListItem\",\"position\":2,\"name\":\"Nata il giorno della Liberazione, un segno del destino\"}]},{\"@type\":\"WebSite\",\"@id\":\"https:\\\/\\\/www.article-marketing.eu\\\/comunicatistampa\\\/#website\",\"url\":\"https:\\\/\\\/www.article-marketing.eu\\\/comunicatistampa\\\/\",\"name\":\"Article Marketing\",\"description\":\"article marketing &amp; press release\",\"potentialAction\":[{\"@type\":\"SearchAction\",\"target\":{\"@type\":\"EntryPoint\",\"urlTemplate\":\"https:\\\/\\\/www.article-marketing.eu\\\/comunicatistampa\\\/?s={search_term_string}\"},\"query-input\":{\"@type\":\"PropertyValueSpecification\",\"valueRequired\":true,\"valueName\":\"search_term_string\"}}],\"inLanguage\":\"it-IT\"},{\"@type\":\"Person\",\"@id\":\"https:\\\/\\\/www.article-marketing.eu\\\/comunicatistampa\\\/#\\\/schema\\\/person\\\/12ca276ec1a274fe4d26ebbf6195858e\",\"name\":\"manola\",\"image\":{\"@type\":\"ImageObject\",\"inLanguage\":\"it-IT\",\"@id\":\"https:\\\/\\\/secure.gravatar.com\\\/avatar\\\/12bdc7ed93b89b36a31ec4316b220b0682e2d83a1ea9a5e9ca8a00a490ae0ea2?s=96&d=mm&r=g\",\"url\":\"https:\\\/\\\/secure.gravatar.com\\\/avatar\\\/12bdc7ed93b89b36a31ec4316b220b0682e2d83a1ea9a5e9ca8a00a490ae0ea2?s=96&d=mm&r=g\",\"contentUrl\":\"https:\\\/\\\/secure.gravatar.com\\\/avatar\\\/12bdc7ed93b89b36a31ec4316b220b0682e2d83a1ea9a5e9ca8a00a490ae0ea2?s=96&d=mm&r=g\",\"caption\":\"manola\"},\"url\":\"https:\\\/\\\/www.article-marketing.eu\\\/comunicatistampa\\\/author\\\/manola\\\/\"}]}<\/script>\n<!-- \/ Yoast SEO plugin. -->","yoast_head_json":{"title":"Nata il giorno della Liberazione, un segno del destino - Article Marketing","robots":{"index":"index","follow":"follow","max-snippet":"max-snippet:-1","max-image-preview":"max-image-preview:large","max-video-preview":"max-video-preview:-1"},"canonical":"https:\/\/www.article-marketing.eu\/comunicatistampa\/nata-il-giorno-della-liberazione-un-segno-del-destino\/","og_locale":"it_IT","og_type":"article","og_title":"Nata il giorno della Liberazione, un segno del destino - Article Marketing","og_description":"Bella, alta, prosperosa, piena di colorati tatuaggi, seguitissima su Instagram. \u00c8 Manola Tenti, la 35enne aretina che spopola sui social. Era marzo del 2016 quando Manola, delusa da una lunga storia culminata in un tradimento sub\u00ecto, ne usciva disillusa, con alle spalle una vita, che le aveva gi\u00e0 regalato una serie di difficolt\u00e0, vissute durante l\u2019adolescenza. Per caso, si incuriosisce alle dinamiche di Instagram e, determinata, testarda, ostinata com\u2019\u00e8, decideContinue reading...","og_url":"https:\/\/www.article-marketing.eu\/comunicatistampa\/nata-il-giorno-della-liberazione-un-segno-del-destino\/","og_site_name":"Article Marketing","article_published_time":"2017-02-23T23:59:55+00:00","article_modified_time":"2020-03-26T14:02:06+00:00","og_image":[{"url":"http:\/\/www.manola-tenti.it\/wp-content\/uploads\/2017\/02\/IMG-20170215-WA0012.jpg","type":"","width":"","height":""}],"author":"manola","twitter_card":"summary_large_image","twitter_misc":{"Scritto da":"manola","Tempo di lettura stimato":"5 minuti"},"schema":{"@context":"https:\/\/schema.org","@graph":[{"@type":"Article","@id":"https:\/\/www.article-marketing.eu\/comunicatistampa\/nata-il-giorno-della-liberazione-un-segno-del-destino\/#article","isPartOf":{"@id":"https:\/\/www.article-marketing.eu\/comunicatistampa\/nata-il-giorno-della-liberazione-un-segno-del-destino\/"},"author":{"name":"manola","@id":"https:\/\/www.article-marketing.eu\/comunicatistampa\/#\/schema\/person\/12ca276ec1a274fe4d26ebbf6195858e"},"headline":"Nata il giorno della Liberazione, un segno del destino","datePublished":"2017-02-23T23:59:55+00:00","dateModified":"2020-03-26T14:02:06+00:00","mainEntityOfPage":{"@id":"https:\/\/www.article-marketing.eu\/comunicatistampa\/nata-il-giorno-della-liberazione-un-segno-del-destino\/"},"wordCount":989,"commentCount":0,"image":{"@id":"https:\/\/www.article-marketing.eu\/comunicatistampa\/nata-il-giorno-della-liberazione-un-segno-del-destino\/#primaryimage"},"thumbnailUrl":"http:\/\/www.manola-tenti.it\/wp-content\/uploads\/2017\/02\/IMG-20170215-WA0012.jpg","keywords":["blog manola tenti","manola tenti","suicide girl italiana"],"articleSection":["Persone"],"inLanguage":"it-IT","potentialAction":[{"@type":"CommentAction","name":"Comment","target":["https:\/\/www.article-marketing.eu\/comunicatistampa\/nata-il-giorno-della-liberazione-un-segno-del-destino\/#respond"]}]},{"@type":"WebPage","@id":"https:\/\/www.article-marketing.eu\/comunicatistampa\/nata-il-giorno-della-liberazione-un-segno-del-destino\/","url":"https:\/\/www.article-marketing.eu\/comunicatistampa\/nata-il-giorno-della-liberazione-un-segno-del-destino\/","name":"Nata il giorno della Liberazione, un segno del destino - Article Marketing","isPartOf":{"@id":"https:\/\/www.article-marketing.eu\/comunicatistampa\/#website"},"primaryImageOfPage":{"@id":"https:\/\/www.article-marketing.eu\/comunicatistampa\/nata-il-giorno-della-liberazione-un-segno-del-destino\/#primaryimage"},"image":{"@id":"https:\/\/www.article-marketing.eu\/comunicatistampa\/nata-il-giorno-della-liberazione-un-segno-del-destino\/#primaryimage"},"thumbnailUrl":"http:\/\/www.manola-tenti.it\/wp-content\/uploads\/2017\/02\/IMG-20170215-WA0012.jpg","datePublished":"2017-02-23T23:59:55+00:00","dateModified":"2020-03-26T14:02:06+00:00","author":{"@id":"https:\/\/www.article-marketing.eu\/comunicatistampa\/#\/schema\/person\/12ca276ec1a274fe4d26ebbf6195858e"},"breadcrumb":{"@id":"https:\/\/www.article-marketing.eu\/comunicatistampa\/nata-il-giorno-della-liberazione-un-segno-del-destino\/#breadcrumb"},"inLanguage":"it-IT","potentialAction":[{"@type":"ReadAction","target":["https:\/\/www.article-marketing.eu\/comunicatistampa\/nata-il-giorno-della-liberazione-un-segno-del-destino\/"]}]},{"@type":"ImageObject","inLanguage":"it-IT","@id":"https:\/\/www.article-marketing.eu\/comunicatistampa\/nata-il-giorno-della-liberazione-un-segno-del-destino\/#primaryimage","url":"http:\/\/www.manola-tenti.it\/wp-content\/uploads\/2017\/02\/IMG-20170215-WA0012.jpg","contentUrl":"http:\/\/www.manola-tenti.it\/wp-content\/uploads\/2017\/02\/IMG-20170215-WA0012.jpg"},{"@type":"BreadcrumbList","@id":"https:\/\/www.article-marketing.eu\/comunicatistampa\/nata-il-giorno-della-liberazione-un-segno-del-destino\/#breadcrumb","itemListElement":[{"@type":"ListItem","position":1,"name":"Home","item":"https:\/\/www.article-marketing.eu\/comunicatistampa\/"},{"@type":"ListItem","position":2,"name":"Nata il giorno della Liberazione, un segno del destino"}]},{"@type":"WebSite","@id":"https:\/\/www.article-marketing.eu\/comunicatistampa\/#website","url":"https:\/\/www.article-marketing.eu\/comunicatistampa\/","name":"Article Marketing","description":"article marketing &amp; press release","potentialAction":[{"@type":"SearchAction","target":{"@type":"EntryPoint","urlTemplate":"https:\/\/www.article-marketing.eu\/comunicatistampa\/?s={search_term_string}"},"query-input":{"@type":"PropertyValueSpecification","valueRequired":true,"valueName":"search_term_string"}}],"inLanguage":"it-IT"},{"@type":"Person","@id":"https:\/\/www.article-marketing.eu\/comunicatistampa\/#\/schema\/person\/12ca276ec1a274fe4d26ebbf6195858e","name":"manola","image":{"@type":"ImageObject","inLanguage":"it-IT","@id":"https:\/\/secure.gravatar.com\/avatar\/12bdc7ed93b89b36a31ec4316b220b0682e2d83a1ea9a5e9ca8a00a490ae0ea2?s=96&d=mm&r=g","url":"https:\/\/secure.gravatar.com\/avatar\/12bdc7ed93b89b36a31ec4316b220b0682e2d83a1ea9a5e9ca8a00a490ae0ea2?s=96&d=mm&r=g","contentUrl":"https:\/\/secure.gravatar.com\/avatar\/12bdc7ed93b89b36a31ec4316b220b0682e2d83a1ea9a5e9ca8a00a490ae0ea2?s=96&d=mm&r=g","caption":"manola"},"url":"https:\/\/www.article-marketing.eu\/comunicatistampa\/author\/manola\/"}]}},"_links":{"self":[{"href":"https:\/\/www.article-marketing.eu\/comunicatistampa\/wp-json\/wp\/v2\/posts\/640","targetHints":{"allow":["GET"]}}],"collection":[{"href":"https:\/\/www.article-marketing.eu\/comunicatistampa\/wp-json\/wp\/v2\/posts"}],"about":[{"href":"https:\/\/www.article-marketing.eu\/comunicatistampa\/wp-json\/wp\/v2\/types\/post"}],"author":[{"embeddable":true,"href":"https:\/\/www.article-marketing.eu\/comunicatistampa\/wp-json\/wp\/v2\/users\/37"}],"replies":[{"embeddable":true,"href":"https:\/\/www.article-marketing.eu\/comunicatistampa\/wp-json\/wp\/v2\/comments?post=640"}],"version-history":[{"count":4,"href":"https:\/\/www.article-marketing.eu\/comunicatistampa\/wp-json\/wp\/v2\/posts\/640\/revisions"}],"predecessor-version":[{"id":14401,"href":"https:\/\/www.article-marketing.eu\/comunicatistampa\/wp-json\/wp\/v2\/posts\/640\/revisions\/14401"}],"wp:attachment":[{"href":"https:\/\/www.article-marketing.eu\/comunicatistampa\/wp-json\/wp\/v2\/media?parent=640"}],"wp:term":[{"taxonomy":"category","embeddable":true,"href":"https:\/\/www.article-marketing.eu\/comunicatistampa\/wp-json\/wp\/v2\/categories?post=640"},{"taxonomy":"post_tag","embeddable":true,"href":"https:\/\/www.article-marketing.eu\/comunicatistampa\/wp-json\/wp\/v2\/tags?post=640"}],"curies":[{"name":"wp","href":"https:\/\/api.w.org\/{rel}","templated":true}]}}