{"id":6603,"date":"2017-10-30T23:28:49","date_gmt":"2017-10-30T22:28:49","guid":{"rendered":"http:\/\/www.article-marketing.eu\/comunicatistampa\/?p=6603"},"modified":"2017-10-30T23:28:49","modified_gmt":"2017-10-30T22:28:49","slug":"crescita-ancora-bassa-litalia","status":"publish","type":"post","link":"https:\/\/www.article-marketing.eu\/comunicatistampa\/crescita-ancora-bassa-litalia\/","title":{"rendered":"Crescita ancora troppo bassa per l\u2019Italia"},"content":{"rendered":"<p>In linea generale, l\u2019economia mondiale sta facendo i conti con una fase di lenta crescita che, per\u00f2, non sembra essere omogenea. Dall\u2019Eurozona, per\u00f2, arrivano segnali decisamente positivi e anche l\u2019Italia ha dato qualche segnale interessante anche se ancora non sufficiente.<\/p>\n<h2>Crisi economica: la crescita lenta dell\u2019Italia<\/h2>\n<p>Stando agli ultimi dati diffusi, l\u2019Italia sembra avere intrapreso la strada giusta per riuscire ad uscire dalla crisi. Nell\u2019ultimo anno, ad esempio, ha acquisito addirittura 1,5 punti percentuali e le previsioni sono altrettanto ottimistiche. Pare, infatti, che nel prossimo anno la crescita potr\u00e0 aggirarsi intorno all\u20191,1%. Analizzando i dati relativi alla produzione industriale il risultato non \u00e8 poi cos\u00ec differente. Ad agosto di quest\u2019anno, ad esempio, \u00e8 stato registrato un incremento addirittura del 5,6% rispetto al 2016 e il trend si aggira intorno al 2,2%. Tali dati, pur non essendo negativi, denotano una ripresa che seppur all\u2019insegna della crescita appare troppo lenta per poter fare fronte alle <a href=\"https:\/\/economiaitaliana.weebly.com\/\">conseguenze della crisi economica<\/a>. Per comprendere meglio la dinamica basti pensare che in 10 trimestri il Pil \u00e8 aumentato solo il poco meno di 3 punti percentuali.<\/p>\n<h2>Cosa cambia rispetto al passato per l&#8217;Italia e gli altri Paesi dell&#8217;UE<\/h2>\n<p>Analizzando questa lenta ripresa italiana si ha la possibilit\u00e0 di riflettere in merito al fatto che nel passato le riprese non sono arrivate a durare ben 10 trimestri. Ci\u00f2 vuol dire che, seppur lenta, questa ripresa \u00e8 stabile e destinata a durare nel tempo. D\u2019altro canto, per\u00f2, \u00e8 necessario anche tenere conto del fatto che negli altri Paesi della zona UE la ripresa \u00e8 altrettanto duratura anche se molto pi\u00f9 rapida. Ma perch\u00e9 l\u2019Italia non riesce a crescere quanto e come gli altri stati che appartengono all\u2019Unione europea?<\/p>\n<h2>Le cause della crescita lenta<\/h2>\n<p>Molto probabilmente, a rallentare la fase di crescita del nostro Paese \u00e8 il contesto internazionale che, com\u2019\u00e8 noto, non \u00e8 affatto stabile. Il timore \u00e8, senza alcun dubbio, quello della stagnazione che intimorisce non poco gli investitori e disincentiva ogni slancio ottimistico. In ogni caso, \u00e8 utile non dimenticare che Francia e Germania crescono molto pi\u00f9 velocemente dell\u2019Italia e che, pertanto, anche eventuali fattori esterni potrebbero essere agilmente superati anche dall\u2019Italia. A venire in aiuto agli analisti sono, ancora una volta, i dati. I livelli di crescita dei Paesi dell\u2019area UE che condividono le medesime difficolt\u00e0 sono molto positivi. L\u2019Italia, quindi, per non rimanere relegata nelle ultime posizioni della classifica non deve fare altro che individuare un nuovo slancio propositivo al fine di intraprendere con coraggio un percorso di crescita concreto e veloce.<\/p>\n","protected":false},"excerpt":{"rendered":"<p>In linea generale, l\u2019economia mondiale sta facendo i conti con una fase di lenta crescita che, per\u00f2, non sembra essere omogenea. Dall\u2019Eurozona, per\u00f2, arrivano segnali decisamente positivi e anche l\u2019Italia ha dato qualche segnale interessante anche se ancora non sufficiente. Crisi economica: la crescita lenta dell\u2019Italia Stando agli ultimi dati diffusi, l\u2019Italia sembra avere intrapreso la strada giusta per riuscire ad uscire dalla crisi. Nell\u2019ultimo anno, ad esempio, ha acquisito<\/p>\n<p><a class=\"continue-reading\" href=\"https:\/\/www.article-marketing.eu\/comunicatistampa\/crescita-ancora-bassa-litalia\/\">Continue reading&#8230;<\/a><\/p>\n","protected":false},"author":202,"featured_media":0,"comment_status":"open","ping_status":"open","sticky":false,"template":"","format":"standard","meta":{"_monsterinsights_skip_tracking":false,"_monsterinsights_sitenote_active":false,"_monsterinsights_sitenote_note":"","_monsterinsights_sitenote_category":0,"footnotes":""},"categories":[386],"tags":[],"class_list":["post-6603","post","type-post","status-publish","format-standard","hentry","category-economia-e-lavoro"],"yoast_head":"<!-- This site is optimized with the Yoast SEO plugin v27.3 - https:\/\/yoast.com\/product\/yoast-seo-wordpress\/ -->\n<title>Crescita ancora troppo bassa per l\u2019Italia - Article Marketing<\/title>\n<meta name=\"robots\" content=\"index, follow, max-snippet:-1, max-image-preview:large, max-video-preview:-1\" \/>\n<link rel=\"canonical\" href=\"https:\/\/www.article-marketing.eu\/comunicatistampa\/crescita-ancora-bassa-litalia\/\" \/>\n<meta property=\"og:locale\" content=\"it_IT\" \/>\n<meta property=\"og:type\" content=\"article\" \/>\n<meta property=\"og:title\" content=\"Crescita ancora troppo bassa per l\u2019Italia - Article Marketing\" \/>\n<meta property=\"og:description\" content=\"In linea generale, l\u2019economia mondiale sta facendo i conti con una fase di lenta crescita che, per\u00f2, non sembra essere omogenea. Dall\u2019Eurozona, per\u00f2, arrivano segnali decisamente positivi e anche l\u2019Italia ha dato qualche segnale interessante anche se ancora non sufficiente. Crisi economica: la crescita lenta dell\u2019Italia Stando agli ultimi dati diffusi, l\u2019Italia sembra avere intrapreso la strada giusta per riuscire ad uscire dalla crisi. Nell\u2019ultimo anno, ad esempio, ha acquisitoContinue reading...\" \/>\n<meta property=\"og:url\" content=\"https:\/\/www.article-marketing.eu\/comunicatistampa\/crescita-ancora-bassa-litalia\/\" \/>\n<meta property=\"og:site_name\" content=\"Article Marketing\" \/>\n<meta property=\"article:published_time\" content=\"2017-10-30T22:28:49+00:00\" \/>\n<meta name=\"author\" content=\"merellir\" \/>\n<meta name=\"twitter:card\" content=\"summary_large_image\" \/>\n<meta name=\"twitter:label1\" content=\"Scritto da\" \/>\n\t<meta name=\"twitter:data1\" content=\"merellir\" \/>\n\t<meta name=\"twitter:label2\" content=\"Tempo di lettura stimato\" \/>\n\t<meta name=\"twitter:data2\" content=\"2 minuti\" \/>\n<script type=\"application\/ld+json\" class=\"yoast-schema-graph\">{\"@context\":\"https:\\\/\\\/schema.org\",\"@graph\":[{\"@type\":\"Article\",\"@id\":\"https:\\\/\\\/www.article-marketing.eu\\\/comunicatistampa\\\/crescita-ancora-bassa-litalia\\\/#article\",\"isPartOf\":{\"@id\":\"https:\\\/\\\/www.article-marketing.eu\\\/comunicatistampa\\\/crescita-ancora-bassa-litalia\\\/\"},\"author\":{\"name\":\"merellir\",\"@id\":\"https:\\\/\\\/www.article-marketing.eu\\\/comunicatistampa\\\/#\\\/schema\\\/person\\\/ad93a86d6a7760d56d31da897a21ec7b\"},\"headline\":\"Crescita ancora troppo bassa per l\u2019Italia\",\"datePublished\":\"2017-10-30T22:28:49+00:00\",\"mainEntityOfPage\":{\"@id\":\"https:\\\/\\\/www.article-marketing.eu\\\/comunicatistampa\\\/crescita-ancora-bassa-litalia\\\/\"},\"wordCount\":423,\"commentCount\":0,\"articleSection\":[\"Economia e lavoro\"],\"inLanguage\":\"it-IT\",\"potentialAction\":[{\"@type\":\"CommentAction\",\"name\":\"Comment\",\"target\":[\"https:\\\/\\\/www.article-marketing.eu\\\/comunicatistampa\\\/crescita-ancora-bassa-litalia\\\/#respond\"]}]},{\"@type\":\"WebPage\",\"@id\":\"https:\\\/\\\/www.article-marketing.eu\\\/comunicatistampa\\\/crescita-ancora-bassa-litalia\\\/\",\"url\":\"https:\\\/\\\/www.article-marketing.eu\\\/comunicatistampa\\\/crescita-ancora-bassa-litalia\\\/\",\"name\":\"Crescita ancora troppo bassa per l\u2019Italia - Article Marketing\",\"isPartOf\":{\"@id\":\"https:\\\/\\\/www.article-marketing.eu\\\/comunicatistampa\\\/#website\"},\"datePublished\":\"2017-10-30T22:28:49+00:00\",\"author\":{\"@id\":\"https:\\\/\\\/www.article-marketing.eu\\\/comunicatistampa\\\/#\\\/schema\\\/person\\\/ad93a86d6a7760d56d31da897a21ec7b\"},\"breadcrumb\":{\"@id\":\"https:\\\/\\\/www.article-marketing.eu\\\/comunicatistampa\\\/crescita-ancora-bassa-litalia\\\/#breadcrumb\"},\"inLanguage\":\"it-IT\",\"potentialAction\":[{\"@type\":\"ReadAction\",\"target\":[\"https:\\\/\\\/www.article-marketing.eu\\\/comunicatistampa\\\/crescita-ancora-bassa-litalia\\\/\"]}]},{\"@type\":\"BreadcrumbList\",\"@id\":\"https:\\\/\\\/www.article-marketing.eu\\\/comunicatistampa\\\/crescita-ancora-bassa-litalia\\\/#breadcrumb\",\"itemListElement\":[{\"@type\":\"ListItem\",\"position\":1,\"name\":\"Home\",\"item\":\"https:\\\/\\\/www.article-marketing.eu\\\/comunicatistampa\\\/\"},{\"@type\":\"ListItem\",\"position\":2,\"name\":\"Crescita ancora troppo bassa per l\u2019Italia\"}]},{\"@type\":\"WebSite\",\"@id\":\"https:\\\/\\\/www.article-marketing.eu\\\/comunicatistampa\\\/#website\",\"url\":\"https:\\\/\\\/www.article-marketing.eu\\\/comunicatistampa\\\/\",\"name\":\"Article Marketing\",\"description\":\"article marketing &amp; press release\",\"potentialAction\":[{\"@type\":\"SearchAction\",\"target\":{\"@type\":\"EntryPoint\",\"urlTemplate\":\"https:\\\/\\\/www.article-marketing.eu\\\/comunicatistampa\\\/?s={search_term_string}\"},\"query-input\":{\"@type\":\"PropertyValueSpecification\",\"valueRequired\":true,\"valueName\":\"search_term_string\"}}],\"inLanguage\":\"it-IT\"},{\"@type\":\"Person\",\"@id\":\"https:\\\/\\\/www.article-marketing.eu\\\/comunicatistampa\\\/#\\\/schema\\\/person\\\/ad93a86d6a7760d56d31da897a21ec7b\",\"name\":\"merellir\",\"image\":{\"@type\":\"ImageObject\",\"inLanguage\":\"it-IT\",\"@id\":\"https:\\\/\\\/secure.gravatar.com\\\/avatar\\\/1d3d79c36dbe87999cf3070b87dac773df5f04b18fa0d478fd9dcf849b3616a1?s=96&d=mm&r=g\",\"url\":\"https:\\\/\\\/secure.gravatar.com\\\/avatar\\\/1d3d79c36dbe87999cf3070b87dac773df5f04b18fa0d478fd9dcf849b3616a1?s=96&d=mm&r=g\",\"contentUrl\":\"https:\\\/\\\/secure.gravatar.com\\\/avatar\\\/1d3d79c36dbe87999cf3070b87dac773df5f04b18fa0d478fd9dcf849b3616a1?s=96&d=mm&r=g\",\"caption\":\"merellir\"},\"url\":\"https:\\\/\\\/www.article-marketing.eu\\\/comunicatistampa\\\/author\\\/merellir\\\/\"}]}<\/script>\n<!-- \/ Yoast SEO plugin. -->","yoast_head_json":{"title":"Crescita ancora troppo bassa per l\u2019Italia - Article Marketing","robots":{"index":"index","follow":"follow","max-snippet":"max-snippet:-1","max-image-preview":"max-image-preview:large","max-video-preview":"max-video-preview:-1"},"canonical":"https:\/\/www.article-marketing.eu\/comunicatistampa\/crescita-ancora-bassa-litalia\/","og_locale":"it_IT","og_type":"article","og_title":"Crescita ancora troppo bassa per l\u2019Italia - Article Marketing","og_description":"In linea generale, l\u2019economia mondiale sta facendo i conti con una fase di lenta crescita che, per\u00f2, non sembra essere omogenea. Dall\u2019Eurozona, per\u00f2, arrivano segnali decisamente positivi e anche l\u2019Italia ha dato qualche segnale interessante anche se ancora non sufficiente. Crisi economica: la crescita lenta dell\u2019Italia Stando agli ultimi dati diffusi, l\u2019Italia sembra avere intrapreso la strada giusta per riuscire ad uscire dalla crisi. Nell\u2019ultimo anno, ad esempio, ha acquisitoContinue reading...","og_url":"https:\/\/www.article-marketing.eu\/comunicatistampa\/crescita-ancora-bassa-litalia\/","og_site_name":"Article Marketing","article_published_time":"2017-10-30T22:28:49+00:00","author":"merellir","twitter_card":"summary_large_image","twitter_misc":{"Scritto da":"merellir","Tempo di lettura stimato":"2 minuti"},"schema":{"@context":"https:\/\/schema.org","@graph":[{"@type":"Article","@id":"https:\/\/www.article-marketing.eu\/comunicatistampa\/crescita-ancora-bassa-litalia\/#article","isPartOf":{"@id":"https:\/\/www.article-marketing.eu\/comunicatistampa\/crescita-ancora-bassa-litalia\/"},"author":{"name":"merellir","@id":"https:\/\/www.article-marketing.eu\/comunicatistampa\/#\/schema\/person\/ad93a86d6a7760d56d31da897a21ec7b"},"headline":"Crescita ancora troppo bassa per l\u2019Italia","datePublished":"2017-10-30T22:28:49+00:00","mainEntityOfPage":{"@id":"https:\/\/www.article-marketing.eu\/comunicatistampa\/crescita-ancora-bassa-litalia\/"},"wordCount":423,"commentCount":0,"articleSection":["Economia e lavoro"],"inLanguage":"it-IT","potentialAction":[{"@type":"CommentAction","name":"Comment","target":["https:\/\/www.article-marketing.eu\/comunicatistampa\/crescita-ancora-bassa-litalia\/#respond"]}]},{"@type":"WebPage","@id":"https:\/\/www.article-marketing.eu\/comunicatistampa\/crescita-ancora-bassa-litalia\/","url":"https:\/\/www.article-marketing.eu\/comunicatistampa\/crescita-ancora-bassa-litalia\/","name":"Crescita ancora troppo bassa per l\u2019Italia - Article Marketing","isPartOf":{"@id":"https:\/\/www.article-marketing.eu\/comunicatistampa\/#website"},"datePublished":"2017-10-30T22:28:49+00:00","author":{"@id":"https:\/\/www.article-marketing.eu\/comunicatistampa\/#\/schema\/person\/ad93a86d6a7760d56d31da897a21ec7b"},"breadcrumb":{"@id":"https:\/\/www.article-marketing.eu\/comunicatistampa\/crescita-ancora-bassa-litalia\/#breadcrumb"},"inLanguage":"it-IT","potentialAction":[{"@type":"ReadAction","target":["https:\/\/www.article-marketing.eu\/comunicatistampa\/crescita-ancora-bassa-litalia\/"]}]},{"@type":"BreadcrumbList","@id":"https:\/\/www.article-marketing.eu\/comunicatistampa\/crescita-ancora-bassa-litalia\/#breadcrumb","itemListElement":[{"@type":"ListItem","position":1,"name":"Home","item":"https:\/\/www.article-marketing.eu\/comunicatistampa\/"},{"@type":"ListItem","position":2,"name":"Crescita ancora troppo bassa per l\u2019Italia"}]},{"@type":"WebSite","@id":"https:\/\/www.article-marketing.eu\/comunicatistampa\/#website","url":"https:\/\/www.article-marketing.eu\/comunicatistampa\/","name":"Article Marketing","description":"article marketing &amp; press release","potentialAction":[{"@type":"SearchAction","target":{"@type":"EntryPoint","urlTemplate":"https:\/\/www.article-marketing.eu\/comunicatistampa\/?s={search_term_string}"},"query-input":{"@type":"PropertyValueSpecification","valueRequired":true,"valueName":"search_term_string"}}],"inLanguage":"it-IT"},{"@type":"Person","@id":"https:\/\/www.article-marketing.eu\/comunicatistampa\/#\/schema\/person\/ad93a86d6a7760d56d31da897a21ec7b","name":"merellir","image":{"@type":"ImageObject","inLanguage":"it-IT","@id":"https:\/\/secure.gravatar.com\/avatar\/1d3d79c36dbe87999cf3070b87dac773df5f04b18fa0d478fd9dcf849b3616a1?s=96&d=mm&r=g","url":"https:\/\/secure.gravatar.com\/avatar\/1d3d79c36dbe87999cf3070b87dac773df5f04b18fa0d478fd9dcf849b3616a1?s=96&d=mm&r=g","contentUrl":"https:\/\/secure.gravatar.com\/avatar\/1d3d79c36dbe87999cf3070b87dac773df5f04b18fa0d478fd9dcf849b3616a1?s=96&d=mm&r=g","caption":"merellir"},"url":"https:\/\/www.article-marketing.eu\/comunicatistampa\/author\/merellir\/"}]}},"_links":{"self":[{"href":"https:\/\/www.article-marketing.eu\/comunicatistampa\/wp-json\/wp\/v2\/posts\/6603","targetHints":{"allow":["GET"]}}],"collection":[{"href":"https:\/\/www.article-marketing.eu\/comunicatistampa\/wp-json\/wp\/v2\/posts"}],"about":[{"href":"https:\/\/www.article-marketing.eu\/comunicatistampa\/wp-json\/wp\/v2\/types\/post"}],"author":[{"embeddable":true,"href":"https:\/\/www.article-marketing.eu\/comunicatistampa\/wp-json\/wp\/v2\/users\/202"}],"replies":[{"embeddable":true,"href":"https:\/\/www.article-marketing.eu\/comunicatistampa\/wp-json\/wp\/v2\/comments?post=6603"}],"version-history":[{"count":3,"href":"https:\/\/www.article-marketing.eu\/comunicatistampa\/wp-json\/wp\/v2\/posts\/6603\/revisions"}],"predecessor-version":[{"id":6624,"href":"https:\/\/www.article-marketing.eu\/comunicatistampa\/wp-json\/wp\/v2\/posts\/6603\/revisions\/6624"}],"wp:attachment":[{"href":"https:\/\/www.article-marketing.eu\/comunicatistampa\/wp-json\/wp\/v2\/media?parent=6603"}],"wp:term":[{"taxonomy":"category","embeddable":true,"href":"https:\/\/www.article-marketing.eu\/comunicatistampa\/wp-json\/wp\/v2\/categories?post=6603"},{"taxonomy":"post_tag","embeddable":true,"href":"https:\/\/www.article-marketing.eu\/comunicatistampa\/wp-json\/wp\/v2\/tags?post=6603"}],"curies":[{"name":"wp","href":"https:\/\/api.w.org\/{rel}","templated":true}]}}