{"id":685,"date":"2017-02-28T04:47:38","date_gmt":"2017-02-28T03:47:38","guid":{"rendered":"http:\/\/www.article-marketing.eu\/comunicatistampa\/?p=685"},"modified":"2017-02-28T04:47:38","modified_gmt":"2017-02-28T03:47:38","slug":"mindfulness-ad-albano-un-corso-per-coltivare-la-consapevolezza-di-se","status":"publish","type":"post","link":"https:\/\/www.article-marketing.eu\/comunicatistampa\/mindfulness-ad-albano-un-corso-per-coltivare-la-consapevolezza-di-se\/","title":{"rendered":"Mindfulness, ad Albano un corso per coltivare la consapevolezza di s\u00e9"},"content":{"rendered":"<h2>Mindfulness, ad Albano un corso per coltivare la consapevolezza di s\u00e9<\/h2>\n<h3>Da sabato 4 marzo, otto incontri con frequenza quindicinale<\/h3>\n<p><span style=\"color: #000000\"><span style=\"font-family: Garamond, serif\"><span style=\"font-size: medium\">Aperte le iscrizioni per il <b>corso sulla Mindfulness<\/b>, una pratica che trova origine nelle tradizioni meditative orientali e che consente di coltivare consapevolezza, attenzione, empatia e abilit\u00e0 legate allo sviluppo dell&#8217;intelligenza emotiva. Pi\u00f9 che un corso, quello proposto dal <b>Centro Studi Genzano<\/b>, sede di Albano, sar\u00e0 quindi un percorso che ci permetter\u00e0 di entrare in relazione con le sensazioni fisiche ed emotive e con i pensieri nel momento stesso in cui si manifestano per arrivare a una maggiore tranquillit\u00e0 nella nostra quotidianit\u00e0 e nei contesti in cui viviamo: famiglia, lavoro e relazioni interpersonali. <\/span><\/span><\/span><\/p>\n<p align=\"LEFT\"><span style=\"color: #000000\">\u201c<span style=\"font-family: Garamond, serif\"><span style=\"font-size: medium\"><b>La pratica meditativa<\/b> \u2013 scrive Giovanni Pomati, che sar\u00e0 il conduttore di questo percorso \u2013 non \u00e8 uno sforzarsi a non pensare: al contrario, <b>\u00e8 portare l&#8217;attenzione al semplice respirare<\/b>, lasciando in secondo piano i pensieri, <b>creando cos\u00ec una distanza fra noi che osserviamo e i pensieri stessi<\/b>, come se questi fossero un evento o oggetti a cui assistere senza intervenire; n\u00e9 bene, n\u00e9 male semplicemente pensieri, a cui siamo presenti e consapevoli. La pratica di Mindfulness \u00e8 <b>un luogo fertile da cui, con il cuore calmo e aperto, nascono idee e arrivano inspirazioni e scelte dettate dal corpo e dall&#8217;istinto intenzionale<\/b> pi\u00f9 che dai flussi di pensieri\u201d.<\/span><\/span><\/span><\/p>\n<p align=\"LEFT\"><span style=\"color: #000000\"><span style=\"font-family: Garamond, serif\"><span style=\"font-size: medium\"><b>Vi aspettiamo sabato 4 marzo dalle 11:00 alle 12:30 nella sede di via Sannibale 1\/3 ad Albano Laziale<\/b>, per il primo degli otto incontri previsti che sar\u00e0 gratuito per chi non ha assistito al seminario di presentazione. <\/span><\/span><\/span><\/p>\n<p align=\"LEFT\"><span style=\"color: #000000\"><span style=\"font-family: Garamond, serif\"><span style=\"font-size: medium\"><b>STRUTTURA CORSO<\/b><\/span><\/span><\/span><\/p>\n<p align=\"LEFT\"><span style=\"color: #000000\"><span style=\"font-family: Garamond, serif\"><span style=\"font-size: medium\"><b>Quando:<\/b> 4\/03, 18\/03, 1\/04, 29\/04, 13\/05, 27\/05, 10\/06, 24\/06<\/span><\/span><\/span><\/p>\n<p align=\"LEFT\"><span style=\"color: #000000\"><span style=\"font-family: Garamond, serif\"><span style=\"font-size: medium\"><b>Dove:<\/b> Centro Studi Genzano, Piazza Sannibale 1\/3, Albano Laziale<\/span><\/span><\/span><\/p>\n<p align=\"LEFT\"><span style=\"color: #000000\"><span style=\"font-family: Garamond, serif\"><span style=\"font-size: medium\"><b>Chi:<\/b> da un minimo di 6 ad un massimo di 12 partecipanti<\/span><\/span><\/span><\/p>\n<p align=\"LEFT\"><span style=\"color: #000000\"><span style=\"font-family: Garamond, serif\"><span style=\"font-size: medium\"><b>Costo:<\/b> 225\u20ac (comprensivo di quota associativa)<\/span><\/span><\/span><\/p>\n<p align=\"LEFT\"><span style=\"color: #000000\"><span style=\"font-family: Garamond, serif\"><span style=\"font-size: medium\"><b>Info e iscrizioni:<\/b> 06 92099154, segreteria Centro Studi Genzano<\/span><\/span><\/span><\/p>\n<p align=\"LEFT\"><span style=\"color: #000000\"><span style=\"font-family: Garamond, serif\"><span style=\"font-size: medium\"><b>PROGRAMMA<\/b><\/span><\/span><\/span><\/p>\n<p align=\"LEFT\"><span style=\"color: #000000\"><span style=\"font-family: Garamond, serif\"><span style=\"font-size: medium\">&#8211; Tecniche di Mindfulness, sviluppare l&#8217;attenzione e la meta-attenzione, portare la mente in uno stato di calma, dove respiro e cuore rallentano portando chiarezza, creativit\u00e0 e capacit\u00e0 di ascolto<\/span><\/span><\/span><\/p>\n<p align=\"LEFT\"><span style=\"color: #000000\"><span style=\"font-family: Garamond, serif\"><span style=\"font-size: medium\">&#8211; Consapevolezza di s\u00e9 fondamentale per la padronanza di s\u00e8 (Neocorteccia), per l&#8217;empatia e per le proprie motivazioni, conoscenza dei propri stati interiori, preferenze, risorse e intuizioni<\/span><\/span><\/span><\/p>\n<p align=\"LEFT\"><span style=\"color: #000000\"><span style=\"font-family: Garamond, serif\"><span style=\"font-size: medium\">&#8211; Lavori in gruppo sul potenziare la qualit\u00e0 dell&#8217;ascolto profondo, feedback come strumento di<\/span><\/span><\/span><\/p>\n<p align=\"LEFT\"><span style=\"color: #000000\"><span style=\"font-family: Garamond, serif\"><span style=\"font-size: medium\">cambiamento e miglioramento delle proprie capacit\u00e0 di percezione<\/span><\/span><\/span><\/p>\n<p align=\"LEFT\"><span style=\"color: #000000\"><span style=\"font-family: Garamond, serif\"><span style=\"font-size: medium\"><b>Conduce: Giovanni Pomati<\/b><\/span><\/span><\/span><\/p>\n<p align=\"LEFT\"><span style=\"color: #000000\"><span style=\"font-family: Garamond, serif\"><span style=\"font-size: medium\">Operatore Craniosacrale in Biodinamica con orientamento alla Mindfulness, qualificato, iscritto all\u2019albo professionale A.CS.I, Operatore specializzato in Massoterapia.<\/span><\/span><\/span><\/p>\n<p align=\"LEFT\"><span style=\"color: #000000\"><span style=\"font-family: Garamond, serif\"><span style=\"font-size: medium\">Formatore somatico, focalizza il lavoro attraverso l&#8217;autenticit\u00e0 dei segnali e sintomi del corpo e dei messaggi che costantemente ci invia, nella capacit\u00e0 di entrare in contatto con le persone, i relativi corpi e la loro fisiologia, con presenza, e nel massimo rispetto di chi riceve le sessioni di cura.<\/span><\/span><\/span><\/p>\n<p align=\"LEFT\"><span style=\"color: #000000\"><span style=\"font-family: Garamond, serif\"><span style=\"font-size: medium\">Tutor presso la &#8220;Scuola Craniosacrale di Milano&#8221;.<\/span><\/span><\/span><\/p>\n<p align=\"LEFT\"><span style=\"color: #000000\"><span style=\"font-family: Garamond, serif\"><span style=\"font-size: medium\">Ha svolto percorsi di Anatomia Esperienziale con Piera Teatini e seminari di \u201cSilenzio e Risorsa nella biodinamica\u201d e \u201cImprinting di nascita\u201d con D.D\u00e8granges, &#8220;La pancia &#8211; Movimento ed emozione&#8221; con K. Ukleya, &#8220;La gestione dei gruppi attraverso la Mindfulness&#8221; con Massimo Gusmano.<\/span><\/span><\/span><\/p>\n<p align=\"LEFT\"><span style=\"color: #000000\"><span style=\"font-family: Garamond, serif\"><span style=\"font-size: medium\">Conduce gruppi di MindFulness e Formativi rivolti alla crescita personale presso Dhramika spazio Yoga Espressioni Corporee, Brescia<\/span><\/span><\/span><\/p>\n<p align=\"LEFT\"><span style=\"color: #000000\"><span style=\"font-family: Garamond, serif\"><span style=\"font-size: medium\">Formatore e consulente risorse umane presso &#8220;Naturalmente&#8221;, Azienda dedita alla formazione nell&#8217;estetica biologica ed etica.<\/span><\/span><\/span><\/p>\n","protected":false},"excerpt":{"rendered":"<p>Mindfulness, ad Albano un corso per coltivare la consapevolezza di s\u00e9 Da sabato 4 marzo, otto incontri con frequenza quindicinale Aperte le iscrizioni per il corso sulla Mindfulness, una pratica che trova origine nelle tradizioni meditative orientali e che consente di coltivare consapevolezza, attenzione, empatia e abilit\u00e0 legate allo sviluppo dell&#8217;intelligenza emotiva. Pi\u00f9 che un corso, quello proposto dal Centro Studi Genzano, sede di Albano, sar\u00e0 quindi un percorso che<\/p>\n<p><a class=\"continue-reading\" href=\"https:\/\/www.article-marketing.eu\/comunicatistampa\/mindfulness-ad-albano-un-corso-per-coltivare-la-consapevolezza-di-se\/\">Continue reading&#8230;<\/a><\/p>\n","protected":false},"author":45,"featured_media":0,"comment_status":"open","ping_status":"open","sticky":false,"template":"","format":"standard","meta":{"_monsterinsights_skip_tracking":false,"_monsterinsights_sitenote_active":false,"_monsterinsights_sitenote_note":"","_monsterinsights_sitenote_category":0,"footnotes":""},"categories":[379,369],"tags":[490,245,491,190,193,489,492,488,472],"class_list":["post-685","post","type-post","status-publish","format-standard","hentry","category-corsi","category-salute-e-benessere","tag-albano","tag-benessere","tag-castelli-romani","tag-comunicati-stampa","tag-formazione","tag-genzano","tag-meditazione","tag-mindfulness","tag-yoga"],"yoast_head":"<!-- This site is optimized with the Yoast SEO plugin v27.3 - https:\/\/yoast.com\/product\/yoast-seo-wordpress\/ -->\n<title>Mindfulness, ad Albano un corso per coltivare la consapevolezza di s\u00e9 - Article Marketing<\/title>\n<meta name=\"robots\" content=\"index, follow, max-snippet:-1, max-image-preview:large, max-video-preview:-1\" \/>\n<link rel=\"canonical\" href=\"https:\/\/www.article-marketing.eu\/comunicatistampa\/mindfulness-ad-albano-un-corso-per-coltivare-la-consapevolezza-di-se\/\" \/>\n<meta property=\"og:locale\" content=\"it_IT\" \/>\n<meta property=\"og:type\" content=\"article\" \/>\n<meta property=\"og:title\" content=\"Mindfulness, ad Albano un corso per coltivare la consapevolezza di s\u00e9 - Article Marketing\" \/>\n<meta property=\"og:description\" content=\"Mindfulness, ad Albano un corso per coltivare la consapevolezza di s\u00e9 Da sabato 4 marzo, otto incontri con frequenza quindicinale Aperte le iscrizioni per il corso sulla Mindfulness, una pratica che trova origine nelle tradizioni meditative orientali e che consente di coltivare consapevolezza, attenzione, empatia e abilit\u00e0 legate allo sviluppo dell&#8217;intelligenza emotiva. Pi\u00f9 che un corso, quello proposto dal Centro Studi Genzano, sede di Albano, sar\u00e0 quindi un percorso cheContinue reading...\" \/>\n<meta property=\"og:url\" content=\"https:\/\/www.article-marketing.eu\/comunicatistampa\/mindfulness-ad-albano-un-corso-per-coltivare-la-consapevolezza-di-se\/\" \/>\n<meta property=\"og:site_name\" content=\"Article Marketing\" \/>\n<meta property=\"article:published_time\" content=\"2017-02-28T03:47:38+00:00\" \/>\n<meta name=\"author\" content=\"Ilaria Proietti\" \/>\n<meta name=\"twitter:card\" content=\"summary_large_image\" \/>\n<meta name=\"twitter:label1\" content=\"Scritto da\" \/>\n\t<meta name=\"twitter:data1\" content=\"Ilaria Proietti\" \/>\n\t<meta name=\"twitter:label2\" content=\"Tempo di lettura stimato\" \/>\n\t<meta name=\"twitter:data2\" content=\"3 minuti\" \/>\n<script type=\"application\/ld+json\" class=\"yoast-schema-graph\">{\"@context\":\"https:\\\/\\\/schema.org\",\"@graph\":[{\"@type\":\"Article\",\"@id\":\"https:\\\/\\\/www.article-marketing.eu\\\/comunicatistampa\\\/mindfulness-ad-albano-un-corso-per-coltivare-la-consapevolezza-di-se\\\/#article\",\"isPartOf\":{\"@id\":\"https:\\\/\\\/www.article-marketing.eu\\\/comunicatistampa\\\/mindfulness-ad-albano-un-corso-per-coltivare-la-consapevolezza-di-se\\\/\"},\"author\":{\"name\":\"Ilaria Proietti\",\"@id\":\"https:\\\/\\\/www.article-marketing.eu\\\/comunicatistampa\\\/#\\\/schema\\\/person\\\/e782bbbce46261e82a3b4bbc6e52c72c\"},\"headline\":\"Mindfulness, ad Albano un corso per coltivare la consapevolezza di s\u00e9\",\"datePublished\":\"2017-02-28T03:47:38+00:00\",\"mainEntityOfPage\":{\"@id\":\"https:\\\/\\\/www.article-marketing.eu\\\/comunicatistampa\\\/mindfulness-ad-albano-un-corso-per-coltivare-la-consapevolezza-di-se\\\/\"},\"wordCount\":526,\"commentCount\":0,\"keywords\":[\"Albano\",\"benessere\",\"Castelli Romani\",\"comunicati stampa\",\"formazione\",\"Genzano\",\"Meditazione\",\"Mindfulness\",\"Yoga\"],\"articleSection\":[\"Corsi\",\"Salute e benessere\"],\"inLanguage\":\"it-IT\",\"potentialAction\":[{\"@type\":\"CommentAction\",\"name\":\"Comment\",\"target\":[\"https:\\\/\\\/www.article-marketing.eu\\\/comunicatistampa\\\/mindfulness-ad-albano-un-corso-per-coltivare-la-consapevolezza-di-se\\\/#respond\"]}]},{\"@type\":\"WebPage\",\"@id\":\"https:\\\/\\\/www.article-marketing.eu\\\/comunicatistampa\\\/mindfulness-ad-albano-un-corso-per-coltivare-la-consapevolezza-di-se\\\/\",\"url\":\"https:\\\/\\\/www.article-marketing.eu\\\/comunicatistampa\\\/mindfulness-ad-albano-un-corso-per-coltivare-la-consapevolezza-di-se\\\/\",\"name\":\"Mindfulness, ad Albano un corso per coltivare la consapevolezza di s\u00e9 - Article Marketing\",\"isPartOf\":{\"@id\":\"https:\\\/\\\/www.article-marketing.eu\\\/comunicatistampa\\\/#website\"},\"datePublished\":\"2017-02-28T03:47:38+00:00\",\"author\":{\"@id\":\"https:\\\/\\\/www.article-marketing.eu\\\/comunicatistampa\\\/#\\\/schema\\\/person\\\/e782bbbce46261e82a3b4bbc6e52c72c\"},\"breadcrumb\":{\"@id\":\"https:\\\/\\\/www.article-marketing.eu\\\/comunicatistampa\\\/mindfulness-ad-albano-un-corso-per-coltivare-la-consapevolezza-di-se\\\/#breadcrumb\"},\"inLanguage\":\"it-IT\",\"potentialAction\":[{\"@type\":\"ReadAction\",\"target\":[\"https:\\\/\\\/www.article-marketing.eu\\\/comunicatistampa\\\/mindfulness-ad-albano-un-corso-per-coltivare-la-consapevolezza-di-se\\\/\"]}]},{\"@type\":\"BreadcrumbList\",\"@id\":\"https:\\\/\\\/www.article-marketing.eu\\\/comunicatistampa\\\/mindfulness-ad-albano-un-corso-per-coltivare-la-consapevolezza-di-se\\\/#breadcrumb\",\"itemListElement\":[{\"@type\":\"ListItem\",\"position\":1,\"name\":\"Home\",\"item\":\"https:\\\/\\\/www.article-marketing.eu\\\/comunicatistampa\\\/\"},{\"@type\":\"ListItem\",\"position\":2,\"name\":\"Mindfulness, ad Albano un corso per coltivare la consapevolezza di s\u00e9\"}]},{\"@type\":\"WebSite\",\"@id\":\"https:\\\/\\\/www.article-marketing.eu\\\/comunicatistampa\\\/#website\",\"url\":\"https:\\\/\\\/www.article-marketing.eu\\\/comunicatistampa\\\/\",\"name\":\"Article Marketing\",\"description\":\"article marketing &amp; press release\",\"potentialAction\":[{\"@type\":\"SearchAction\",\"target\":{\"@type\":\"EntryPoint\",\"urlTemplate\":\"https:\\\/\\\/www.article-marketing.eu\\\/comunicatistampa\\\/?s={search_term_string}\"},\"query-input\":{\"@type\":\"PropertyValueSpecification\",\"valueRequired\":true,\"valueName\":\"search_term_string\"}}],\"inLanguage\":\"it-IT\"},{\"@type\":\"Person\",\"@id\":\"https:\\\/\\\/www.article-marketing.eu\\\/comunicatistampa\\\/#\\\/schema\\\/person\\\/e782bbbce46261e82a3b4bbc6e52c72c\",\"name\":\"Ilaria Proietti\",\"image\":{\"@type\":\"ImageObject\",\"inLanguage\":\"it-IT\",\"@id\":\"https:\\\/\\\/secure.gravatar.com\\\/avatar\\\/eeb066544242ace25106d093172a7fbc132a14bba4ae2b989b5c455d13f58ddc?s=96&d=mm&r=g\",\"url\":\"https:\\\/\\\/secure.gravatar.com\\\/avatar\\\/eeb066544242ace25106d093172a7fbc132a14bba4ae2b989b5c455d13f58ddc?s=96&d=mm&r=g\",\"contentUrl\":\"https:\\\/\\\/secure.gravatar.com\\\/avatar\\\/eeb066544242ace25106d093172a7fbc132a14bba4ae2b989b5c455d13f58ddc?s=96&d=mm&r=g\",\"caption\":\"Ilaria Proietti\"},\"url\":\"https:\\\/\\\/www.article-marketing.eu\\\/comunicatistampa\\\/author\\\/ilaria-proietti\\\/\"}]}<\/script>\n<!-- \/ Yoast SEO plugin. -->","yoast_head_json":{"title":"Mindfulness, ad Albano un corso per coltivare la consapevolezza di s\u00e9 - Article Marketing","robots":{"index":"index","follow":"follow","max-snippet":"max-snippet:-1","max-image-preview":"max-image-preview:large","max-video-preview":"max-video-preview:-1"},"canonical":"https:\/\/www.article-marketing.eu\/comunicatistampa\/mindfulness-ad-albano-un-corso-per-coltivare-la-consapevolezza-di-se\/","og_locale":"it_IT","og_type":"article","og_title":"Mindfulness, ad Albano un corso per coltivare la consapevolezza di s\u00e9 - Article Marketing","og_description":"Mindfulness, ad Albano un corso per coltivare la consapevolezza di s\u00e9 Da sabato 4 marzo, otto incontri con frequenza quindicinale Aperte le iscrizioni per il corso sulla Mindfulness, una pratica che trova origine nelle tradizioni meditative orientali e che consente di coltivare consapevolezza, attenzione, empatia e abilit\u00e0 legate allo sviluppo dell&#8217;intelligenza emotiva. Pi\u00f9 che un corso, quello proposto dal Centro Studi Genzano, sede di Albano, sar\u00e0 quindi un percorso cheContinue reading...","og_url":"https:\/\/www.article-marketing.eu\/comunicatistampa\/mindfulness-ad-albano-un-corso-per-coltivare-la-consapevolezza-di-se\/","og_site_name":"Article Marketing","article_published_time":"2017-02-28T03:47:38+00:00","author":"Ilaria Proietti","twitter_card":"summary_large_image","twitter_misc":{"Scritto da":"Ilaria Proietti","Tempo di lettura stimato":"3 minuti"},"schema":{"@context":"https:\/\/schema.org","@graph":[{"@type":"Article","@id":"https:\/\/www.article-marketing.eu\/comunicatistampa\/mindfulness-ad-albano-un-corso-per-coltivare-la-consapevolezza-di-se\/#article","isPartOf":{"@id":"https:\/\/www.article-marketing.eu\/comunicatistampa\/mindfulness-ad-albano-un-corso-per-coltivare-la-consapevolezza-di-se\/"},"author":{"name":"Ilaria Proietti","@id":"https:\/\/www.article-marketing.eu\/comunicatistampa\/#\/schema\/person\/e782bbbce46261e82a3b4bbc6e52c72c"},"headline":"Mindfulness, ad Albano un corso per coltivare la consapevolezza di s\u00e9","datePublished":"2017-02-28T03:47:38+00:00","mainEntityOfPage":{"@id":"https:\/\/www.article-marketing.eu\/comunicatistampa\/mindfulness-ad-albano-un-corso-per-coltivare-la-consapevolezza-di-se\/"},"wordCount":526,"commentCount":0,"keywords":["Albano","benessere","Castelli Romani","comunicati stampa","formazione","Genzano","Meditazione","Mindfulness","Yoga"],"articleSection":["Corsi","Salute e benessere"],"inLanguage":"it-IT","potentialAction":[{"@type":"CommentAction","name":"Comment","target":["https:\/\/www.article-marketing.eu\/comunicatistampa\/mindfulness-ad-albano-un-corso-per-coltivare-la-consapevolezza-di-se\/#respond"]}]},{"@type":"WebPage","@id":"https:\/\/www.article-marketing.eu\/comunicatistampa\/mindfulness-ad-albano-un-corso-per-coltivare-la-consapevolezza-di-se\/","url":"https:\/\/www.article-marketing.eu\/comunicatistampa\/mindfulness-ad-albano-un-corso-per-coltivare-la-consapevolezza-di-se\/","name":"Mindfulness, ad Albano un corso per coltivare la consapevolezza di s\u00e9 - Article Marketing","isPartOf":{"@id":"https:\/\/www.article-marketing.eu\/comunicatistampa\/#website"},"datePublished":"2017-02-28T03:47:38+00:00","author":{"@id":"https:\/\/www.article-marketing.eu\/comunicatistampa\/#\/schema\/person\/e782bbbce46261e82a3b4bbc6e52c72c"},"breadcrumb":{"@id":"https:\/\/www.article-marketing.eu\/comunicatistampa\/mindfulness-ad-albano-un-corso-per-coltivare-la-consapevolezza-di-se\/#breadcrumb"},"inLanguage":"it-IT","potentialAction":[{"@type":"ReadAction","target":["https:\/\/www.article-marketing.eu\/comunicatistampa\/mindfulness-ad-albano-un-corso-per-coltivare-la-consapevolezza-di-se\/"]}]},{"@type":"BreadcrumbList","@id":"https:\/\/www.article-marketing.eu\/comunicatistampa\/mindfulness-ad-albano-un-corso-per-coltivare-la-consapevolezza-di-se\/#breadcrumb","itemListElement":[{"@type":"ListItem","position":1,"name":"Home","item":"https:\/\/www.article-marketing.eu\/comunicatistampa\/"},{"@type":"ListItem","position":2,"name":"Mindfulness, ad Albano un corso per coltivare la consapevolezza di s\u00e9"}]},{"@type":"WebSite","@id":"https:\/\/www.article-marketing.eu\/comunicatistampa\/#website","url":"https:\/\/www.article-marketing.eu\/comunicatistampa\/","name":"Article Marketing","description":"article marketing &amp; press release","potentialAction":[{"@type":"SearchAction","target":{"@type":"EntryPoint","urlTemplate":"https:\/\/www.article-marketing.eu\/comunicatistampa\/?s={search_term_string}"},"query-input":{"@type":"PropertyValueSpecification","valueRequired":true,"valueName":"search_term_string"}}],"inLanguage":"it-IT"},{"@type":"Person","@id":"https:\/\/www.article-marketing.eu\/comunicatistampa\/#\/schema\/person\/e782bbbce46261e82a3b4bbc6e52c72c","name":"Ilaria Proietti","image":{"@type":"ImageObject","inLanguage":"it-IT","@id":"https:\/\/secure.gravatar.com\/avatar\/eeb066544242ace25106d093172a7fbc132a14bba4ae2b989b5c455d13f58ddc?s=96&d=mm&r=g","url":"https:\/\/secure.gravatar.com\/avatar\/eeb066544242ace25106d093172a7fbc132a14bba4ae2b989b5c455d13f58ddc?s=96&d=mm&r=g","contentUrl":"https:\/\/secure.gravatar.com\/avatar\/eeb066544242ace25106d093172a7fbc132a14bba4ae2b989b5c455d13f58ddc?s=96&d=mm&r=g","caption":"Ilaria Proietti"},"url":"https:\/\/www.article-marketing.eu\/comunicatistampa\/author\/ilaria-proietti\/"}]}},"_links":{"self":[{"href":"https:\/\/www.article-marketing.eu\/comunicatistampa\/wp-json\/wp\/v2\/posts\/685","targetHints":{"allow":["GET"]}}],"collection":[{"href":"https:\/\/www.article-marketing.eu\/comunicatistampa\/wp-json\/wp\/v2\/posts"}],"about":[{"href":"https:\/\/www.article-marketing.eu\/comunicatistampa\/wp-json\/wp\/v2\/types\/post"}],"author":[{"embeddable":true,"href":"https:\/\/www.article-marketing.eu\/comunicatistampa\/wp-json\/wp\/v2\/users\/45"}],"replies":[{"embeddable":true,"href":"https:\/\/www.article-marketing.eu\/comunicatistampa\/wp-json\/wp\/v2\/comments?post=685"}],"version-history":[{"count":2,"href":"https:\/\/www.article-marketing.eu\/comunicatistampa\/wp-json\/wp\/v2\/posts\/685\/revisions"}],"predecessor-version":[{"id":710,"href":"https:\/\/www.article-marketing.eu\/comunicatistampa\/wp-json\/wp\/v2\/posts\/685\/revisions\/710"}],"wp:attachment":[{"href":"https:\/\/www.article-marketing.eu\/comunicatistampa\/wp-json\/wp\/v2\/media?parent=685"}],"wp:term":[{"taxonomy":"category","embeddable":true,"href":"https:\/\/www.article-marketing.eu\/comunicatistampa\/wp-json\/wp\/v2\/categories?post=685"},{"taxonomy":"post_tag","embeddable":true,"href":"https:\/\/www.article-marketing.eu\/comunicatistampa\/wp-json\/wp\/v2\/tags?post=685"}],"curies":[{"name":"wp","href":"https:\/\/api.w.org\/{rel}","templated":true}]}}