{"id":6865,"date":"2017-11-09T03:01:35","date_gmt":"2017-11-09T02:01:35","guid":{"rendered":"http:\/\/www.article-marketing.eu\/comunicatistampa\/?p=6865"},"modified":"2017-11-09T03:01:35","modified_gmt":"2017-11-09T02:01:35","slug":"consigli-la-scelta-degli-arredi-dellufficio","status":"publish","type":"post","link":"https:\/\/www.article-marketing.eu\/comunicatistampa\/consigli-la-scelta-degli-arredi-dellufficio\/","title":{"rendered":"Consigli per la scelta degli arredi dell\u2019ufficio"},"content":{"rendered":"<p>Un ambiente di lavoro deve avere un arredamento adeguato: funzionale e pratico, senza alcun dubbio, ma anche esteticamente gradevole ed accogliente. Un ufficio \u00e8 uno spazio condiviso da pi\u00f9 persone, e ognuno di loro deve potersi sentire a proprio agio: anche l&#8217;arredamento contribuisce a ci\u00f2.<\/p>\n<h2>Ci\u00f2 che non pu\u00f2 mancare<\/h2>\n<p>Un ufficio non pu\u00f2 essere carente di illuminazione: le luci difatti sono fondamentali per qualsiasi ambiente di lavoro. Se si ha la possibilit\u00e0 di sfruttare la luce naturale, ben vengano le finestre ampie, i lucernari o le pareti interamente di vetro: numerosi studi e svariate ricerche, infatti, dimostrano che i lavoratori sono positivamente stimolati dalla luce naturale e la produttivit\u00e0 aumenta. Nel caso in cui non fosse possibile avvalersi di essa ma si dovesse ricorrere a quella artificiale, sarebbe opportuno far in modo che la luce sia diffusa uniformemente e soprattutto sia modulabile in base alle diverse esigenze; non deve essere n\u00e9 tanto forte da abbagliare n\u00e9 troppo debole da affaticare gli occhi di chi lavora. \u00c8 bene scegliere lampadine a risparmio energetico che producano per\u00f2 una luce calda.<br \/>\nL&#8217;arredamento \u00e8 un passaggio chiave: quando si scelgono scrivanie, sedie, cassettiere, armadi e schedari bisogna pensare che le persone trascorrono in media otto ore \u2013 o anche di pi\u00f9 \u2013 sul posto di lavoro. Quindi l&#8217;arredamento deve essere s\u00ec funzionale ma al medesimo tempo accattivante e molto gradevole a vedersi: insomma, una strizzatina d&#8217;occhio alle proposte che il design per l&#8217;ufficio \u00e8 in grado di offrire non guasterebbe. Le scrivanie devono essere comode e devono invogliare all&#8217;uso; le sedie e le poltrone girevoli devono essere scelte tra quelle fatte in materiali ergonomici, al fine di evitare fastidi e dolori alla schiena ai lavoratori, oltre che posizioni posturali scorrette che alla lunga possono avere effetti dannosi.<\/p>\n<h2>Cose da evitare<\/h2>\n<p>Quando si allestisce un ufficio, non bisogna solo pensare all&#8217;arredamento in s\u00e9 e per s\u00e9 ma anche a ci\u00f2 che lo circonda: e quindi alla tinteggiatura delle pareti e alla loro decorazione.<br \/>\nSarebbe meglio evitare i colori troppo forti ed accesi perch\u00e9 recano disturbo; l&#8217;ideale \u00e8 l&#8217;intramontabile bianco, in tutte le sue declinazioni dal panna all&#8217;avorio, ma anche un morbido color crema \u00e8 assolutamente perfetto. Se si desidera un ufficio glamour e chic si pu\u00f2 optare per le tonalit\u00e0 fredde di tinte pastello come ad esempio il lilla, il verde acqua o il grigio azzurrino. Qualora l&#8217;ufficio non fosse solamente riservato al personale di un&#8217;azienda ma fosse anche aperto al pubblico, si potrebbe osare con piccole e sapientemente dosate note di colori forti come il rosso e l&#8217;arancione, che servono a dare carattere e personalit\u00e0 al luogo ma al contempo \u2013 se presenti in minima parte \u2013 non arrecano disturbo ai lavoratori. Appendere qualche quadro alle pareti va bene, ma senza esagerare: \u00e8 un posto di lavoro, non una galleria d&#8217;arte.<br \/>\nUffici troppo &#8220;pomposi&#8221; e con un arredamento opprimente, eccessivamente classico non generano un buon clima lavorativo, anzi soffocano chi vive quegli ambienti per otto o pi\u00f9 ore al giorno. Cercare soluzioni funzionali, essenziali e leggere \u00e8 una mossa vincente in ogni situazione e servir\u00e0 a creare un ambiente giovane e dinamico, in cui \u00e8 piacevole trascorrere gran parte della propria giornata.<br \/>\nAnche le luci sbagliate possono contribuire a rendere poco gradevole un ufficio: non solo devono essere della giusta intensit\u00e0, ma si dovrebbero evitare luci a colori freddi, come bianco o azzurrognolo, perch\u00e9 danno l&#8217;idea di un ambiente sterile, asettico ed ostile.<\/p>\n<h2>Come rendere l&#8217;ambiente pi\u00f9 gradevole<\/h2>\n<p>Area relax: una parola chiave se si vuole avere un ambiente lavorativo produttivo ed efficiente. Le aree relax sono assolutamente indispensabili, perch\u00e9 favoriscono l&#8217;aggregazione tra i lavoratori. \u00c8 scientificamente provato che qualche minuto di pausa ogni tanto fa bene, aiuta a ritrovare e mantenere alta la concentrazione e fa aumentare la produttivit\u00e0: s\u00ec alle macchinette per il caff\u00e8 e le bevande calde, ma s\u00ec anche a qualche abbellimento, come piccole piantine verdi o fiori in vaso. L&#8217;ambiente deve essere comodo e informale, per consentire qualche momento di svago in libert\u00e0 ai lavoratori.<\/p>\n<h2>L&#8217;ufficio ideale: qualche piccolo suggerimento<\/h2>\n<p>Ecco un esempio di <a href=\"http:\/\/arredareufficio.altervista.org\/\">ufficio arredato in maniera funzionale<\/a>, semplice ma assolutamente accattivante e alla moda.<br \/>\nLa scrivania deve essere il punto focale dell&#8217;attenzione; ampia s\u00ec ma non troppo e possibilmente in vetro. Se si preferisce in legno, bisognerebbe fare attenzione allo stile: niente arte povera e niente di antico, pomposo, ridondante. Il resto dell&#8217;arredamento deve rispecchiare lo stile della scrivania: \u00e8 lei la regina dell&#8217;ufficio, \u00e8 lei che &#8220;&#8221;detta legge&#8221;&#8221;.<br \/>\nNon possono mancare una cassettiera e una libreria, che dovrebbe avere sia scaffali a vista che antine con scaffali chiusi, magari utilizzabili per riporre documenti e materiale di vario genere.<br \/>\nSarebbe l&#8217;ideale abbinare una poltrona in pelle alla scrivania, piuttosto che una sedia: ma, anche qui, attenzione alla scelta. Niente di eccessivo, di trash o di monumentale: s\u00ec ad una poltrona ergonomica, snella e che sia magari in pelle nera, anche se un tocco di rosso potrebbe ravvivare l&#8217;ambiente e dare una bella sferzata visiva.<br \/>\nDa non dimenticare la lampada da tavolo sulla scrivania: sarebbe meglio che fosse in sintonia con il resto dell&#8217;arredo, ma se fosse anche un oggetto di design non guasterebbe \u2013 servirebbe a conferire modernit\u00e0 all&#8217;ambiente di lavoro. Per quel che riguarda il cestino per la carta straccia, i portapenne e tutto il necessario che non pu\u00f2 mancare su una scrivania, spazio alla fantasia ma senza dimenticare il buongusto: s\u00ec alle personalizzazioni un po&#8217; spiritose e magari irriverenti, ma niente che sia trash od offensivo \u2013 \u00e8 pur sempre un ambiente di lavoro frequentato da pi\u00f9 persone, ci\u00f2 non va dimenticato.<br \/>\nPer finire, un tocco di verde: magari una piccola pianta da ufficio sempreverde o una piantina grassa, che non richiedano troppe cure ma che rallegrino l&#8217;ambiente, daranno una nota personale in pi\u00f9 all&#8217;ufficio stesso.<\/p>\n","protected":false},"excerpt":{"rendered":"<p>Un ambiente di lavoro deve avere un arredamento adeguato: funzionale e pratico, senza alcun dubbio, ma anche esteticamente gradevole ed accogliente. Un ufficio \u00e8 uno spazio condiviso da pi\u00f9 persone, e ognuno di loro deve potersi sentire a proprio agio: anche l&#8217;arredamento contribuisce a ci\u00f2. Ci\u00f2 che non pu\u00f2 mancare Un ufficio non pu\u00f2 essere carente di illuminazione: le luci difatti sono fondamentali per qualsiasi ambiente di lavoro. Se si<\/p>\n<p><a class=\"continue-reading\" href=\"https:\/\/www.article-marketing.eu\/comunicatistampa\/consigli-la-scelta-degli-arredi-dellufficio\/\">Continue reading&#8230;<\/a><\/p>\n","protected":false},"author":202,"featured_media":0,"comment_status":"open","ping_status":"open","sticky":false,"template":"","format":"standard","meta":{"_monsterinsights_skip_tracking":false,"_monsterinsights_sitenote_active":false,"_monsterinsights_sitenote_note":"","_monsterinsights_sitenote_category":0,"footnotes":""},"categories":[354],"tags":[],"class_list":["post-6865","post","type-post","status-publish","format-standard","hentry","category-shopping"],"yoast_head":"<!-- This site is optimized with the Yoast SEO plugin v27.3 - https:\/\/yoast.com\/product\/yoast-seo-wordpress\/ -->\n<title>Consigli per la scelta degli arredi dell\u2019ufficio - Article Marketing<\/title>\n<meta name=\"robots\" content=\"index, follow, max-snippet:-1, max-image-preview:large, max-video-preview:-1\" \/>\n<link rel=\"canonical\" href=\"https:\/\/www.article-marketing.eu\/comunicatistampa\/consigli-la-scelta-degli-arredi-dellufficio\/\" \/>\n<meta property=\"og:locale\" content=\"it_IT\" \/>\n<meta property=\"og:type\" content=\"article\" \/>\n<meta property=\"og:title\" content=\"Consigli per la scelta degli arredi dell\u2019ufficio - Article Marketing\" \/>\n<meta property=\"og:description\" content=\"Un ambiente di lavoro deve avere un arredamento adeguato: funzionale e pratico, senza alcun dubbio, ma anche esteticamente gradevole ed accogliente. Un ufficio \u00e8 uno spazio condiviso da pi\u00f9 persone, e ognuno di loro deve potersi sentire a proprio agio: anche l&#8217;arredamento contribuisce a ci\u00f2. Ci\u00f2 che non pu\u00f2 mancare Un ufficio non pu\u00f2 essere carente di illuminazione: le luci difatti sono fondamentali per qualsiasi ambiente di lavoro. Se siContinue reading...\" \/>\n<meta property=\"og:url\" content=\"https:\/\/www.article-marketing.eu\/comunicatistampa\/consigli-la-scelta-degli-arredi-dellufficio\/\" \/>\n<meta property=\"og:site_name\" content=\"Article Marketing\" \/>\n<meta property=\"article:published_time\" content=\"2017-11-09T02:01:35+00:00\" \/>\n<meta name=\"author\" content=\"merellir\" \/>\n<meta name=\"twitter:card\" content=\"summary_large_image\" \/>\n<meta name=\"twitter:label1\" content=\"Scritto da\" \/>\n\t<meta name=\"twitter:data1\" content=\"merellir\" \/>\n\t<meta name=\"twitter:label2\" content=\"Tempo di lettura stimato\" \/>\n\t<meta name=\"twitter:data2\" content=\"5 minuti\" \/>\n<script type=\"application\/ld+json\" class=\"yoast-schema-graph\">{\"@context\":\"https:\\\/\\\/schema.org\",\"@graph\":[{\"@type\":\"Article\",\"@id\":\"https:\\\/\\\/www.article-marketing.eu\\\/comunicatistampa\\\/consigli-la-scelta-degli-arredi-dellufficio\\\/#article\",\"isPartOf\":{\"@id\":\"https:\\\/\\\/www.article-marketing.eu\\\/comunicatistampa\\\/consigli-la-scelta-degli-arredi-dellufficio\\\/\"},\"author\":{\"name\":\"merellir\",\"@id\":\"https:\\\/\\\/www.article-marketing.eu\\\/comunicatistampa\\\/#\\\/schema\\\/person\\\/ad93a86d6a7760d56d31da897a21ec7b\"},\"headline\":\"Consigli per la scelta degli arredi dell\u2019ufficio\",\"datePublished\":\"2017-11-09T02:01:35+00:00\",\"mainEntityOfPage\":{\"@id\":\"https:\\\/\\\/www.article-marketing.eu\\\/comunicatistampa\\\/consigli-la-scelta-degli-arredi-dellufficio\\\/\"},\"wordCount\":951,\"commentCount\":0,\"articleSection\":[\"Shopping\"],\"inLanguage\":\"it-IT\",\"potentialAction\":[{\"@type\":\"CommentAction\",\"name\":\"Comment\",\"target\":[\"https:\\\/\\\/www.article-marketing.eu\\\/comunicatistampa\\\/consigli-la-scelta-degli-arredi-dellufficio\\\/#respond\"]}]},{\"@type\":\"WebPage\",\"@id\":\"https:\\\/\\\/www.article-marketing.eu\\\/comunicatistampa\\\/consigli-la-scelta-degli-arredi-dellufficio\\\/\",\"url\":\"https:\\\/\\\/www.article-marketing.eu\\\/comunicatistampa\\\/consigli-la-scelta-degli-arredi-dellufficio\\\/\",\"name\":\"Consigli per la scelta degli arredi dell\u2019ufficio - Article Marketing\",\"isPartOf\":{\"@id\":\"https:\\\/\\\/www.article-marketing.eu\\\/comunicatistampa\\\/#website\"},\"datePublished\":\"2017-11-09T02:01:35+00:00\",\"author\":{\"@id\":\"https:\\\/\\\/www.article-marketing.eu\\\/comunicatistampa\\\/#\\\/schema\\\/person\\\/ad93a86d6a7760d56d31da897a21ec7b\"},\"breadcrumb\":{\"@id\":\"https:\\\/\\\/www.article-marketing.eu\\\/comunicatistampa\\\/consigli-la-scelta-degli-arredi-dellufficio\\\/#breadcrumb\"},\"inLanguage\":\"it-IT\",\"potentialAction\":[{\"@type\":\"ReadAction\",\"target\":[\"https:\\\/\\\/www.article-marketing.eu\\\/comunicatistampa\\\/consigli-la-scelta-degli-arredi-dellufficio\\\/\"]}]},{\"@type\":\"BreadcrumbList\",\"@id\":\"https:\\\/\\\/www.article-marketing.eu\\\/comunicatistampa\\\/consigli-la-scelta-degli-arredi-dellufficio\\\/#breadcrumb\",\"itemListElement\":[{\"@type\":\"ListItem\",\"position\":1,\"name\":\"Home\",\"item\":\"https:\\\/\\\/www.article-marketing.eu\\\/comunicatistampa\\\/\"},{\"@type\":\"ListItem\",\"position\":2,\"name\":\"Consigli per la scelta degli arredi dell\u2019ufficio\"}]},{\"@type\":\"WebSite\",\"@id\":\"https:\\\/\\\/www.article-marketing.eu\\\/comunicatistampa\\\/#website\",\"url\":\"https:\\\/\\\/www.article-marketing.eu\\\/comunicatistampa\\\/\",\"name\":\"Article Marketing\",\"description\":\"article marketing &amp; press release\",\"potentialAction\":[{\"@type\":\"SearchAction\",\"target\":{\"@type\":\"EntryPoint\",\"urlTemplate\":\"https:\\\/\\\/www.article-marketing.eu\\\/comunicatistampa\\\/?s={search_term_string}\"},\"query-input\":{\"@type\":\"PropertyValueSpecification\",\"valueRequired\":true,\"valueName\":\"search_term_string\"}}],\"inLanguage\":\"it-IT\"},{\"@type\":\"Person\",\"@id\":\"https:\\\/\\\/www.article-marketing.eu\\\/comunicatistampa\\\/#\\\/schema\\\/person\\\/ad93a86d6a7760d56d31da897a21ec7b\",\"name\":\"merellir\",\"image\":{\"@type\":\"ImageObject\",\"inLanguage\":\"it-IT\",\"@id\":\"https:\\\/\\\/secure.gravatar.com\\\/avatar\\\/1d3d79c36dbe87999cf3070b87dac773df5f04b18fa0d478fd9dcf849b3616a1?s=96&d=mm&r=g\",\"url\":\"https:\\\/\\\/secure.gravatar.com\\\/avatar\\\/1d3d79c36dbe87999cf3070b87dac773df5f04b18fa0d478fd9dcf849b3616a1?s=96&d=mm&r=g\",\"contentUrl\":\"https:\\\/\\\/secure.gravatar.com\\\/avatar\\\/1d3d79c36dbe87999cf3070b87dac773df5f04b18fa0d478fd9dcf849b3616a1?s=96&d=mm&r=g\",\"caption\":\"merellir\"},\"url\":\"https:\\\/\\\/www.article-marketing.eu\\\/comunicatistampa\\\/author\\\/merellir\\\/\"}]}<\/script>\n<!-- \/ Yoast SEO plugin. -->","yoast_head_json":{"title":"Consigli per la scelta degli arredi dell\u2019ufficio - Article Marketing","robots":{"index":"index","follow":"follow","max-snippet":"max-snippet:-1","max-image-preview":"max-image-preview:large","max-video-preview":"max-video-preview:-1"},"canonical":"https:\/\/www.article-marketing.eu\/comunicatistampa\/consigli-la-scelta-degli-arredi-dellufficio\/","og_locale":"it_IT","og_type":"article","og_title":"Consigli per la scelta degli arredi dell\u2019ufficio - Article Marketing","og_description":"Un ambiente di lavoro deve avere un arredamento adeguato: funzionale e pratico, senza alcun dubbio, ma anche esteticamente gradevole ed accogliente. Un ufficio \u00e8 uno spazio condiviso da pi\u00f9 persone, e ognuno di loro deve potersi sentire a proprio agio: anche l&#8217;arredamento contribuisce a ci\u00f2. Ci\u00f2 che non pu\u00f2 mancare Un ufficio non pu\u00f2 essere carente di illuminazione: le luci difatti sono fondamentali per qualsiasi ambiente di lavoro. Se siContinue reading...","og_url":"https:\/\/www.article-marketing.eu\/comunicatistampa\/consigli-la-scelta-degli-arredi-dellufficio\/","og_site_name":"Article Marketing","article_published_time":"2017-11-09T02:01:35+00:00","author":"merellir","twitter_card":"summary_large_image","twitter_misc":{"Scritto da":"merellir","Tempo di lettura stimato":"5 minuti"},"schema":{"@context":"https:\/\/schema.org","@graph":[{"@type":"Article","@id":"https:\/\/www.article-marketing.eu\/comunicatistampa\/consigli-la-scelta-degli-arredi-dellufficio\/#article","isPartOf":{"@id":"https:\/\/www.article-marketing.eu\/comunicatistampa\/consigli-la-scelta-degli-arredi-dellufficio\/"},"author":{"name":"merellir","@id":"https:\/\/www.article-marketing.eu\/comunicatistampa\/#\/schema\/person\/ad93a86d6a7760d56d31da897a21ec7b"},"headline":"Consigli per la scelta degli arredi dell\u2019ufficio","datePublished":"2017-11-09T02:01:35+00:00","mainEntityOfPage":{"@id":"https:\/\/www.article-marketing.eu\/comunicatistampa\/consigli-la-scelta-degli-arredi-dellufficio\/"},"wordCount":951,"commentCount":0,"articleSection":["Shopping"],"inLanguage":"it-IT","potentialAction":[{"@type":"CommentAction","name":"Comment","target":["https:\/\/www.article-marketing.eu\/comunicatistampa\/consigli-la-scelta-degli-arredi-dellufficio\/#respond"]}]},{"@type":"WebPage","@id":"https:\/\/www.article-marketing.eu\/comunicatistampa\/consigli-la-scelta-degli-arredi-dellufficio\/","url":"https:\/\/www.article-marketing.eu\/comunicatistampa\/consigli-la-scelta-degli-arredi-dellufficio\/","name":"Consigli per la scelta degli arredi dell\u2019ufficio - Article Marketing","isPartOf":{"@id":"https:\/\/www.article-marketing.eu\/comunicatistampa\/#website"},"datePublished":"2017-11-09T02:01:35+00:00","author":{"@id":"https:\/\/www.article-marketing.eu\/comunicatistampa\/#\/schema\/person\/ad93a86d6a7760d56d31da897a21ec7b"},"breadcrumb":{"@id":"https:\/\/www.article-marketing.eu\/comunicatistampa\/consigli-la-scelta-degli-arredi-dellufficio\/#breadcrumb"},"inLanguage":"it-IT","potentialAction":[{"@type":"ReadAction","target":["https:\/\/www.article-marketing.eu\/comunicatistampa\/consigli-la-scelta-degli-arredi-dellufficio\/"]}]},{"@type":"BreadcrumbList","@id":"https:\/\/www.article-marketing.eu\/comunicatistampa\/consigli-la-scelta-degli-arredi-dellufficio\/#breadcrumb","itemListElement":[{"@type":"ListItem","position":1,"name":"Home","item":"https:\/\/www.article-marketing.eu\/comunicatistampa\/"},{"@type":"ListItem","position":2,"name":"Consigli per la scelta degli arredi dell\u2019ufficio"}]},{"@type":"WebSite","@id":"https:\/\/www.article-marketing.eu\/comunicatistampa\/#website","url":"https:\/\/www.article-marketing.eu\/comunicatistampa\/","name":"Article Marketing","description":"article marketing &amp; press release","potentialAction":[{"@type":"SearchAction","target":{"@type":"EntryPoint","urlTemplate":"https:\/\/www.article-marketing.eu\/comunicatistampa\/?s={search_term_string}"},"query-input":{"@type":"PropertyValueSpecification","valueRequired":true,"valueName":"search_term_string"}}],"inLanguage":"it-IT"},{"@type":"Person","@id":"https:\/\/www.article-marketing.eu\/comunicatistampa\/#\/schema\/person\/ad93a86d6a7760d56d31da897a21ec7b","name":"merellir","image":{"@type":"ImageObject","inLanguage":"it-IT","@id":"https:\/\/secure.gravatar.com\/avatar\/1d3d79c36dbe87999cf3070b87dac773df5f04b18fa0d478fd9dcf849b3616a1?s=96&d=mm&r=g","url":"https:\/\/secure.gravatar.com\/avatar\/1d3d79c36dbe87999cf3070b87dac773df5f04b18fa0d478fd9dcf849b3616a1?s=96&d=mm&r=g","contentUrl":"https:\/\/secure.gravatar.com\/avatar\/1d3d79c36dbe87999cf3070b87dac773df5f04b18fa0d478fd9dcf849b3616a1?s=96&d=mm&r=g","caption":"merellir"},"url":"https:\/\/www.article-marketing.eu\/comunicatistampa\/author\/merellir\/"}]}},"_links":{"self":[{"href":"https:\/\/www.article-marketing.eu\/comunicatistampa\/wp-json\/wp\/v2\/posts\/6865","targetHints":{"allow":["GET"]}}],"collection":[{"href":"https:\/\/www.article-marketing.eu\/comunicatistampa\/wp-json\/wp\/v2\/posts"}],"about":[{"href":"https:\/\/www.article-marketing.eu\/comunicatistampa\/wp-json\/wp\/v2\/types\/post"}],"author":[{"embeddable":true,"href":"https:\/\/www.article-marketing.eu\/comunicatistampa\/wp-json\/wp\/v2\/users\/202"}],"replies":[{"embeddable":true,"href":"https:\/\/www.article-marketing.eu\/comunicatistampa\/wp-json\/wp\/v2\/comments?post=6865"}],"version-history":[{"count":2,"href":"https:\/\/www.article-marketing.eu\/comunicatistampa\/wp-json\/wp\/v2\/posts\/6865\/revisions"}],"predecessor-version":[{"id":6878,"href":"https:\/\/www.article-marketing.eu\/comunicatistampa\/wp-json\/wp\/v2\/posts\/6865\/revisions\/6878"}],"wp:attachment":[{"href":"https:\/\/www.article-marketing.eu\/comunicatistampa\/wp-json\/wp\/v2\/media?parent=6865"}],"wp:term":[{"taxonomy":"category","embeddable":true,"href":"https:\/\/www.article-marketing.eu\/comunicatistampa\/wp-json\/wp\/v2\/categories?post=6865"},{"taxonomy":"post_tag","embeddable":true,"href":"https:\/\/www.article-marketing.eu\/comunicatistampa\/wp-json\/wp\/v2\/tags?post=6865"}],"curies":[{"name":"wp","href":"https:\/\/api.w.org\/{rel}","templated":true}]}}