{"id":6869,"date":"2017-11-09T03:06:52","date_gmt":"2017-11-09T02:06:52","guid":{"rendered":"http:\/\/www.article-marketing.eu\/comunicatistampa\/?p=6869"},"modified":"2017-11-09T03:06:52","modified_gmt":"2017-11-09T02:06:52","slug":"la-stagione-fredda-caffe-magia-dinverno-bere","status":"publish","type":"post","link":"https:\/\/www.article-marketing.eu\/comunicatistampa\/la-stagione-fredda-caffe-magia-dinverno-bere\/","title":{"rendered":"La stagione fredda e il caff\u00e8: Magia d\u2019Inverno da bere"},"content":{"rendered":"<p>Nessun binomio fu mai tanto perfetto: il freddo inverno e la corposit\u00e0 di un caff\u00e8 meraviglioso! Berlo nel classico modo, una tazzina fumante preparata, magari, con una performante macchina da caff\u00e8 in comodato d\u2019uso, \u00e8 di sicuro una scelta vincente, una di quelle che non deludono mai. Ma ci sono anche altre fantasiose maniere per gustare un buon caff\u00e8, la Magia d\u2019Inverno ad esempio!<\/p>\n<p>Vediamo gli ingredienti e la procedura di preparazione!<\/p>\n<ul>\n<li>Una tazzina di caff\u00e8 espresso<\/li>\n<li>Un cucchiaino di miele<\/li>\n<li>Un pizzico di zenzero<\/li>\n<li>Un cucchiaino di Nutella<\/li>\n<li>Un pizzico di cardamomo<\/li>\n<li>Cacao in polvere q.b.<\/li>\n<li>Latte q.b.<\/li>\n<li>Schiuma di latte q.b.<\/li>\n<\/ul>\n<p>All\u2019interno di una tazza o un bicchiere in vetro da cappuccino, mescolare insieme la Nutella, il miele, lo zenzero e il cardamomo, fino ad ottenere una crema densa e vellutata.<\/p>\n<p>Versare, a filo, il caff\u00e8 continuando a mescolare, ed incorporare poi la schiuma di latte dal basso verso l\u2019alto. A questo composto, aggiungere il latte caldo e rifinire il tutto con la rimanente schiuma di latte.<\/p>\n<p>Spolverare la superfice con il cacao in polvere e servire accompagnato, perch\u00e9 no, da qualche pasticcino o da alcuni biscotti fatti in casa, per rendere l\u2019esperienza della Magia d\u2019Inverno ancor pi\u00f9 indimenticabile!<\/p>\n<p>Le occasioni d\u2019uso per sfoggiare questa deliziosa variante del caff\u00e8 sono molte: un pomeriggio tra amiche, una domenica casalinga, una colazione particolarmente importante. E se per la preparazione ci affidiamo ad una <a href=\"https:\/\/www.okcialde.it\/content\/12-comodato-macchina-caffe-roma\">macchina da caff\u00e8 in comodato d\u2019uso<\/a>, utilizzando cialde o capsule, il sapore dell\u2019Espresso avr\u00e0 esattamente l\u2019intensit\u00e0 e la corposit\u00e0 richiesta. Insomma, un dolce sicuramente, ma con tutto il carattere e l\u2019intensit\u00e0 che solo il vero Espresso sa rendere al palato!<\/p>\n","protected":false},"excerpt":{"rendered":"<p>Nessun binomio fu mai tanto perfetto: il freddo inverno e la corposit\u00e0 di un caff\u00e8 meraviglioso! Berlo nel classico modo, una tazzina fumante preparata, magari, con una performante macchina da caff\u00e8 in comodato d\u2019uso, \u00e8 di sicuro una scelta vincente, una di quelle che non deludono mai. Ma ci sono anche altre fantasiose maniere per gustare un buon caff\u00e8, la Magia d\u2019Inverno ad esempio! Vediamo gli ingredienti e la procedura<\/p>\n<p><a class=\"continue-reading\" href=\"https:\/\/www.article-marketing.eu\/comunicatistampa\/la-stagione-fredda-caffe-magia-dinverno-bere\/\">Continue reading&#8230;<\/a><\/p>\n","protected":false},"author":436,"featured_media":0,"comment_status":"open","ping_status":"open","sticky":false,"template":"","format":"standard","meta":{"_monsterinsights_skip_tracking":false,"_monsterinsights_sitenote_active":false,"_monsterinsights_sitenote_note":"","_monsterinsights_sitenote_category":0,"footnotes":""},"categories":[369],"tags":[3041],"class_list":["post-6869","post","type-post","status-publish","format-standard","hentry","category-salute-e-benessere","tag-ricette-caffe"],"yoast_head":"<!-- This site is optimized with the Yoast SEO plugin v27.3 - https:\/\/yoast.com\/product\/yoast-seo-wordpress\/ -->\n<title>La stagione fredda e il caff\u00e8: Magia d\u2019Inverno da bere - Article Marketing<\/title>\n<meta name=\"robots\" content=\"index, follow, max-snippet:-1, max-image-preview:large, max-video-preview:-1\" \/>\n<link rel=\"canonical\" href=\"https:\/\/www.article-marketing.eu\/comunicatistampa\/la-stagione-fredda-caffe-magia-dinverno-bere\/\" \/>\n<meta property=\"og:locale\" content=\"it_IT\" \/>\n<meta property=\"og:type\" content=\"article\" \/>\n<meta property=\"og:title\" content=\"La stagione fredda e il caff\u00e8: Magia d\u2019Inverno da bere - Article Marketing\" \/>\n<meta property=\"og:description\" content=\"Nessun binomio fu mai tanto perfetto: il freddo inverno e la corposit\u00e0 di un caff\u00e8 meraviglioso! Berlo nel classico modo, una tazzina fumante preparata, magari, con una performante macchina da caff\u00e8 in comodato d\u2019uso, \u00e8 di sicuro una scelta vincente, una di quelle che non deludono mai. Ma ci sono anche altre fantasiose maniere per gustare un buon caff\u00e8, la Magia d\u2019Inverno ad esempio! Vediamo gli ingredienti e la proceduraContinue reading...\" \/>\n<meta property=\"og:url\" content=\"https:\/\/www.article-marketing.eu\/comunicatistampa\/la-stagione-fredda-caffe-magia-dinverno-bere\/\" \/>\n<meta property=\"og:site_name\" content=\"Article Marketing\" \/>\n<meta property=\"article:published_time\" content=\"2017-11-09T02:06:52+00:00\" \/>\n<meta name=\"author\" content=\"seoseverini\" \/>\n<meta name=\"twitter:card\" content=\"summary_large_image\" \/>\n<meta name=\"twitter:label1\" content=\"Scritto da\" \/>\n\t<meta name=\"twitter:data1\" content=\"seoseverini\" \/>\n\t<meta name=\"twitter:label2\" content=\"Tempo di lettura stimato\" \/>\n\t<meta name=\"twitter:data2\" content=\"1 minuto\" \/>\n<script type=\"application\/ld+json\" class=\"yoast-schema-graph\">{\"@context\":\"https:\\\/\\\/schema.org\",\"@graph\":[{\"@type\":\"Article\",\"@id\":\"https:\\\/\\\/www.article-marketing.eu\\\/comunicatistampa\\\/la-stagione-fredda-caffe-magia-dinverno-bere\\\/#article\",\"isPartOf\":{\"@id\":\"https:\\\/\\\/www.article-marketing.eu\\\/comunicatistampa\\\/la-stagione-fredda-caffe-magia-dinverno-bere\\\/\"},\"author\":{\"name\":\"seoseverini\",\"@id\":\"https:\\\/\\\/www.article-marketing.eu\\\/comunicatistampa\\\/#\\\/schema\\\/person\\\/4123b09ba5b5e42091f2389476421254\"},\"headline\":\"La stagione fredda e il caff\u00e8: Magia d\u2019Inverno da bere\",\"datePublished\":\"2017-11-09T02:06:52+00:00\",\"mainEntityOfPage\":{\"@id\":\"https:\\\/\\\/www.article-marketing.eu\\\/comunicatistampa\\\/la-stagione-fredda-caffe-magia-dinverno-bere\\\/\"},\"wordCount\":297,\"commentCount\":0,\"keywords\":[\"ricette caff\u00e8\"],\"articleSection\":[\"Salute e benessere\"],\"inLanguage\":\"it-IT\",\"potentialAction\":[{\"@type\":\"CommentAction\",\"name\":\"Comment\",\"target\":[\"https:\\\/\\\/www.article-marketing.eu\\\/comunicatistampa\\\/la-stagione-fredda-caffe-magia-dinverno-bere\\\/#respond\"]}]},{\"@type\":\"WebPage\",\"@id\":\"https:\\\/\\\/www.article-marketing.eu\\\/comunicatistampa\\\/la-stagione-fredda-caffe-magia-dinverno-bere\\\/\",\"url\":\"https:\\\/\\\/www.article-marketing.eu\\\/comunicatistampa\\\/la-stagione-fredda-caffe-magia-dinverno-bere\\\/\",\"name\":\"La stagione fredda e il caff\u00e8: Magia d\u2019Inverno da bere - Article Marketing\",\"isPartOf\":{\"@id\":\"https:\\\/\\\/www.article-marketing.eu\\\/comunicatistampa\\\/#website\"},\"datePublished\":\"2017-11-09T02:06:52+00:00\",\"author\":{\"@id\":\"https:\\\/\\\/www.article-marketing.eu\\\/comunicatistampa\\\/#\\\/schema\\\/person\\\/4123b09ba5b5e42091f2389476421254\"},\"breadcrumb\":{\"@id\":\"https:\\\/\\\/www.article-marketing.eu\\\/comunicatistampa\\\/la-stagione-fredda-caffe-magia-dinverno-bere\\\/#breadcrumb\"},\"inLanguage\":\"it-IT\",\"potentialAction\":[{\"@type\":\"ReadAction\",\"target\":[\"https:\\\/\\\/www.article-marketing.eu\\\/comunicatistampa\\\/la-stagione-fredda-caffe-magia-dinverno-bere\\\/\"]}]},{\"@type\":\"BreadcrumbList\",\"@id\":\"https:\\\/\\\/www.article-marketing.eu\\\/comunicatistampa\\\/la-stagione-fredda-caffe-magia-dinverno-bere\\\/#breadcrumb\",\"itemListElement\":[{\"@type\":\"ListItem\",\"position\":1,\"name\":\"Home\",\"item\":\"https:\\\/\\\/www.article-marketing.eu\\\/comunicatistampa\\\/\"},{\"@type\":\"ListItem\",\"position\":2,\"name\":\"La stagione fredda e il caff\u00e8: Magia d\u2019Inverno da bere\"}]},{\"@type\":\"WebSite\",\"@id\":\"https:\\\/\\\/www.article-marketing.eu\\\/comunicatistampa\\\/#website\",\"url\":\"https:\\\/\\\/www.article-marketing.eu\\\/comunicatistampa\\\/\",\"name\":\"Article Marketing\",\"description\":\"article marketing &amp; press release\",\"potentialAction\":[{\"@type\":\"SearchAction\",\"target\":{\"@type\":\"EntryPoint\",\"urlTemplate\":\"https:\\\/\\\/www.article-marketing.eu\\\/comunicatistampa\\\/?s={search_term_string}\"},\"query-input\":{\"@type\":\"PropertyValueSpecification\",\"valueRequired\":true,\"valueName\":\"search_term_string\"}}],\"inLanguage\":\"it-IT\"},{\"@type\":\"Person\",\"@id\":\"https:\\\/\\\/www.article-marketing.eu\\\/comunicatistampa\\\/#\\\/schema\\\/person\\\/4123b09ba5b5e42091f2389476421254\",\"name\":\"seoseverini\",\"image\":{\"@type\":\"ImageObject\",\"inLanguage\":\"it-IT\",\"@id\":\"https:\\\/\\\/secure.gravatar.com\\\/avatar\\\/199a2e63e9614dc83afe5b2605213f3e70299de8d4fca9c3608bbc9c02de997b?s=96&d=mm&r=g\",\"url\":\"https:\\\/\\\/secure.gravatar.com\\\/avatar\\\/199a2e63e9614dc83afe5b2605213f3e70299de8d4fca9c3608bbc9c02de997b?s=96&d=mm&r=g\",\"contentUrl\":\"https:\\\/\\\/secure.gravatar.com\\\/avatar\\\/199a2e63e9614dc83afe5b2605213f3e70299de8d4fca9c3608bbc9c02de997b?s=96&d=mm&r=g\",\"caption\":\"seoseverini\"},\"sameAs\":[\"http:\\\/\\\/www.seoperseo.eu\"],\"url\":\"https:\\\/\\\/www.article-marketing.eu\\\/comunicatistampa\\\/author\\\/seoseverini\\\/\"}]}<\/script>\n<!-- \/ Yoast SEO plugin. -->","yoast_head_json":{"title":"La stagione fredda e il caff\u00e8: Magia d\u2019Inverno da bere - Article Marketing","robots":{"index":"index","follow":"follow","max-snippet":"max-snippet:-1","max-image-preview":"max-image-preview:large","max-video-preview":"max-video-preview:-1"},"canonical":"https:\/\/www.article-marketing.eu\/comunicatistampa\/la-stagione-fredda-caffe-magia-dinverno-bere\/","og_locale":"it_IT","og_type":"article","og_title":"La stagione fredda e il caff\u00e8: Magia d\u2019Inverno da bere - Article Marketing","og_description":"Nessun binomio fu mai tanto perfetto: il freddo inverno e la corposit\u00e0 di un caff\u00e8 meraviglioso! Berlo nel classico modo, una tazzina fumante preparata, magari, con una performante macchina da caff\u00e8 in comodato d\u2019uso, \u00e8 di sicuro una scelta vincente, una di quelle che non deludono mai. Ma ci sono anche altre fantasiose maniere per gustare un buon caff\u00e8, la Magia d\u2019Inverno ad esempio! Vediamo gli ingredienti e la proceduraContinue reading...","og_url":"https:\/\/www.article-marketing.eu\/comunicatistampa\/la-stagione-fredda-caffe-magia-dinverno-bere\/","og_site_name":"Article Marketing","article_published_time":"2017-11-09T02:06:52+00:00","author":"seoseverini","twitter_card":"summary_large_image","twitter_misc":{"Scritto da":"seoseverini","Tempo di lettura stimato":"1 minuto"},"schema":{"@context":"https:\/\/schema.org","@graph":[{"@type":"Article","@id":"https:\/\/www.article-marketing.eu\/comunicatistampa\/la-stagione-fredda-caffe-magia-dinverno-bere\/#article","isPartOf":{"@id":"https:\/\/www.article-marketing.eu\/comunicatistampa\/la-stagione-fredda-caffe-magia-dinverno-bere\/"},"author":{"name":"seoseverini","@id":"https:\/\/www.article-marketing.eu\/comunicatistampa\/#\/schema\/person\/4123b09ba5b5e42091f2389476421254"},"headline":"La stagione fredda e il caff\u00e8: Magia d\u2019Inverno da bere","datePublished":"2017-11-09T02:06:52+00:00","mainEntityOfPage":{"@id":"https:\/\/www.article-marketing.eu\/comunicatistampa\/la-stagione-fredda-caffe-magia-dinverno-bere\/"},"wordCount":297,"commentCount":0,"keywords":["ricette caff\u00e8"],"articleSection":["Salute e benessere"],"inLanguage":"it-IT","potentialAction":[{"@type":"CommentAction","name":"Comment","target":["https:\/\/www.article-marketing.eu\/comunicatistampa\/la-stagione-fredda-caffe-magia-dinverno-bere\/#respond"]}]},{"@type":"WebPage","@id":"https:\/\/www.article-marketing.eu\/comunicatistampa\/la-stagione-fredda-caffe-magia-dinverno-bere\/","url":"https:\/\/www.article-marketing.eu\/comunicatistampa\/la-stagione-fredda-caffe-magia-dinverno-bere\/","name":"La stagione fredda e il caff\u00e8: Magia d\u2019Inverno da bere - Article Marketing","isPartOf":{"@id":"https:\/\/www.article-marketing.eu\/comunicatistampa\/#website"},"datePublished":"2017-11-09T02:06:52+00:00","author":{"@id":"https:\/\/www.article-marketing.eu\/comunicatistampa\/#\/schema\/person\/4123b09ba5b5e42091f2389476421254"},"breadcrumb":{"@id":"https:\/\/www.article-marketing.eu\/comunicatistampa\/la-stagione-fredda-caffe-magia-dinverno-bere\/#breadcrumb"},"inLanguage":"it-IT","potentialAction":[{"@type":"ReadAction","target":["https:\/\/www.article-marketing.eu\/comunicatistampa\/la-stagione-fredda-caffe-magia-dinverno-bere\/"]}]},{"@type":"BreadcrumbList","@id":"https:\/\/www.article-marketing.eu\/comunicatistampa\/la-stagione-fredda-caffe-magia-dinverno-bere\/#breadcrumb","itemListElement":[{"@type":"ListItem","position":1,"name":"Home","item":"https:\/\/www.article-marketing.eu\/comunicatistampa\/"},{"@type":"ListItem","position":2,"name":"La stagione fredda e il caff\u00e8: Magia d\u2019Inverno da bere"}]},{"@type":"WebSite","@id":"https:\/\/www.article-marketing.eu\/comunicatistampa\/#website","url":"https:\/\/www.article-marketing.eu\/comunicatistampa\/","name":"Article Marketing","description":"article marketing &amp; press release","potentialAction":[{"@type":"SearchAction","target":{"@type":"EntryPoint","urlTemplate":"https:\/\/www.article-marketing.eu\/comunicatistampa\/?s={search_term_string}"},"query-input":{"@type":"PropertyValueSpecification","valueRequired":true,"valueName":"search_term_string"}}],"inLanguage":"it-IT"},{"@type":"Person","@id":"https:\/\/www.article-marketing.eu\/comunicatistampa\/#\/schema\/person\/4123b09ba5b5e42091f2389476421254","name":"seoseverini","image":{"@type":"ImageObject","inLanguage":"it-IT","@id":"https:\/\/secure.gravatar.com\/avatar\/199a2e63e9614dc83afe5b2605213f3e70299de8d4fca9c3608bbc9c02de997b?s=96&d=mm&r=g","url":"https:\/\/secure.gravatar.com\/avatar\/199a2e63e9614dc83afe5b2605213f3e70299de8d4fca9c3608bbc9c02de997b?s=96&d=mm&r=g","contentUrl":"https:\/\/secure.gravatar.com\/avatar\/199a2e63e9614dc83afe5b2605213f3e70299de8d4fca9c3608bbc9c02de997b?s=96&d=mm&r=g","caption":"seoseverini"},"sameAs":["http:\/\/www.seoperseo.eu"],"url":"https:\/\/www.article-marketing.eu\/comunicatistampa\/author\/seoseverini\/"}]}},"_links":{"self":[{"href":"https:\/\/www.article-marketing.eu\/comunicatistampa\/wp-json\/wp\/v2\/posts\/6869","targetHints":{"allow":["GET"]}}],"collection":[{"href":"https:\/\/www.article-marketing.eu\/comunicatistampa\/wp-json\/wp\/v2\/posts"}],"about":[{"href":"https:\/\/www.article-marketing.eu\/comunicatistampa\/wp-json\/wp\/v2\/types\/post"}],"author":[{"embeddable":true,"href":"https:\/\/www.article-marketing.eu\/comunicatistampa\/wp-json\/wp\/v2\/users\/436"}],"replies":[{"embeddable":true,"href":"https:\/\/www.article-marketing.eu\/comunicatistampa\/wp-json\/wp\/v2\/comments?post=6869"}],"version-history":[{"count":2,"href":"https:\/\/www.article-marketing.eu\/comunicatistampa\/wp-json\/wp\/v2\/posts\/6869\/revisions"}],"predecessor-version":[{"id":6885,"href":"https:\/\/www.article-marketing.eu\/comunicatistampa\/wp-json\/wp\/v2\/posts\/6869\/revisions\/6885"}],"wp:attachment":[{"href":"https:\/\/www.article-marketing.eu\/comunicatistampa\/wp-json\/wp\/v2\/media?parent=6869"}],"wp:term":[{"taxonomy":"category","embeddable":true,"href":"https:\/\/www.article-marketing.eu\/comunicatistampa\/wp-json\/wp\/v2\/categories?post=6869"},{"taxonomy":"post_tag","embeddable":true,"href":"https:\/\/www.article-marketing.eu\/comunicatistampa\/wp-json\/wp\/v2\/tags?post=6869"}],"curies":[{"name":"wp","href":"https:\/\/api.w.org\/{rel}","templated":true}]}}