{"id":6929,"date":"2017-11-11T19:07:59","date_gmt":"2017-11-11T18:07:59","guid":{"rendered":"http:\/\/www.article-marketing.eu\/comunicatistampa\/?p=6929"},"modified":"2020-08-10T01:47:49","modified_gmt":"2020-08-09T23:47:49","slug":"la-grande-musica-camera-pinerolo-johannes-trio","status":"publish","type":"post","link":"https:\/\/www.article-marketing.eu\/comunicatistampa\/la-grande-musica-camera-pinerolo-johannes-trio\/","title":{"rendered":"La grande musica da camera a Pinerolo con il Johannes Trio"},"content":{"rendered":"<h3 class=\"p1\"><span class=\"s1\"><b>STAGIONE CONCERTISTICA 2017\/18<\/b><\/span><\/h3>\n<p class=\"p2\"><span class=\"s1\">12 ottobre 2017 \u2013 26 maggio 2018<\/span><\/p>\n<p class=\"p2\"><span class=\"s1\">Accademia di Musica di Pinerolo<\/span><\/p>\n<p class=\"p4\"><span class=\"s1\">5\u00b0 concerto<\/span><\/p>\n<p class=\"p10\"><span class=\"s1\">Il Trio Johannes, considerato uno dei pi\u00f9 importanti ensemble di musica da camera nel panorama internazionale, nasce dall\u2019incontro del violinista Francesco Manara e del violoncellista Massimo Polidori &#8211; entrambi prime parti dell\u2019Orchestra della Scala &#8211; e del pianista Claudio Voghera. Questi tre amici con una comune passione per la musica da camera sono ospiti della Stagione concertistica 2017\/18 dell\u2019Accademia di Musica di Pinerolo marted\u00ec 14 novembre (viale Giolitti, 7 &#8211; Pinerolo); l\u2019appuntamento \u00e8 alle 20:30 per chi vuole anche approfondire tematiche relative ai brani eseguiti grazie alla Guida all\u2019ascolto condotta da Santi La Rosa, o alle 21:00 per assistere al concerto. Il Trio \u00e8 perfetto per restituire a fondo il senso intimo della musica di Robert Schumann, che riesce a scavare all\u2019interno della propria anima, dando spazio a slanci e ripiegamenti, a intrecciati discorsi musicali e narrativi di cui il pianoforte costituisce lo spessore e il substrato psicologico essenziale.<\/span><\/p>\n<p class=\"p11\"><span class=\"s1\">La Stagione concertistica \u00e8 stata realizzata con il contributo di Compagnia di San Paolo (maggior sostenitore), Regione Piemonte, Ministero per i Beni e le Attivit\u00e0 Culturali, con il contributo e il patrocinio di Citt\u00e0 di Pinerolo. Il nostro grazie va anche alla sempre preziosa sponsorizzazione di Galup e a quella tecnica di Piatino Pianoforti, Yamaha Musica Italia e Albergian.<\/span><\/p>\n<h2 class=\"p12\"><span class=\"s1\"><b>Lo slancio di voci interne <\/b><\/span><\/h2>\n<p class=\"p10\"><span class=\"s1\"><b>marted\u00ec 14 novembre 2017<\/b><\/span><span class=\"s2\"><b> &#8211; Accademia di musica<\/b><\/span><\/p>\n<p class=\"p13\"><span class=\"s1\"><b>h 20:30 guida all\u2019ascolto &#8211; h 21 concerto<\/b><\/span><\/p>\n<h1 class=\"p12\"><span class=\"s1\"><b>Trio Johannes<\/b><\/span><\/h1>\n<p class=\"p10\"><span class=\"s1\"><b>Francesco Manara<\/b> violino<\/span><\/p>\n<p class=\"p10\"><span class=\"s1\"><b>Massimo Polidori<\/b> violoncello<\/span><\/p>\n<p class=\"p10\"><span class=\"s1\"><b>Claudio Voghera<\/b> pianoforte<\/span><\/p>\n<p class=\"p14\"><span class=\"s1\"><i>Robert Schumann Trio n.1 in re minore op.63<\/i><\/span><\/p>\n<p class=\"p14\"><span class=\"s1\"><i> Adagio e Allegro in la bemolle maggiore, op. 70<\/i><\/span><\/p>\n<p class=\"p14\"><span class=\"s1\"><i> Trio n.2 in fa maggiore, op. 80<\/i><\/span><\/p>\n<p class=\"p10\"><span class=\"s1\">Robert Schumann dedic\u00f2 gran parte della sua attivit\u00e0 alla composizione di musica da camera. Dopo avere, infatti esplorato le capacit\u00e0 timbriche e polifoniche del suo strumento, il pianoforte, affida le proprie voci interne al dialogo con altri strumenti. I due trii eseguiti stasera, composti a distanza di pochi mesi nel 1847, rappresentano le prime esperienze di Schumann in questo genere. \u00c8 dell\u2019anno precedente invece il trio composto dalla moglie Clara, da molti critici considerato come il suo vero capolavoro. Una certa somiglianza nella scrittura, soprattutto nella parte pianistica, denuncia il debito e l\u2019ispirazione che il marito ebbe nei confronti di questa musica e di questa formazione. La musica di Schumann ha per\u00f2 qualcosa di pi\u00f9. I Doppelg\u00e4nger di Schumann, Eusebio e Florestano, trovano in questo equilibrio formale e timbrico la perfetta condizione per manifestare la propria natura. In questa musica, Schumann riesce a scavare all\u2019interno della propria anima, dando spazio a slanci e ripiegamenti, a intrecciati discorsi musicali e narrativi di cui il pianoforte costituisce lo spessore e il substrato psicologico essenziale. L\u2019Adagio e Allegro \u00e8 una composizione di poco successiva a quella dei trii. In una dimensione sonora ancora pi\u00f9 domestica, questa musica contiene tutta la complessit\u00e0 e la ricchezza tipiche dell\u2019arte di Schumann. Il Trio Johannes, formato dalle prime parti dell\u2019Orchestra della Scala e dal brillante pianista Claudio Voghera, \u00e8 il trio perfetto per restituire a fondo il senso intimo di questa musica.<\/span><\/p>\n<p class=\"p10\"><span class=\"s1\"><b>TRIO JOHANNES<\/b><br \/>\nIl Trio Johannes nasce nel 1993 dall\u2019incontro del violinista Francesco Manara, del pianista Claudio Voghera e del violoncellista Massimo Polidori, tre amici con una comune passione per la musica da camera ed \u00e8 considerato uno dei pi\u00f9 importanti ensemble di musica da camera nel panorama internazionale. I tre musicisti vantano individualmente importanti affermazioni: <b>Francesco Manara<\/b> \u00e8 stato scelto da Riccardo Muti per ricoprire il posto di Primo violino solista nell\u2019Orchestra del Teatro alla Scala di Milano e nel 1993 ha vinto il Primo Premio al Concorso Internazionale di Ginevra; <b>Massimo Polidori <\/b>dopo aver vinto il Primo Premio di Virtuosit\u00e9 del Conservatorio di Ginevra ricopre il posto di Primo violoncello nell\u2019Orchestra del Teatro alla Scala di Milano; <b>Claudio Voghera<\/b>, docente di pianoforte principale presso il Conservatorio di Torino, gi\u00e0 allievo di Aldo Ciccolini, nel 1993 ha vinto il \u201cGrand Prix de Sonates Violon et Piano\u201d dell\u2019Accademia di Losanna. Il Trio Johannes, grazie ad una borsa di studio della \u201cDe Sono Associazione per la Musica\u201d, ha studiato presso la Scuola Superiore Internazionale di Musica da Camera del Trio di Trieste, con Dario De Rosa, Renato Zanettovich e Amedeo Baldovino, conseguendo nel 1995 il Diploma di Merito. <b>L&#8217;ensemble<\/b> vanta importanti affermazioni a livello internazionale: nel 1998 il II Premio al \u201cIII Concorso Internazionale Premio Trio di Trieste\u201d, nel 1999 il II Premio al \u201c3rd International Chamber Music Competition\u201d di Osaka; nel 2001 \u00e8 risultato inoltre vincitore del \u201c50th Concert Artists Guild Competition\u201d di New York ed ha debuttato negli Stati Uniti nella stagione 2002, suonando per le principali societ\u00e0 concertistiche tra le quali la Weill Recital Hall della Carnegie Hall a New York, la Pittsburgh Chamber Music Society e la Market Square Concerts di Harrisburg. In Italia \u00e8 stato ospite di importanti societ\u00e0 concertistiche quali, tra le altre, gli Amici della Musica di Padova, Vicenza, Firenze , Palermo, Bologna e Perugia, il Bologna Festival, il Ravenna Festival, la Gog di Genova, la Societ\u00e0 dei Concerti di Milano, l\u2019Unione Musicale di Torino; ha effettuato inoltre tourn\u00e9e in Sud America suonando nelle principali sale da concerto di Argentina, Uruguay e Brasile. Le incisioni discografiche comprendono l&#8217;integrale dei trii e quartetti con pianoforte di Johannes Brahms per il magazine musicale &#8220;Amadeus&#8221;e un Cd dedicato alla musica da camera di Maurice Ravel per la Brilliant. Nel maggio 2014 il Trio Johannes ha esordito al Teatro alla Scala di Milano.\u00a0<\/span><\/p>\n<p>&nbsp;<\/p>\n<p class=\"p18\"><span class=\"s1\">** INFO **<\/span><\/p>\n<p class=\"p18\"><span class=\"s4\"><br \/>\n<\/span><span class=\"s1\"><b>ABBONAMENTI<\/b><\/span><span class=\"s5\"><b><br \/>\n<\/b><\/span><span class=\"s1\">Abbonamento (27 concerti): \u20ac 185<br \/>\n<\/span><span class=\"s1\">Mini abbonamento 3 concerti <b>Domenica in famiglia <\/b>per i concerti di domenica 29\/10\/17 &#8211; 04\/02 e 15\/04\/18: \u20ac 30\/adulto e \u20ac 10\/under 14 (abbonamento nominativo)<br \/>\n<\/span><span class=\"s1\">Mini abbonamento <b>Scuole superiori<\/b> per i concerti del 29\/10\/17 e del 9\/01, 13\/02, 08\/05\/18: \u20ac 20<\/span><\/p>\n<p class=\"p19\"><span class=\"s1\"><b>BIGLIETTI<\/b><\/span><\/p>\n<p class=\"p24\"><span class=\"s1\">Sala Patrizia Cerutti Bresso &#8211; Accademia di Musica (viale Giolitti, 7 Pinerolo): \u20ac 15<\/span><span class=\"s5\"><b><br \/>\n<\/b><\/span><span class=\"s1\">CONVENZIONI<\/span><\/p>\n<ul>\n<li class=\"li20\"><span class=\"s7\">Card Giovani e studenti dell\u2019Istituto Musicale Corelli: \u20ac 5<\/span><\/li>\n<li class=\"li20\"><span class=\"s7\">Abbonamento Musei, Socio Coop, Unitre, Proloco, Coro dell\u2019Accademia di musica: \u20ac 12<\/span>VENDITA E PREVENDITA<\/li>\n<\/ul>\n<p class=\"p20\"><span class=\"s1\"> I biglietti sono acquistabili mezz\u2019ora prima dell\u2019inizio di ogni concerto presso la biglietteria della sede del concerto. Il servizio di prevendita \u00e8 disponibile da due settimane prima di ogni concerto presso la Libreria Volare. Il posto numerato (abbonamento o biglietto) \u00e8 garantito fino a 10 minuti prima dell\u2019inizio del concerto; dopo tale orario sar\u00e0 comunque garantito l\u2019ingresso e sar\u00e0 possibile usufruire di uno qualsiasi dei posti ancora liberi.<\/span><\/p>\n<p class=\"p18\"><span class=\"s1\">** ACCADEMIA DI MUSICA DI PINEROLO **<\/span><\/p>\n<p class=\"p27\"><span class=\"s1\">Annoverata tra le pi\u00f9 rinomate strutture di perfezionamento del paese, l\u2019Accademia di Musica di Pinerolo offre corsi di specializzazione, workshop, masterclass, borse di studio e opportunit\u00e0 concertistiche per studenti di pianoforte, violino, viola, violoncello, passi orchestrali e musica da camera, con docenti di chiara fama internazionale che si dedicano con grande generosit\u00e0 alla crescita degli studenti come futura generazione di professionisti. L\u2019Accademia di Musica di Pinerolo opera da 20 anni sul territorio pinerolese affiancando all\u2019attivit\u00e0 didattica la stagione concertistica e l\u2019appuntamento biennale dell\u2019International Chamber Music Competition Citt\u00e0 di Pinerolo e Torino Citt\u00e0 metropolitana. Ha al suo attivo pi\u00f9 di mille concerti e la creazione di un\u2019orchestra e di un coro, organizza da 23 anni la rassegna Musica d\u2019Estate a Bardonecchia, che ad ogni edizione richiama pi\u00f9 di 7.000 spettatori. Da sempre sostiene i giovani di grande talento, li forma con docenti di fama internazionale, crea per loro occasioni di esibizione professionali, offre concerti per le scuole dalla prima infanzia alle superiori.<\/span><\/p>\n","protected":false},"excerpt":{"rendered":"<p>STAGIONE CONCERTISTICA 2017\/18 12 ottobre 2017 \u2013 26 maggio 2018 Accademia di Musica di Pinerolo 5\u00b0 concerto Il Trio Johannes, considerato uno dei pi\u00f9 importanti ensemble di musica da camera nel panorama internazionale, nasce dall\u2019incontro del violinista Francesco Manara e del violoncellista Massimo Polidori &#8211; entrambi prime parti dell\u2019Orchestra della Scala &#8211; e del pianista Claudio Voghera. Questi tre amici con una comune passione per la musica da camera sono<\/p>\n<p><a class=\"continue-reading\" href=\"https:\/\/www.article-marketing.eu\/comunicatistampa\/la-grande-musica-camera-pinerolo-johannes-trio\/\">Continue reading&#8230;<\/a><\/p>\n","protected":false},"author":824,"featured_media":0,"comment_status":"open","ping_status":"open","sticky":false,"template":"","format":"standard","meta":{"_monsterinsights_skip_tracking":false,"_monsterinsights_sitenote_active":false,"_monsterinsights_sitenote_note":"","_monsterinsights_sitenote_category":0,"footnotes":""},"categories":[407,411],"tags":[3062,3063],"class_list":["post-6929","post","type-post","status-publish","format-standard","hentry","category-arte-e-cultura","category-musica","tag-musca-classica","tag-musica-da-camera"],"yoast_head":"<!-- This site is optimized with the Yoast SEO plugin v27.3 - https:\/\/yoast.com\/product\/yoast-seo-wordpress\/ -->\n<title>La grande musica da camera a Pinerolo con il Johannes Trio - Article Marketing<\/title>\n<meta name=\"robots\" content=\"index, follow, max-snippet:-1, max-image-preview:large, max-video-preview:-1\" \/>\n<link rel=\"canonical\" href=\"https:\/\/www.article-marketing.eu\/comunicatistampa\/la-grande-musica-camera-pinerolo-johannes-trio\/\" \/>\n<meta property=\"og:locale\" content=\"it_IT\" \/>\n<meta property=\"og:type\" content=\"article\" \/>\n<meta property=\"og:title\" content=\"La grande musica da camera a Pinerolo con il Johannes Trio - Article Marketing\" \/>\n<meta property=\"og:description\" content=\"STAGIONE CONCERTISTICA 2017\/18 12 ottobre 2017 \u2013 26 maggio 2018 Accademia di Musica di Pinerolo 5\u00b0 concerto Il Trio Johannes, considerato uno dei pi\u00f9 importanti ensemble di musica da camera nel panorama internazionale, nasce dall\u2019incontro del violinista Francesco Manara e del violoncellista Massimo Polidori &#8211; entrambi prime parti dell\u2019Orchestra della Scala &#8211; e del pianista Claudio Voghera. Questi tre amici con una comune passione per la musica da camera sonoContinue reading...\" \/>\n<meta property=\"og:url\" content=\"https:\/\/www.article-marketing.eu\/comunicatistampa\/la-grande-musica-camera-pinerolo-johannes-trio\/\" \/>\n<meta property=\"og:site_name\" content=\"Article Marketing\" \/>\n<meta property=\"article:published_time\" content=\"2017-11-11T18:07:59+00:00\" \/>\n<meta property=\"article:modified_time\" content=\"2020-08-09T23:47:49+00:00\" \/>\n<meta name=\"author\" content=\"Accademia di musica di Pinerolo\" \/>\n<meta name=\"twitter:card\" content=\"summary_large_image\" \/>\n<meta name=\"twitter:label1\" content=\"Scritto da\" \/>\n\t<meta name=\"twitter:data1\" content=\"Accademia di musica di Pinerolo\" \/>\n\t<meta name=\"twitter:label2\" content=\"Tempo di lettura stimato\" \/>\n\t<meta name=\"twitter:data2\" content=\"6 minuti\" \/>\n<script type=\"application\/ld+json\" class=\"yoast-schema-graph\">{\"@context\":\"https:\\\/\\\/schema.org\",\"@graph\":[{\"@type\":\"Article\",\"@id\":\"https:\\\/\\\/www.article-marketing.eu\\\/comunicatistampa\\\/la-grande-musica-camera-pinerolo-johannes-trio\\\/#article\",\"isPartOf\":{\"@id\":\"https:\\\/\\\/www.article-marketing.eu\\\/comunicatistampa\\\/la-grande-musica-camera-pinerolo-johannes-trio\\\/\"},\"author\":{\"name\":\"Accademia di musica di Pinerolo\",\"@id\":\"https:\\\/\\\/www.article-marketing.eu\\\/comunicatistampa\\\/#\\\/schema\\\/person\\\/b215337b2939ed4102c77b3c6a03e1d8\"},\"headline\":\"La grande musica da camera a Pinerolo con il Johannes Trio\",\"datePublished\":\"2017-11-11T18:07:59+00:00\",\"dateModified\":\"2020-08-09T23:47:49+00:00\",\"mainEntityOfPage\":{\"@id\":\"https:\\\/\\\/www.article-marketing.eu\\\/comunicatistampa\\\/la-grande-musica-camera-pinerolo-johannes-trio\\\/\"},\"wordCount\":1210,\"commentCount\":0,\"keywords\":[\"musca classica\",\"musica da camera\"],\"articleSection\":[\"Arte e cultura\",\"Musica\"],\"inLanguage\":\"it-IT\",\"potentialAction\":[{\"@type\":\"CommentAction\",\"name\":\"Comment\",\"target\":[\"https:\\\/\\\/www.article-marketing.eu\\\/comunicatistampa\\\/la-grande-musica-camera-pinerolo-johannes-trio\\\/#respond\"]}]},{\"@type\":\"WebPage\",\"@id\":\"https:\\\/\\\/www.article-marketing.eu\\\/comunicatistampa\\\/la-grande-musica-camera-pinerolo-johannes-trio\\\/\",\"url\":\"https:\\\/\\\/www.article-marketing.eu\\\/comunicatistampa\\\/la-grande-musica-camera-pinerolo-johannes-trio\\\/\",\"name\":\"La grande musica da camera a Pinerolo con il Johannes Trio - Article Marketing\",\"isPartOf\":{\"@id\":\"https:\\\/\\\/www.article-marketing.eu\\\/comunicatistampa\\\/#website\"},\"datePublished\":\"2017-11-11T18:07:59+00:00\",\"dateModified\":\"2020-08-09T23:47:49+00:00\",\"author\":{\"@id\":\"https:\\\/\\\/www.article-marketing.eu\\\/comunicatistampa\\\/#\\\/schema\\\/person\\\/b215337b2939ed4102c77b3c6a03e1d8\"},\"breadcrumb\":{\"@id\":\"https:\\\/\\\/www.article-marketing.eu\\\/comunicatistampa\\\/la-grande-musica-camera-pinerolo-johannes-trio\\\/#breadcrumb\"},\"inLanguage\":\"it-IT\",\"potentialAction\":[{\"@type\":\"ReadAction\",\"target\":[\"https:\\\/\\\/www.article-marketing.eu\\\/comunicatistampa\\\/la-grande-musica-camera-pinerolo-johannes-trio\\\/\"]}]},{\"@type\":\"BreadcrumbList\",\"@id\":\"https:\\\/\\\/www.article-marketing.eu\\\/comunicatistampa\\\/la-grande-musica-camera-pinerolo-johannes-trio\\\/#breadcrumb\",\"itemListElement\":[{\"@type\":\"ListItem\",\"position\":1,\"name\":\"Home\",\"item\":\"https:\\\/\\\/www.article-marketing.eu\\\/comunicatistampa\\\/\"},{\"@type\":\"ListItem\",\"position\":2,\"name\":\"La grande musica da camera a Pinerolo con il Johannes Trio\"}]},{\"@type\":\"WebSite\",\"@id\":\"https:\\\/\\\/www.article-marketing.eu\\\/comunicatistampa\\\/#website\",\"url\":\"https:\\\/\\\/www.article-marketing.eu\\\/comunicatistampa\\\/\",\"name\":\"Article Marketing\",\"description\":\"article marketing &amp; press release\",\"potentialAction\":[{\"@type\":\"SearchAction\",\"target\":{\"@type\":\"EntryPoint\",\"urlTemplate\":\"https:\\\/\\\/www.article-marketing.eu\\\/comunicatistampa\\\/?s={search_term_string}\"},\"query-input\":{\"@type\":\"PropertyValueSpecification\",\"valueRequired\":true,\"valueName\":\"search_term_string\"}}],\"inLanguage\":\"it-IT\"},{\"@type\":\"Person\",\"@id\":\"https:\\\/\\\/www.article-marketing.eu\\\/comunicatistampa\\\/#\\\/schema\\\/person\\\/b215337b2939ed4102c77b3c6a03e1d8\",\"name\":\"Accademia di musica di Pinerolo\",\"image\":{\"@type\":\"ImageObject\",\"inLanguage\":\"it-IT\",\"@id\":\"https:\\\/\\\/secure.gravatar.com\\\/avatar\\\/6bb1985aeec7ceb9d999e68681c30243f98bd7381193135cf6d87c18d8fa0666?s=96&d=mm&r=g\",\"url\":\"https:\\\/\\\/secure.gravatar.com\\\/avatar\\\/6bb1985aeec7ceb9d999e68681c30243f98bd7381193135cf6d87c18d8fa0666?s=96&d=mm&r=g\",\"contentUrl\":\"https:\\\/\\\/secure.gravatar.com\\\/avatar\\\/6bb1985aeec7ceb9d999e68681c30243f98bd7381193135cf6d87c18d8fa0666?s=96&d=mm&r=g\",\"caption\":\"Accademia di musica di Pinerolo\"},\"url\":\"https:\\\/\\\/www.article-marketing.eu\\\/comunicatistampa\\\/author\\\/accademia-di-musica-di-pinerolo\\\/\"}]}<\/script>\n<!-- \/ Yoast SEO plugin. -->","yoast_head_json":{"title":"La grande musica da camera a Pinerolo con il Johannes Trio - Article Marketing","robots":{"index":"index","follow":"follow","max-snippet":"max-snippet:-1","max-image-preview":"max-image-preview:large","max-video-preview":"max-video-preview:-1"},"canonical":"https:\/\/www.article-marketing.eu\/comunicatistampa\/la-grande-musica-camera-pinerolo-johannes-trio\/","og_locale":"it_IT","og_type":"article","og_title":"La grande musica da camera a Pinerolo con il Johannes Trio - Article Marketing","og_description":"STAGIONE CONCERTISTICA 2017\/18 12 ottobre 2017 \u2013 26 maggio 2018 Accademia di Musica di Pinerolo 5\u00b0 concerto Il Trio Johannes, considerato uno dei pi\u00f9 importanti ensemble di musica da camera nel panorama internazionale, nasce dall\u2019incontro del violinista Francesco Manara e del violoncellista Massimo Polidori &#8211; entrambi prime parti dell\u2019Orchestra della Scala &#8211; e del pianista Claudio Voghera. Questi tre amici con una comune passione per la musica da camera sonoContinue reading...","og_url":"https:\/\/www.article-marketing.eu\/comunicatistampa\/la-grande-musica-camera-pinerolo-johannes-trio\/","og_site_name":"Article Marketing","article_published_time":"2017-11-11T18:07:59+00:00","article_modified_time":"2020-08-09T23:47:49+00:00","author":"Accademia di musica di Pinerolo","twitter_card":"summary_large_image","twitter_misc":{"Scritto da":"Accademia di musica di Pinerolo","Tempo di lettura stimato":"6 minuti"},"schema":{"@context":"https:\/\/schema.org","@graph":[{"@type":"Article","@id":"https:\/\/www.article-marketing.eu\/comunicatistampa\/la-grande-musica-camera-pinerolo-johannes-trio\/#article","isPartOf":{"@id":"https:\/\/www.article-marketing.eu\/comunicatistampa\/la-grande-musica-camera-pinerolo-johannes-trio\/"},"author":{"name":"Accademia di musica di Pinerolo","@id":"https:\/\/www.article-marketing.eu\/comunicatistampa\/#\/schema\/person\/b215337b2939ed4102c77b3c6a03e1d8"},"headline":"La grande musica da camera a Pinerolo con il Johannes Trio","datePublished":"2017-11-11T18:07:59+00:00","dateModified":"2020-08-09T23:47:49+00:00","mainEntityOfPage":{"@id":"https:\/\/www.article-marketing.eu\/comunicatistampa\/la-grande-musica-camera-pinerolo-johannes-trio\/"},"wordCount":1210,"commentCount":0,"keywords":["musca classica","musica da camera"],"articleSection":["Arte e cultura","Musica"],"inLanguage":"it-IT","potentialAction":[{"@type":"CommentAction","name":"Comment","target":["https:\/\/www.article-marketing.eu\/comunicatistampa\/la-grande-musica-camera-pinerolo-johannes-trio\/#respond"]}]},{"@type":"WebPage","@id":"https:\/\/www.article-marketing.eu\/comunicatistampa\/la-grande-musica-camera-pinerolo-johannes-trio\/","url":"https:\/\/www.article-marketing.eu\/comunicatistampa\/la-grande-musica-camera-pinerolo-johannes-trio\/","name":"La grande musica da camera a Pinerolo con il Johannes Trio - Article Marketing","isPartOf":{"@id":"https:\/\/www.article-marketing.eu\/comunicatistampa\/#website"},"datePublished":"2017-11-11T18:07:59+00:00","dateModified":"2020-08-09T23:47:49+00:00","author":{"@id":"https:\/\/www.article-marketing.eu\/comunicatistampa\/#\/schema\/person\/b215337b2939ed4102c77b3c6a03e1d8"},"breadcrumb":{"@id":"https:\/\/www.article-marketing.eu\/comunicatistampa\/la-grande-musica-camera-pinerolo-johannes-trio\/#breadcrumb"},"inLanguage":"it-IT","potentialAction":[{"@type":"ReadAction","target":["https:\/\/www.article-marketing.eu\/comunicatistampa\/la-grande-musica-camera-pinerolo-johannes-trio\/"]}]},{"@type":"BreadcrumbList","@id":"https:\/\/www.article-marketing.eu\/comunicatistampa\/la-grande-musica-camera-pinerolo-johannes-trio\/#breadcrumb","itemListElement":[{"@type":"ListItem","position":1,"name":"Home","item":"https:\/\/www.article-marketing.eu\/comunicatistampa\/"},{"@type":"ListItem","position":2,"name":"La grande musica da camera a Pinerolo con il Johannes Trio"}]},{"@type":"WebSite","@id":"https:\/\/www.article-marketing.eu\/comunicatistampa\/#website","url":"https:\/\/www.article-marketing.eu\/comunicatistampa\/","name":"Article Marketing","description":"article marketing &amp; press release","potentialAction":[{"@type":"SearchAction","target":{"@type":"EntryPoint","urlTemplate":"https:\/\/www.article-marketing.eu\/comunicatistampa\/?s={search_term_string}"},"query-input":{"@type":"PropertyValueSpecification","valueRequired":true,"valueName":"search_term_string"}}],"inLanguage":"it-IT"},{"@type":"Person","@id":"https:\/\/www.article-marketing.eu\/comunicatistampa\/#\/schema\/person\/b215337b2939ed4102c77b3c6a03e1d8","name":"Accademia di musica di Pinerolo","image":{"@type":"ImageObject","inLanguage":"it-IT","@id":"https:\/\/secure.gravatar.com\/avatar\/6bb1985aeec7ceb9d999e68681c30243f98bd7381193135cf6d87c18d8fa0666?s=96&d=mm&r=g","url":"https:\/\/secure.gravatar.com\/avatar\/6bb1985aeec7ceb9d999e68681c30243f98bd7381193135cf6d87c18d8fa0666?s=96&d=mm&r=g","contentUrl":"https:\/\/secure.gravatar.com\/avatar\/6bb1985aeec7ceb9d999e68681c30243f98bd7381193135cf6d87c18d8fa0666?s=96&d=mm&r=g","caption":"Accademia di musica di Pinerolo"},"url":"https:\/\/www.article-marketing.eu\/comunicatistampa\/author\/accademia-di-musica-di-pinerolo\/"}]}},"_links":{"self":[{"href":"https:\/\/www.article-marketing.eu\/comunicatistampa\/wp-json\/wp\/v2\/posts\/6929","targetHints":{"allow":["GET"]}}],"collection":[{"href":"https:\/\/www.article-marketing.eu\/comunicatistampa\/wp-json\/wp\/v2\/posts"}],"about":[{"href":"https:\/\/www.article-marketing.eu\/comunicatistampa\/wp-json\/wp\/v2\/types\/post"}],"author":[{"embeddable":true,"href":"https:\/\/www.article-marketing.eu\/comunicatistampa\/wp-json\/wp\/v2\/users\/824"}],"replies":[{"embeddable":true,"href":"https:\/\/www.article-marketing.eu\/comunicatistampa\/wp-json\/wp\/v2\/comments?post=6929"}],"version-history":[{"count":2,"href":"https:\/\/www.article-marketing.eu\/comunicatistampa\/wp-json\/wp\/v2\/posts\/6929\/revisions"}],"predecessor-version":[{"id":6936,"href":"https:\/\/www.article-marketing.eu\/comunicatistampa\/wp-json\/wp\/v2\/posts\/6929\/revisions\/6936"}],"wp:attachment":[{"href":"https:\/\/www.article-marketing.eu\/comunicatistampa\/wp-json\/wp\/v2\/media?parent=6929"}],"wp:term":[{"taxonomy":"category","embeddable":true,"href":"https:\/\/www.article-marketing.eu\/comunicatistampa\/wp-json\/wp\/v2\/categories?post=6929"},{"taxonomy":"post_tag","embeddable":true,"href":"https:\/\/www.article-marketing.eu\/comunicatistampa\/wp-json\/wp\/v2\/tags?post=6929"}],"curies":[{"name":"wp","href":"https:\/\/api.w.org\/{rel}","templated":true}]}}