{"id":7022,"date":"2017-11-15T20:06:44","date_gmt":"2017-11-15T19:06:44","guid":{"rendered":"http:\/\/www.article-marketing.eu\/comunicatistampa\/?p=7022"},"modified":"2017-11-15T20:06:44","modified_gmt":"2017-11-15T19:06:44","slug":"curatore-del-territorio-design-valorizzazione-dei-territori-italiani","status":"publish","type":"post","link":"https:\/\/www.article-marketing.eu\/comunicatistampa\/curatore-del-territorio-design-valorizzazione-dei-territori-italiani\/","title":{"rendered":"IL CURATORE DEL TERRITORIO. Design e valorizzazione dei territori Italiani"},"content":{"rendered":"<p>\u201cIl senso del paesaggio \u00e8 un senso che nasce dentro di noi: il paesaggio prima di tutto \u00e8 mentale e spirituale e poi, in un secondo momento, diventa reale perch\u00e9 in se stesse le cose non sono, \u00e8 l\u2019uomo che le ha create, nominate e modificate.\u201d Con queste parole Davide Rampello, manager culturale e direttore del progetto didattico, introduce l\u2019approccio scelto per lanciare un nuovo percorso universitario dedicato al design e alla valorizzazione dei territori italiani.<\/p>\n<p>Il Master Il curatore del territorio, promosso dal Politecnico di Milano e da POLI.design, nasce proprio con l\u2019intento di formare operatori dotati di una sensibilit\u00e0 multidisciplinare e di competenze utili alla curatela e alla narrazione di specifiche geografie culturali italiane.<\/p>\n<p>Una figura professionale inedita capace di sfruttare le straordinarie opportunit\u00e0 di comunicazione, di sviluppo e di rinnovamento insite nel patrimonio culturale del nostro paese, memoria vivente che aspetta di essere riscoperta, valorizzata e raccontata.<\/p>\n<p>Il Master risponde alla necessit\u00e0 di approfondire la conoscenza di arti &#8211; materiali e immateriali -, scienze, saperi e attori che insistono su un dato territorio per metterli in relazione al fine di progettare, in modo sinergico e integrato, la valorizzazione dello stesso contesto geografico. Creare valore dall&#8217;unione di fattori diversi significa sviluppare una cultura delle differenze che sfrutta la propria eterogeneit\u00e0 di risorse come moltiplicatore di economie.<br \/>\nIl design si propone oggi come disciplina aperta al dialogo multidisciplinare e capace di riassumere e tradurre i molti contributi utili alla valorizzazione di un contesto territoriale.<\/p>\n<p>L&#8217;obiettivo \u00e8 quello di formare nuovi professionisti che, forti dell&#8217;acquisizione di un ampio sistema di competenze trasversali e guidati da una solida sensibilit\u00e0 estetica, sappiano intervenire coerentemente proponendo di volta in volta soluzioni innovative e rigeneratrici del capitale di valori e risorse che un dato territorio possiede.<br \/>\nI partecipanti al Master saranno inoltre spinti a perseguire percorsi di neo imprenditoria nel campo delle imprese culturali, produttive o di servizio, legate alla valorizzazione del capitale dei territori.<\/p>\n<p>La didattica prevede lo svolgimento di lezioni frontali, seminari, esercitazioni e visite. Il percorso formativo include una serie di workshop progettuali condotti sul campo che saranno occasione di applicazione di quanto appreso in concrete esperienze di riprogettazione al servizio di ambiti territoriali assunti a paradigma di altrettante tipologie di territori. Completa l\u2019iter una qualificata esperienza professionalizzante di stage.<\/p>\n<p>Il percorso formativo vanta la collaborazione di Italia Patria della Bellezza e il patrocinio di Symbola, Fondazione per le qualit\u00e0 italiane.<\/p>\n<p>Il Master \u00e8 rivolto a candidati in possesso di titoli di studio in Disegno Industriale, Ingegneria, Architettura, Economia e\/o Management, Scienze Sociali\/Umanistiche, che intendano potenziare il proprio percorso anche successivamente a esperienze professionali e lavorative.<\/p>\n<p>L\u2019avvio delle lezioni \u00e8 previsto per marzo 2018. Le iscrizioni sono gi\u00e0 aperte.<br \/>\nIl master \u00e8 a numero chiuso ed \u00e8 riservato a un massimo di 30 partecipanti.<br \/>\nSono disponibili agevolazioni economiche.<\/p>\n<p>Per informazioni in merito alle modalit\u00e0 di ammissione e iscrizione, \u00e8 possibile contattare l\u2019Ufficio Formazione di POLI.design: +39 02 2399 5911, formazione@polidesign.net<\/p>\n<p>&nbsp;<\/p>\n","protected":false},"excerpt":{"rendered":"<p>\u201cIl senso del paesaggio \u00e8 un senso che nasce dentro di noi: il paesaggio prima di tutto \u00e8 mentale e spirituale e poi, in un secondo momento, diventa reale perch\u00e9 in se stesse le cose non sono, \u00e8 l\u2019uomo che le ha create, nominate e modificate.\u201d Con queste parole Davide Rampello, manager culturale e direttore del progetto didattico, introduce l\u2019approccio scelto per lanciare un nuovo percorso universitario dedicato al design<\/p>\n<p><a class=\"continue-reading\" href=\"https:\/\/www.article-marketing.eu\/comunicatistampa\/curatore-del-territorio-design-valorizzazione-dei-territori-italiani\/\">Continue reading&#8230;<\/a><\/p>\n","protected":false},"author":18,"featured_media":0,"comment_status":"open","ping_status":"open","sticky":false,"template":"","format":"standard","meta":{"_monsterinsights_skip_tracking":false,"_monsterinsights_sitenote_active":false,"_monsterinsights_sitenote_note":"","_monsterinsights_sitenote_category":0,"footnotes":""},"categories":[407,379,392,378],"tags":[3103,2991,3102,524,952],"class_list":["post-7022","post","type-post","status-publish","format-standard","hentry","category-arte-e-cultura","category-corsi","category-eventi","category-istruzione","tag-curatore","tag-master-design-milano","tag-master-milano","tag-poli-design","tag-politecnico-di-milano"],"yoast_head":"<!-- This site is optimized with the Yoast SEO plugin v27.3 - https:\/\/yoast.com\/product\/yoast-seo-wordpress\/ -->\n<title>IL CURATORE DEL TERRITORIO. Design e valorizzazione dei territori Italiani - Article Marketing<\/title>\n<meta name=\"robots\" content=\"index, follow, max-snippet:-1, max-image-preview:large, max-video-preview:-1\" \/>\n<link rel=\"canonical\" href=\"https:\/\/www.article-marketing.eu\/comunicatistampa\/curatore-del-territorio-design-valorizzazione-dei-territori-italiani\/\" \/>\n<meta property=\"og:locale\" content=\"it_IT\" \/>\n<meta property=\"og:type\" content=\"article\" \/>\n<meta property=\"og:title\" content=\"IL CURATORE DEL TERRITORIO. Design e valorizzazione dei territori Italiani - Article Marketing\" \/>\n<meta property=\"og:description\" content=\"\u201cIl senso del paesaggio \u00e8 un senso che nasce dentro di noi: il paesaggio prima di tutto \u00e8 mentale e spirituale e poi, in un secondo momento, diventa reale perch\u00e9 in se stesse le cose non sono, \u00e8 l\u2019uomo che le ha create, nominate e modificate.\u201d Con queste parole Davide Rampello, manager culturale e direttore del progetto didattico, introduce l\u2019approccio scelto per lanciare un nuovo percorso universitario dedicato al designContinue reading...\" \/>\n<meta property=\"og:url\" content=\"https:\/\/www.article-marketing.eu\/comunicatistampa\/curatore-del-territorio-design-valorizzazione-dei-territori-italiani\/\" \/>\n<meta property=\"og:site_name\" content=\"Article Marketing\" \/>\n<meta property=\"article:published_time\" content=\"2017-11-15T19:06:44+00:00\" \/>\n<meta name=\"author\" content=\"POLI.design\" \/>\n<meta name=\"twitter:card\" content=\"summary_large_image\" \/>\n<meta name=\"twitter:label1\" content=\"Scritto da\" \/>\n\t<meta name=\"twitter:data1\" content=\"POLI.design\" \/>\n\t<meta name=\"twitter:label2\" content=\"Tempo di lettura stimato\" \/>\n\t<meta name=\"twitter:data2\" content=\"2 minuti\" \/>\n<script type=\"application\/ld+json\" class=\"yoast-schema-graph\">{\"@context\":\"https:\\\/\\\/schema.org\",\"@graph\":[{\"@type\":\"Article\",\"@id\":\"https:\\\/\\\/www.article-marketing.eu\\\/comunicatistampa\\\/curatore-del-territorio-design-valorizzazione-dei-territori-italiani\\\/#article\",\"isPartOf\":{\"@id\":\"https:\\\/\\\/www.article-marketing.eu\\\/comunicatistampa\\\/curatore-del-territorio-design-valorizzazione-dei-territori-italiani\\\/\"},\"author\":{\"name\":\"POLI.design\",\"@id\":\"https:\\\/\\\/www.article-marketing.eu\\\/comunicatistampa\\\/#\\\/schema\\\/person\\\/146a6885c81198281a9e0ba0035b8e2d\"},\"headline\":\"IL CURATORE DEL TERRITORIO. Design e valorizzazione dei territori Italiani\",\"datePublished\":\"2017-11-15T19:06:44+00:00\",\"mainEntityOfPage\":{\"@id\":\"https:\\\/\\\/www.article-marketing.eu\\\/comunicatistampa\\\/curatore-del-territorio-design-valorizzazione-dei-territori-italiani\\\/\"},\"wordCount\":497,\"commentCount\":0,\"keywords\":[\"curatore\",\"master design Milano\",\"Master Milano\",\"POLI.design\",\"politecnico di milano\"],\"articleSection\":[\"Arte e cultura\",\"Corsi\",\"Eventi\",\"Istruzione\"],\"inLanguage\":\"it-IT\",\"potentialAction\":[{\"@type\":\"CommentAction\",\"name\":\"Comment\",\"target\":[\"https:\\\/\\\/www.article-marketing.eu\\\/comunicatistampa\\\/curatore-del-territorio-design-valorizzazione-dei-territori-italiani\\\/#respond\"]}]},{\"@type\":\"WebPage\",\"@id\":\"https:\\\/\\\/www.article-marketing.eu\\\/comunicatistampa\\\/curatore-del-territorio-design-valorizzazione-dei-territori-italiani\\\/\",\"url\":\"https:\\\/\\\/www.article-marketing.eu\\\/comunicatistampa\\\/curatore-del-territorio-design-valorizzazione-dei-territori-italiani\\\/\",\"name\":\"IL CURATORE DEL TERRITORIO. Design e valorizzazione dei territori Italiani - Article Marketing\",\"isPartOf\":{\"@id\":\"https:\\\/\\\/www.article-marketing.eu\\\/comunicatistampa\\\/#website\"},\"datePublished\":\"2017-11-15T19:06:44+00:00\",\"author\":{\"@id\":\"https:\\\/\\\/www.article-marketing.eu\\\/comunicatistampa\\\/#\\\/schema\\\/person\\\/146a6885c81198281a9e0ba0035b8e2d\"},\"breadcrumb\":{\"@id\":\"https:\\\/\\\/www.article-marketing.eu\\\/comunicatistampa\\\/curatore-del-territorio-design-valorizzazione-dei-territori-italiani\\\/#breadcrumb\"},\"inLanguage\":\"it-IT\",\"potentialAction\":[{\"@type\":\"ReadAction\",\"target\":[\"https:\\\/\\\/www.article-marketing.eu\\\/comunicatistampa\\\/curatore-del-territorio-design-valorizzazione-dei-territori-italiani\\\/\"]}]},{\"@type\":\"BreadcrumbList\",\"@id\":\"https:\\\/\\\/www.article-marketing.eu\\\/comunicatistampa\\\/curatore-del-territorio-design-valorizzazione-dei-territori-italiani\\\/#breadcrumb\",\"itemListElement\":[{\"@type\":\"ListItem\",\"position\":1,\"name\":\"Home\",\"item\":\"https:\\\/\\\/www.article-marketing.eu\\\/comunicatistampa\\\/\"},{\"@type\":\"ListItem\",\"position\":2,\"name\":\"IL CURATORE DEL TERRITORIO. Design e valorizzazione dei territori Italiani\"}]},{\"@type\":\"WebSite\",\"@id\":\"https:\\\/\\\/www.article-marketing.eu\\\/comunicatistampa\\\/#website\",\"url\":\"https:\\\/\\\/www.article-marketing.eu\\\/comunicatistampa\\\/\",\"name\":\"Article Marketing\",\"description\":\"article marketing &amp; press release\",\"potentialAction\":[{\"@type\":\"SearchAction\",\"target\":{\"@type\":\"EntryPoint\",\"urlTemplate\":\"https:\\\/\\\/www.article-marketing.eu\\\/comunicatistampa\\\/?s={search_term_string}\"},\"query-input\":{\"@type\":\"PropertyValueSpecification\",\"valueRequired\":true,\"valueName\":\"search_term_string\"}}],\"inLanguage\":\"it-IT\"},{\"@type\":\"Person\",\"@id\":\"https:\\\/\\\/www.article-marketing.eu\\\/comunicatistampa\\\/#\\\/schema\\\/person\\\/146a6885c81198281a9e0ba0035b8e2d\",\"name\":\"POLI.design\",\"image\":{\"@type\":\"ImageObject\",\"inLanguage\":\"it-IT\",\"@id\":\"https:\\\/\\\/secure.gravatar.com\\\/avatar\\\/87f7987dbfa674c5dd5f9fa3495ce312cba20aa6ee3f9f6df08061703fd5b3c2?s=96&d=mm&r=g\",\"url\":\"https:\\\/\\\/secure.gravatar.com\\\/avatar\\\/87f7987dbfa674c5dd5f9fa3495ce312cba20aa6ee3f9f6df08061703fd5b3c2?s=96&d=mm&r=g\",\"contentUrl\":\"https:\\\/\\\/secure.gravatar.com\\\/avatar\\\/87f7987dbfa674c5dd5f9fa3495ce312cba20aa6ee3f9f6df08061703fd5b3c2?s=96&d=mm&r=g\",\"caption\":\"POLI.design\"},\"url\":\"https:\\\/\\\/www.article-marketing.eu\\\/comunicatistampa\\\/author\\\/poli-design\\\/\"}]}<\/script>\n<!-- \/ Yoast SEO plugin. -->","yoast_head_json":{"title":"IL CURATORE DEL TERRITORIO. Design e valorizzazione dei territori Italiani - Article Marketing","robots":{"index":"index","follow":"follow","max-snippet":"max-snippet:-1","max-image-preview":"max-image-preview:large","max-video-preview":"max-video-preview:-1"},"canonical":"https:\/\/www.article-marketing.eu\/comunicatistampa\/curatore-del-territorio-design-valorizzazione-dei-territori-italiani\/","og_locale":"it_IT","og_type":"article","og_title":"IL CURATORE DEL TERRITORIO. Design e valorizzazione dei territori Italiani - Article Marketing","og_description":"\u201cIl senso del paesaggio \u00e8 un senso che nasce dentro di noi: il paesaggio prima di tutto \u00e8 mentale e spirituale e poi, in un secondo momento, diventa reale perch\u00e9 in se stesse le cose non sono, \u00e8 l\u2019uomo che le ha create, nominate e modificate.\u201d Con queste parole Davide Rampello, manager culturale e direttore del progetto didattico, introduce l\u2019approccio scelto per lanciare un nuovo percorso universitario dedicato al designContinue reading...","og_url":"https:\/\/www.article-marketing.eu\/comunicatistampa\/curatore-del-territorio-design-valorizzazione-dei-territori-italiani\/","og_site_name":"Article Marketing","article_published_time":"2017-11-15T19:06:44+00:00","author":"POLI.design","twitter_card":"summary_large_image","twitter_misc":{"Scritto da":"POLI.design","Tempo di lettura stimato":"2 minuti"},"schema":{"@context":"https:\/\/schema.org","@graph":[{"@type":"Article","@id":"https:\/\/www.article-marketing.eu\/comunicatistampa\/curatore-del-territorio-design-valorizzazione-dei-territori-italiani\/#article","isPartOf":{"@id":"https:\/\/www.article-marketing.eu\/comunicatistampa\/curatore-del-territorio-design-valorizzazione-dei-territori-italiani\/"},"author":{"name":"POLI.design","@id":"https:\/\/www.article-marketing.eu\/comunicatistampa\/#\/schema\/person\/146a6885c81198281a9e0ba0035b8e2d"},"headline":"IL CURATORE DEL TERRITORIO. Design e valorizzazione dei territori Italiani","datePublished":"2017-11-15T19:06:44+00:00","mainEntityOfPage":{"@id":"https:\/\/www.article-marketing.eu\/comunicatistampa\/curatore-del-territorio-design-valorizzazione-dei-territori-italiani\/"},"wordCount":497,"commentCount":0,"keywords":["curatore","master design Milano","Master Milano","POLI.design","politecnico di milano"],"articleSection":["Arte e cultura","Corsi","Eventi","Istruzione"],"inLanguage":"it-IT","potentialAction":[{"@type":"CommentAction","name":"Comment","target":["https:\/\/www.article-marketing.eu\/comunicatistampa\/curatore-del-territorio-design-valorizzazione-dei-territori-italiani\/#respond"]}]},{"@type":"WebPage","@id":"https:\/\/www.article-marketing.eu\/comunicatistampa\/curatore-del-territorio-design-valorizzazione-dei-territori-italiani\/","url":"https:\/\/www.article-marketing.eu\/comunicatistampa\/curatore-del-territorio-design-valorizzazione-dei-territori-italiani\/","name":"IL CURATORE DEL TERRITORIO. Design e valorizzazione dei territori Italiani - Article Marketing","isPartOf":{"@id":"https:\/\/www.article-marketing.eu\/comunicatistampa\/#website"},"datePublished":"2017-11-15T19:06:44+00:00","author":{"@id":"https:\/\/www.article-marketing.eu\/comunicatistampa\/#\/schema\/person\/146a6885c81198281a9e0ba0035b8e2d"},"breadcrumb":{"@id":"https:\/\/www.article-marketing.eu\/comunicatistampa\/curatore-del-territorio-design-valorizzazione-dei-territori-italiani\/#breadcrumb"},"inLanguage":"it-IT","potentialAction":[{"@type":"ReadAction","target":["https:\/\/www.article-marketing.eu\/comunicatistampa\/curatore-del-territorio-design-valorizzazione-dei-territori-italiani\/"]}]},{"@type":"BreadcrumbList","@id":"https:\/\/www.article-marketing.eu\/comunicatistampa\/curatore-del-territorio-design-valorizzazione-dei-territori-italiani\/#breadcrumb","itemListElement":[{"@type":"ListItem","position":1,"name":"Home","item":"https:\/\/www.article-marketing.eu\/comunicatistampa\/"},{"@type":"ListItem","position":2,"name":"IL CURATORE DEL TERRITORIO. Design e valorizzazione dei territori Italiani"}]},{"@type":"WebSite","@id":"https:\/\/www.article-marketing.eu\/comunicatistampa\/#website","url":"https:\/\/www.article-marketing.eu\/comunicatistampa\/","name":"Article Marketing","description":"article marketing &amp; press release","potentialAction":[{"@type":"SearchAction","target":{"@type":"EntryPoint","urlTemplate":"https:\/\/www.article-marketing.eu\/comunicatistampa\/?s={search_term_string}"},"query-input":{"@type":"PropertyValueSpecification","valueRequired":true,"valueName":"search_term_string"}}],"inLanguage":"it-IT"},{"@type":"Person","@id":"https:\/\/www.article-marketing.eu\/comunicatistampa\/#\/schema\/person\/146a6885c81198281a9e0ba0035b8e2d","name":"POLI.design","image":{"@type":"ImageObject","inLanguage":"it-IT","@id":"https:\/\/secure.gravatar.com\/avatar\/87f7987dbfa674c5dd5f9fa3495ce312cba20aa6ee3f9f6df08061703fd5b3c2?s=96&d=mm&r=g","url":"https:\/\/secure.gravatar.com\/avatar\/87f7987dbfa674c5dd5f9fa3495ce312cba20aa6ee3f9f6df08061703fd5b3c2?s=96&d=mm&r=g","contentUrl":"https:\/\/secure.gravatar.com\/avatar\/87f7987dbfa674c5dd5f9fa3495ce312cba20aa6ee3f9f6df08061703fd5b3c2?s=96&d=mm&r=g","caption":"POLI.design"},"url":"https:\/\/www.article-marketing.eu\/comunicatistampa\/author\/poli-design\/"}]}},"_links":{"self":[{"href":"https:\/\/www.article-marketing.eu\/comunicatistampa\/wp-json\/wp\/v2\/posts\/7022","targetHints":{"allow":["GET"]}}],"collection":[{"href":"https:\/\/www.article-marketing.eu\/comunicatistampa\/wp-json\/wp\/v2\/posts"}],"about":[{"href":"https:\/\/www.article-marketing.eu\/comunicatistampa\/wp-json\/wp\/v2\/types\/post"}],"author":[{"embeddable":true,"href":"https:\/\/www.article-marketing.eu\/comunicatistampa\/wp-json\/wp\/v2\/users\/18"}],"replies":[{"embeddable":true,"href":"https:\/\/www.article-marketing.eu\/comunicatistampa\/wp-json\/wp\/v2\/comments?post=7022"}],"version-history":[{"count":2,"href":"https:\/\/www.article-marketing.eu\/comunicatistampa\/wp-json\/wp\/v2\/posts\/7022\/revisions"}],"predecessor-version":[{"id":7040,"href":"https:\/\/www.article-marketing.eu\/comunicatistampa\/wp-json\/wp\/v2\/posts\/7022\/revisions\/7040"}],"wp:attachment":[{"href":"https:\/\/www.article-marketing.eu\/comunicatistampa\/wp-json\/wp\/v2\/media?parent=7022"}],"wp:term":[{"taxonomy":"category","embeddable":true,"href":"https:\/\/www.article-marketing.eu\/comunicatistampa\/wp-json\/wp\/v2\/categories?post=7022"},{"taxonomy":"post_tag","embeddable":true,"href":"https:\/\/www.article-marketing.eu\/comunicatistampa\/wp-json\/wp\/v2\/tags?post=7022"}],"curies":[{"name":"wp","href":"https:\/\/api.w.org\/{rel}","templated":true}]}}