{"id":7088,"date":"2017-11-21T20:58:38","date_gmt":"2017-11-21T19:58:38","guid":{"rendered":"http:\/\/www.article-marketing.eu\/comunicatistampa\/?p=7088"},"modified":"2017-11-21T20:58:38","modified_gmt":"2017-11-21T19:58:38","slug":"natale-reale-bus-noleggio-linea-azzurra","status":"publish","type":"post","link":"https:\/\/www.article-marketing.eu\/comunicatistampa\/natale-reale-bus-noleggio-linea-azzurra\/","title":{"rendered":"Il Natale \u00e8 reale con i bus a noleggio Linea Azzurra"},"content":{"rendered":"<div class=\"field field-name-field-image field-type-image field-label-hidden\">\n<div class=\"blog-holder-12\">\n<div class=\"image-holder\">\n<div class=\"overlay bg-opacity-1\">\n<div class=\"post-date-box three\"><\/div>\n<\/div>\n<p><img loading=\"lazy\" decoding=\"async\" class=\"img-responsive img-responsive alignnone\" src=\"http:\/\/www.lineaazzurrabus.com\/sites\/default\/files\/styles\/blog_760x442\/public\/natale-reale-linea-azzurra-bus.png?itok=tHL4A9cU\" alt=\"IL NATALE \u00c8 REALE CON I BUS A NOLEGGIO LINEA AZZURRA!\" width=\"760\" height=\"442\" \/><\/p>\n<\/div>\n<div>\n<p class=\"rtejustify\"><strong>Natale\u00a0\u00e8 alle porte<\/strong>, siete pronti a festeggiare in grande stile la festa pi\u00f9 attesa e meravigliosa dell\u2019anno?\u00a0Linea Azzurra, azienda leader nel\u00a0<a href=\"http:\/\/www.lineaazzurrabus.com\/servizi\/noleggio-pullman-granturismo\" target=\"_blank\" rel=\"noopener\">noleggio bus a Torino e Milano<\/a>, \u00e8\u00a0\u00a0<strong>sponsor del \u201cNatale\u00a0\u00e8 Reale\u201d<\/strong>, l\u2019evento organizzato\u00a0<strong>dal 1\u00b0 al\u00a010 dicembre 2017<\/strong>\u00a0nella spettacolare cornice della\u00a0<strong>Palazzina di Caccia di Stupinigi<\/strong>\u00a0da Editori Il Risveglio con il patrocinio della Regione Piemonte, Torino Metropolitana e Citt\u00e0 di Nichelino.<\/p>\n<p class=\"rtejustify\">Segnaliamo a tutte le persone interessate a partecipare\u00a0che,\u00a0<strong>per rendere pi\u00f9 accessibile l\u2019evento<\/strong>\u00a0a gruppi scolastici o gruppi di amici,\u00a0<strong>Linea Azzurra mette a disposizione i suoi\u00a0bus a noleggio<\/strong>, a condizioni speciali! Per quotazioni contattare:\u00a0<a href=\"mailto:gruppi@lineaazzurrabus.it\">gruppi@lineaazzurrabus.it<\/a>.<\/p>\n<p><strong>&#8220;Natale\u00a0\u00e8 Reale&#8221;<\/strong>, dopo un 2016 di grande successo, torna con un ricchissimo cartellone di eventi che include\u00a0<strong>spettacoli teatral<\/strong>i per adulti e bambini,\u00a0<strong>manifestazioni storiche<\/strong>, il grande\u00a0<strong>presepe meccanico<\/strong>, il\u00a0<strong>mercatino al coperto<\/strong>, la\u00a0<strong>Corte del Gusto<\/strong>, la\u00a0<strong>Casa di Babbo\u00a0Natale<\/strong>,\u00a0<strong>laboratori<\/strong>\u00a0creativi, la mostra dei\u00a0<strong>monumenti in mattoncini Lego\u00ae<\/strong>, e un appuntamento speciale l\u20198\u00a0dicembre\u00a0per la\u00a0<strong>Festa dell\u2019Immacolata<\/strong>.<\/p>\n<p>Ecco il calendario degli\u00a0<strong>eventi principali<\/strong>\u00a0che scandiranno gli appuntamenti del &#8220;Natale\u00a0\u00e8 Reale\u201d:<\/p>\n<ul>\n<li class=\"rtejustify\"><strong>Venerd\u00ec 1 dicembre<\/strong>\u00a0alle ore 11.45: grande\u00a0<strong>inaugurazione della manifestazione<\/strong>\u00a0alla presenza delle autorit\u00e0. Grazie alla collaborazione del Gruppo storico Conte Occelli, interverr\u00e0 anche la Regina Margherita: simbolicamente consegner\u00e0 lo scettro a Babbo\u00a0Natale, dandogli il benvenuto e inaugurando ufficialmente la rassegna.<\/li>\n<li class=\"rtejustify\"><strong>Domenica\u00a03 dicembre<\/strong>, nel suggestivo Cortile dell\u2019Elefante della reggia sabauda,\u00a0<strong>Babbo\u00a0Natale\u00a0incontra i bambini<\/strong>\u00a0per scartare insieme un enorme e misterioso pacco regalo.<\/li>\n<li class=\"rtejustify\"><strong>Venerd\u00ec 8 dicembre<\/strong>\u00a0la Festa dell\u2019Immacolata sar\u00e0 ricca di sorprese per tutta la famiglia. Alle ore 11.45 andr\u00e0 in scena\u00a0<strong>\u201cChristmas Love \u2013 Il messaggio di\u00a0Natale\u201d<\/strong>. Il cielo di Stupinigi si riempir\u00e0 di palloncini colorati con i desideri dei bambini e il loro messaggio d\u2019amore per un mondo migliore.<\/li>\n<li class=\"rtejustify\"><strong>Domenica\u00a010 dicembre<\/strong>\u00a0sar\u00e0 dedicata ai\u00a0<strong>festeggiamenti storici<\/strong>. Durante la giornata sar\u00e0 presente il gruppo storico Conte Occelli di Nichelino per rivivere scene natalizie del passato, ambientate nelle regali stanze del museo della Palazzina e nelle Citroniere, con la Regina e la sua corte.<\/li>\n<\/ul>\n<p class=\"rtejustify\">Per tutti gli altri\u00a0<strong>eventi in rassegna<\/strong>\u00a0e per\u00a0<strong>restare aggiornati<\/strong>\u00a0sul mondo di \u201cNatale\u00a0\u00e8 Reale\u201d visitate il sito\u00a0<a href=\"http:\/\/www.natalereale.it\/\" target=\"_blank\" rel=\"noopener\">www.natalereale.it<\/a>\u00a0o scrivete a\u00a0info@natalereale.it.<\/p>\n<\/div>\n<\/div>\n<\/div>\n","protected":false},"excerpt":{"rendered":"<p>Natale\u00a0\u00e8 alle porte, siete pronti a festeggiare in grande stile la festa pi\u00f9 attesa e meravigliosa dell\u2019anno?\u00a0Linea Azzurra, azienda leader nel\u00a0noleggio bus a Torino e Milano, \u00e8\u00a0\u00a0sponsor del \u201cNatale\u00a0\u00e8 Reale\u201d, l\u2019evento organizzato\u00a0dal 1\u00b0 al\u00a010 dicembre 2017\u00a0nella spettacolare cornice della\u00a0Palazzina di Caccia di Stupinigi\u00a0da Editori Il Risveglio con il patrocinio della Regione Piemonte, Torino Metropolitana e Citt\u00e0 di Nichelino. Segnaliamo a tutte le persone interessate a partecipare\u00a0che,\u00a0per rendere pi\u00f9 accessibile l\u2019evento\u00a0a<\/p>\n<p><a class=\"continue-reading\" href=\"https:\/\/www.article-marketing.eu\/comunicatistampa\/natale-reale-bus-noleggio-linea-azzurra\/\">Continue reading&#8230;<\/a><\/p>\n","protected":false},"author":267,"featured_media":0,"comment_status":"open","ping_status":"open","sticky":false,"template":"","format":"standard","meta":{"_monsterinsights_skip_tracking":false,"_monsterinsights_sitenote_active":false,"_monsterinsights_sitenote_note":"","_monsterinsights_sitenote_category":0,"footnotes":""},"categories":[392],"tags":[3013,2937,2936],"class_list":["post-7088","post","type-post","status-publish","format-standard","hentry","category-eventi","tag-noleggio-bus","tag-noleggio-bus-milano","tag-noleggio-bus-torino"],"yoast_head":"<!-- This site is optimized with the Yoast SEO plugin v27.3 - https:\/\/yoast.com\/product\/yoast-seo-wordpress\/ -->\n<title>Il Natale \u00e8 Reale con i bus a noleggio Linea Azzurra | Linea Azzurra<\/title>\n<meta name=\"description\" content=\"Linea Azzurra \u00e8 sponsor del \u201cNatale \u00e8 Reale\u201d, la grande kermesse in scena dal 1\u00b0 al 10 dicembre 2017 presso la Palazzina di Caccia di Stupinigi.\" \/>\n<meta name=\"robots\" content=\"index, follow, max-snippet:-1, max-image-preview:large, max-video-preview:-1\" \/>\n<link rel=\"canonical\" href=\"https:\/\/www.article-marketing.eu\/comunicatistampa\/natale-reale-bus-noleggio-linea-azzurra\/\" \/>\n<meta property=\"og:locale\" content=\"it_IT\" \/>\n<meta property=\"og:type\" content=\"article\" \/>\n<meta property=\"og:title\" content=\"Il Natale \u00e8 Reale con i bus a noleggio Linea Azzurra | Linea Azzurra\" \/>\n<meta property=\"og:description\" content=\"Linea Azzurra \u00e8 sponsor del \u201cNatale \u00e8 Reale\u201d, la grande kermesse in scena dal 1\u00b0 al 10 dicembre 2017 presso la Palazzina di Caccia di Stupinigi.\" \/>\n<meta property=\"og:url\" content=\"https:\/\/www.article-marketing.eu\/comunicatistampa\/natale-reale-bus-noleggio-linea-azzurra\/\" \/>\n<meta property=\"og:site_name\" content=\"Article Marketing\" \/>\n<meta property=\"article:published_time\" content=\"2017-11-21T19:58:38+00:00\" \/>\n<meta property=\"og:image\" content=\"http:\/\/www.lineaazzurrabus.com\/sites\/default\/files\/styles\/blog_760x442\/public\/natale-reale-linea-azzurra-bus.png?itok=tHL4A9cU\" \/>\n<meta name=\"author\" content=\"Francesco Rigoni\" \/>\n<meta name=\"twitter:card\" content=\"summary_large_image\" \/>\n<meta name=\"twitter:label1\" content=\"Scritto da\" \/>\n\t<meta name=\"twitter:data1\" content=\"Francesco Rigoni\" \/>\n\t<meta name=\"twitter:label2\" content=\"Tempo di lettura stimato\" \/>\n\t<meta name=\"twitter:data2\" content=\"2 minuti\" \/>\n<script type=\"application\/ld+json\" class=\"yoast-schema-graph\">{\"@context\":\"https:\\\/\\\/schema.org\",\"@graph\":[{\"@type\":\"Article\",\"@id\":\"https:\\\/\\\/www.article-marketing.eu\\\/comunicatistampa\\\/natale-reale-bus-noleggio-linea-azzurra\\\/#article\",\"isPartOf\":{\"@id\":\"https:\\\/\\\/www.article-marketing.eu\\\/comunicatistampa\\\/natale-reale-bus-noleggio-linea-azzurra\\\/\"},\"author\":{\"name\":\"Francesco Rigoni\",\"@id\":\"https:\\\/\\\/www.article-marketing.eu\\\/comunicatistampa\\\/#\\\/schema\\\/person\\\/feee5fa8dbe0f862a73b67e70c24acd8\"},\"headline\":\"Il Natale \u00e8 reale con i bus a noleggio Linea Azzurra\",\"datePublished\":\"2017-11-21T19:58:38+00:00\",\"mainEntityOfPage\":{\"@id\":\"https:\\\/\\\/www.article-marketing.eu\\\/comunicatistampa\\\/natale-reale-bus-noleggio-linea-azzurra\\\/\"},\"wordCount\":373,\"commentCount\":0,\"image\":{\"@id\":\"https:\\\/\\\/www.article-marketing.eu\\\/comunicatistampa\\\/natale-reale-bus-noleggio-linea-azzurra\\\/#primaryimage\"},\"thumbnailUrl\":\"http:\\\/\\\/www.lineaazzurrabus.com\\\/sites\\\/default\\\/files\\\/styles\\\/blog_760x442\\\/public\\\/natale-reale-linea-azzurra-bus.png?itok=tHL4A9cU\",\"keywords\":[\"noleggio bus\",\"noleggio bus milano\",\"noleggio bus torino\"],\"articleSection\":[\"Eventi\"],\"inLanguage\":\"it-IT\",\"potentialAction\":[{\"@type\":\"CommentAction\",\"name\":\"Comment\",\"target\":[\"https:\\\/\\\/www.article-marketing.eu\\\/comunicatistampa\\\/natale-reale-bus-noleggio-linea-azzurra\\\/#respond\"]}]},{\"@type\":\"WebPage\",\"@id\":\"https:\\\/\\\/www.article-marketing.eu\\\/comunicatistampa\\\/natale-reale-bus-noleggio-linea-azzurra\\\/\",\"url\":\"https:\\\/\\\/www.article-marketing.eu\\\/comunicatistampa\\\/natale-reale-bus-noleggio-linea-azzurra\\\/\",\"name\":\"Il Natale \u00e8 Reale con i bus a noleggio Linea Azzurra | Linea Azzurra\",\"isPartOf\":{\"@id\":\"https:\\\/\\\/www.article-marketing.eu\\\/comunicatistampa\\\/#website\"},\"primaryImageOfPage\":{\"@id\":\"https:\\\/\\\/www.article-marketing.eu\\\/comunicatistampa\\\/natale-reale-bus-noleggio-linea-azzurra\\\/#primaryimage\"},\"image\":{\"@id\":\"https:\\\/\\\/www.article-marketing.eu\\\/comunicatistampa\\\/natale-reale-bus-noleggio-linea-azzurra\\\/#primaryimage\"},\"thumbnailUrl\":\"http:\\\/\\\/www.lineaazzurrabus.com\\\/sites\\\/default\\\/files\\\/styles\\\/blog_760x442\\\/public\\\/natale-reale-linea-azzurra-bus.png?itok=tHL4A9cU\",\"datePublished\":\"2017-11-21T19:58:38+00:00\",\"author\":{\"@id\":\"https:\\\/\\\/www.article-marketing.eu\\\/comunicatistampa\\\/#\\\/schema\\\/person\\\/feee5fa8dbe0f862a73b67e70c24acd8\"},\"description\":\"Linea Azzurra \u00e8 sponsor del \u201cNatale \u00e8 Reale\u201d, la grande kermesse in scena dal 1\u00b0 al 10 dicembre 2017 presso la Palazzina di Caccia di Stupinigi.\",\"breadcrumb\":{\"@id\":\"https:\\\/\\\/www.article-marketing.eu\\\/comunicatistampa\\\/natale-reale-bus-noleggio-linea-azzurra\\\/#breadcrumb\"},\"inLanguage\":\"it-IT\",\"potentialAction\":[{\"@type\":\"ReadAction\",\"target\":[\"https:\\\/\\\/www.article-marketing.eu\\\/comunicatistampa\\\/natale-reale-bus-noleggio-linea-azzurra\\\/\"]}]},{\"@type\":\"ImageObject\",\"inLanguage\":\"it-IT\",\"@id\":\"https:\\\/\\\/www.article-marketing.eu\\\/comunicatistampa\\\/natale-reale-bus-noleggio-linea-azzurra\\\/#primaryimage\",\"url\":\"http:\\\/\\\/www.lineaazzurrabus.com\\\/sites\\\/default\\\/files\\\/styles\\\/blog_760x442\\\/public\\\/natale-reale-linea-azzurra-bus.png?itok=tHL4A9cU\",\"contentUrl\":\"http:\\\/\\\/www.lineaazzurrabus.com\\\/sites\\\/default\\\/files\\\/styles\\\/blog_760x442\\\/public\\\/natale-reale-linea-azzurra-bus.png?itok=tHL4A9cU\"},{\"@type\":\"BreadcrumbList\",\"@id\":\"https:\\\/\\\/www.article-marketing.eu\\\/comunicatistampa\\\/natale-reale-bus-noleggio-linea-azzurra\\\/#breadcrumb\",\"itemListElement\":[{\"@type\":\"ListItem\",\"position\":1,\"name\":\"Home\",\"item\":\"https:\\\/\\\/www.article-marketing.eu\\\/comunicatistampa\\\/\"},{\"@type\":\"ListItem\",\"position\":2,\"name\":\"Il Natale \u00e8 reale con i bus a noleggio Linea Azzurra\"}]},{\"@type\":\"WebSite\",\"@id\":\"https:\\\/\\\/www.article-marketing.eu\\\/comunicatistampa\\\/#website\",\"url\":\"https:\\\/\\\/www.article-marketing.eu\\\/comunicatistampa\\\/\",\"name\":\"Article Marketing\",\"description\":\"article marketing &amp; press release\",\"potentialAction\":[{\"@type\":\"SearchAction\",\"target\":{\"@type\":\"EntryPoint\",\"urlTemplate\":\"https:\\\/\\\/www.article-marketing.eu\\\/comunicatistampa\\\/?s={search_term_string}\"},\"query-input\":{\"@type\":\"PropertyValueSpecification\",\"valueRequired\":true,\"valueName\":\"search_term_string\"}}],\"inLanguage\":\"it-IT\"},{\"@type\":\"Person\",\"@id\":\"https:\\\/\\\/www.article-marketing.eu\\\/comunicatistampa\\\/#\\\/schema\\\/person\\\/feee5fa8dbe0f862a73b67e70c24acd8\",\"name\":\"Francesco Rigoni\",\"image\":{\"@type\":\"ImageObject\",\"inLanguage\":\"it-IT\",\"@id\":\"https:\\\/\\\/secure.gravatar.com\\\/avatar\\\/9a27a75a8c1c70bd346abb2b29015bc6bf22f817c1b0dde8031a9774461b60d5?s=96&d=mm&r=g\",\"url\":\"https:\\\/\\\/secure.gravatar.com\\\/avatar\\\/9a27a75a8c1c70bd346abb2b29015bc6bf22f817c1b0dde8031a9774461b60d5?s=96&d=mm&r=g\",\"contentUrl\":\"https:\\\/\\\/secure.gravatar.com\\\/avatar\\\/9a27a75a8c1c70bd346abb2b29015bc6bf22f817c1b0dde8031a9774461b60d5?s=96&d=mm&r=g\",\"caption\":\"Francesco Rigoni\"},\"url\":\"https:\\\/\\\/www.article-marketing.eu\\\/comunicatistampa\\\/author\\\/francesco-rigoni\\\/\"}]}<\/script>\n<!-- \/ Yoast SEO plugin. -->","yoast_head_json":{"title":"Il Natale \u00e8 Reale con i bus a noleggio Linea Azzurra | Linea Azzurra","description":"Linea Azzurra \u00e8 sponsor del \u201cNatale \u00e8 Reale\u201d, la grande kermesse in scena dal 1\u00b0 al 10 dicembre 2017 presso la Palazzina di Caccia di Stupinigi.","robots":{"index":"index","follow":"follow","max-snippet":"max-snippet:-1","max-image-preview":"max-image-preview:large","max-video-preview":"max-video-preview:-1"},"canonical":"https:\/\/www.article-marketing.eu\/comunicatistampa\/natale-reale-bus-noleggio-linea-azzurra\/","og_locale":"it_IT","og_type":"article","og_title":"Il Natale \u00e8 Reale con i bus a noleggio Linea Azzurra | Linea Azzurra","og_description":"Linea Azzurra \u00e8 sponsor del \u201cNatale \u00e8 Reale\u201d, la grande kermesse in scena dal 1\u00b0 al 10 dicembre 2017 presso la Palazzina di Caccia di Stupinigi.","og_url":"https:\/\/www.article-marketing.eu\/comunicatistampa\/natale-reale-bus-noleggio-linea-azzurra\/","og_site_name":"Article Marketing","article_published_time":"2017-11-21T19:58:38+00:00","og_image":[{"url":"http:\/\/www.lineaazzurrabus.com\/sites\/default\/files\/styles\/blog_760x442\/public\/natale-reale-linea-azzurra-bus.png?itok=tHL4A9cU","type":"","width":"","height":""}],"author":"Francesco Rigoni","twitter_card":"summary_large_image","twitter_misc":{"Scritto da":"Francesco Rigoni","Tempo di lettura stimato":"2 minuti"},"schema":{"@context":"https:\/\/schema.org","@graph":[{"@type":"Article","@id":"https:\/\/www.article-marketing.eu\/comunicatistampa\/natale-reale-bus-noleggio-linea-azzurra\/#article","isPartOf":{"@id":"https:\/\/www.article-marketing.eu\/comunicatistampa\/natale-reale-bus-noleggio-linea-azzurra\/"},"author":{"name":"Francesco Rigoni","@id":"https:\/\/www.article-marketing.eu\/comunicatistampa\/#\/schema\/person\/feee5fa8dbe0f862a73b67e70c24acd8"},"headline":"Il Natale \u00e8 reale con i bus a noleggio Linea Azzurra","datePublished":"2017-11-21T19:58:38+00:00","mainEntityOfPage":{"@id":"https:\/\/www.article-marketing.eu\/comunicatistampa\/natale-reale-bus-noleggio-linea-azzurra\/"},"wordCount":373,"commentCount":0,"image":{"@id":"https:\/\/www.article-marketing.eu\/comunicatistampa\/natale-reale-bus-noleggio-linea-azzurra\/#primaryimage"},"thumbnailUrl":"http:\/\/www.lineaazzurrabus.com\/sites\/default\/files\/styles\/blog_760x442\/public\/natale-reale-linea-azzurra-bus.png?itok=tHL4A9cU","keywords":["noleggio bus","noleggio bus milano","noleggio bus torino"],"articleSection":["Eventi"],"inLanguage":"it-IT","potentialAction":[{"@type":"CommentAction","name":"Comment","target":["https:\/\/www.article-marketing.eu\/comunicatistampa\/natale-reale-bus-noleggio-linea-azzurra\/#respond"]}]},{"@type":"WebPage","@id":"https:\/\/www.article-marketing.eu\/comunicatistampa\/natale-reale-bus-noleggio-linea-azzurra\/","url":"https:\/\/www.article-marketing.eu\/comunicatistampa\/natale-reale-bus-noleggio-linea-azzurra\/","name":"Il Natale \u00e8 Reale con i bus a noleggio Linea Azzurra | Linea Azzurra","isPartOf":{"@id":"https:\/\/www.article-marketing.eu\/comunicatistampa\/#website"},"primaryImageOfPage":{"@id":"https:\/\/www.article-marketing.eu\/comunicatistampa\/natale-reale-bus-noleggio-linea-azzurra\/#primaryimage"},"image":{"@id":"https:\/\/www.article-marketing.eu\/comunicatistampa\/natale-reale-bus-noleggio-linea-azzurra\/#primaryimage"},"thumbnailUrl":"http:\/\/www.lineaazzurrabus.com\/sites\/default\/files\/styles\/blog_760x442\/public\/natale-reale-linea-azzurra-bus.png?itok=tHL4A9cU","datePublished":"2017-11-21T19:58:38+00:00","author":{"@id":"https:\/\/www.article-marketing.eu\/comunicatistampa\/#\/schema\/person\/feee5fa8dbe0f862a73b67e70c24acd8"},"description":"Linea Azzurra \u00e8 sponsor del \u201cNatale \u00e8 Reale\u201d, la grande kermesse in scena dal 1\u00b0 al 10 dicembre 2017 presso la Palazzina di Caccia di Stupinigi.","breadcrumb":{"@id":"https:\/\/www.article-marketing.eu\/comunicatistampa\/natale-reale-bus-noleggio-linea-azzurra\/#breadcrumb"},"inLanguage":"it-IT","potentialAction":[{"@type":"ReadAction","target":["https:\/\/www.article-marketing.eu\/comunicatistampa\/natale-reale-bus-noleggio-linea-azzurra\/"]}]},{"@type":"ImageObject","inLanguage":"it-IT","@id":"https:\/\/www.article-marketing.eu\/comunicatistampa\/natale-reale-bus-noleggio-linea-azzurra\/#primaryimage","url":"http:\/\/www.lineaazzurrabus.com\/sites\/default\/files\/styles\/blog_760x442\/public\/natale-reale-linea-azzurra-bus.png?itok=tHL4A9cU","contentUrl":"http:\/\/www.lineaazzurrabus.com\/sites\/default\/files\/styles\/blog_760x442\/public\/natale-reale-linea-azzurra-bus.png?itok=tHL4A9cU"},{"@type":"BreadcrumbList","@id":"https:\/\/www.article-marketing.eu\/comunicatistampa\/natale-reale-bus-noleggio-linea-azzurra\/#breadcrumb","itemListElement":[{"@type":"ListItem","position":1,"name":"Home","item":"https:\/\/www.article-marketing.eu\/comunicatistampa\/"},{"@type":"ListItem","position":2,"name":"Il Natale \u00e8 reale con i bus a noleggio Linea Azzurra"}]},{"@type":"WebSite","@id":"https:\/\/www.article-marketing.eu\/comunicatistampa\/#website","url":"https:\/\/www.article-marketing.eu\/comunicatistampa\/","name":"Article Marketing","description":"article marketing &amp; press release","potentialAction":[{"@type":"SearchAction","target":{"@type":"EntryPoint","urlTemplate":"https:\/\/www.article-marketing.eu\/comunicatistampa\/?s={search_term_string}"},"query-input":{"@type":"PropertyValueSpecification","valueRequired":true,"valueName":"search_term_string"}}],"inLanguage":"it-IT"},{"@type":"Person","@id":"https:\/\/www.article-marketing.eu\/comunicatistampa\/#\/schema\/person\/feee5fa8dbe0f862a73b67e70c24acd8","name":"Francesco Rigoni","image":{"@type":"ImageObject","inLanguage":"it-IT","@id":"https:\/\/secure.gravatar.com\/avatar\/9a27a75a8c1c70bd346abb2b29015bc6bf22f817c1b0dde8031a9774461b60d5?s=96&d=mm&r=g","url":"https:\/\/secure.gravatar.com\/avatar\/9a27a75a8c1c70bd346abb2b29015bc6bf22f817c1b0dde8031a9774461b60d5?s=96&d=mm&r=g","contentUrl":"https:\/\/secure.gravatar.com\/avatar\/9a27a75a8c1c70bd346abb2b29015bc6bf22f817c1b0dde8031a9774461b60d5?s=96&d=mm&r=g","caption":"Francesco Rigoni"},"url":"https:\/\/www.article-marketing.eu\/comunicatistampa\/author\/francesco-rigoni\/"}]}},"_links":{"self":[{"href":"https:\/\/www.article-marketing.eu\/comunicatistampa\/wp-json\/wp\/v2\/posts\/7088","targetHints":{"allow":["GET"]}}],"collection":[{"href":"https:\/\/www.article-marketing.eu\/comunicatistampa\/wp-json\/wp\/v2\/posts"}],"about":[{"href":"https:\/\/www.article-marketing.eu\/comunicatistampa\/wp-json\/wp\/v2\/types\/post"}],"author":[{"embeddable":true,"href":"https:\/\/www.article-marketing.eu\/comunicatistampa\/wp-json\/wp\/v2\/users\/267"}],"replies":[{"embeddable":true,"href":"https:\/\/www.article-marketing.eu\/comunicatistampa\/wp-json\/wp\/v2\/comments?post=7088"}],"version-history":[{"count":3,"href":"https:\/\/www.article-marketing.eu\/comunicatistampa\/wp-json\/wp\/v2\/posts\/7088\/revisions"}],"predecessor-version":[{"id":7162,"href":"https:\/\/www.article-marketing.eu\/comunicatistampa\/wp-json\/wp\/v2\/posts\/7088\/revisions\/7162"}],"wp:attachment":[{"href":"https:\/\/www.article-marketing.eu\/comunicatistampa\/wp-json\/wp\/v2\/media?parent=7088"}],"wp:term":[{"taxonomy":"category","embeddable":true,"href":"https:\/\/www.article-marketing.eu\/comunicatistampa\/wp-json\/wp\/v2\/categories?post=7088"},{"taxonomy":"post_tag","embeddable":true,"href":"https:\/\/www.article-marketing.eu\/comunicatistampa\/wp-json\/wp\/v2\/tags?post=7088"}],"curies":[{"name":"wp","href":"https:\/\/api.w.org\/{rel}","templated":true}]}}