{"id":7172,"date":"2017-11-23T02:03:43","date_gmt":"2017-11-23T01:03:43","guid":{"rendered":"http:\/\/www.article-marketing.eu\/comunicatistampa\/?p=7172"},"modified":"2020-08-10T01:48:01","modified_gmt":"2020-08-09T23:48:01","slug":"eventi-organizzati-roma-capodanno-2018","status":"publish","type":"post","link":"https:\/\/www.article-marketing.eu\/comunicatistampa\/eventi-organizzati-roma-capodanno-2018\/","title":{"rendered":"Eventi organizzati a Roma per capodanno 2018"},"content":{"rendered":"<p>Lo so che molti di voi sono amareggiati perch\u00e9 quest\u2019anno il 1 gennaio 2018 capita di luned\u00ec, giorno odiato da bambini ed adulti dall\u2019alba dei tempi. Scorrendo i social in quest\u2019ultimo periodo non si fa altro che leggere post ironici e divertenti su questo piccolo guaio. \u201cSe iniziamo l\u2019anno di luned\u00ec, immagina come sar\u00e0 il resto\u201d, \u201cil luned\u00ec \u00e8 il giorno pi\u00f9 odiato da tutti e quest\u2019anno inizieremo l\u2019anno cos\u00ec. Bene ma non benissimo\u201d . insomma queste sono alcune delle frasi pi\u00f9 condivise da tantissimi utenti del web che un po\u2019 per disperazione ed un po\u2019 per prenderla a ridere hanno postato sui loro profili social. Per\u00f2 ragazzi, ormai \u00e8 inutile disperarsi, piuttosto trovo sia pi\u00f9 produttivo pensare a qualcosa che vi dia modo di pensare a questo giorno col sorriso.<\/p>\n<p>Ad esempio gi\u00e0 avete in programma qualcosa su come poter trascorrere le ultime ore del 2017? Qualcuno di voi credo che si sia gi\u00e0 organizzato preventivamente, ma non penso che questo sia stato fatto da tutti, per tanto non badate, perch\u00e9 vi suggerir\u00f2 un evento al quale andare, talmente unico che ne parler\u00e0 tutta Roma per i mesi a venire e che sono certa, vivr\u00e0 sempre nei vostri ricordi e non riuscirete a dimenticarlo mai. Quest\u2019anno in occasione dell\u2019inizio anno, ben quattro locali hanno deciso di dar vita a quello che \u00e8 stato chiamato <strong>Capodanno Cosmo: Festival NYE<\/strong>.<\/p>\n<p>I nomi di queste location sono lo Spazio 900, il Room 26, il Salone delle Fontane e il palazzo dei congressi, ingresso con biglietto unico acquistabile online su <a href=\"www.capodannocosmo.it\">www.capodannocosmo.it<\/a>. Durante questa manifestazione del Capodanno Cosmo ci saranno diversi dj di fama nazionale ed internazionale che vi allieter\u00e0 le ore che vi separano dal 2018 come musica techno e house fino alle prime ore della mattina. Ammettetelo che siete curiosi di sapere chi sono questi artisti.<\/p>\n<p>Ok, sto parlando di <strong>Chris Liebing, Ilario Alicante, Len Faki, Loco Dice, Marco Faraone, Nastia, Peggy Gou, Sam Paganini <\/strong>e tantissimi altri nomi, che si alterneranno senza sosta per farvi divertire e scatenare sulla pista da ballo. Immaginate a quante persone nuove potreste conoscere e magari iniziare il nuovo anno, con un futuro amore, chiss\u00e0\u2026 Il destino rivela sempre meravigliose sorprese. Mettendo un attimo da parte la sfera emotiva, torniamo all\u2019aspetto legato strettamente all\u2019organizzazione e ad alcuni dettagli di questo meraviglioso evento. Non pensate che riuscire a radunare cos\u00ec tanti nomi e per di pi\u00f9 del panorama internazionale sia una cosa facile e che magari potrete glissare con la solita frase: \u201cvabb\u00e9, sar\u00e0 per la prossima volta\u201d. Se siete a Roma in quei giorni non potete per nessuna ragione al mondo rinunciare a partecipare al Capodanno Cosmo, oltre che per la sua unicit\u00e0, anche perch\u00e9 parlando pi\u00f9 strettamente in termini economici, l\u2019ingresso ai quattro \u00a0locali \u00e8 solo di 50\u20ac mentre se volete tavolo e champagne non dovrete far altro che chiedere informazioni agli organizzatori della serata, che saranno ben lieti di aiutarvi. Non dovrete far altro che riunire i vostri migliori amici e prenotare, avanti!<\/p>\n","protected":false},"excerpt":{"rendered":"<p>Lo so che molti di voi sono amareggiati perch\u00e9 quest\u2019anno il 1 gennaio 2018 capita di luned\u00ec, giorno odiato da bambini ed adulti dall\u2019alba dei tempi. Scorrendo i social in quest\u2019ultimo periodo non si fa altro che leggere post ironici e divertenti su questo piccolo guaio. \u201cSe iniziamo l\u2019anno di luned\u00ec, immagina come sar\u00e0 il resto\u201d, \u201cil luned\u00ec \u00e8 il giorno pi\u00f9 odiato da tutti e quest\u2019anno inizieremo l\u2019anno cos\u00ec.<\/p>\n<p><a class=\"continue-reading\" href=\"https:\/\/www.article-marketing.eu\/comunicatistampa\/eventi-organizzati-roma-capodanno-2018\/\">Continue reading&#8230;<\/a><\/p>\n","protected":false},"author":17,"featured_media":0,"comment_status":"open","ping_status":"open","sticky":false,"template":"","format":"standard","meta":{"_monsterinsights_skip_tracking":false,"_monsterinsights_sitenote_active":false,"_monsterinsights_sitenote_note":"","_monsterinsights_sitenote_category":0,"footnotes":""},"categories":[78],"tags":[],"class_list":["post-7172","post","type-post","status-publish","format-standard","hentry","category-comunicati-stampa"],"yoast_head":"<!-- This site is optimized with the Yoast SEO plugin v27.3 - https:\/\/yoast.com\/product\/yoast-seo-wordpress\/ -->\n<title>Eventi organizzati a Roma per capodanno 2018 - Article Marketing<\/title>\n<meta name=\"robots\" content=\"index, follow, max-snippet:-1, max-image-preview:large, max-video-preview:-1\" \/>\n<link rel=\"canonical\" href=\"https:\/\/www.article-marketing.eu\/comunicatistampa\/eventi-organizzati-roma-capodanno-2018\/\" \/>\n<meta property=\"og:locale\" content=\"it_IT\" \/>\n<meta property=\"og:type\" content=\"article\" \/>\n<meta property=\"og:title\" content=\"Eventi organizzati a Roma per capodanno 2018 - Article Marketing\" \/>\n<meta property=\"og:description\" content=\"Lo so che molti di voi sono amareggiati perch\u00e9 quest\u2019anno il 1 gennaio 2018 capita di luned\u00ec, giorno odiato da bambini ed adulti dall\u2019alba dei tempi. Scorrendo i social in quest\u2019ultimo periodo non si fa altro che leggere post ironici e divertenti su questo piccolo guaio. \u201cSe iniziamo l\u2019anno di luned\u00ec, immagina come sar\u00e0 il resto\u201d, \u201cil luned\u00ec \u00e8 il giorno pi\u00f9 odiato da tutti e quest\u2019anno inizieremo l\u2019anno cos\u00ec.Continue reading...\" \/>\n<meta property=\"og:url\" content=\"https:\/\/www.article-marketing.eu\/comunicatistampa\/eventi-organizzati-roma-capodanno-2018\/\" \/>\n<meta property=\"og:site_name\" content=\"Article Marketing\" \/>\n<meta property=\"article:published_time\" content=\"2017-11-23T01:03:43+00:00\" \/>\n<meta property=\"article:modified_time\" content=\"2020-08-09T23:48:01+00:00\" \/>\n<meta name=\"author\" content=\"xonex\" \/>\n<meta name=\"twitter:card\" content=\"summary_large_image\" \/>\n<meta name=\"twitter:label1\" content=\"Scritto da\" \/>\n\t<meta name=\"twitter:data1\" content=\"xonex\" \/>\n\t<meta name=\"twitter:label2\" content=\"Tempo di lettura stimato\" \/>\n\t<meta name=\"twitter:data2\" content=\"3 minuti\" \/>\n<script type=\"application\/ld+json\" class=\"yoast-schema-graph\">{\"@context\":\"https:\\\/\\\/schema.org\",\"@graph\":[{\"@type\":\"Article\",\"@id\":\"https:\\\/\\\/www.article-marketing.eu\\\/comunicatistampa\\\/eventi-organizzati-roma-capodanno-2018\\\/#article\",\"isPartOf\":{\"@id\":\"https:\\\/\\\/www.article-marketing.eu\\\/comunicatistampa\\\/eventi-organizzati-roma-capodanno-2018\\\/\"},\"author\":{\"name\":\"xonex\",\"@id\":\"https:\\\/\\\/www.article-marketing.eu\\\/comunicatistampa\\\/#\\\/schema\\\/person\\\/777be235e74de2fc633a126d858498ce\"},\"headline\":\"Eventi organizzati a Roma per capodanno 2018\",\"datePublished\":\"2017-11-23T01:03:43+00:00\",\"dateModified\":\"2020-08-09T23:48:01+00:00\",\"mainEntityOfPage\":{\"@id\":\"https:\\\/\\\/www.article-marketing.eu\\\/comunicatistampa\\\/eventi-organizzati-roma-capodanno-2018\\\/\"},\"wordCount\":506,\"commentCount\":0,\"articleSection\":[\"Comunicati stampa\"],\"inLanguage\":\"it-IT\",\"potentialAction\":[{\"@type\":\"CommentAction\",\"name\":\"Comment\",\"target\":[\"https:\\\/\\\/www.article-marketing.eu\\\/comunicatistampa\\\/eventi-organizzati-roma-capodanno-2018\\\/#respond\"]}]},{\"@type\":\"WebPage\",\"@id\":\"https:\\\/\\\/www.article-marketing.eu\\\/comunicatistampa\\\/eventi-organizzati-roma-capodanno-2018\\\/\",\"url\":\"https:\\\/\\\/www.article-marketing.eu\\\/comunicatistampa\\\/eventi-organizzati-roma-capodanno-2018\\\/\",\"name\":\"Eventi organizzati a Roma per capodanno 2018 - Article Marketing\",\"isPartOf\":{\"@id\":\"https:\\\/\\\/www.article-marketing.eu\\\/comunicatistampa\\\/#website\"},\"datePublished\":\"2017-11-23T01:03:43+00:00\",\"dateModified\":\"2020-08-09T23:48:01+00:00\",\"author\":{\"@id\":\"https:\\\/\\\/www.article-marketing.eu\\\/comunicatistampa\\\/#\\\/schema\\\/person\\\/777be235e74de2fc633a126d858498ce\"},\"breadcrumb\":{\"@id\":\"https:\\\/\\\/www.article-marketing.eu\\\/comunicatistampa\\\/eventi-organizzati-roma-capodanno-2018\\\/#breadcrumb\"},\"inLanguage\":\"it-IT\",\"potentialAction\":[{\"@type\":\"ReadAction\",\"target\":[\"https:\\\/\\\/www.article-marketing.eu\\\/comunicatistampa\\\/eventi-organizzati-roma-capodanno-2018\\\/\"]}]},{\"@type\":\"BreadcrumbList\",\"@id\":\"https:\\\/\\\/www.article-marketing.eu\\\/comunicatistampa\\\/eventi-organizzati-roma-capodanno-2018\\\/#breadcrumb\",\"itemListElement\":[{\"@type\":\"ListItem\",\"position\":1,\"name\":\"Home\",\"item\":\"https:\\\/\\\/www.article-marketing.eu\\\/comunicatistampa\\\/\"},{\"@type\":\"ListItem\",\"position\":2,\"name\":\"Eventi organizzati a Roma per capodanno 2018\"}]},{\"@type\":\"WebSite\",\"@id\":\"https:\\\/\\\/www.article-marketing.eu\\\/comunicatistampa\\\/#website\",\"url\":\"https:\\\/\\\/www.article-marketing.eu\\\/comunicatistampa\\\/\",\"name\":\"Article Marketing\",\"description\":\"article marketing &amp; press release\",\"potentialAction\":[{\"@type\":\"SearchAction\",\"target\":{\"@type\":\"EntryPoint\",\"urlTemplate\":\"https:\\\/\\\/www.article-marketing.eu\\\/comunicatistampa\\\/?s={search_term_string}\"},\"query-input\":{\"@type\":\"PropertyValueSpecification\",\"valueRequired\":true,\"valueName\":\"search_term_string\"}}],\"inLanguage\":\"it-IT\"},{\"@type\":\"Person\",\"@id\":\"https:\\\/\\\/www.article-marketing.eu\\\/comunicatistampa\\\/#\\\/schema\\\/person\\\/777be235e74de2fc633a126d858498ce\",\"name\":\"xonex\",\"image\":{\"@type\":\"ImageObject\",\"inLanguage\":\"it-IT\",\"@id\":\"https:\\\/\\\/secure.gravatar.com\\\/avatar\\\/82168acef85e03a9cc583e93f9ffa741a008bc3b16cb87c92df9936c8fc300d9?s=96&d=mm&r=g\",\"url\":\"https:\\\/\\\/secure.gravatar.com\\\/avatar\\\/82168acef85e03a9cc583e93f9ffa741a008bc3b16cb87c92df9936c8fc300d9?s=96&d=mm&r=g\",\"contentUrl\":\"https:\\\/\\\/secure.gravatar.com\\\/avatar\\\/82168acef85e03a9cc583e93f9ffa741a008bc3b16cb87c92df9936c8fc300d9?s=96&d=mm&r=g\",\"caption\":\"xonex\"},\"url\":\"https:\\\/\\\/www.article-marketing.eu\\\/comunicatistampa\\\/author\\\/xonex\\\/\"}]}<\/script>\n<!-- \/ Yoast SEO plugin. -->","yoast_head_json":{"title":"Eventi organizzati a Roma per capodanno 2018 - Article Marketing","robots":{"index":"index","follow":"follow","max-snippet":"max-snippet:-1","max-image-preview":"max-image-preview:large","max-video-preview":"max-video-preview:-1"},"canonical":"https:\/\/www.article-marketing.eu\/comunicatistampa\/eventi-organizzati-roma-capodanno-2018\/","og_locale":"it_IT","og_type":"article","og_title":"Eventi organizzati a Roma per capodanno 2018 - Article Marketing","og_description":"Lo so che molti di voi sono amareggiati perch\u00e9 quest\u2019anno il 1 gennaio 2018 capita di luned\u00ec, giorno odiato da bambini ed adulti dall\u2019alba dei tempi. Scorrendo i social in quest\u2019ultimo periodo non si fa altro che leggere post ironici e divertenti su questo piccolo guaio. \u201cSe iniziamo l\u2019anno di luned\u00ec, immagina come sar\u00e0 il resto\u201d, \u201cil luned\u00ec \u00e8 il giorno pi\u00f9 odiato da tutti e quest\u2019anno inizieremo l\u2019anno cos\u00ec.Continue reading...","og_url":"https:\/\/www.article-marketing.eu\/comunicatistampa\/eventi-organizzati-roma-capodanno-2018\/","og_site_name":"Article Marketing","article_published_time":"2017-11-23T01:03:43+00:00","article_modified_time":"2020-08-09T23:48:01+00:00","author":"xonex","twitter_card":"summary_large_image","twitter_misc":{"Scritto da":"xonex","Tempo di lettura stimato":"3 minuti"},"schema":{"@context":"https:\/\/schema.org","@graph":[{"@type":"Article","@id":"https:\/\/www.article-marketing.eu\/comunicatistampa\/eventi-organizzati-roma-capodanno-2018\/#article","isPartOf":{"@id":"https:\/\/www.article-marketing.eu\/comunicatistampa\/eventi-organizzati-roma-capodanno-2018\/"},"author":{"name":"xonex","@id":"https:\/\/www.article-marketing.eu\/comunicatistampa\/#\/schema\/person\/777be235e74de2fc633a126d858498ce"},"headline":"Eventi organizzati a Roma per capodanno 2018","datePublished":"2017-11-23T01:03:43+00:00","dateModified":"2020-08-09T23:48:01+00:00","mainEntityOfPage":{"@id":"https:\/\/www.article-marketing.eu\/comunicatistampa\/eventi-organizzati-roma-capodanno-2018\/"},"wordCount":506,"commentCount":0,"articleSection":["Comunicati stampa"],"inLanguage":"it-IT","potentialAction":[{"@type":"CommentAction","name":"Comment","target":["https:\/\/www.article-marketing.eu\/comunicatistampa\/eventi-organizzati-roma-capodanno-2018\/#respond"]}]},{"@type":"WebPage","@id":"https:\/\/www.article-marketing.eu\/comunicatistampa\/eventi-organizzati-roma-capodanno-2018\/","url":"https:\/\/www.article-marketing.eu\/comunicatistampa\/eventi-organizzati-roma-capodanno-2018\/","name":"Eventi organizzati a Roma per capodanno 2018 - Article Marketing","isPartOf":{"@id":"https:\/\/www.article-marketing.eu\/comunicatistampa\/#website"},"datePublished":"2017-11-23T01:03:43+00:00","dateModified":"2020-08-09T23:48:01+00:00","author":{"@id":"https:\/\/www.article-marketing.eu\/comunicatistampa\/#\/schema\/person\/777be235e74de2fc633a126d858498ce"},"breadcrumb":{"@id":"https:\/\/www.article-marketing.eu\/comunicatistampa\/eventi-organizzati-roma-capodanno-2018\/#breadcrumb"},"inLanguage":"it-IT","potentialAction":[{"@type":"ReadAction","target":["https:\/\/www.article-marketing.eu\/comunicatistampa\/eventi-organizzati-roma-capodanno-2018\/"]}]},{"@type":"BreadcrumbList","@id":"https:\/\/www.article-marketing.eu\/comunicatistampa\/eventi-organizzati-roma-capodanno-2018\/#breadcrumb","itemListElement":[{"@type":"ListItem","position":1,"name":"Home","item":"https:\/\/www.article-marketing.eu\/comunicatistampa\/"},{"@type":"ListItem","position":2,"name":"Eventi organizzati a Roma per capodanno 2018"}]},{"@type":"WebSite","@id":"https:\/\/www.article-marketing.eu\/comunicatistampa\/#website","url":"https:\/\/www.article-marketing.eu\/comunicatistampa\/","name":"Article Marketing","description":"article marketing &amp; press release","potentialAction":[{"@type":"SearchAction","target":{"@type":"EntryPoint","urlTemplate":"https:\/\/www.article-marketing.eu\/comunicatistampa\/?s={search_term_string}"},"query-input":{"@type":"PropertyValueSpecification","valueRequired":true,"valueName":"search_term_string"}}],"inLanguage":"it-IT"},{"@type":"Person","@id":"https:\/\/www.article-marketing.eu\/comunicatistampa\/#\/schema\/person\/777be235e74de2fc633a126d858498ce","name":"xonex","image":{"@type":"ImageObject","inLanguage":"it-IT","@id":"https:\/\/secure.gravatar.com\/avatar\/82168acef85e03a9cc583e93f9ffa741a008bc3b16cb87c92df9936c8fc300d9?s=96&d=mm&r=g","url":"https:\/\/secure.gravatar.com\/avatar\/82168acef85e03a9cc583e93f9ffa741a008bc3b16cb87c92df9936c8fc300d9?s=96&d=mm&r=g","contentUrl":"https:\/\/secure.gravatar.com\/avatar\/82168acef85e03a9cc583e93f9ffa741a008bc3b16cb87c92df9936c8fc300d9?s=96&d=mm&r=g","caption":"xonex"},"url":"https:\/\/www.article-marketing.eu\/comunicatistampa\/author\/xonex\/"}]}},"_links":{"self":[{"href":"https:\/\/www.article-marketing.eu\/comunicatistampa\/wp-json\/wp\/v2\/posts\/7172","targetHints":{"allow":["GET"]}}],"collection":[{"href":"https:\/\/www.article-marketing.eu\/comunicatistampa\/wp-json\/wp\/v2\/posts"}],"about":[{"href":"https:\/\/www.article-marketing.eu\/comunicatistampa\/wp-json\/wp\/v2\/types\/post"}],"author":[{"embeddable":true,"href":"https:\/\/www.article-marketing.eu\/comunicatistampa\/wp-json\/wp\/v2\/users\/17"}],"replies":[{"embeddable":true,"href":"https:\/\/www.article-marketing.eu\/comunicatistampa\/wp-json\/wp\/v2\/comments?post=7172"}],"version-history":[{"count":2,"href":"https:\/\/www.article-marketing.eu\/comunicatistampa\/wp-json\/wp\/v2\/posts\/7172\/revisions"}],"predecessor-version":[{"id":7177,"href":"https:\/\/www.article-marketing.eu\/comunicatistampa\/wp-json\/wp\/v2\/posts\/7172\/revisions\/7177"}],"wp:attachment":[{"href":"https:\/\/www.article-marketing.eu\/comunicatistampa\/wp-json\/wp\/v2\/media?parent=7172"}],"wp:term":[{"taxonomy":"category","embeddable":true,"href":"https:\/\/www.article-marketing.eu\/comunicatistampa\/wp-json\/wp\/v2\/categories?post=7172"},{"taxonomy":"post_tag","embeddable":true,"href":"https:\/\/www.article-marketing.eu\/comunicatistampa\/wp-json\/wp\/v2\/tags?post=7172"}],"curies":[{"name":"wp","href":"https:\/\/api.w.org\/{rel}","templated":true}]}}