{"id":7175,"date":"2017-11-23T02:04:03","date_gmt":"2017-11-23T01:04:03","guid":{"rendered":"http:\/\/www.article-marketing.eu\/comunicatistampa\/?p=7175"},"modified":"2017-11-23T02:04:03","modified_gmt":"2017-11-23T01:04:03","slug":"milano-claudio-demurtas-presenta-suo-romanzo-chiaro-venere","status":"publish","type":"post","link":"https:\/\/www.article-marketing.eu\/comunicatistampa\/milano-claudio-demurtas-presenta-suo-romanzo-chiaro-venere\/","title":{"rendered":"Milano: Claudio Demurtas presenta il suo romanzo &#8220;Chiaro di Venere&#8221;"},"content":{"rendered":"<p><em>Dopo diversi incontri in varie parti d\u2019Italia, l\u2019autore incontrer\u00e0 i lettori a Milano presso lo Spazio Alda Merini: un tuffo nei meravigliosi anni \u201860<\/em><\/p>\n<p>La Casa delle Arti \u2013 Spazio Alda Merini di Milano invita, domenica 3 dicembre alle ore 19,00, alla presentazione del romanzo Chiaro di Venere (Edizioni EventualMente) di Claudio Demurtas.<br \/>\nL\u2019incontro, coordinato dal poeta Gianfranco Carpine, vedr\u00e0 la presenza dell\u2019attore e cabarettista Roberto Brivio, del comico Enrico Beruschi, del regista e poeta Alessandro Quasimodo, e del fotografo Massimo Mormile. Saranno presenti l\u2019autore e l\u2019attrice Stefania Biondi, che legger\u00e0 alcuni brani tratti dal libro.<\/p>\n<p>Chiaro di Venere \u00e8 un romanzo dalla particolare qualit\u00e0 narrativa e virtuosismo stilistico. Ambientato negli anni \u201960, narra la storia di Federico Nemis, uno studente di Legge dall\u2019animo irrequieto e sognatore, alla continua ricerca di dare un senso alla vita e di realizzarsi in campo professionale e affettivo. La sua vita \u00e8 allo sbando: la voglia di studiare \u00e8 scomparsa cos\u00ec come la sua fiducia verso le donne. Tutto cambia per\u00f2 quando gli viene affidata la cattedra di insegnante in uno sperduto paesino della Sardegna. Federico ama infatti stare con i ragazzi, e vede in questo lavoro anche l\u2019opportunit\u00e0 di rendersi finalmente indipendente e di comprare la prima Seicento.<\/p>\n<p>L\u2019iniziale indifferenza a tematiche politiche, sociali e religiose lascia cos\u00ec finalmente spazio a un percorso di formazione e di crescita anche grazie all\u2019incontro con don Marino, un prete contestatore, e Luisella, una matricola della facolt\u00e0 di giurisprudenza che proviene da un ambiente sociale operaio molto diverso da quello di Federico, con cui sosterr\u00e0 accese discussioni politiche. L\u2019amore con la giovane non sboccer\u00e0 mai del tutto, e lui si accorger\u00e0 di tenere a lei solo una volta sciolto il loro rapporto.<\/p>\n<p>Con questo romanzo d\u2019esordio narrato in modo ricco, talentuoso e talvolta ironico, Demurtas filma una condizione umana pi\u00f9 vasta con descrizioni minuziose, personaggi che si incontrano, si perdono e si ritrovano, emozioni, digressioni ragionate su liberalismo e comunismo, religione e religiosit\u00e0, che fanno riflettere sul modo in cui ognuno trova la propria strada e supera le proprie paure e incertezze.<\/p>\n<p>Claudio Demurtas nasce in provincia di Sassari, ma vive tra Palermo e Carbonia, dove viene a contatto con culture portatrici di diversi valori fondamentali nella sua formazione e attivit\u00e0 di scrittore. Trasferitosi a Cagliari, si laurea in Giurisprudenza e diviene assistente nel corso di Istituzioni di Diritto Romano. Ben presto assume la docenza nella scuola media, dove insegna Diritto ed Economia Politica per pi\u00f9 di 40 anni.<\/p>\n<p>3 dicembre ore 19,00<br \/>\nCasa delle Arti \u2013 Spazio Alda Merini<br \/>\nMilano \u2013 Via Magolfa, 32<\/p>\n<p>Ufficio stampa<br \/>\nGiro di Parole \u2013 divisione di Metaphor<br \/>\nmedia@girodiparole.it<\/p>\n<p>Edizioni EventualMente<br \/>\nTel. 333 5025424<br \/>\ninfo@edizionieventualmente.it<br \/>\nwww.edizionieventualmente.it<\/p>\n","protected":false},"excerpt":{"rendered":"<p>Dopo diversi incontri in varie parti d\u2019Italia, l\u2019autore incontrer\u00e0 i lettori a Milano presso lo Spazio Alda Merini: un tuffo nei meravigliosi anni \u201860 La Casa delle Arti \u2013 Spazio Alda Merini di Milano invita, domenica 3 dicembre alle ore 19,00, alla presentazione del romanzo Chiaro di Venere (Edizioni EventualMente) di Claudio Demurtas. L\u2019incontro, coordinato dal poeta Gianfranco Carpine, vedr\u00e0 la presenza dell\u2019attore e cabarettista Roberto Brivio, del comico Enrico<\/p>\n<p><a class=\"continue-reading\" href=\"https:\/\/www.article-marketing.eu\/comunicatistampa\/milano-claudio-demurtas-presenta-suo-romanzo-chiaro-venere\/\">Continue reading&#8230;<\/a><\/p>\n","protected":false},"author":459,"featured_media":0,"comment_status":"open","ping_status":"open","sticky":false,"template":"","format":"standard","meta":{"_monsterinsights_skip_tracking":false,"_monsterinsights_sitenote_active":false,"_monsterinsights_sitenote_note":"","_monsterinsights_sitenote_category":0,"footnotes":""},"categories":[407,78,392,410],"tags":[3160,569,36,3162,3159,907,3161],"class_list":["post-7175","post","type-post","status-publish","format-standard","hentry","category-arte-e-cultura","category-comunicati-stampa","category-eventi","category-libri","tag-letteratura","tag-libri","tag-milano","tag-presentazione-libri","tag-romanzi","tag-sardegna","tag-spazio-alda-merini"],"yoast_head":"<!-- This site is optimized with the Yoast SEO plugin v27.3 - https:\/\/yoast.com\/product\/yoast-seo-wordpress\/ -->\n<title>Milano: Claudio Demurtas presenta il suo romanzo &quot;Chiaro di Venere&quot; - Article Marketing<\/title>\n<meta name=\"robots\" content=\"index, follow, max-snippet:-1, max-image-preview:large, max-video-preview:-1\" \/>\n<link rel=\"canonical\" href=\"https:\/\/www.article-marketing.eu\/comunicatistampa\/milano-claudio-demurtas-presenta-suo-romanzo-chiaro-venere\/\" \/>\n<meta property=\"og:locale\" content=\"it_IT\" \/>\n<meta property=\"og:type\" content=\"article\" \/>\n<meta property=\"og:title\" content=\"Milano: Claudio Demurtas presenta il suo romanzo &quot;Chiaro di Venere&quot; - Article Marketing\" \/>\n<meta property=\"og:description\" content=\"Dopo diversi incontri in varie parti d\u2019Italia, l\u2019autore incontrer\u00e0 i lettori a Milano presso lo Spazio Alda Merini: un tuffo nei meravigliosi anni \u201860 La Casa delle Arti \u2013 Spazio Alda Merini di Milano invita, domenica 3 dicembre alle ore 19,00, alla presentazione del romanzo Chiaro di Venere (Edizioni EventualMente) di Claudio Demurtas. L\u2019incontro, coordinato dal poeta Gianfranco Carpine, vedr\u00e0 la presenza dell\u2019attore e cabarettista Roberto Brivio, del comico EnricoContinue reading...\" \/>\n<meta property=\"og:url\" content=\"https:\/\/www.article-marketing.eu\/comunicatistampa\/milano-claudio-demurtas-presenta-suo-romanzo-chiaro-venere\/\" \/>\n<meta property=\"og:site_name\" content=\"Article Marketing\" \/>\n<meta property=\"article:published_time\" content=\"2017-11-23T01:04:03+00:00\" \/>\n<meta name=\"author\" content=\"Giro di Parole\" \/>\n<meta name=\"twitter:card\" content=\"summary_large_image\" \/>\n<meta name=\"twitter:label1\" content=\"Scritto da\" \/>\n\t<meta name=\"twitter:data1\" content=\"Giro di Parole\" \/>\n\t<meta name=\"twitter:label2\" content=\"Tempo di lettura stimato\" \/>\n\t<meta name=\"twitter:data2\" content=\"2 minuti\" \/>\n<script type=\"application\/ld+json\" class=\"yoast-schema-graph\">{\"@context\":\"https:\\\/\\\/schema.org\",\"@graph\":[{\"@type\":\"Article\",\"@id\":\"https:\\\/\\\/www.article-marketing.eu\\\/comunicatistampa\\\/milano-claudio-demurtas-presenta-suo-romanzo-chiaro-venere\\\/#article\",\"isPartOf\":{\"@id\":\"https:\\\/\\\/www.article-marketing.eu\\\/comunicatistampa\\\/milano-claudio-demurtas-presenta-suo-romanzo-chiaro-venere\\\/\"},\"author\":{\"name\":\"Giro di Parole\",\"@id\":\"https:\\\/\\\/www.article-marketing.eu\\\/comunicatistampa\\\/#\\\/schema\\\/person\\\/513de347c95f2e2b895280f7e2177684\"},\"headline\":\"Milano: Claudio Demurtas presenta il suo romanzo &#8220;Chiaro di Venere&#8221;\",\"datePublished\":\"2017-11-23T01:04:03+00:00\",\"mainEntityOfPage\":{\"@id\":\"https:\\\/\\\/www.article-marketing.eu\\\/comunicatistampa\\\/milano-claudio-demurtas-presenta-suo-romanzo-chiaro-venere\\\/\"},\"wordCount\":456,\"commentCount\":0,\"keywords\":[\"letteratura\",\"Libri\",\"Milano\",\"presentazione libri\",\"romanzi\",\"Sardegna\",\"spazio alda merini\"],\"articleSection\":[\"Arte e cultura\",\"Comunicati stampa\",\"Eventi\",\"Libri\"],\"inLanguage\":\"it-IT\",\"potentialAction\":[{\"@type\":\"CommentAction\",\"name\":\"Comment\",\"target\":[\"https:\\\/\\\/www.article-marketing.eu\\\/comunicatistampa\\\/milano-claudio-demurtas-presenta-suo-romanzo-chiaro-venere\\\/#respond\"]}]},{\"@type\":\"WebPage\",\"@id\":\"https:\\\/\\\/www.article-marketing.eu\\\/comunicatistampa\\\/milano-claudio-demurtas-presenta-suo-romanzo-chiaro-venere\\\/\",\"url\":\"https:\\\/\\\/www.article-marketing.eu\\\/comunicatistampa\\\/milano-claudio-demurtas-presenta-suo-romanzo-chiaro-venere\\\/\",\"name\":\"Milano: Claudio Demurtas presenta il suo romanzo \\\"Chiaro di Venere\\\" - Article Marketing\",\"isPartOf\":{\"@id\":\"https:\\\/\\\/www.article-marketing.eu\\\/comunicatistampa\\\/#website\"},\"datePublished\":\"2017-11-23T01:04:03+00:00\",\"author\":{\"@id\":\"https:\\\/\\\/www.article-marketing.eu\\\/comunicatistampa\\\/#\\\/schema\\\/person\\\/513de347c95f2e2b895280f7e2177684\"},\"breadcrumb\":{\"@id\":\"https:\\\/\\\/www.article-marketing.eu\\\/comunicatistampa\\\/milano-claudio-demurtas-presenta-suo-romanzo-chiaro-venere\\\/#breadcrumb\"},\"inLanguage\":\"it-IT\",\"potentialAction\":[{\"@type\":\"ReadAction\",\"target\":[\"https:\\\/\\\/www.article-marketing.eu\\\/comunicatistampa\\\/milano-claudio-demurtas-presenta-suo-romanzo-chiaro-venere\\\/\"]}]},{\"@type\":\"BreadcrumbList\",\"@id\":\"https:\\\/\\\/www.article-marketing.eu\\\/comunicatistampa\\\/milano-claudio-demurtas-presenta-suo-romanzo-chiaro-venere\\\/#breadcrumb\",\"itemListElement\":[{\"@type\":\"ListItem\",\"position\":1,\"name\":\"Home\",\"item\":\"https:\\\/\\\/www.article-marketing.eu\\\/comunicatistampa\\\/\"},{\"@type\":\"ListItem\",\"position\":2,\"name\":\"Milano: Claudio Demurtas presenta il suo romanzo &#8220;Chiaro di Venere&#8221;\"}]},{\"@type\":\"WebSite\",\"@id\":\"https:\\\/\\\/www.article-marketing.eu\\\/comunicatistampa\\\/#website\",\"url\":\"https:\\\/\\\/www.article-marketing.eu\\\/comunicatistampa\\\/\",\"name\":\"Article Marketing\",\"description\":\"article marketing &amp; press release\",\"potentialAction\":[{\"@type\":\"SearchAction\",\"target\":{\"@type\":\"EntryPoint\",\"urlTemplate\":\"https:\\\/\\\/www.article-marketing.eu\\\/comunicatistampa\\\/?s={search_term_string}\"},\"query-input\":{\"@type\":\"PropertyValueSpecification\",\"valueRequired\":true,\"valueName\":\"search_term_string\"}}],\"inLanguage\":\"it-IT\"},{\"@type\":\"Person\",\"@id\":\"https:\\\/\\\/www.article-marketing.eu\\\/comunicatistampa\\\/#\\\/schema\\\/person\\\/513de347c95f2e2b895280f7e2177684\",\"name\":\"Giro di Parole\",\"image\":{\"@type\":\"ImageObject\",\"inLanguage\":\"it-IT\",\"@id\":\"https:\\\/\\\/secure.gravatar.com\\\/avatar\\\/b7ace0e78fc31527e682c0b5fe25d4cdce59c51256b01f42a41bde378c099305?s=96&d=mm&r=g\",\"url\":\"https:\\\/\\\/secure.gravatar.com\\\/avatar\\\/b7ace0e78fc31527e682c0b5fe25d4cdce59c51256b01f42a41bde378c099305?s=96&d=mm&r=g\",\"contentUrl\":\"https:\\\/\\\/secure.gravatar.com\\\/avatar\\\/b7ace0e78fc31527e682c0b5fe25d4cdce59c51256b01f42a41bde378c099305?s=96&d=mm&r=g\",\"caption\":\"Giro di Parole\"},\"url\":\"https:\\\/\\\/www.article-marketing.eu\\\/comunicatistampa\\\/author\\\/giro-di-parole\\\/\"}]}<\/script>\n<!-- \/ Yoast SEO plugin. -->","yoast_head_json":{"title":"Milano: Claudio Demurtas presenta il suo romanzo \"Chiaro di Venere\" - Article Marketing","robots":{"index":"index","follow":"follow","max-snippet":"max-snippet:-1","max-image-preview":"max-image-preview:large","max-video-preview":"max-video-preview:-1"},"canonical":"https:\/\/www.article-marketing.eu\/comunicatistampa\/milano-claudio-demurtas-presenta-suo-romanzo-chiaro-venere\/","og_locale":"it_IT","og_type":"article","og_title":"Milano: Claudio Demurtas presenta il suo romanzo \"Chiaro di Venere\" - Article Marketing","og_description":"Dopo diversi incontri in varie parti d\u2019Italia, l\u2019autore incontrer\u00e0 i lettori a Milano presso lo Spazio Alda Merini: un tuffo nei meravigliosi anni \u201860 La Casa delle Arti \u2013 Spazio Alda Merini di Milano invita, domenica 3 dicembre alle ore 19,00, alla presentazione del romanzo Chiaro di Venere (Edizioni EventualMente) di Claudio Demurtas. L\u2019incontro, coordinato dal poeta Gianfranco Carpine, vedr\u00e0 la presenza dell\u2019attore e cabarettista Roberto Brivio, del comico EnricoContinue reading...","og_url":"https:\/\/www.article-marketing.eu\/comunicatistampa\/milano-claudio-demurtas-presenta-suo-romanzo-chiaro-venere\/","og_site_name":"Article Marketing","article_published_time":"2017-11-23T01:04:03+00:00","author":"Giro di Parole","twitter_card":"summary_large_image","twitter_misc":{"Scritto da":"Giro di Parole","Tempo di lettura stimato":"2 minuti"},"schema":{"@context":"https:\/\/schema.org","@graph":[{"@type":"Article","@id":"https:\/\/www.article-marketing.eu\/comunicatistampa\/milano-claudio-demurtas-presenta-suo-romanzo-chiaro-venere\/#article","isPartOf":{"@id":"https:\/\/www.article-marketing.eu\/comunicatistampa\/milano-claudio-demurtas-presenta-suo-romanzo-chiaro-venere\/"},"author":{"name":"Giro di Parole","@id":"https:\/\/www.article-marketing.eu\/comunicatistampa\/#\/schema\/person\/513de347c95f2e2b895280f7e2177684"},"headline":"Milano: Claudio Demurtas presenta il suo romanzo &#8220;Chiaro di Venere&#8221;","datePublished":"2017-11-23T01:04:03+00:00","mainEntityOfPage":{"@id":"https:\/\/www.article-marketing.eu\/comunicatistampa\/milano-claudio-demurtas-presenta-suo-romanzo-chiaro-venere\/"},"wordCount":456,"commentCount":0,"keywords":["letteratura","Libri","Milano","presentazione libri","romanzi","Sardegna","spazio alda merini"],"articleSection":["Arte e cultura","Comunicati stampa","Eventi","Libri"],"inLanguage":"it-IT","potentialAction":[{"@type":"CommentAction","name":"Comment","target":["https:\/\/www.article-marketing.eu\/comunicatistampa\/milano-claudio-demurtas-presenta-suo-romanzo-chiaro-venere\/#respond"]}]},{"@type":"WebPage","@id":"https:\/\/www.article-marketing.eu\/comunicatistampa\/milano-claudio-demurtas-presenta-suo-romanzo-chiaro-venere\/","url":"https:\/\/www.article-marketing.eu\/comunicatistampa\/milano-claudio-demurtas-presenta-suo-romanzo-chiaro-venere\/","name":"Milano: Claudio Demurtas presenta il suo romanzo \"Chiaro di Venere\" - Article Marketing","isPartOf":{"@id":"https:\/\/www.article-marketing.eu\/comunicatistampa\/#website"},"datePublished":"2017-11-23T01:04:03+00:00","author":{"@id":"https:\/\/www.article-marketing.eu\/comunicatistampa\/#\/schema\/person\/513de347c95f2e2b895280f7e2177684"},"breadcrumb":{"@id":"https:\/\/www.article-marketing.eu\/comunicatistampa\/milano-claudio-demurtas-presenta-suo-romanzo-chiaro-venere\/#breadcrumb"},"inLanguage":"it-IT","potentialAction":[{"@type":"ReadAction","target":["https:\/\/www.article-marketing.eu\/comunicatistampa\/milano-claudio-demurtas-presenta-suo-romanzo-chiaro-venere\/"]}]},{"@type":"BreadcrumbList","@id":"https:\/\/www.article-marketing.eu\/comunicatistampa\/milano-claudio-demurtas-presenta-suo-romanzo-chiaro-venere\/#breadcrumb","itemListElement":[{"@type":"ListItem","position":1,"name":"Home","item":"https:\/\/www.article-marketing.eu\/comunicatistampa\/"},{"@type":"ListItem","position":2,"name":"Milano: Claudio Demurtas presenta il suo romanzo &#8220;Chiaro di Venere&#8221;"}]},{"@type":"WebSite","@id":"https:\/\/www.article-marketing.eu\/comunicatistampa\/#website","url":"https:\/\/www.article-marketing.eu\/comunicatistampa\/","name":"Article Marketing","description":"article marketing &amp; press release","potentialAction":[{"@type":"SearchAction","target":{"@type":"EntryPoint","urlTemplate":"https:\/\/www.article-marketing.eu\/comunicatistampa\/?s={search_term_string}"},"query-input":{"@type":"PropertyValueSpecification","valueRequired":true,"valueName":"search_term_string"}}],"inLanguage":"it-IT"},{"@type":"Person","@id":"https:\/\/www.article-marketing.eu\/comunicatistampa\/#\/schema\/person\/513de347c95f2e2b895280f7e2177684","name":"Giro di Parole","image":{"@type":"ImageObject","inLanguage":"it-IT","@id":"https:\/\/secure.gravatar.com\/avatar\/b7ace0e78fc31527e682c0b5fe25d4cdce59c51256b01f42a41bde378c099305?s=96&d=mm&r=g","url":"https:\/\/secure.gravatar.com\/avatar\/b7ace0e78fc31527e682c0b5fe25d4cdce59c51256b01f42a41bde378c099305?s=96&d=mm&r=g","contentUrl":"https:\/\/secure.gravatar.com\/avatar\/b7ace0e78fc31527e682c0b5fe25d4cdce59c51256b01f42a41bde378c099305?s=96&d=mm&r=g","caption":"Giro di Parole"},"url":"https:\/\/www.article-marketing.eu\/comunicatistampa\/author\/giro-di-parole\/"}]}},"_links":{"self":[{"href":"https:\/\/www.article-marketing.eu\/comunicatistampa\/wp-json\/wp\/v2\/posts\/7175","targetHints":{"allow":["GET"]}}],"collection":[{"href":"https:\/\/www.article-marketing.eu\/comunicatistampa\/wp-json\/wp\/v2\/posts"}],"about":[{"href":"https:\/\/www.article-marketing.eu\/comunicatistampa\/wp-json\/wp\/v2\/types\/post"}],"author":[{"embeddable":true,"href":"https:\/\/www.article-marketing.eu\/comunicatistampa\/wp-json\/wp\/v2\/users\/459"}],"replies":[{"embeddable":true,"href":"https:\/\/www.article-marketing.eu\/comunicatistampa\/wp-json\/wp\/v2\/comments?post=7175"}],"version-history":[{"count":2,"href":"https:\/\/www.article-marketing.eu\/comunicatistampa\/wp-json\/wp\/v2\/posts\/7175\/revisions"}],"predecessor-version":[{"id":7179,"href":"https:\/\/www.article-marketing.eu\/comunicatistampa\/wp-json\/wp\/v2\/posts\/7175\/revisions\/7179"}],"wp:attachment":[{"href":"https:\/\/www.article-marketing.eu\/comunicatistampa\/wp-json\/wp\/v2\/media?parent=7175"}],"wp:term":[{"taxonomy":"category","embeddable":true,"href":"https:\/\/www.article-marketing.eu\/comunicatistampa\/wp-json\/wp\/v2\/categories?post=7175"},{"taxonomy":"post_tag","embeddable":true,"href":"https:\/\/www.article-marketing.eu\/comunicatistampa\/wp-json\/wp\/v2\/tags?post=7175"}],"curies":[{"name":"wp","href":"https:\/\/api.w.org\/{rel}","templated":true}]}}