{"id":718,"date":"2017-02-28T13:42:57","date_gmt":"2017-02-28T12:42:57","guid":{"rendered":"http:\/\/www.article-marketing.eu\/comunicatistampa\/?p=718"},"modified":"2020-08-10T01:48:13","modified_gmt":"2020-08-09T23:48:13","slug":"fondazione-vento-presenta-arte-vs-bullismoevento-per-scuole-giovani-e-associazioni","status":"publish","type":"post","link":"https:\/\/www.article-marketing.eu\/comunicatistampa\/fondazione-vento-presenta-arte-vs-bullismoevento-per-scuole-giovani-e-associazioni\/","title":{"rendered":"FONDAZIONE VENTO PRESENTA ARTE VS BULLISMO:EVENTO PER SCUOLE, GIOVANI E ASSOCIAZIONI"},"content":{"rendered":"<p><strong>Sabato 4 Marzo dalle 16,30<\/strong>, in occasione della ricorrenza della nascita del musicista Lucio Dalla, <strong>il Centro Commerciale Auchan Conero<\/strong> ospita scuole, centri di aggregazione giovanile e associazioni del territorio <strong>per lanciare un forte messaggio contro il bullismo e gli atti di violenza tra i giovani.<\/strong><\/p>\n<p>Il Centro Commerciale Auchan Conero, in collaborazione con l\u2019agenzia Sang!t di Fermo, \u00e8 lieto di ospitare presso la propria Galleria nel pomeriggio di sabato 4 Marzo 2017, studenti, giovani, artisti e associazioni che si muovono attivamente nell\u2019ambito della prevenzione contro il bullismo.<\/p>\n<p><a href=\"http:\/\/www.bluwom-milano.com\/wp-content\/uploads\/2017\/02\/logolmmm-1.jpg\" rel=\"attachment wp-att-1548\"><img loading=\"lazy\" decoding=\"async\" class=\"alignright wp-image-1548\" src=\"http:\/\/www.bluwom-milano.com\/wp-content\/uploads\/2017\/02\/logolmmm-1-300x260.jpg\" alt=\"logolmmm\" width=\"279\" height=\"242\" \/><\/a>La data non \u00e8 scelta a caso: <strong>il 4 Marzo del 1943 nasceva Lucio Dalla, uno dei pi\u00f9 importanti protagonisti del panorama musicale italiano, che insieme a Mario Zamboni ha pensato alla realizzazione del primo centro anti &#8211; bullismo delle Marche \u2013 la Fondazione Vento.<\/strong><\/p>\n<p>L\u2019arte in ogni sua forma \u2013 pittorica, visuale, teatrale, musicale \u2013 \u00e8 uno strumento di comunicazione potente, capace di diffondere messaggi positivi contro ogni forma di violenza e discriminazione.<\/p>\n<p>Il 4 Marzo sar\u00e0 una giornata speciale: gi\u00e0 dalla mattina, il writer anconetano Raffaele &#8220;RAPHAeL&#8221; Paolucci, realizzer\u00e0 un\u2019estemporanea live art sul fondale dell\u2019evento &#8211; un pannello 2&#215;2 mt che trasformer\u00e0 in linguaggio artistico un messaggio di solidariet\u00e0 contro tutti gli atti di bullismo.<\/p>\n<p>Il pomeriggio vedr\u00e0 la partecipazione di una serie di ospiti, tra cui:<\/p>\n<ul>\n<li>Istituti Superiori e Centri Di Aggregazione Giovanile del territorio, in collaborazione con la Cooperativa COOSS MARCHE \u2013 sezione di Ancona, che presenteranno i loro video\/spot contro il bullismo; il pi\u00f9 efficace sar\u00e0 gratificato con un omaggio del Centro Commerciale Auchan Conero.<\/li>\n<\/ul>\n<ul>\n<li>L\u2019Associazione LA STRADA DI ERM di Ancona sar\u00e0 presente con un laboratorio artistico dedicato ai pi\u00f9 piccoli, oltre ad un punto di informazione presidiato da psicologi per presentare il progetto \u201cSgonfia il Bullo\u201d e la \u201cHelp Line gratuita\u201d, a disposizione di ragazzi, genitori e insegnanti che vorranno relazionarsi e confrontarsi sul tema del bullismo; l\u2019associazione offrir\u00e0 un primo incontro d\u2019accoglienza nella sede, qualora si evidenzino casi di particolare disagio.<\/li>\n<\/ul>\n<ul>\n<li><strong>MARIO ZAMBONI \u2013 Presidente della Fondazione Vento, per raccontare i progetti futuri di questa importante realt\u00e0 marchigiana<\/strong>.<\/li>\n<\/ul>\n<ul>\n<li>RICKY PORTERA \u2013 storico chitarrista di Lucio Dalla, che racconter\u00e0 il musicista in un percorso fatto di musica e parole<\/li>\n<\/ul>\n<ul>\n<li>I ragazzi del Liceo Scientifico Galilei di Ancona che porteranno letture e musiche dallo spettacolo teatrale \u201cIO, ME E QUELL&#8217;ALTRO IN ME\u201d.<\/li>\n<\/ul>\n<p>Il pomeriggio sar\u00e0 condotto e moderato da ERIKA MORRI \u2013Azzurra del rugby e formatrice aziendale, oggi Consigliere federale che si dedica allo sviluppo del movimento femminile, oltre ad occuparsi da oltre 20 anni di problematiche sociali e di genere<\/p>\n<p>&nbsp;<\/p>\n<p>L\u2019evento si svolger\u00e0 presso il Centro Commerciale Auchan Conero &#8211; Via Scataglini, 6, 60131 Ancona<\/p>\n<p>Per informazioni Centro Commerciale Auchan: Gallerie Commerciali Italia &#8211; Ufficio Stampa: +3902.5758.2532 &#8211; +393402187481 &#8211; <a href=\"mailto:press.stampa@auchan.it\">press.stampa@auchan.it<\/a> &#8211; Via Scataglini, 6, 60131 Ancona<\/p>\n<p>&nbsp;<\/p>\n<p>&nbsp;<\/p>\n<p><strong>Per ulteriori informazioni:<\/strong><\/p>\n<p><strong><a href=\"http:\/\/www.fondazionevento.it\/\">www.fondazionevento.it<\/a><\/strong><\/p>\n<p>Digital PR a cura di Blu Wom Milano<br \/>\nwww.bluwom-milano.com<br \/>\np.fabretti@bluwom-milano.com<\/p>\n","protected":false},"excerpt":{"rendered":"<p>Sabato 4 Marzo dalle 16,30, in occasione della ricorrenza della nascita del musicista Lucio Dalla, il Centro Commerciale Auchan Conero ospita scuole, centri di aggregazione giovanile e associazioni del territorio per lanciare un forte messaggio contro il bullismo e gli atti di violenza tra i giovani. Il Centro Commerciale Auchan Conero, in collaborazione con l\u2019agenzia Sang!t di Fermo, \u00e8 lieto di ospitare presso la propria Galleria nel pomeriggio di sabato<\/p>\n<p><a class=\"continue-reading\" href=\"https:\/\/www.article-marketing.eu\/comunicatistampa\/fondazione-vento-presenta-arte-vs-bullismoevento-per-scuole-giovani-e-associazioni\/\">Continue reading&#8230;<\/a><\/p>\n","protected":false},"author":12,"featured_media":0,"comment_status":"open","ping_status":"open","sticky":false,"template":"","format":"standard","meta":{"_monsterinsights_skip_tracking":false,"_monsterinsights_sitenote_active":false,"_monsterinsights_sitenote_note":"","_monsterinsights_sitenote_category":0,"footnotes":""},"categories":[78,392,419],"tags":[502],"class_list":["post-718","post","type-post","status-publish","format-standard","hentry","category-comunicati-stampa","category-eventi","category-tutela-e-denunce","tag-artevsbullismoevento4marzocentrocommercialeauchanconeroanconafondazionevento"],"yoast_head":"<!-- This site is optimized with the Yoast SEO plugin v27.3 - https:\/\/yoast.com\/product\/yoast-seo-wordpress\/ -->\n<title>FONDAZIONE VENTO PRESENTA ARTE VS BULLISMO:EVENTO PER SCUOLE, GIOVANI E ASSOCIAZIONI - Article Marketing<\/title>\n<meta name=\"robots\" content=\"index, follow, max-snippet:-1, max-image-preview:large, max-video-preview:-1\" \/>\n<link rel=\"canonical\" href=\"https:\/\/www.article-marketing.eu\/comunicatistampa\/fondazione-vento-presenta-arte-vs-bullismoevento-per-scuole-giovani-e-associazioni\/\" \/>\n<meta property=\"og:locale\" content=\"it_IT\" \/>\n<meta property=\"og:type\" content=\"article\" \/>\n<meta property=\"og:title\" content=\"FONDAZIONE VENTO PRESENTA ARTE VS BULLISMO:EVENTO PER SCUOLE, GIOVANI E ASSOCIAZIONI - Article Marketing\" \/>\n<meta property=\"og:description\" content=\"Sabato 4 Marzo dalle 16,30, in occasione della ricorrenza della nascita del musicista Lucio Dalla, il Centro Commerciale Auchan Conero ospita scuole, centri di aggregazione giovanile e associazioni del territorio per lanciare un forte messaggio contro il bullismo e gli atti di violenza tra i giovani. Il Centro Commerciale Auchan Conero, in collaborazione con l\u2019agenzia Sang!t di Fermo, \u00e8 lieto di ospitare presso la propria Galleria nel pomeriggio di sabatoContinue reading...\" \/>\n<meta property=\"og:url\" content=\"https:\/\/www.article-marketing.eu\/comunicatistampa\/fondazione-vento-presenta-arte-vs-bullismoevento-per-scuole-giovani-e-associazioni\/\" \/>\n<meta property=\"og:site_name\" content=\"Article Marketing\" \/>\n<meta property=\"article:published_time\" content=\"2017-02-28T12:42:57+00:00\" \/>\n<meta property=\"article:modified_time\" content=\"2020-08-09T23:48:13+00:00\" \/>\n<meta property=\"og:image\" content=\"http:\/\/www.bluwom-milano.com\/wp-content\/uploads\/2017\/02\/logolmmm-1-300x260.jpg\" \/>\n<meta name=\"author\" content=\"bluwommilano\" \/>\n<meta name=\"twitter:card\" content=\"summary_large_image\" \/>\n<meta name=\"twitter:label1\" content=\"Scritto da\" \/>\n\t<meta name=\"twitter:data1\" content=\"bluwommilano\" \/>\n\t<meta name=\"twitter:label2\" content=\"Tempo di lettura stimato\" \/>\n\t<meta name=\"twitter:data2\" content=\"2 minuti\" \/>\n<script type=\"application\/ld+json\" class=\"yoast-schema-graph\">{\"@context\":\"https:\\\/\\\/schema.org\",\"@graph\":[{\"@type\":\"Article\",\"@id\":\"https:\\\/\\\/www.article-marketing.eu\\\/comunicatistampa\\\/fondazione-vento-presenta-arte-vs-bullismoevento-per-scuole-giovani-e-associazioni\\\/#article\",\"isPartOf\":{\"@id\":\"https:\\\/\\\/www.article-marketing.eu\\\/comunicatistampa\\\/fondazione-vento-presenta-arte-vs-bullismoevento-per-scuole-giovani-e-associazioni\\\/\"},\"author\":{\"name\":\"bluwommilano\",\"@id\":\"https:\\\/\\\/www.article-marketing.eu\\\/comunicatistampa\\\/#\\\/schema\\\/person\\\/75a8cec9b0e554e822d3cf8a7d9bc185\"},\"headline\":\"FONDAZIONE VENTO PRESENTA ARTE VS BULLISMO:EVENTO PER SCUOLE, GIOVANI E ASSOCIAZIONI\",\"datePublished\":\"2017-02-28T12:42:57+00:00\",\"dateModified\":\"2020-08-09T23:48:13+00:00\",\"mainEntityOfPage\":{\"@id\":\"https:\\\/\\\/www.article-marketing.eu\\\/comunicatistampa\\\/fondazione-vento-presenta-arte-vs-bullismoevento-per-scuole-giovani-e-associazioni\\\/\"},\"wordCount\":489,\"commentCount\":0,\"image\":{\"@id\":\"https:\\\/\\\/www.article-marketing.eu\\\/comunicatistampa\\\/fondazione-vento-presenta-arte-vs-bullismoevento-per-scuole-giovani-e-associazioni\\\/#primaryimage\"},\"thumbnailUrl\":\"http:\\\/\\\/www.bluwom-milano.com\\\/wp-content\\\/uploads\\\/2017\\\/02\\\/logolmmm-1-300x260.jpg\",\"keywords\":[\"#artevsbullismo#evento#4marzo#centrocommercialeAuchan#Conero#Ancona#FondazioneVento\"],\"articleSection\":[\"Comunicati stampa\",\"Eventi\",\"Tutela e denunce\"],\"inLanguage\":\"it-IT\",\"potentialAction\":[{\"@type\":\"CommentAction\",\"name\":\"Comment\",\"target\":[\"https:\\\/\\\/www.article-marketing.eu\\\/comunicatistampa\\\/fondazione-vento-presenta-arte-vs-bullismoevento-per-scuole-giovani-e-associazioni\\\/#respond\"]}]},{\"@type\":\"WebPage\",\"@id\":\"https:\\\/\\\/www.article-marketing.eu\\\/comunicatistampa\\\/fondazione-vento-presenta-arte-vs-bullismoevento-per-scuole-giovani-e-associazioni\\\/\",\"url\":\"https:\\\/\\\/www.article-marketing.eu\\\/comunicatistampa\\\/fondazione-vento-presenta-arte-vs-bullismoevento-per-scuole-giovani-e-associazioni\\\/\",\"name\":\"FONDAZIONE VENTO PRESENTA ARTE VS BULLISMO:EVENTO PER SCUOLE, GIOVANI E ASSOCIAZIONI - Article Marketing\",\"isPartOf\":{\"@id\":\"https:\\\/\\\/www.article-marketing.eu\\\/comunicatistampa\\\/#website\"},\"primaryImageOfPage\":{\"@id\":\"https:\\\/\\\/www.article-marketing.eu\\\/comunicatistampa\\\/fondazione-vento-presenta-arte-vs-bullismoevento-per-scuole-giovani-e-associazioni\\\/#primaryimage\"},\"image\":{\"@id\":\"https:\\\/\\\/www.article-marketing.eu\\\/comunicatistampa\\\/fondazione-vento-presenta-arte-vs-bullismoevento-per-scuole-giovani-e-associazioni\\\/#primaryimage\"},\"thumbnailUrl\":\"http:\\\/\\\/www.bluwom-milano.com\\\/wp-content\\\/uploads\\\/2017\\\/02\\\/logolmmm-1-300x260.jpg\",\"datePublished\":\"2017-02-28T12:42:57+00:00\",\"dateModified\":\"2020-08-09T23:48:13+00:00\",\"author\":{\"@id\":\"https:\\\/\\\/www.article-marketing.eu\\\/comunicatistampa\\\/#\\\/schema\\\/person\\\/75a8cec9b0e554e822d3cf8a7d9bc185\"},\"breadcrumb\":{\"@id\":\"https:\\\/\\\/www.article-marketing.eu\\\/comunicatistampa\\\/fondazione-vento-presenta-arte-vs-bullismoevento-per-scuole-giovani-e-associazioni\\\/#breadcrumb\"},\"inLanguage\":\"it-IT\",\"potentialAction\":[{\"@type\":\"ReadAction\",\"target\":[\"https:\\\/\\\/www.article-marketing.eu\\\/comunicatistampa\\\/fondazione-vento-presenta-arte-vs-bullismoevento-per-scuole-giovani-e-associazioni\\\/\"]}]},{\"@type\":\"ImageObject\",\"inLanguage\":\"it-IT\",\"@id\":\"https:\\\/\\\/www.article-marketing.eu\\\/comunicatistampa\\\/fondazione-vento-presenta-arte-vs-bullismoevento-per-scuole-giovani-e-associazioni\\\/#primaryimage\",\"url\":\"http:\\\/\\\/www.bluwom-milano.com\\\/wp-content\\\/uploads\\\/2017\\\/02\\\/logolmmm-1-300x260.jpg\",\"contentUrl\":\"http:\\\/\\\/www.bluwom-milano.com\\\/wp-content\\\/uploads\\\/2017\\\/02\\\/logolmmm-1-300x260.jpg\"},{\"@type\":\"BreadcrumbList\",\"@id\":\"https:\\\/\\\/www.article-marketing.eu\\\/comunicatistampa\\\/fondazione-vento-presenta-arte-vs-bullismoevento-per-scuole-giovani-e-associazioni\\\/#breadcrumb\",\"itemListElement\":[{\"@type\":\"ListItem\",\"position\":1,\"name\":\"Home\",\"item\":\"https:\\\/\\\/www.article-marketing.eu\\\/comunicatistampa\\\/\"},{\"@type\":\"ListItem\",\"position\":2,\"name\":\"FONDAZIONE VENTO PRESENTA ARTE VS BULLISMO:EVENTO PER SCUOLE, GIOVANI E ASSOCIAZIONI\"}]},{\"@type\":\"WebSite\",\"@id\":\"https:\\\/\\\/www.article-marketing.eu\\\/comunicatistampa\\\/#website\",\"url\":\"https:\\\/\\\/www.article-marketing.eu\\\/comunicatistampa\\\/\",\"name\":\"Article Marketing\",\"description\":\"article marketing &amp; press release\",\"potentialAction\":[{\"@type\":\"SearchAction\",\"target\":{\"@type\":\"EntryPoint\",\"urlTemplate\":\"https:\\\/\\\/www.article-marketing.eu\\\/comunicatistampa\\\/?s={search_term_string}\"},\"query-input\":{\"@type\":\"PropertyValueSpecification\",\"valueRequired\":true,\"valueName\":\"search_term_string\"}}],\"inLanguage\":\"it-IT\"},{\"@type\":\"Person\",\"@id\":\"https:\\\/\\\/www.article-marketing.eu\\\/comunicatistampa\\\/#\\\/schema\\\/person\\\/75a8cec9b0e554e822d3cf8a7d9bc185\",\"name\":\"bluwommilano\",\"image\":{\"@type\":\"ImageObject\",\"inLanguage\":\"it-IT\",\"@id\":\"https:\\\/\\\/secure.gravatar.com\\\/avatar\\\/3eb7b659ca1198da18cd77dbe226dbaf573febd61155bcb87f4609bc1082e946?s=96&d=mm&r=g\",\"url\":\"https:\\\/\\\/secure.gravatar.com\\\/avatar\\\/3eb7b659ca1198da18cd77dbe226dbaf573febd61155bcb87f4609bc1082e946?s=96&d=mm&r=g\",\"contentUrl\":\"https:\\\/\\\/secure.gravatar.com\\\/avatar\\\/3eb7b659ca1198da18cd77dbe226dbaf573febd61155bcb87f4609bc1082e946?s=96&d=mm&r=g\",\"caption\":\"bluwommilano\"},\"url\":\"https:\\\/\\\/www.article-marketing.eu\\\/comunicatistampa\\\/author\\\/bluwommilano\\\/\"}]}<\/script>\n<!-- \/ Yoast SEO plugin. -->","yoast_head_json":{"title":"FONDAZIONE VENTO PRESENTA ARTE VS BULLISMO:EVENTO PER SCUOLE, GIOVANI E ASSOCIAZIONI - Article Marketing","robots":{"index":"index","follow":"follow","max-snippet":"max-snippet:-1","max-image-preview":"max-image-preview:large","max-video-preview":"max-video-preview:-1"},"canonical":"https:\/\/www.article-marketing.eu\/comunicatistampa\/fondazione-vento-presenta-arte-vs-bullismoevento-per-scuole-giovani-e-associazioni\/","og_locale":"it_IT","og_type":"article","og_title":"FONDAZIONE VENTO PRESENTA ARTE VS BULLISMO:EVENTO PER SCUOLE, GIOVANI E ASSOCIAZIONI - Article Marketing","og_description":"Sabato 4 Marzo dalle 16,30, in occasione della ricorrenza della nascita del musicista Lucio Dalla, il Centro Commerciale Auchan Conero ospita scuole, centri di aggregazione giovanile e associazioni del territorio per lanciare un forte messaggio contro il bullismo e gli atti di violenza tra i giovani. Il Centro Commerciale Auchan Conero, in collaborazione con l\u2019agenzia Sang!t di Fermo, \u00e8 lieto di ospitare presso la propria Galleria nel pomeriggio di sabatoContinue reading...","og_url":"https:\/\/www.article-marketing.eu\/comunicatistampa\/fondazione-vento-presenta-arte-vs-bullismoevento-per-scuole-giovani-e-associazioni\/","og_site_name":"Article Marketing","article_published_time":"2017-02-28T12:42:57+00:00","article_modified_time":"2020-08-09T23:48:13+00:00","og_image":[{"url":"http:\/\/www.bluwom-milano.com\/wp-content\/uploads\/2017\/02\/logolmmm-1-300x260.jpg","type":"","width":"","height":""}],"author":"bluwommilano","twitter_card":"summary_large_image","twitter_misc":{"Scritto da":"bluwommilano","Tempo di lettura stimato":"2 minuti"},"schema":{"@context":"https:\/\/schema.org","@graph":[{"@type":"Article","@id":"https:\/\/www.article-marketing.eu\/comunicatistampa\/fondazione-vento-presenta-arte-vs-bullismoevento-per-scuole-giovani-e-associazioni\/#article","isPartOf":{"@id":"https:\/\/www.article-marketing.eu\/comunicatistampa\/fondazione-vento-presenta-arte-vs-bullismoevento-per-scuole-giovani-e-associazioni\/"},"author":{"name":"bluwommilano","@id":"https:\/\/www.article-marketing.eu\/comunicatistampa\/#\/schema\/person\/75a8cec9b0e554e822d3cf8a7d9bc185"},"headline":"FONDAZIONE VENTO PRESENTA ARTE VS BULLISMO:EVENTO PER SCUOLE, GIOVANI E ASSOCIAZIONI","datePublished":"2017-02-28T12:42:57+00:00","dateModified":"2020-08-09T23:48:13+00:00","mainEntityOfPage":{"@id":"https:\/\/www.article-marketing.eu\/comunicatistampa\/fondazione-vento-presenta-arte-vs-bullismoevento-per-scuole-giovani-e-associazioni\/"},"wordCount":489,"commentCount":0,"image":{"@id":"https:\/\/www.article-marketing.eu\/comunicatistampa\/fondazione-vento-presenta-arte-vs-bullismoevento-per-scuole-giovani-e-associazioni\/#primaryimage"},"thumbnailUrl":"http:\/\/www.bluwom-milano.com\/wp-content\/uploads\/2017\/02\/logolmmm-1-300x260.jpg","keywords":["#artevsbullismo#evento#4marzo#centrocommercialeAuchan#Conero#Ancona#FondazioneVento"],"articleSection":["Comunicati stampa","Eventi","Tutela e denunce"],"inLanguage":"it-IT","potentialAction":[{"@type":"CommentAction","name":"Comment","target":["https:\/\/www.article-marketing.eu\/comunicatistampa\/fondazione-vento-presenta-arte-vs-bullismoevento-per-scuole-giovani-e-associazioni\/#respond"]}]},{"@type":"WebPage","@id":"https:\/\/www.article-marketing.eu\/comunicatistampa\/fondazione-vento-presenta-arte-vs-bullismoevento-per-scuole-giovani-e-associazioni\/","url":"https:\/\/www.article-marketing.eu\/comunicatistampa\/fondazione-vento-presenta-arte-vs-bullismoevento-per-scuole-giovani-e-associazioni\/","name":"FONDAZIONE VENTO PRESENTA ARTE VS BULLISMO:EVENTO PER SCUOLE, GIOVANI E ASSOCIAZIONI - Article Marketing","isPartOf":{"@id":"https:\/\/www.article-marketing.eu\/comunicatistampa\/#website"},"primaryImageOfPage":{"@id":"https:\/\/www.article-marketing.eu\/comunicatistampa\/fondazione-vento-presenta-arte-vs-bullismoevento-per-scuole-giovani-e-associazioni\/#primaryimage"},"image":{"@id":"https:\/\/www.article-marketing.eu\/comunicatistampa\/fondazione-vento-presenta-arte-vs-bullismoevento-per-scuole-giovani-e-associazioni\/#primaryimage"},"thumbnailUrl":"http:\/\/www.bluwom-milano.com\/wp-content\/uploads\/2017\/02\/logolmmm-1-300x260.jpg","datePublished":"2017-02-28T12:42:57+00:00","dateModified":"2020-08-09T23:48:13+00:00","author":{"@id":"https:\/\/www.article-marketing.eu\/comunicatistampa\/#\/schema\/person\/75a8cec9b0e554e822d3cf8a7d9bc185"},"breadcrumb":{"@id":"https:\/\/www.article-marketing.eu\/comunicatistampa\/fondazione-vento-presenta-arte-vs-bullismoevento-per-scuole-giovani-e-associazioni\/#breadcrumb"},"inLanguage":"it-IT","potentialAction":[{"@type":"ReadAction","target":["https:\/\/www.article-marketing.eu\/comunicatistampa\/fondazione-vento-presenta-arte-vs-bullismoevento-per-scuole-giovani-e-associazioni\/"]}]},{"@type":"ImageObject","inLanguage":"it-IT","@id":"https:\/\/www.article-marketing.eu\/comunicatistampa\/fondazione-vento-presenta-arte-vs-bullismoevento-per-scuole-giovani-e-associazioni\/#primaryimage","url":"http:\/\/www.bluwom-milano.com\/wp-content\/uploads\/2017\/02\/logolmmm-1-300x260.jpg","contentUrl":"http:\/\/www.bluwom-milano.com\/wp-content\/uploads\/2017\/02\/logolmmm-1-300x260.jpg"},{"@type":"BreadcrumbList","@id":"https:\/\/www.article-marketing.eu\/comunicatistampa\/fondazione-vento-presenta-arte-vs-bullismoevento-per-scuole-giovani-e-associazioni\/#breadcrumb","itemListElement":[{"@type":"ListItem","position":1,"name":"Home","item":"https:\/\/www.article-marketing.eu\/comunicatistampa\/"},{"@type":"ListItem","position":2,"name":"FONDAZIONE VENTO PRESENTA ARTE VS BULLISMO:EVENTO PER SCUOLE, GIOVANI E ASSOCIAZIONI"}]},{"@type":"WebSite","@id":"https:\/\/www.article-marketing.eu\/comunicatistampa\/#website","url":"https:\/\/www.article-marketing.eu\/comunicatistampa\/","name":"Article Marketing","description":"article marketing &amp; press release","potentialAction":[{"@type":"SearchAction","target":{"@type":"EntryPoint","urlTemplate":"https:\/\/www.article-marketing.eu\/comunicatistampa\/?s={search_term_string}"},"query-input":{"@type":"PropertyValueSpecification","valueRequired":true,"valueName":"search_term_string"}}],"inLanguage":"it-IT"},{"@type":"Person","@id":"https:\/\/www.article-marketing.eu\/comunicatistampa\/#\/schema\/person\/75a8cec9b0e554e822d3cf8a7d9bc185","name":"bluwommilano","image":{"@type":"ImageObject","inLanguage":"it-IT","@id":"https:\/\/secure.gravatar.com\/avatar\/3eb7b659ca1198da18cd77dbe226dbaf573febd61155bcb87f4609bc1082e946?s=96&d=mm&r=g","url":"https:\/\/secure.gravatar.com\/avatar\/3eb7b659ca1198da18cd77dbe226dbaf573febd61155bcb87f4609bc1082e946?s=96&d=mm&r=g","contentUrl":"https:\/\/secure.gravatar.com\/avatar\/3eb7b659ca1198da18cd77dbe226dbaf573febd61155bcb87f4609bc1082e946?s=96&d=mm&r=g","caption":"bluwommilano"},"url":"https:\/\/www.article-marketing.eu\/comunicatistampa\/author\/bluwommilano\/"}]}},"_links":{"self":[{"href":"https:\/\/www.article-marketing.eu\/comunicatistampa\/wp-json\/wp\/v2\/posts\/718","targetHints":{"allow":["GET"]}}],"collection":[{"href":"https:\/\/www.article-marketing.eu\/comunicatistampa\/wp-json\/wp\/v2\/posts"}],"about":[{"href":"https:\/\/www.article-marketing.eu\/comunicatistampa\/wp-json\/wp\/v2\/types\/post"}],"author":[{"embeddable":true,"href":"https:\/\/www.article-marketing.eu\/comunicatistampa\/wp-json\/wp\/v2\/users\/12"}],"replies":[{"embeddable":true,"href":"https:\/\/www.article-marketing.eu\/comunicatistampa\/wp-json\/wp\/v2\/comments?post=718"}],"version-history":[{"count":2,"href":"https:\/\/www.article-marketing.eu\/comunicatistampa\/wp-json\/wp\/v2\/posts\/718\/revisions"}],"predecessor-version":[{"id":744,"href":"https:\/\/www.article-marketing.eu\/comunicatistampa\/wp-json\/wp\/v2\/posts\/718\/revisions\/744"}],"wp:attachment":[{"href":"https:\/\/www.article-marketing.eu\/comunicatistampa\/wp-json\/wp\/v2\/media?parent=718"}],"wp:term":[{"taxonomy":"category","embeddable":true,"href":"https:\/\/www.article-marketing.eu\/comunicatistampa\/wp-json\/wp\/v2\/categories?post=718"},{"taxonomy":"post_tag","embeddable":true,"href":"https:\/\/www.article-marketing.eu\/comunicatistampa\/wp-json\/wp\/v2\/tags?post=718"}],"curies":[{"name":"wp","href":"https:\/\/api.w.org\/{rel}","templated":true}]}}