{"id":722,"date":"2017-02-28T21:29:31","date_gmt":"2017-02-28T20:29:31","guid":{"rendered":"http:\/\/www.article-marketing.eu\/comunicatistampa\/?p=722"},"modified":"2017-02-28T21:39:36","modified_gmt":"2017-02-28T20:39:36","slug":"spazio-reale-presenta-alla-citta-il-suo-nuovo-look-800-persone-al-carnevale-organizzato-con-il-parroco-e-le-associazioni","status":"publish","type":"post","link":"https:\/\/www.article-marketing.eu\/comunicatistampa\/spazio-reale-presenta-alla-citta-il-suo-nuovo-look-800-persone-al-carnevale-organizzato-con-il-parroco-e-le-associazioni\/","title":{"rendered":"Spazio Reale presenta alla citt\u00e0 il suo nuovo look &#8211; 800 persone al Carnevale organizzato con il parroco e le associazioni"},"content":{"rendered":"<p><strong><em>Almeno 800 persone in maschera hanno preso parte alla festa di carnevale, organizzata dalla <\/em><\/strong><a href=\"http:\/\/www.spazioreale.it\"><strong><em>Fondazione Spazio Reale<\/em><\/strong><\/a><strong><em>, dal parroco delle parrocchie di San Donnino e Sant\u2019Andrea, don Gilbert Shahzad, e numerose associazioni e realt\u00e0 sandonninesi,<\/em><\/strong><em> quali: il <\/em><a href=\"https:\/\/www.facebook.com\/people\/Comitato-Genitori-San-Donnino\/100011657192255\"><em>Comitato Genitori<\/em><\/a><em>, la <\/em><a href=\"https:\/\/www.fratellanzasandonnino.it\/\"><em>Fratellanza Popolare<\/em><\/a><em>, l\u2019<\/em><em>Esperia San Donnino<\/em><em>, l\u2019A<\/em><em>ssociazione &#8220;Le Primule&#8221;,<\/em><em> l\u2019<\/em><em>Associazione Dyoniso Compagnia Attori per Caso<\/em><em>, la band <\/em><em>Funky Tonight<\/em><em>, AICIC \u2013 Scuola Cinese e la <\/em><em>Banda Filarmonica G. Puccini <\/em><em>di Galciana.<\/em><em> <strong>L\u2019evento \u00e8 stato pensato anche come occasione di riapertura ufficiale del centro congressuale a seguito del rinnovo di molti suoi spazi ora pronti a dare maggiore pregio e visibilit\u00e0 a tutto il territorio.\u00a0 \u00a0\u00a0\u00a0\u00a0<\/strong><\/em><\/p>\n<p>Grazie alla collaborazione tra il parroco, don Gilbert Shahzad, le associazioni del territorio, il ristorante di Spazio Reale \u201cLesSeRre\u201d e tutto lo staff della Fondazione Spazio Reale, l\u2019evento ha riscontrato grande apprezzamento ed \u00e8 stato occasione di divertimento e svago per adulti e bambini. <strong>Alla festa hanno partecipato almeno 800 persone, che hanno riempito il parco giochi, il ristorante e l\u2019Auditorium, dove, nel frattempo andavano in scena gli spettacoli curati dalle varie realt\u00e0 associative<\/strong>.<\/p>\n<p><strong>La Fondazione Spazio Reale ha colto l\u2019occasione della festa per aprire le porte alle famiglie che vivono nei dintorni, confermando la propria attenzione al territorio e al rapporto con le associazioni e le realt\u00e0 locali<\/strong>. Nuovi gli spazi dedicati alla ristorazione, nuove le sale eventi sovrastanti il ristorante, nuovi gli esterni che accoglieranno i futuri partecipanti agli eventi. Nuovo il clima che si respira in citt\u00e0, anche grazie alla condivisione di uno Spazio che deve essere considerato l\u2019\u201cagor\u00e0\u201d della frazione di San Donnino.<\/p>\n<p><strong>Don Gilbert ha espresso la sua totale soddisfazione per la reale collaborazione tra tutti i soggetti coinvolti:<\/strong><em> \u201cCertamente un passo deciso verso un nuovo rapporto tra il centro congressuale e il territorio. Numerose sono le opportunit\u00e0 di crescita che si possono costruire insieme\u201d &#8211; <\/em>ha dichiarato il nuovo parroco di San Donnino, aggiungendo &#8211; <em>\u201cl<strong>\u2019evento del Carnevale \u00e8 stato uno straordinario strumento di integrazione e di condivisione, <\/strong>un modo semplice ma efficace per far sentire tutti protagonisti e allo stesso tempo tutti funzionali alla crescita della comunit\u00e0\u201d.<\/em><\/p>\n<p>Anche il <strong>direttore generale di Spazio Reale, Elisabetta Carullo<\/strong>, ha voluto ringraziare le realt\u00e0 che hanno contribuito alla realizzazione dell\u2019evento. <em>\u201c<strong>E\u2019 bello poter restituire Spazio Reale alla gente che vive ed opera sul territorio,<\/strong> che ha apprezzato lo sforzo di rinnovamento avviato un anno e mezzo fa e che oggi pu\u00f2 godere di una realt\u00e0 ben strutturata, capace di offrire diversi servizi e molte opportunit\u00e0\u201d.<\/em><\/p>\n<p><strong>Le Parrocchie di San Donnino e Sant\u2019Andrea e la Fondazione Spazio Reale ringraziano le associazioni per aver contribuito alla riuscita della festa e per il prezioso sostegno:<\/strong> il Comitato dei Genitori, la Fratellanza Popolare, l\u2019Esperia San Donnino, l\u2019Associazione &#8220;Le Primule&#8221;, l\u2019Associazione Dyoniso Compagnia Attori per Caso, la band Funky Tonight, AICIC \u2013 la Scuola Cinese, la Banda Filarmonica G. Puccini di Galciana ed in particolare ringraziano il <strong>Comune di Campi Bisenzio per il patrocinio. <\/strong><\/p>\n<p>Il momento pi\u00f9 apprezzato della manifestazione \u00e8 stata la sfilata delle mascherine. Un ringraziamento particolare alla giuria che ha avuto il compito di selezionare <strong>i vincitori del concorso<\/strong> che ha premiato le tre maschere pi\u00f9 belle tra i bambini e la pi\u00f9 bella tra gli adulti: <strong>l\u2019Ape Maya al terzo posto, The Cats al secondo e il piccolo d\u2019Artagnan al primo che portano a casa una bellissima coppa<\/strong>, mentre il <strong>Lottatore di Sumo, vincitore della sezione adulti, potr\u00e0 gustare un\u2019ottima cena per due persone presso il nuovo \u00a0Ristorante LesSeRre di Spazio Reale<\/strong>.<\/p>\n<p>&nbsp;<\/p>\n<p>Segui tutti gli aggiornamenti della Fondazione Spazio Reale su <em>Facebook<\/em>, <em>Twitter<\/em><em>,<\/em> <em>Instagram<\/em> e <em>YouTube<\/em><em>.\u00a0<\/em><\/p>\n<p><em>\u00a0<\/em><em>Dr. Michele Pasotti, Segreteria Comunicazione Fondazione Spazio Reale Impresa Sociale,<\/em><em>\u00a0e-mail: <\/em><em>segreteriacomunicazione@spazioreale.it<\/em><\/p>\n<p>&nbsp;<\/p>\n","protected":false},"excerpt":{"rendered":"<p>Almeno 800 persone in maschera hanno preso parte alla festa di carnevale, organizzata dalla Fondazione Spazio Reale, dal parroco delle parrocchie di San Donnino e Sant\u2019Andrea, don Gilbert Shahzad, e numerose associazioni e realt\u00e0 sandonninesi, quali: il Comitato Genitori, la Fratellanza Popolare, l\u2019Esperia San Donnino, l\u2019Associazione &#8220;Le Primule&#8221;, l\u2019Associazione Dyoniso Compagnia Attori per Caso, la band Funky Tonight, AICIC \u2013 Scuola Cinese e la Banda Filarmonica G. Puccini di Galciana.<\/p>\n<p><a class=\"continue-reading\" href=\"https:\/\/www.article-marketing.eu\/comunicatistampa\/spazio-reale-presenta-alla-citta-il-suo-nuovo-look-800-persone-al-carnevale-organizzato-con-il-parroco-e-le-associazioni\/\">Continue reading&#8230;<\/a><\/p>\n","protected":false},"author":50,"featured_media":0,"comment_status":"open","ping_status":"open","sticky":false,"template":"","format":"standard","meta":{"_monsterinsights_skip_tracking":false,"_monsterinsights_sitenote_active":false,"_monsterinsights_sitenote_note":"","_monsterinsights_sitenote_category":0,"footnotes":""},"categories":[78,392],"tags":[508,506,503,509,511,507,505,512,513,504,510],"class_list":["post-722","post","type-post","status-publish","format-standard","hentry","category-comunicati-stampa","category-eventi","tag-associazioni","tag-bambini","tag-carnevale","tag-centro-congressi","tag-convention","tag-divertimenti","tag-firenze","tag-meeting","tag-ristorante","tag-spazio-reale","tag-toscana"],"yoast_head":"<!-- This site is optimized with the Yoast SEO plugin v27.3 - https:\/\/yoast.com\/product\/yoast-seo-wordpress\/ -->\n<title>Spazio Reale presenta alla citt\u00e0 il suo nuovo look - 800 persone al Carnevale organizzato con il parroco e le associazioni - Article Marketing<\/title>\n<meta name=\"robots\" content=\"index, follow, max-snippet:-1, max-image-preview:large, max-video-preview:-1\" \/>\n<link rel=\"canonical\" href=\"https:\/\/www.article-marketing.eu\/comunicatistampa\/spazio-reale-presenta-alla-citta-il-suo-nuovo-look-800-persone-al-carnevale-organizzato-con-il-parroco-e-le-associazioni\/\" \/>\n<meta property=\"og:locale\" content=\"it_IT\" \/>\n<meta property=\"og:type\" content=\"article\" \/>\n<meta property=\"og:title\" content=\"Spazio Reale presenta alla citt\u00e0 il suo nuovo look - 800 persone al Carnevale organizzato con il parroco e le associazioni - Article Marketing\" \/>\n<meta property=\"og:description\" content=\"Almeno 800 persone in maschera hanno preso parte alla festa di carnevale, organizzata dalla Fondazione Spazio Reale, dal parroco delle parrocchie di San Donnino e Sant\u2019Andrea, don Gilbert Shahzad, e numerose associazioni e realt\u00e0 sandonninesi, quali: il Comitato Genitori, la Fratellanza Popolare, l\u2019Esperia San Donnino, l\u2019Associazione &#8220;Le Primule&#8221;, l\u2019Associazione Dyoniso Compagnia Attori per Caso, la band Funky Tonight, AICIC \u2013 Scuola Cinese e la Banda Filarmonica G. Puccini di Galciana.Continue reading...\" \/>\n<meta property=\"og:url\" content=\"https:\/\/www.article-marketing.eu\/comunicatistampa\/spazio-reale-presenta-alla-citta-il-suo-nuovo-look-800-persone-al-carnevale-organizzato-con-il-parroco-e-le-associazioni\/\" \/>\n<meta property=\"og:site_name\" content=\"Article Marketing\" \/>\n<meta property=\"article:published_time\" content=\"2017-02-28T20:29:31+00:00\" \/>\n<meta property=\"article:modified_time\" content=\"2017-02-28T20:39:36+00:00\" \/>\n<meta name=\"author\" content=\"Spazio Reale\" \/>\n<meta name=\"twitter:card\" content=\"summary_large_image\" \/>\n<meta name=\"twitter:label1\" content=\"Scritto da\" \/>\n\t<meta name=\"twitter:data1\" content=\"Spazio Reale\" \/>\n\t<meta name=\"twitter:label2\" content=\"Tempo di lettura stimato\" \/>\n\t<meta name=\"twitter:data2\" content=\"3 minuti\" \/>\n<script type=\"application\/ld+json\" class=\"yoast-schema-graph\">{\"@context\":\"https:\\\/\\\/schema.org\",\"@graph\":[{\"@type\":\"Article\",\"@id\":\"https:\\\/\\\/www.article-marketing.eu\\\/comunicatistampa\\\/spazio-reale-presenta-alla-citta-il-suo-nuovo-look-800-persone-al-carnevale-organizzato-con-il-parroco-e-le-associazioni\\\/#article\",\"isPartOf\":{\"@id\":\"https:\\\/\\\/www.article-marketing.eu\\\/comunicatistampa\\\/spazio-reale-presenta-alla-citta-il-suo-nuovo-look-800-persone-al-carnevale-organizzato-con-il-parroco-e-le-associazioni\\\/\"},\"author\":{\"name\":\"Spazio Reale\",\"@id\":\"https:\\\/\\\/www.article-marketing.eu\\\/comunicatistampa\\\/#\\\/schema\\\/person\\\/e9bf0845c46f90c5a1f241b03d7c9359\"},\"headline\":\"Spazio Reale presenta alla citt\u00e0 il suo nuovo look &#8211; 800 persone al Carnevale organizzato con il parroco e le associazioni\",\"datePublished\":\"2017-02-28T20:29:31+00:00\",\"dateModified\":\"2017-02-28T20:39:36+00:00\",\"mainEntityOfPage\":{\"@id\":\"https:\\\/\\\/www.article-marketing.eu\\\/comunicatistampa\\\/spazio-reale-presenta-alla-citta-il-suo-nuovo-look-800-persone-al-carnevale-organizzato-con-il-parroco-e-le-associazioni\\\/\"},\"wordCount\":639,\"commentCount\":0,\"keywords\":[\"associazioni\",\"bambini\",\"carnevale\",\"centro congressi\",\"convention\",\"divertimenti\",\"firenze\",\"meeting\",\"ristorante\",\"spazio reale\",\"toscana\"],\"articleSection\":[\"Comunicati stampa\",\"Eventi\"],\"inLanguage\":\"it-IT\",\"potentialAction\":[{\"@type\":\"CommentAction\",\"name\":\"Comment\",\"target\":[\"https:\\\/\\\/www.article-marketing.eu\\\/comunicatistampa\\\/spazio-reale-presenta-alla-citta-il-suo-nuovo-look-800-persone-al-carnevale-organizzato-con-il-parroco-e-le-associazioni\\\/#respond\"]}]},{\"@type\":\"WebPage\",\"@id\":\"https:\\\/\\\/www.article-marketing.eu\\\/comunicatistampa\\\/spazio-reale-presenta-alla-citta-il-suo-nuovo-look-800-persone-al-carnevale-organizzato-con-il-parroco-e-le-associazioni\\\/\",\"url\":\"https:\\\/\\\/www.article-marketing.eu\\\/comunicatistampa\\\/spazio-reale-presenta-alla-citta-il-suo-nuovo-look-800-persone-al-carnevale-organizzato-con-il-parroco-e-le-associazioni\\\/\",\"name\":\"Spazio Reale presenta alla citt\u00e0 il suo nuovo look - 800 persone al Carnevale organizzato con il parroco e le associazioni - Article Marketing\",\"isPartOf\":{\"@id\":\"https:\\\/\\\/www.article-marketing.eu\\\/comunicatistampa\\\/#website\"},\"datePublished\":\"2017-02-28T20:29:31+00:00\",\"dateModified\":\"2017-02-28T20:39:36+00:00\",\"author\":{\"@id\":\"https:\\\/\\\/www.article-marketing.eu\\\/comunicatistampa\\\/#\\\/schema\\\/person\\\/e9bf0845c46f90c5a1f241b03d7c9359\"},\"breadcrumb\":{\"@id\":\"https:\\\/\\\/www.article-marketing.eu\\\/comunicatistampa\\\/spazio-reale-presenta-alla-citta-il-suo-nuovo-look-800-persone-al-carnevale-organizzato-con-il-parroco-e-le-associazioni\\\/#breadcrumb\"},\"inLanguage\":\"it-IT\",\"potentialAction\":[{\"@type\":\"ReadAction\",\"target\":[\"https:\\\/\\\/www.article-marketing.eu\\\/comunicatistampa\\\/spazio-reale-presenta-alla-citta-il-suo-nuovo-look-800-persone-al-carnevale-organizzato-con-il-parroco-e-le-associazioni\\\/\"]}]},{\"@type\":\"BreadcrumbList\",\"@id\":\"https:\\\/\\\/www.article-marketing.eu\\\/comunicatistampa\\\/spazio-reale-presenta-alla-citta-il-suo-nuovo-look-800-persone-al-carnevale-organizzato-con-il-parroco-e-le-associazioni\\\/#breadcrumb\",\"itemListElement\":[{\"@type\":\"ListItem\",\"position\":1,\"name\":\"Home\",\"item\":\"https:\\\/\\\/www.article-marketing.eu\\\/comunicatistampa\\\/\"},{\"@type\":\"ListItem\",\"position\":2,\"name\":\"Spazio Reale presenta alla citt\u00e0 il suo nuovo look &#8211; 800 persone al Carnevale organizzato con il parroco e le associazioni\"}]},{\"@type\":\"WebSite\",\"@id\":\"https:\\\/\\\/www.article-marketing.eu\\\/comunicatistampa\\\/#website\",\"url\":\"https:\\\/\\\/www.article-marketing.eu\\\/comunicatistampa\\\/\",\"name\":\"Article Marketing\",\"description\":\"article marketing &amp; press release\",\"potentialAction\":[{\"@type\":\"SearchAction\",\"target\":{\"@type\":\"EntryPoint\",\"urlTemplate\":\"https:\\\/\\\/www.article-marketing.eu\\\/comunicatistampa\\\/?s={search_term_string}\"},\"query-input\":{\"@type\":\"PropertyValueSpecification\",\"valueRequired\":true,\"valueName\":\"search_term_string\"}}],\"inLanguage\":\"it-IT\"},{\"@type\":\"Person\",\"@id\":\"https:\\\/\\\/www.article-marketing.eu\\\/comunicatistampa\\\/#\\\/schema\\\/person\\\/e9bf0845c46f90c5a1f241b03d7c9359\",\"name\":\"Spazio Reale\",\"image\":{\"@type\":\"ImageObject\",\"inLanguage\":\"it-IT\",\"@id\":\"https:\\\/\\\/secure.gravatar.com\\\/avatar\\\/de27c856b5a7e55054c1cb4f5043371dc937bc0803e57a7c576fe03530928179?s=96&d=mm&r=g\",\"url\":\"https:\\\/\\\/secure.gravatar.com\\\/avatar\\\/de27c856b5a7e55054c1cb4f5043371dc937bc0803e57a7c576fe03530928179?s=96&d=mm&r=g\",\"contentUrl\":\"https:\\\/\\\/secure.gravatar.com\\\/avatar\\\/de27c856b5a7e55054c1cb4f5043371dc937bc0803e57a7c576fe03530928179?s=96&d=mm&r=g\",\"caption\":\"Spazio Reale\"},\"description\":\"A pochi chilometri da Firenze, nel 1995 \u00e8 sorto Spazio Reale, un centro polifunzionale di coesione sociale e intercultura che ha avuto la capacit\u00e0 e il merito di riqualificare un\u2019area pi\u00f9 volte definita \u201cperiferia delle periferie\u201d. Spazio Reale ha integrato i servizi offerti, senza tralasciare l\u2019essenza della propria mission: promuovere la coesione sociale attraverso l\u2019interazione tra persone di diverse generazioni, abilita e culture, diffondere conoscenza e saperi ospitando ed organizzando eventi culturali, aziendali, sportivi e ludici, valorizzando l\u2019identit\u00e0 delle persone e del territorio. Oggi Spazio Reale \u00e8 un centro congressuale, sportivo, formativo e ristorativo orientato alla cultura della socializzazione, formazione e organizzazione di eventi di ogni tipologia. Parliamo della vasta gamma di attivit\u00e0 realizzabili sui 5000 mq dedicati agli eventi, di cui 900 della Main Hall, sui 4000 degli impianti sportivi e nelle aule dell\u2019agenzia formativa accreditata dal Miur e da Regione Toscana. A cui aggiungere: lo sportello di orientamento al lavoro, il coworking, la terrazza panoramica, il bar\\\/ristorante, i 2500mq di parco Oltregioco dedicato ai bambini e la parte ricettiva con i suoi 75 posti letto. In pratica Spazio Reale offre tutte le comodit\u00e0 di un grande campus con servizi a 360\u00b0 compreso l\u2019enorme parcheggio a disposizione. Di recente \u00e8 stato dato un nuovo look agli spazi esterni e all\u2019area ristorativa per far emergere i punti di forza della struttura quali la flessibilit\u00e0, la ricchezza degli spazi e il supporto messi a disposizione di chi organizza qui il proprio evento.\",\"sameAs\":[\"http:\\\/\\\/www.spazioreale.it\"],\"url\":\"https:\\\/\\\/www.article-marketing.eu\\\/comunicatistampa\\\/author\\\/spazio-reale\\\/\"}]}<\/script>\n<!-- \/ Yoast SEO plugin. -->","yoast_head_json":{"title":"Spazio Reale presenta alla citt\u00e0 il suo nuovo look - 800 persone al Carnevale organizzato con il parroco e le associazioni - Article Marketing","robots":{"index":"index","follow":"follow","max-snippet":"max-snippet:-1","max-image-preview":"max-image-preview:large","max-video-preview":"max-video-preview:-1"},"canonical":"https:\/\/www.article-marketing.eu\/comunicatistampa\/spazio-reale-presenta-alla-citta-il-suo-nuovo-look-800-persone-al-carnevale-organizzato-con-il-parroco-e-le-associazioni\/","og_locale":"it_IT","og_type":"article","og_title":"Spazio Reale presenta alla citt\u00e0 il suo nuovo look - 800 persone al Carnevale organizzato con il parroco e le associazioni - Article Marketing","og_description":"Almeno 800 persone in maschera hanno preso parte alla festa di carnevale, organizzata dalla Fondazione Spazio Reale, dal parroco delle parrocchie di San Donnino e Sant\u2019Andrea, don Gilbert Shahzad, e numerose associazioni e realt\u00e0 sandonninesi, quali: il Comitato Genitori, la Fratellanza Popolare, l\u2019Esperia San Donnino, l\u2019Associazione &#8220;Le Primule&#8221;, l\u2019Associazione Dyoniso Compagnia Attori per Caso, la band Funky Tonight, AICIC \u2013 Scuola Cinese e la Banda Filarmonica G. Puccini di Galciana.Continue reading...","og_url":"https:\/\/www.article-marketing.eu\/comunicatistampa\/spazio-reale-presenta-alla-citta-il-suo-nuovo-look-800-persone-al-carnevale-organizzato-con-il-parroco-e-le-associazioni\/","og_site_name":"Article Marketing","article_published_time":"2017-02-28T20:29:31+00:00","article_modified_time":"2017-02-28T20:39:36+00:00","author":"Spazio Reale","twitter_card":"summary_large_image","twitter_misc":{"Scritto da":"Spazio Reale","Tempo di lettura stimato":"3 minuti"},"schema":{"@context":"https:\/\/schema.org","@graph":[{"@type":"Article","@id":"https:\/\/www.article-marketing.eu\/comunicatistampa\/spazio-reale-presenta-alla-citta-il-suo-nuovo-look-800-persone-al-carnevale-organizzato-con-il-parroco-e-le-associazioni\/#article","isPartOf":{"@id":"https:\/\/www.article-marketing.eu\/comunicatistampa\/spazio-reale-presenta-alla-citta-il-suo-nuovo-look-800-persone-al-carnevale-organizzato-con-il-parroco-e-le-associazioni\/"},"author":{"name":"Spazio Reale","@id":"https:\/\/www.article-marketing.eu\/comunicatistampa\/#\/schema\/person\/e9bf0845c46f90c5a1f241b03d7c9359"},"headline":"Spazio Reale presenta alla citt\u00e0 il suo nuovo look &#8211; 800 persone al Carnevale organizzato con il parroco e le associazioni","datePublished":"2017-02-28T20:29:31+00:00","dateModified":"2017-02-28T20:39:36+00:00","mainEntityOfPage":{"@id":"https:\/\/www.article-marketing.eu\/comunicatistampa\/spazio-reale-presenta-alla-citta-il-suo-nuovo-look-800-persone-al-carnevale-organizzato-con-il-parroco-e-le-associazioni\/"},"wordCount":639,"commentCount":0,"keywords":["associazioni","bambini","carnevale","centro congressi","convention","divertimenti","firenze","meeting","ristorante","spazio reale","toscana"],"articleSection":["Comunicati stampa","Eventi"],"inLanguage":"it-IT","potentialAction":[{"@type":"CommentAction","name":"Comment","target":["https:\/\/www.article-marketing.eu\/comunicatistampa\/spazio-reale-presenta-alla-citta-il-suo-nuovo-look-800-persone-al-carnevale-organizzato-con-il-parroco-e-le-associazioni\/#respond"]}]},{"@type":"WebPage","@id":"https:\/\/www.article-marketing.eu\/comunicatistampa\/spazio-reale-presenta-alla-citta-il-suo-nuovo-look-800-persone-al-carnevale-organizzato-con-il-parroco-e-le-associazioni\/","url":"https:\/\/www.article-marketing.eu\/comunicatistampa\/spazio-reale-presenta-alla-citta-il-suo-nuovo-look-800-persone-al-carnevale-organizzato-con-il-parroco-e-le-associazioni\/","name":"Spazio Reale presenta alla citt\u00e0 il suo nuovo look - 800 persone al Carnevale organizzato con il parroco e le associazioni - Article Marketing","isPartOf":{"@id":"https:\/\/www.article-marketing.eu\/comunicatistampa\/#website"},"datePublished":"2017-02-28T20:29:31+00:00","dateModified":"2017-02-28T20:39:36+00:00","author":{"@id":"https:\/\/www.article-marketing.eu\/comunicatistampa\/#\/schema\/person\/e9bf0845c46f90c5a1f241b03d7c9359"},"breadcrumb":{"@id":"https:\/\/www.article-marketing.eu\/comunicatistampa\/spazio-reale-presenta-alla-citta-il-suo-nuovo-look-800-persone-al-carnevale-organizzato-con-il-parroco-e-le-associazioni\/#breadcrumb"},"inLanguage":"it-IT","potentialAction":[{"@type":"ReadAction","target":["https:\/\/www.article-marketing.eu\/comunicatistampa\/spazio-reale-presenta-alla-citta-il-suo-nuovo-look-800-persone-al-carnevale-organizzato-con-il-parroco-e-le-associazioni\/"]}]},{"@type":"BreadcrumbList","@id":"https:\/\/www.article-marketing.eu\/comunicatistampa\/spazio-reale-presenta-alla-citta-il-suo-nuovo-look-800-persone-al-carnevale-organizzato-con-il-parroco-e-le-associazioni\/#breadcrumb","itemListElement":[{"@type":"ListItem","position":1,"name":"Home","item":"https:\/\/www.article-marketing.eu\/comunicatistampa\/"},{"@type":"ListItem","position":2,"name":"Spazio Reale presenta alla citt\u00e0 il suo nuovo look &#8211; 800 persone al Carnevale organizzato con il parroco e le associazioni"}]},{"@type":"WebSite","@id":"https:\/\/www.article-marketing.eu\/comunicatistampa\/#website","url":"https:\/\/www.article-marketing.eu\/comunicatistampa\/","name":"Article Marketing","description":"article marketing &amp; press release","potentialAction":[{"@type":"SearchAction","target":{"@type":"EntryPoint","urlTemplate":"https:\/\/www.article-marketing.eu\/comunicatistampa\/?s={search_term_string}"},"query-input":{"@type":"PropertyValueSpecification","valueRequired":true,"valueName":"search_term_string"}}],"inLanguage":"it-IT"},{"@type":"Person","@id":"https:\/\/www.article-marketing.eu\/comunicatistampa\/#\/schema\/person\/e9bf0845c46f90c5a1f241b03d7c9359","name":"Spazio Reale","image":{"@type":"ImageObject","inLanguage":"it-IT","@id":"https:\/\/secure.gravatar.com\/avatar\/de27c856b5a7e55054c1cb4f5043371dc937bc0803e57a7c576fe03530928179?s=96&d=mm&r=g","url":"https:\/\/secure.gravatar.com\/avatar\/de27c856b5a7e55054c1cb4f5043371dc937bc0803e57a7c576fe03530928179?s=96&d=mm&r=g","contentUrl":"https:\/\/secure.gravatar.com\/avatar\/de27c856b5a7e55054c1cb4f5043371dc937bc0803e57a7c576fe03530928179?s=96&d=mm&r=g","caption":"Spazio Reale"},"description":"A pochi chilometri da Firenze, nel 1995 \u00e8 sorto Spazio Reale, un centro polifunzionale di coesione sociale e intercultura che ha avuto la capacit\u00e0 e il merito di riqualificare un\u2019area pi\u00f9 volte definita \u201cperiferia delle periferie\u201d. Spazio Reale ha integrato i servizi offerti, senza tralasciare l\u2019essenza della propria mission: promuovere la coesione sociale attraverso l\u2019interazione tra persone di diverse generazioni, abilita e culture, diffondere conoscenza e saperi ospitando ed organizzando eventi culturali, aziendali, sportivi e ludici, valorizzando l\u2019identit\u00e0 delle persone e del territorio. Oggi Spazio Reale \u00e8 un centro congressuale, sportivo, formativo e ristorativo orientato alla cultura della socializzazione, formazione e organizzazione di eventi di ogni tipologia. Parliamo della vasta gamma di attivit\u00e0 realizzabili sui 5000 mq dedicati agli eventi, di cui 900 della Main Hall, sui 4000 degli impianti sportivi e nelle aule dell\u2019agenzia formativa accreditata dal Miur e da Regione Toscana. A cui aggiungere: lo sportello di orientamento al lavoro, il coworking, la terrazza panoramica, il bar\/ristorante, i 2500mq di parco Oltregioco dedicato ai bambini e la parte ricettiva con i suoi 75 posti letto. In pratica Spazio Reale offre tutte le comodit\u00e0 di un grande campus con servizi a 360\u00b0 compreso l\u2019enorme parcheggio a disposizione. Di recente \u00e8 stato dato un nuovo look agli spazi esterni e all\u2019area ristorativa per far emergere i punti di forza della struttura quali la flessibilit\u00e0, la ricchezza degli spazi e il supporto messi a disposizione di chi organizza qui il proprio evento.","sameAs":["http:\/\/www.spazioreale.it"],"url":"https:\/\/www.article-marketing.eu\/comunicatistampa\/author\/spazio-reale\/"}]}},"_links":{"self":[{"href":"https:\/\/www.article-marketing.eu\/comunicatistampa\/wp-json\/wp\/v2\/posts\/722","targetHints":{"allow":["GET"]}}],"collection":[{"href":"https:\/\/www.article-marketing.eu\/comunicatistampa\/wp-json\/wp\/v2\/posts"}],"about":[{"href":"https:\/\/www.article-marketing.eu\/comunicatistampa\/wp-json\/wp\/v2\/types\/post"}],"author":[{"embeddable":true,"href":"https:\/\/www.article-marketing.eu\/comunicatistampa\/wp-json\/wp\/v2\/users\/50"}],"replies":[{"embeddable":true,"href":"https:\/\/www.article-marketing.eu\/comunicatistampa\/wp-json\/wp\/v2\/comments?post=722"}],"version-history":[{"count":3,"href":"https:\/\/www.article-marketing.eu\/comunicatistampa\/wp-json\/wp\/v2\/posts\/722\/revisions"}],"predecessor-version":[{"id":745,"href":"https:\/\/www.article-marketing.eu\/comunicatistampa\/wp-json\/wp\/v2\/posts\/722\/revisions\/745"}],"wp:attachment":[{"href":"https:\/\/www.article-marketing.eu\/comunicatistampa\/wp-json\/wp\/v2\/media?parent=722"}],"wp:term":[{"taxonomy":"category","embeddable":true,"href":"https:\/\/www.article-marketing.eu\/comunicatistampa\/wp-json\/wp\/v2\/categories?post=722"},{"taxonomy":"post_tag","embeddable":true,"href":"https:\/\/www.article-marketing.eu\/comunicatistampa\/wp-json\/wp\/v2\/tags?post=722"}],"curies":[{"name":"wp","href":"https:\/\/api.w.org\/{rel}","templated":true}]}}