{"id":7247,"date":"2017-11-24T23:29:13","date_gmt":"2017-11-24T22:29:13","guid":{"rendered":"http:\/\/www.article-marketing.eu\/comunicatistampa\/?p=7247"},"modified":"2017-11-24T23:29:13","modified_gmt":"2017-11-24T22:29:13","slug":"acquistiamo-la-nostra-verdura-al-campo-addio-filiera","status":"publish","type":"post","link":"https:\/\/www.article-marketing.eu\/comunicatistampa\/acquistiamo-la-nostra-verdura-al-campo-addio-filiera\/","title":{"rendered":"Acquistiamo la nostra verdura al campo, addio filiera!"},"content":{"rendered":"<h3><strong>Il cibo sulla nostra tavola a kilometro zero\u2026 una novit\u00e0?<\/strong><\/h3>\n<p><strong>No, non direi<\/strong>. Forse molti lo hanno dimenticato, ma fino a poco tempo fa la spesa si faceva dal fruttivendolo sotto casa, dal macellaio di fiducia, il panettiere preparava e sfornava il pane che serviva in giornata, una rete di fornitori di prodotti con rapporti quasi familiari con i loro clienti e che lavorava in maniera capillare sul territorio.<!--more--><\/p>\n<p>Anche il rapporto con i prodotti \u00e8 cambiato: i broccoli si trovavano solo in inverno, le fragole in primavera e, molto spesso, a causa delle condizioni del mare difficili, il pescivendolo aveva poca scelta.<\/p>\n<p>Oggi entriamo in un centro commerciale e abbiamo a nostra disposizione una grande quantit\u00e0 di prodotti in ogni momento dell\u2019anno; una ampia scelta di cibo confezionato, dal pesce ai formaggi fino ad arrivare a frutta e verdura.<\/p>\n<h3><strong>Cosa comporta tutto questo? Questo sistema ha delle conseguenze?<\/strong><\/h3>\n<p>Ebbene s\u00ec, tutto ha una conseguenza.<\/p>\n<p>Dalle statistiche risulta come tutti i prodotti viaggino mediamente <strong>per 1900 km<\/strong>, ha dunque senso abbinare un arrosto con del vino australiano che, per arrivare sulla nostra tavola, ha percorso 17000 km? Con conseguente consumo di petrolio e produzione di anidride carbonica.<\/p>\n<p><strong>No <\/strong>\u00e8 la risposta che negli ultimi tempi stanno dando sempre pi\u00f9 forte gli italiani.<\/p>\n<p>Il mezzo; la spesa fatta direttamente alla azienda agricola Lombardia, (<a href=\"https:\/\/www.ortoclick.it\/\" target=\"_blank\" rel=\"noopener\">www.ortoclick.it<\/a>) nel campo di produzione, azzerando la filiera e scegliendo solo frutta e verdura di stagione.<\/p>\n<p>Questo tipo di rivendita sta conoscendo un periodo d\u2019oro a tutti gli effetti e questo sta portando anche alla riscoperta di prodotti del territorio in qualche modo dimenticati, prodotti tipici di stagione <strong>made in Italy<\/strong>.<\/p>\n<h3>Vendita al campo, un sistema economico e sostenibile<\/h3>\n<p>La vendita al campo ci consente anche di conoscere la persona che coltiva ci\u00f2 che mangiamo, ricreando quel rapporto di fiducia che era andato scomparendo negli ultimi anni.<\/p>\n<p>Il cliente pu\u00f2 vedere lo stato della fattoria e, in questo modo, avere un contatto diretto con l\u2019ambiente gli animali oltre che con i processi che stanno alla base della produzione agricola e un controllo sull\u2019origine dei prodotti che acquisteremo e consumeremo.<\/p>\n<p>In conclusione possiamo affermare che la vendita al campo ci fa diventare consumatori ecosostenibili e responsabili: edotti sulla qualit\u00e0 degli alimenti e sulle stagionalit\u00e0, ci d\u00e0 maggiore sicurezza sulla freschezza di ci\u00f2 che consumiamo e fornisce un vantaggio agli agricoltori che hanno maggiore respiro e possono farci accedere a prodotti pi\u00f9 economici.<\/p>\n<p>Un fenomeno partito in sordina ma che certamente sta costituendo un cambiamento epocale tra i pi\u00f9 importanti degli ultimi anni, un parziale ritorno al passato e a delle abitudini che pensavamo di aver perso per sempre ormai relegate solo a una nicchia di consumatori consapevoli.<\/p>\n","protected":false},"excerpt":{"rendered":"<p>Il cibo sulla nostra tavola a kilometro zero\u2026 una novit\u00e0? No, non direi. Forse molti lo hanno dimenticato, ma fino a poco tempo fa la spesa si faceva dal fruttivendolo sotto casa, dal macellaio di fiducia, il panettiere preparava e sfornava il pane che serviva in giornata, una rete di fornitori di prodotti con rapporti quasi familiari con i loro clienti e che lavorava in maniera capillare sul territorio.<\/p>\n","protected":false},"author":20,"featured_media":0,"comment_status":"open","ping_status":"open","sticky":false,"template":"","format":"standard","meta":{"_monsterinsights_skip_tracking":false,"_monsterinsights_sitenote_active":false,"_monsterinsights_sitenote_note":"","_monsterinsights_sitenote_category":0,"footnotes":""},"categories":[387],"tags":[339,3185,3186],"class_list":["post-7247","post","type-post","status-publish","format-standard","hentry","category-attivita-commerciali","tag-aziende-agricole","tag-vendita-al-campo","tag-verdura-di-stagione"],"yoast_head":"<!-- This site is optimized with the Yoast SEO plugin v27.3 - https:\/\/yoast.com\/product\/yoast-seo-wordpress\/ -->\n<title>Acquistiamo la nostra verdura al campo, addio filiera! - Article Marketing<\/title>\n<meta name=\"description\" content=\"Vendita al campo per frutta e verdura di stagione, un modo sostenibile per risparmiare e acquistare prodotti organici a km 0. Dal produttore al cosumatore.\" \/>\n<meta name=\"robots\" content=\"index, follow, max-snippet:-1, max-image-preview:large, max-video-preview:-1\" \/>\n<link rel=\"canonical\" href=\"https:\/\/www.article-marketing.eu\/comunicatistampa\/acquistiamo-la-nostra-verdura-al-campo-addio-filiera\/\" \/>\n<meta property=\"og:locale\" content=\"it_IT\" \/>\n<meta property=\"og:type\" content=\"article\" \/>\n<meta property=\"og:title\" content=\"Acquistiamo la nostra verdura al campo, addio filiera! - Article Marketing\" \/>\n<meta property=\"og:description\" content=\"Vendita al campo per frutta e verdura di stagione, un modo sostenibile per risparmiare e acquistare prodotti organici a km 0. Dal produttore al cosumatore.\" \/>\n<meta property=\"og:url\" content=\"https:\/\/www.article-marketing.eu\/comunicatistampa\/acquistiamo-la-nostra-verdura-al-campo-addio-filiera\/\" \/>\n<meta property=\"og:site_name\" content=\"Article Marketing\" \/>\n<meta property=\"article:published_time\" content=\"2017-11-24T22:29:13+00:00\" \/>\n<meta name=\"author\" content=\"ictadmin\" \/>\n<meta name=\"twitter:card\" content=\"summary_large_image\" \/>\n<meta name=\"twitter:label1\" content=\"Scritto da\" \/>\n\t<meta name=\"twitter:data1\" content=\"ictadmin\" \/>\n\t<meta name=\"twitter:label2\" content=\"Tempo di lettura stimato\" \/>\n\t<meta name=\"twitter:data2\" content=\"2 minuti\" \/>\n<script type=\"application\/ld+json\" class=\"yoast-schema-graph\">{\"@context\":\"https:\\\/\\\/schema.org\",\"@graph\":[{\"@type\":\"Article\",\"@id\":\"https:\\\/\\\/www.article-marketing.eu\\\/comunicatistampa\\\/acquistiamo-la-nostra-verdura-al-campo-addio-filiera\\\/#article\",\"isPartOf\":{\"@id\":\"https:\\\/\\\/www.article-marketing.eu\\\/comunicatistampa\\\/acquistiamo-la-nostra-verdura-al-campo-addio-filiera\\\/\"},\"author\":{\"name\":\"ictadmin\",\"@id\":\"https:\\\/\\\/www.article-marketing.eu\\\/comunicatistampa\\\/#\\\/schema\\\/person\\\/b3bcdff9e011a199a2a599263f766107\"},\"headline\":\"Acquistiamo la nostra verdura al campo, addio filiera!\",\"datePublished\":\"2017-11-24T22:29:13+00:00\",\"mainEntityOfPage\":{\"@id\":\"https:\\\/\\\/www.article-marketing.eu\\\/comunicatistampa\\\/acquistiamo-la-nostra-verdura-al-campo-addio-filiera\\\/\"},\"wordCount\":458,\"commentCount\":0,\"keywords\":[\"aziende agricole\",\"vendita al campo\",\"verdura di stagione\"],\"articleSection\":[\"Attivit\u00e0 commerciali\"],\"inLanguage\":\"it-IT\",\"potentialAction\":[{\"@type\":\"CommentAction\",\"name\":\"Comment\",\"target\":[\"https:\\\/\\\/www.article-marketing.eu\\\/comunicatistampa\\\/acquistiamo-la-nostra-verdura-al-campo-addio-filiera\\\/#respond\"]}]},{\"@type\":\"WebPage\",\"@id\":\"https:\\\/\\\/www.article-marketing.eu\\\/comunicatistampa\\\/acquistiamo-la-nostra-verdura-al-campo-addio-filiera\\\/\",\"url\":\"https:\\\/\\\/www.article-marketing.eu\\\/comunicatistampa\\\/acquistiamo-la-nostra-verdura-al-campo-addio-filiera\\\/\",\"name\":\"Acquistiamo la nostra verdura al campo, addio filiera! - Article Marketing\",\"isPartOf\":{\"@id\":\"https:\\\/\\\/www.article-marketing.eu\\\/comunicatistampa\\\/#website\"},\"datePublished\":\"2017-11-24T22:29:13+00:00\",\"author\":{\"@id\":\"https:\\\/\\\/www.article-marketing.eu\\\/comunicatistampa\\\/#\\\/schema\\\/person\\\/b3bcdff9e011a199a2a599263f766107\"},\"description\":\"Vendita al campo per frutta e verdura di stagione, un modo sostenibile per risparmiare e acquistare prodotti organici a km 0. Dal produttore al cosumatore.\",\"breadcrumb\":{\"@id\":\"https:\\\/\\\/www.article-marketing.eu\\\/comunicatistampa\\\/acquistiamo-la-nostra-verdura-al-campo-addio-filiera\\\/#breadcrumb\"},\"inLanguage\":\"it-IT\",\"potentialAction\":[{\"@type\":\"ReadAction\",\"target\":[\"https:\\\/\\\/www.article-marketing.eu\\\/comunicatistampa\\\/acquistiamo-la-nostra-verdura-al-campo-addio-filiera\\\/\"]}]},{\"@type\":\"BreadcrumbList\",\"@id\":\"https:\\\/\\\/www.article-marketing.eu\\\/comunicatistampa\\\/acquistiamo-la-nostra-verdura-al-campo-addio-filiera\\\/#breadcrumb\",\"itemListElement\":[{\"@type\":\"ListItem\",\"position\":1,\"name\":\"Home\",\"item\":\"https:\\\/\\\/www.article-marketing.eu\\\/comunicatistampa\\\/\"},{\"@type\":\"ListItem\",\"position\":2,\"name\":\"Acquistiamo la nostra verdura al campo, addio filiera!\"}]},{\"@type\":\"WebSite\",\"@id\":\"https:\\\/\\\/www.article-marketing.eu\\\/comunicatistampa\\\/#website\",\"url\":\"https:\\\/\\\/www.article-marketing.eu\\\/comunicatistampa\\\/\",\"name\":\"Article Marketing\",\"description\":\"article marketing &amp; press release\",\"potentialAction\":[{\"@type\":\"SearchAction\",\"target\":{\"@type\":\"EntryPoint\",\"urlTemplate\":\"https:\\\/\\\/www.article-marketing.eu\\\/comunicatistampa\\\/?s={search_term_string}\"},\"query-input\":{\"@type\":\"PropertyValueSpecification\",\"valueRequired\":true,\"valueName\":\"search_term_string\"}}],\"inLanguage\":\"it-IT\"},{\"@type\":\"Person\",\"@id\":\"https:\\\/\\\/www.article-marketing.eu\\\/comunicatistampa\\\/#\\\/schema\\\/person\\\/b3bcdff9e011a199a2a599263f766107\",\"name\":\"ictadmin\",\"image\":{\"@type\":\"ImageObject\",\"inLanguage\":\"it-IT\",\"@id\":\"https:\\\/\\\/secure.gravatar.com\\\/avatar\\\/4781f1aabadd09b0a8a9ebb8a05baf20204aa27c12ab5ca92f17e612775150e9?s=96&d=mm&r=g\",\"url\":\"https:\\\/\\\/secure.gravatar.com\\\/avatar\\\/4781f1aabadd09b0a8a9ebb8a05baf20204aa27c12ab5ca92f17e612775150e9?s=96&d=mm&r=g\",\"contentUrl\":\"https:\\\/\\\/secure.gravatar.com\\\/avatar\\\/4781f1aabadd09b0a8a9ebb8a05baf20204aa27c12ab5ca92f17e612775150e9?s=96&d=mm&r=g\",\"caption\":\"ictadmin\"},\"description\":\"IDRA TECNOLOGIE INFORMATICHE \u00e8 un Gruppo di consulenti con decennale esperienza, nei Servizi e nelle Soluzioni per il business in ambito Information &amp; Communication Technology (ICT). In particolare, il Gruppo si compone di tre segmenti operativi: Consulenza - progettazione, gestione e valorizzazione delle risorse ICT aziendali; Web - sviluppo siti web e soluzioni evolute per il posizionamento CRM - progettazione e implementazione di strategie per il customers relationship management\",\"sameAs\":[\"http:\\\/\\\/www.idratech.eu\\\/\"],\"url\":\"https:\\\/\\\/www.article-marketing.eu\\\/comunicatistampa\\\/author\\\/ictadmin\\\/\"}]}<\/script>\n<!-- \/ Yoast SEO plugin. -->","yoast_head_json":{"title":"Acquistiamo la nostra verdura al campo, addio filiera! - Article Marketing","description":"Vendita al campo per frutta e verdura di stagione, un modo sostenibile per risparmiare e acquistare prodotti organici a km 0. Dal produttore al cosumatore.","robots":{"index":"index","follow":"follow","max-snippet":"max-snippet:-1","max-image-preview":"max-image-preview:large","max-video-preview":"max-video-preview:-1"},"canonical":"https:\/\/www.article-marketing.eu\/comunicatistampa\/acquistiamo-la-nostra-verdura-al-campo-addio-filiera\/","og_locale":"it_IT","og_type":"article","og_title":"Acquistiamo la nostra verdura al campo, addio filiera! - Article Marketing","og_description":"Vendita al campo per frutta e verdura di stagione, un modo sostenibile per risparmiare e acquistare prodotti organici a km 0. Dal produttore al cosumatore.","og_url":"https:\/\/www.article-marketing.eu\/comunicatistampa\/acquistiamo-la-nostra-verdura-al-campo-addio-filiera\/","og_site_name":"Article Marketing","article_published_time":"2017-11-24T22:29:13+00:00","author":"ictadmin","twitter_card":"summary_large_image","twitter_misc":{"Scritto da":"ictadmin","Tempo di lettura stimato":"2 minuti"},"schema":{"@context":"https:\/\/schema.org","@graph":[{"@type":"Article","@id":"https:\/\/www.article-marketing.eu\/comunicatistampa\/acquistiamo-la-nostra-verdura-al-campo-addio-filiera\/#article","isPartOf":{"@id":"https:\/\/www.article-marketing.eu\/comunicatistampa\/acquistiamo-la-nostra-verdura-al-campo-addio-filiera\/"},"author":{"name":"ictadmin","@id":"https:\/\/www.article-marketing.eu\/comunicatistampa\/#\/schema\/person\/b3bcdff9e011a199a2a599263f766107"},"headline":"Acquistiamo la nostra verdura al campo, addio filiera!","datePublished":"2017-11-24T22:29:13+00:00","mainEntityOfPage":{"@id":"https:\/\/www.article-marketing.eu\/comunicatistampa\/acquistiamo-la-nostra-verdura-al-campo-addio-filiera\/"},"wordCount":458,"commentCount":0,"keywords":["aziende agricole","vendita al campo","verdura di stagione"],"articleSection":["Attivit\u00e0 commerciali"],"inLanguage":"it-IT","potentialAction":[{"@type":"CommentAction","name":"Comment","target":["https:\/\/www.article-marketing.eu\/comunicatistampa\/acquistiamo-la-nostra-verdura-al-campo-addio-filiera\/#respond"]}]},{"@type":"WebPage","@id":"https:\/\/www.article-marketing.eu\/comunicatistampa\/acquistiamo-la-nostra-verdura-al-campo-addio-filiera\/","url":"https:\/\/www.article-marketing.eu\/comunicatistampa\/acquistiamo-la-nostra-verdura-al-campo-addio-filiera\/","name":"Acquistiamo la nostra verdura al campo, addio filiera! - Article Marketing","isPartOf":{"@id":"https:\/\/www.article-marketing.eu\/comunicatistampa\/#website"},"datePublished":"2017-11-24T22:29:13+00:00","author":{"@id":"https:\/\/www.article-marketing.eu\/comunicatistampa\/#\/schema\/person\/b3bcdff9e011a199a2a599263f766107"},"description":"Vendita al campo per frutta e verdura di stagione, un modo sostenibile per risparmiare e acquistare prodotti organici a km 0. Dal produttore al cosumatore.","breadcrumb":{"@id":"https:\/\/www.article-marketing.eu\/comunicatistampa\/acquistiamo-la-nostra-verdura-al-campo-addio-filiera\/#breadcrumb"},"inLanguage":"it-IT","potentialAction":[{"@type":"ReadAction","target":["https:\/\/www.article-marketing.eu\/comunicatistampa\/acquistiamo-la-nostra-verdura-al-campo-addio-filiera\/"]}]},{"@type":"BreadcrumbList","@id":"https:\/\/www.article-marketing.eu\/comunicatistampa\/acquistiamo-la-nostra-verdura-al-campo-addio-filiera\/#breadcrumb","itemListElement":[{"@type":"ListItem","position":1,"name":"Home","item":"https:\/\/www.article-marketing.eu\/comunicatistampa\/"},{"@type":"ListItem","position":2,"name":"Acquistiamo la nostra verdura al campo, addio filiera!"}]},{"@type":"WebSite","@id":"https:\/\/www.article-marketing.eu\/comunicatistampa\/#website","url":"https:\/\/www.article-marketing.eu\/comunicatistampa\/","name":"Article Marketing","description":"article marketing &amp; press release","potentialAction":[{"@type":"SearchAction","target":{"@type":"EntryPoint","urlTemplate":"https:\/\/www.article-marketing.eu\/comunicatistampa\/?s={search_term_string}"},"query-input":{"@type":"PropertyValueSpecification","valueRequired":true,"valueName":"search_term_string"}}],"inLanguage":"it-IT"},{"@type":"Person","@id":"https:\/\/www.article-marketing.eu\/comunicatistampa\/#\/schema\/person\/b3bcdff9e011a199a2a599263f766107","name":"ictadmin","image":{"@type":"ImageObject","inLanguage":"it-IT","@id":"https:\/\/secure.gravatar.com\/avatar\/4781f1aabadd09b0a8a9ebb8a05baf20204aa27c12ab5ca92f17e612775150e9?s=96&d=mm&r=g","url":"https:\/\/secure.gravatar.com\/avatar\/4781f1aabadd09b0a8a9ebb8a05baf20204aa27c12ab5ca92f17e612775150e9?s=96&d=mm&r=g","contentUrl":"https:\/\/secure.gravatar.com\/avatar\/4781f1aabadd09b0a8a9ebb8a05baf20204aa27c12ab5ca92f17e612775150e9?s=96&d=mm&r=g","caption":"ictadmin"},"description":"IDRA TECNOLOGIE INFORMATICHE \u00e8 un Gruppo di consulenti con decennale esperienza, nei Servizi e nelle Soluzioni per il business in ambito Information &amp; Communication Technology (ICT). In particolare, il Gruppo si compone di tre segmenti operativi: Consulenza - progettazione, gestione e valorizzazione delle risorse ICT aziendali; Web - sviluppo siti web e soluzioni evolute per il posizionamento CRM - progettazione e implementazione di strategie per il customers relationship management","sameAs":["http:\/\/www.idratech.eu\/"],"url":"https:\/\/www.article-marketing.eu\/comunicatistampa\/author\/ictadmin\/"}]}},"_links":{"self":[{"href":"https:\/\/www.article-marketing.eu\/comunicatistampa\/wp-json\/wp\/v2\/posts\/7247","targetHints":{"allow":["GET"]}}],"collection":[{"href":"https:\/\/www.article-marketing.eu\/comunicatistampa\/wp-json\/wp\/v2\/posts"}],"about":[{"href":"https:\/\/www.article-marketing.eu\/comunicatistampa\/wp-json\/wp\/v2\/types\/post"}],"author":[{"embeddable":true,"href":"https:\/\/www.article-marketing.eu\/comunicatistampa\/wp-json\/wp\/v2\/users\/20"}],"replies":[{"embeddable":true,"href":"https:\/\/www.article-marketing.eu\/comunicatistampa\/wp-json\/wp\/v2\/comments?post=7247"}],"version-history":[{"count":2,"href":"https:\/\/www.article-marketing.eu\/comunicatistampa\/wp-json\/wp\/v2\/posts\/7247\/revisions"}],"predecessor-version":[{"id":7283,"href":"https:\/\/www.article-marketing.eu\/comunicatistampa\/wp-json\/wp\/v2\/posts\/7247\/revisions\/7283"}],"wp:attachment":[{"href":"https:\/\/www.article-marketing.eu\/comunicatistampa\/wp-json\/wp\/v2\/media?parent=7247"}],"wp:term":[{"taxonomy":"category","embeddable":true,"href":"https:\/\/www.article-marketing.eu\/comunicatistampa\/wp-json\/wp\/v2\/categories?post=7247"},{"taxonomy":"post_tag","embeddable":true,"href":"https:\/\/www.article-marketing.eu\/comunicatistampa\/wp-json\/wp\/v2\/tags?post=7247"}],"curies":[{"name":"wp","href":"https:\/\/api.w.org\/{rel}","templated":true}]}}