{"id":725,"date":"2017-02-28T21:29:32","date_gmt":"2017-02-28T20:29:32","guid":{"rendered":"http:\/\/www.article-marketing.eu\/comunicatistampa\/?p=725"},"modified":"2020-08-10T01:44:02","modified_gmt":"2020-08-09T23:44:02","slug":"fondazione-vento-lancia-il-progetto-sbullit-action","status":"publish","type":"post","link":"https:\/\/www.article-marketing.eu\/comunicatistampa\/fondazione-vento-lancia-il-progetto-sbullit-action\/","title":{"rendered":"FONDAZIONE VENTO LANCIA IL PROGETTO &#8220;SBULLIT ACTION&#8221;"},"content":{"rendered":"<p><a href=\"http:\/\/www.bluwom-milano.com\/wp-content\/uploads\/2017\/02\/Logo-Sbullit-Action.jpg\" rel=\"attachment wp-att-1537\"><img loading=\"lazy\" decoding=\"async\" class=\"size-medium wp-image-1537 alignleft\" src=\"http:\/\/www.bluwom-milano.com\/wp-content\/uploads\/2017\/02\/Logo-Sbullit-Action-300x142.jpg\" alt=\"Logo Sbullit Action Tacc\" width=\"300\" height=\"142\" \/><\/a><\/p>\n<p>&#8220;<strong>Sbullit Action<\/strong>&#8221; si rivolge a quel target di giovani che solitamente viene definito &#8220;a rischio&#8221;, adolescenti tra gli 8 e i 16 anni, che rischiano di cadere nella <strong>trappola del bullismo e del cyber bullismo, delle droghe o dell\u2019alcolismo. <\/strong><\/p>\n<p>Tanti i tentativi fatti fino ad ora da enti ed istituzioni, ma mai si era pensato ad <strong>un gioco per smartphone, &#8220;Caccia all&#8217;invisibile&#8221;,<\/strong> capace di coinvolgere bambini, adolescenti ed adulti, come strumento educativo progettato per le scuole.<\/p>\n<p>Il gioco ha come obiettivo primario quello di <strong>prevenire gli atti di bullismo, di disagio e di emarginazione sociale <\/strong>specialmente in quel periodo di crescita che \u00e8 l\u2019adoles<a href=\"http:\/\/www.bluwom-milano.com\/wp-content\/uploads\/2017\/02\/Senza-titolo.jpg\" rel=\"attachment wp-att-1555\"><img loading=\"lazy\" decoding=\"async\" class=\"alignright wp-image-1555\" src=\"http:\/\/www.bluwom-milano.com\/wp-content\/uploads\/2017\/02\/Senza-titolo.jpg\" alt=\"Senza titolo\" width=\"282\" height=\"117\" \/><\/a>cenza, facendo informazione, partendo dal basso, sui rischi associati al bullismo, all\u2019uso di droghe o di alcolici, in collaborazione con il progetto <strong>WeFree di SanPatrignano,<\/strong> facendo partecipare sia i singoli adolescenti ma soprattutto gli istituti scolastici per creare gruppo sull&#8217;argomento. In caso di partecipazione degli istituti saranno decretati per ogni istituto, che partecipa, una classe vincitrice.<\/p>\n<p>Ma come sar\u00e0 realizzata la <em>app<\/em>? Innanzitutto \u00e8 un gioco a punti dove non ci sar\u00e0 un sovraccarico di lavoro per i giudici degli istituti e che permetter\u00e0 di vincere dei premi. Ogni classe verr\u00e0 considerata come singolo partecipante, avr\u00e0 un suo account. Nel gioco via app verranno poste delle domande e ci saranno delle liste di marcatori da individuare attraverso l\u2019app e che daranno di volta in volta dei punti.<\/p>\n<p>Sar\u00e0 quindi un gioco interattivo che dar\u00e0 l&#8217;opportunit\u00e0 di comunicare con i giovani ma soprattutto tra i giovani. Al suo interno sar\u00e0 inserito anche un <strong>tasto SOS <\/strong>per dare l&#8217;opportunit\u00e0 di segnalare atti di bullismo in corso in tempo reale in modo anonimo ma diretto.<\/p>\n<p>Le <strong>domande che saranno inserite all&#8217;interno dell&#8217;app<\/strong> saranno semplici quesiti per proseguire il gioco della realt\u00e0 aumentata che permetter\u00e0 di accumulare punti, ma saranno anche relative al problema bullismo <a href=\"http:\/\/www.bluwom-milano.com\/wp-content\/uploads\/2017\/02\/Senza-titolo1.jpg\" rel=\"attachment wp-att-1556\"><img loading=\"lazy\" decoding=\"async\" class=\" wp-image-1556 alignleft\" src=\"http:\/\/www.bluwom-milano.com\/wp-content\/uploads\/2017\/02\/Senza-titolo1.jpg\" alt=\"Senza titolo1\" width=\"278\" height=\"133\" \/><\/a>e dipendenze (per sensibilizzare gli adolescenti sul problema).<\/p>\n<p>Se le risposte date saranno corrette si riceveranno dei punti altrimenti sar\u00e0 evidenziata quale era quella corretta (soprttutto sull&#8217;argomento bullismo).<\/p>\n<p>Il <strong>progetto &#8220;Sbullit Action&#8221; pu\u00f2 essere sostenuto tramite delle donazioni<\/strong> ottenendo la qualifica di &#8220;Sostenitore del progetto&#8221;. In accordo con la Fondazione sar\u00e0 inoltre possibile apparire con il proprio marchio sul materiale promozionale. Le donazioni come sempre sono deducibili fiscalmente, si pu\u00f2 donare anche cliccando sull\u2019apposito tasto sui nostri siti.<\/p>\n<p>Attualmente <strong>&#8220;Sbullit Action&#8221; ha ottenuto il patrocinio<\/strong> <strong>del Club 107 Frecce Tricolori Fano, Ombudsman delle marche (Autorit\u00e0 per la garanzia dei diritti degli adulti e dei bambini), del Comitato Italiano Paralimpico, di Special Olympics Italia, della Regione Marche, della Provincia di Pesaro e Urbino e del Comune di Fano.<\/strong><\/p>\n<p><strong>Hanno aderito al progetto enti e istituzioni a livello nazionale ed internazionale.<\/strong><\/p>\n<p>E&#8217; stato inoltre realizzato un gingol visibile nel link:<\/p>\n<p><strong>https:\/\/www.youtube.com\/watch?v=c3kYwg7mxQQ.<\/strong><\/p>\n<p>&nbsp;<\/p>\n<p>&nbsp;<\/p>\n<p><strong>Per ulteriori informazioni:<\/strong><\/p>\n<p><strong>www.fondazionevento.it<\/strong><\/p>\n<p>Digital PR a cura di Blu Wom Milano<br \/>\nwww.bluwom-milano.com<br \/>\np.fabretti@bluwom-milano.com<\/p>\n","protected":false},"excerpt":{"rendered":"<p>&#8220;Sbullit Action&#8221; si rivolge a quel target di giovani che solitamente viene definito &#8220;a rischio&#8221;, adolescenti tra gli 8 e i 16 anni, che rischiano di cadere nella trappola del bullismo e del cyber bullismo, delle droghe o dell\u2019alcolismo. Tanti i tentativi fatti fino ad ora da enti ed istituzioni, ma mai si era pensato ad un gioco per smartphone, &#8220;Caccia all&#8217;invisibile&#8221;, capace di coinvolgere bambini, adolescenti ed adulti, come<\/p>\n<p><a class=\"continue-reading\" href=\"https:\/\/www.article-marketing.eu\/comunicatistampa\/fondazione-vento-lancia-il-progetto-sbullit-action\/\">Continue reading&#8230;<\/a><\/p>\n","protected":false},"author":12,"featured_media":0,"comment_status":"open","ping_status":"open","sticky":false,"template":"","format":"standard","meta":{"_monsterinsights_skip_tracking":false,"_monsterinsights_sitenote_active":false,"_monsterinsights_sitenote_note":"","_monsterinsights_sitenote_category":0,"footnotes":""},"categories":[78,398,401],"tags":[514,6463],"class_list":["post-725","post","type-post","status-publish","format-standard","hentry","category-comunicati-stampa","category-giochi","category-sicurezza","tag-fondazioneventoprogettosbullitactiongiocosmartphonewefreesanpatrignanoapp","tag-vipcomusta"],"yoast_head":"<!-- This site is optimized with the Yoast SEO plugin v27.3 - https:\/\/yoast.com\/product\/yoast-seo-wordpress\/ -->\n<title>FONDAZIONE VENTO LANCIA IL PROGETTO &quot;SBULLIT ACTION&quot; - Article Marketing<\/title>\n<meta name=\"robots\" content=\"index, follow, max-snippet:-1, max-image-preview:large, max-video-preview:-1\" \/>\n<link rel=\"canonical\" href=\"https:\/\/www.article-marketing.eu\/comunicatistampa\/fondazione-vento-lancia-il-progetto-sbullit-action\/\" \/>\n<meta property=\"og:locale\" content=\"it_IT\" \/>\n<meta property=\"og:type\" content=\"article\" \/>\n<meta property=\"og:title\" content=\"FONDAZIONE VENTO LANCIA IL PROGETTO &quot;SBULLIT ACTION&quot; - Article Marketing\" \/>\n<meta property=\"og:description\" content=\"&#8220;Sbullit Action&#8221; si rivolge a quel target di giovani che solitamente viene definito &#8220;a rischio&#8221;, adolescenti tra gli 8 e i 16 anni, che rischiano di cadere nella trappola del bullismo e del cyber bullismo, delle droghe o dell\u2019alcolismo. Tanti i tentativi fatti fino ad ora da enti ed istituzioni, ma mai si era pensato ad un gioco per smartphone, &#8220;Caccia all&#8217;invisibile&#8221;, capace di coinvolgere bambini, adolescenti ed adulti, comeContinue reading...\" \/>\n<meta property=\"og:url\" content=\"https:\/\/www.article-marketing.eu\/comunicatistampa\/fondazione-vento-lancia-il-progetto-sbullit-action\/\" \/>\n<meta property=\"og:site_name\" content=\"Article Marketing\" \/>\n<meta property=\"article:published_time\" content=\"2017-02-28T20:29:32+00:00\" \/>\n<meta property=\"article:modified_time\" content=\"2020-08-09T23:44:02+00:00\" \/>\n<meta property=\"og:image\" content=\"http:\/\/www.bluwom-milano.com\/wp-content\/uploads\/2017\/02\/Logo-Sbullit-Action-300x142.jpg\" \/>\n<meta name=\"author\" content=\"bluwommilano\" \/>\n<meta name=\"twitter:card\" content=\"summary_large_image\" \/>\n<meta name=\"twitter:label1\" content=\"Scritto da\" \/>\n\t<meta name=\"twitter:data1\" content=\"bluwommilano\" \/>\n\t<meta name=\"twitter:label2\" content=\"Tempo di lettura stimato\" \/>\n\t<meta name=\"twitter:data2\" content=\"2 minuti\" \/>\n<script type=\"application\/ld+json\" class=\"yoast-schema-graph\">{\"@context\":\"https:\\\/\\\/schema.org\",\"@graph\":[{\"@type\":\"Article\",\"@id\":\"https:\\\/\\\/www.article-marketing.eu\\\/comunicatistampa\\\/fondazione-vento-lancia-il-progetto-sbullit-action\\\/#article\",\"isPartOf\":{\"@id\":\"https:\\\/\\\/www.article-marketing.eu\\\/comunicatistampa\\\/fondazione-vento-lancia-il-progetto-sbullit-action\\\/\"},\"author\":{\"name\":\"bluwommilano\",\"@id\":\"https:\\\/\\\/www.article-marketing.eu\\\/comunicatistampa\\\/#\\\/schema\\\/person\\\/75a8cec9b0e554e822d3cf8a7d9bc185\"},\"headline\":\"FONDAZIONE VENTO LANCIA IL PROGETTO &#8220;SBULLIT ACTION&#8221;\",\"datePublished\":\"2017-02-28T20:29:32+00:00\",\"dateModified\":\"2020-08-09T23:44:02+00:00\",\"mainEntityOfPage\":{\"@id\":\"https:\\\/\\\/www.article-marketing.eu\\\/comunicatistampa\\\/fondazione-vento-lancia-il-progetto-sbullit-action\\\/\"},\"wordCount\":492,\"commentCount\":0,\"image\":{\"@id\":\"https:\\\/\\\/www.article-marketing.eu\\\/comunicatistampa\\\/fondazione-vento-lancia-il-progetto-sbullit-action\\\/#primaryimage\"},\"thumbnailUrl\":\"http:\\\/\\\/www.bluwom-milano.com\\\/wp-content\\\/uploads\\\/2017\\\/02\\\/Logo-Sbullit-Action-300x142.jpg\",\"keywords\":[\"#FondazioneVento#progetto#SbullitAction#gioco#smartphone#wefree#SanPatrignano#app\",\"vipCOMUSTA\"],\"articleSection\":[\"Comunicati stampa\",\"Giochi\",\"Sicurezza\"],\"inLanguage\":\"it-IT\",\"potentialAction\":[{\"@type\":\"CommentAction\",\"name\":\"Comment\",\"target\":[\"https:\\\/\\\/www.article-marketing.eu\\\/comunicatistampa\\\/fondazione-vento-lancia-il-progetto-sbullit-action\\\/#respond\"]}]},{\"@type\":\"WebPage\",\"@id\":\"https:\\\/\\\/www.article-marketing.eu\\\/comunicatistampa\\\/fondazione-vento-lancia-il-progetto-sbullit-action\\\/\",\"url\":\"https:\\\/\\\/www.article-marketing.eu\\\/comunicatistampa\\\/fondazione-vento-lancia-il-progetto-sbullit-action\\\/\",\"name\":\"FONDAZIONE VENTO LANCIA IL PROGETTO \\\"SBULLIT ACTION\\\" - Article Marketing\",\"isPartOf\":{\"@id\":\"https:\\\/\\\/www.article-marketing.eu\\\/comunicatistampa\\\/#website\"},\"primaryImageOfPage\":{\"@id\":\"https:\\\/\\\/www.article-marketing.eu\\\/comunicatistampa\\\/fondazione-vento-lancia-il-progetto-sbullit-action\\\/#primaryimage\"},\"image\":{\"@id\":\"https:\\\/\\\/www.article-marketing.eu\\\/comunicatistampa\\\/fondazione-vento-lancia-il-progetto-sbullit-action\\\/#primaryimage\"},\"thumbnailUrl\":\"http:\\\/\\\/www.bluwom-milano.com\\\/wp-content\\\/uploads\\\/2017\\\/02\\\/Logo-Sbullit-Action-300x142.jpg\",\"datePublished\":\"2017-02-28T20:29:32+00:00\",\"dateModified\":\"2020-08-09T23:44:02+00:00\",\"author\":{\"@id\":\"https:\\\/\\\/www.article-marketing.eu\\\/comunicatistampa\\\/#\\\/schema\\\/person\\\/75a8cec9b0e554e822d3cf8a7d9bc185\"},\"breadcrumb\":{\"@id\":\"https:\\\/\\\/www.article-marketing.eu\\\/comunicatistampa\\\/fondazione-vento-lancia-il-progetto-sbullit-action\\\/#breadcrumb\"},\"inLanguage\":\"it-IT\",\"potentialAction\":[{\"@type\":\"ReadAction\",\"target\":[\"https:\\\/\\\/www.article-marketing.eu\\\/comunicatistampa\\\/fondazione-vento-lancia-il-progetto-sbullit-action\\\/\"]}]},{\"@type\":\"ImageObject\",\"inLanguage\":\"it-IT\",\"@id\":\"https:\\\/\\\/www.article-marketing.eu\\\/comunicatistampa\\\/fondazione-vento-lancia-il-progetto-sbullit-action\\\/#primaryimage\",\"url\":\"http:\\\/\\\/www.bluwom-milano.com\\\/wp-content\\\/uploads\\\/2017\\\/02\\\/Logo-Sbullit-Action-300x142.jpg\",\"contentUrl\":\"http:\\\/\\\/www.bluwom-milano.com\\\/wp-content\\\/uploads\\\/2017\\\/02\\\/Logo-Sbullit-Action-300x142.jpg\"},{\"@type\":\"BreadcrumbList\",\"@id\":\"https:\\\/\\\/www.article-marketing.eu\\\/comunicatistampa\\\/fondazione-vento-lancia-il-progetto-sbullit-action\\\/#breadcrumb\",\"itemListElement\":[{\"@type\":\"ListItem\",\"position\":1,\"name\":\"Home\",\"item\":\"https:\\\/\\\/www.article-marketing.eu\\\/comunicatistampa\\\/\"},{\"@type\":\"ListItem\",\"position\":2,\"name\":\"FONDAZIONE VENTO LANCIA IL PROGETTO &#8220;SBULLIT ACTION&#8221;\"}]},{\"@type\":\"WebSite\",\"@id\":\"https:\\\/\\\/www.article-marketing.eu\\\/comunicatistampa\\\/#website\",\"url\":\"https:\\\/\\\/www.article-marketing.eu\\\/comunicatistampa\\\/\",\"name\":\"Article Marketing\",\"description\":\"article marketing &amp; press release\",\"potentialAction\":[{\"@type\":\"SearchAction\",\"target\":{\"@type\":\"EntryPoint\",\"urlTemplate\":\"https:\\\/\\\/www.article-marketing.eu\\\/comunicatistampa\\\/?s={search_term_string}\"},\"query-input\":{\"@type\":\"PropertyValueSpecification\",\"valueRequired\":true,\"valueName\":\"search_term_string\"}}],\"inLanguage\":\"it-IT\"},{\"@type\":\"Person\",\"@id\":\"https:\\\/\\\/www.article-marketing.eu\\\/comunicatistampa\\\/#\\\/schema\\\/person\\\/75a8cec9b0e554e822d3cf8a7d9bc185\",\"name\":\"bluwommilano\",\"image\":{\"@type\":\"ImageObject\",\"inLanguage\":\"it-IT\",\"@id\":\"https:\\\/\\\/secure.gravatar.com\\\/avatar\\\/3eb7b659ca1198da18cd77dbe226dbaf573febd61155bcb87f4609bc1082e946?s=96&d=mm&r=g\",\"url\":\"https:\\\/\\\/secure.gravatar.com\\\/avatar\\\/3eb7b659ca1198da18cd77dbe226dbaf573febd61155bcb87f4609bc1082e946?s=96&d=mm&r=g\",\"contentUrl\":\"https:\\\/\\\/secure.gravatar.com\\\/avatar\\\/3eb7b659ca1198da18cd77dbe226dbaf573febd61155bcb87f4609bc1082e946?s=96&d=mm&r=g\",\"caption\":\"bluwommilano\"},\"url\":\"https:\\\/\\\/www.article-marketing.eu\\\/comunicatistampa\\\/author\\\/bluwommilano\\\/\"}]}<\/script>\n<!-- \/ Yoast SEO plugin. -->","yoast_head_json":{"title":"FONDAZIONE VENTO LANCIA IL PROGETTO \"SBULLIT ACTION\" - Article Marketing","robots":{"index":"index","follow":"follow","max-snippet":"max-snippet:-1","max-image-preview":"max-image-preview:large","max-video-preview":"max-video-preview:-1"},"canonical":"https:\/\/www.article-marketing.eu\/comunicatistampa\/fondazione-vento-lancia-il-progetto-sbullit-action\/","og_locale":"it_IT","og_type":"article","og_title":"FONDAZIONE VENTO LANCIA IL PROGETTO \"SBULLIT ACTION\" - Article Marketing","og_description":"&#8220;Sbullit Action&#8221; si rivolge a quel target di giovani che solitamente viene definito &#8220;a rischio&#8221;, adolescenti tra gli 8 e i 16 anni, che rischiano di cadere nella trappola del bullismo e del cyber bullismo, delle droghe o dell\u2019alcolismo. Tanti i tentativi fatti fino ad ora da enti ed istituzioni, ma mai si era pensato ad un gioco per smartphone, &#8220;Caccia all&#8217;invisibile&#8221;, capace di coinvolgere bambini, adolescenti ed adulti, comeContinue reading...","og_url":"https:\/\/www.article-marketing.eu\/comunicatistampa\/fondazione-vento-lancia-il-progetto-sbullit-action\/","og_site_name":"Article Marketing","article_published_time":"2017-02-28T20:29:32+00:00","article_modified_time":"2020-08-09T23:44:02+00:00","og_image":[{"url":"http:\/\/www.bluwom-milano.com\/wp-content\/uploads\/2017\/02\/Logo-Sbullit-Action-300x142.jpg","type":"","width":"","height":""}],"author":"bluwommilano","twitter_card":"summary_large_image","twitter_misc":{"Scritto da":"bluwommilano","Tempo di lettura stimato":"2 minuti"},"schema":{"@context":"https:\/\/schema.org","@graph":[{"@type":"Article","@id":"https:\/\/www.article-marketing.eu\/comunicatistampa\/fondazione-vento-lancia-il-progetto-sbullit-action\/#article","isPartOf":{"@id":"https:\/\/www.article-marketing.eu\/comunicatistampa\/fondazione-vento-lancia-il-progetto-sbullit-action\/"},"author":{"name":"bluwommilano","@id":"https:\/\/www.article-marketing.eu\/comunicatistampa\/#\/schema\/person\/75a8cec9b0e554e822d3cf8a7d9bc185"},"headline":"FONDAZIONE VENTO LANCIA IL PROGETTO &#8220;SBULLIT ACTION&#8221;","datePublished":"2017-02-28T20:29:32+00:00","dateModified":"2020-08-09T23:44:02+00:00","mainEntityOfPage":{"@id":"https:\/\/www.article-marketing.eu\/comunicatistampa\/fondazione-vento-lancia-il-progetto-sbullit-action\/"},"wordCount":492,"commentCount":0,"image":{"@id":"https:\/\/www.article-marketing.eu\/comunicatistampa\/fondazione-vento-lancia-il-progetto-sbullit-action\/#primaryimage"},"thumbnailUrl":"http:\/\/www.bluwom-milano.com\/wp-content\/uploads\/2017\/02\/Logo-Sbullit-Action-300x142.jpg","keywords":["#FondazioneVento#progetto#SbullitAction#gioco#smartphone#wefree#SanPatrignano#app","vipCOMUSTA"],"articleSection":["Comunicati stampa","Giochi","Sicurezza"],"inLanguage":"it-IT","potentialAction":[{"@type":"CommentAction","name":"Comment","target":["https:\/\/www.article-marketing.eu\/comunicatistampa\/fondazione-vento-lancia-il-progetto-sbullit-action\/#respond"]}]},{"@type":"WebPage","@id":"https:\/\/www.article-marketing.eu\/comunicatistampa\/fondazione-vento-lancia-il-progetto-sbullit-action\/","url":"https:\/\/www.article-marketing.eu\/comunicatistampa\/fondazione-vento-lancia-il-progetto-sbullit-action\/","name":"FONDAZIONE VENTO LANCIA IL PROGETTO \"SBULLIT ACTION\" - Article Marketing","isPartOf":{"@id":"https:\/\/www.article-marketing.eu\/comunicatistampa\/#website"},"primaryImageOfPage":{"@id":"https:\/\/www.article-marketing.eu\/comunicatistampa\/fondazione-vento-lancia-il-progetto-sbullit-action\/#primaryimage"},"image":{"@id":"https:\/\/www.article-marketing.eu\/comunicatistampa\/fondazione-vento-lancia-il-progetto-sbullit-action\/#primaryimage"},"thumbnailUrl":"http:\/\/www.bluwom-milano.com\/wp-content\/uploads\/2017\/02\/Logo-Sbullit-Action-300x142.jpg","datePublished":"2017-02-28T20:29:32+00:00","dateModified":"2020-08-09T23:44:02+00:00","author":{"@id":"https:\/\/www.article-marketing.eu\/comunicatistampa\/#\/schema\/person\/75a8cec9b0e554e822d3cf8a7d9bc185"},"breadcrumb":{"@id":"https:\/\/www.article-marketing.eu\/comunicatistampa\/fondazione-vento-lancia-il-progetto-sbullit-action\/#breadcrumb"},"inLanguage":"it-IT","potentialAction":[{"@type":"ReadAction","target":["https:\/\/www.article-marketing.eu\/comunicatistampa\/fondazione-vento-lancia-il-progetto-sbullit-action\/"]}]},{"@type":"ImageObject","inLanguage":"it-IT","@id":"https:\/\/www.article-marketing.eu\/comunicatistampa\/fondazione-vento-lancia-il-progetto-sbullit-action\/#primaryimage","url":"http:\/\/www.bluwom-milano.com\/wp-content\/uploads\/2017\/02\/Logo-Sbullit-Action-300x142.jpg","contentUrl":"http:\/\/www.bluwom-milano.com\/wp-content\/uploads\/2017\/02\/Logo-Sbullit-Action-300x142.jpg"},{"@type":"BreadcrumbList","@id":"https:\/\/www.article-marketing.eu\/comunicatistampa\/fondazione-vento-lancia-il-progetto-sbullit-action\/#breadcrumb","itemListElement":[{"@type":"ListItem","position":1,"name":"Home","item":"https:\/\/www.article-marketing.eu\/comunicatistampa\/"},{"@type":"ListItem","position":2,"name":"FONDAZIONE VENTO LANCIA IL PROGETTO &#8220;SBULLIT ACTION&#8221;"}]},{"@type":"WebSite","@id":"https:\/\/www.article-marketing.eu\/comunicatistampa\/#website","url":"https:\/\/www.article-marketing.eu\/comunicatistampa\/","name":"Article Marketing","description":"article marketing &amp; press release","potentialAction":[{"@type":"SearchAction","target":{"@type":"EntryPoint","urlTemplate":"https:\/\/www.article-marketing.eu\/comunicatistampa\/?s={search_term_string}"},"query-input":{"@type":"PropertyValueSpecification","valueRequired":true,"valueName":"search_term_string"}}],"inLanguage":"it-IT"},{"@type":"Person","@id":"https:\/\/www.article-marketing.eu\/comunicatistampa\/#\/schema\/person\/75a8cec9b0e554e822d3cf8a7d9bc185","name":"bluwommilano","image":{"@type":"ImageObject","inLanguage":"it-IT","@id":"https:\/\/secure.gravatar.com\/avatar\/3eb7b659ca1198da18cd77dbe226dbaf573febd61155bcb87f4609bc1082e946?s=96&d=mm&r=g","url":"https:\/\/secure.gravatar.com\/avatar\/3eb7b659ca1198da18cd77dbe226dbaf573febd61155bcb87f4609bc1082e946?s=96&d=mm&r=g","contentUrl":"https:\/\/secure.gravatar.com\/avatar\/3eb7b659ca1198da18cd77dbe226dbaf573febd61155bcb87f4609bc1082e946?s=96&d=mm&r=g","caption":"bluwommilano"},"url":"https:\/\/www.article-marketing.eu\/comunicatistampa\/author\/bluwommilano\/"}]}},"_links":{"self":[{"href":"https:\/\/www.article-marketing.eu\/comunicatistampa\/wp-json\/wp\/v2\/posts\/725","targetHints":{"allow":["GET"]}}],"collection":[{"href":"https:\/\/www.article-marketing.eu\/comunicatistampa\/wp-json\/wp\/v2\/posts"}],"about":[{"href":"https:\/\/www.article-marketing.eu\/comunicatistampa\/wp-json\/wp\/v2\/types\/post"}],"author":[{"embeddable":true,"href":"https:\/\/www.article-marketing.eu\/comunicatistampa\/wp-json\/wp\/v2\/users\/12"}],"replies":[{"embeddable":true,"href":"https:\/\/www.article-marketing.eu\/comunicatistampa\/wp-json\/wp\/v2\/comments?post=725"}],"version-history":[{"count":1,"href":"https:\/\/www.article-marketing.eu\/comunicatistampa\/wp-json\/wp\/v2\/posts\/725\/revisions"}],"predecessor-version":[{"id":726,"href":"https:\/\/www.article-marketing.eu\/comunicatistampa\/wp-json\/wp\/v2\/posts\/725\/revisions\/726"}],"wp:attachment":[{"href":"https:\/\/www.article-marketing.eu\/comunicatistampa\/wp-json\/wp\/v2\/media?parent=725"}],"wp:term":[{"taxonomy":"category","embeddable":true,"href":"https:\/\/www.article-marketing.eu\/comunicatistampa\/wp-json\/wp\/v2\/categories?post=725"},{"taxonomy":"post_tag","embeddable":true,"href":"https:\/\/www.article-marketing.eu\/comunicatistampa\/wp-json\/wp\/v2\/tags?post=725"}],"curies":[{"name":"wp","href":"https:\/\/api.w.org\/{rel}","templated":true}]}}