{"id":729,"date":"2017-02-28T21:29:33","date_gmt":"2017-02-28T20:29:33","guid":{"rendered":"http:\/\/www.article-marketing.eu\/comunicatistampa\/?p=729"},"modified":"2020-08-10T01:47:50","modified_gmt":"2020-08-09T23:47:50","slug":"al-via-tre-concorsi-nazionali-aperti-sia-agli-studenti-che-agli-adulti-dedicati-alla-fotografia-alla-musica-e-alla-poesia","status":"publish","type":"post","link":"https:\/\/www.article-marketing.eu\/comunicatistampa\/al-via-tre-concorsi-nazionali-aperti-sia-agli-studenti-che-agli-adulti-dedicati-alla-fotografia-alla-musica-e-alla-poesia\/","title":{"rendered":"Al via Tre Concorsi Nazionali aperti sia agli studenti che agli adulti, dedicati alla Fotografia, alla Musica e alla Poesia."},"content":{"rendered":"<p style=\"text-align: justify\"><em>\u201c<strong>L\u2019Associazione Culturale Sperimentiamo arte, musica, teatro<\/strong>\u201d<\/em> da il via ai \u201cTre concorsi di Primavera\u201d: <strong><em>5\u00b0 Concorso Nazionale Fotografico \u201cObiettivo VIII Colle\u201d, VII Concorso Nazionale di Musica \u201cSan Vigilio in\u2026Canto\u201d e la 9^ edizione de concorso nazionale di Poesia \u201cGiugno di San Vigilio\u201d<\/em><\/strong><em>.<\/em><\/p>\n<p style=\"text-align: justify\">Il primo, dedicato alla fotografia, \u00e8 focalizzato sul tema <em>\u201c<strong>Le quattro stagioni<\/strong>\u201d.<\/em> Da sempre, l\u2019uomo ha sentito la necessit\u00e0 di attribuire alla natura, cos\u00ec forte e rigogliosa, una valenza mistica e divina e le quattro stagioni naturali sono state al centro di studi che hanno interessato l\u2019uomo dal paganesimo ad oggi; esse determinano la nascita delle cose, la loro evoluzione e la loro morte, ma anche pi\u00f9 semplicemente il ritmo di vita che ciascuno di noi tiene durante l\u2019anno, dalle lunghe giornate estive alle brevi invernali. <strong><em>Il concorso fotografico \u00e8 rivolto sia agli studenti che agli adulti senza limite di et\u00e0.<\/em><\/strong> Le fotografie dovranno essere inedite. Le opere saranno valutate da una giuria composta da personalit\u00e0 di spicco nel campo fotografico, artistico e culturale presieduta da <strong><em>Rein Skullerud, Responsabile Photo Unit, Communications Division World Food Programme<\/em><\/strong><em>.<\/em> La cerimonia di premiazione si terr\u00e0 sabato 1 aprile a Roma.<\/p>\n<p style=\"text-align: justify\"><strong><em>Il Concorso dedicato alla Musica \u00e8 rivolto a tutte le scuole Primarie, gli Istituti Secondati di 1\u00b0 e 2\u00b0 grado, i Licei musicali, i Conservatori di musica e le Associazioni Culturali Musicali<\/em><\/strong> ed ha come obiettivo di stimolare l\u2019interesse, la pratica e la diffusione della musica tra i giovani, favorendo la diffusione e lo scambio delle esperienze musicali maturate negli anni. La cerimonia di premiazione si terr\u00e0 domenica 21 maggio a Roma. <strong>A decretare i vincitori sar\u00e0 una commissione composta da validi musicisti, concertisti ed esperti in didattica musicale, composizione, direzione corale.<\/strong><\/p>\n<p style=\"text-align: justify\"><strong><em>Il Concorso dedicato alla Poesia \u00e8 aperto sia agli studenti che agi adulti di ogni et\u00e0.<\/em><\/strong> Dovranno presentare un testo di 36 versi su un tema libero ed inedito. Tra i vari premi che saranno dati, sar\u00e0 conferito anche il <strong>Premio Speciale \u201cCristiana Cafini\u201d<\/strong> al vincitore assoluto del concorso. Sar\u00e0 inoltre consegnato il Premio Speciale per la musicalit\u00e0: le poesie scelte per la musicalit\u00e0 saranno messe in musica dal <strong>M\u00b0 Tullio Visioli<\/strong> ed eseguite in prima assoluta durante la premiazione della X edizione dello stesso concorso. Il Presidente di giuria sar\u00e0 il poeta <strong>Alberto Toni<\/strong>. Le poesie vincitrici saranno anche pubblicate nel 3\u00b0 volume del libro intitolato <strong>\u201cGiugno di San Vigilio\u201d<\/strong>. <strong><em>Da segnalare anche un premio speciale riservato <\/em><\/strong><strong><em>agli studenti delle scuole appartenenti ai tre paesi maggiormente colpiti dal terremoto: Accumoli, Amatrice e Arquata del Tronto;<\/em><\/strong> un\u2019iniziativa che nasce come supporto per la continuazione degli studi ma soprattutto per la valorizzazione dei giovani talenti. La cerimonia di premiazione si terr\u00e0 a Roma sabato 3 giugno.<\/p>\n<p style=\"text-align: justify\"><strong>Scadenza Bandi: <\/strong><\/p>\n<ul style=\"text-align: justify\">\n<li><strong>5\u00b0 concorso Nazionale Fotografico \u2013 18 marzo<\/strong><\/li>\n<li><strong>VII Concorso Nazionale di Musica \u2013 6 maggio<\/strong><\/li>\n<li><strong>9^ edizione del concorso nazionale di Poesia \u2013 6 maggio<\/strong><\/li>\n<\/ul>\n<p style=\"text-align: justify\"><strong>Tutti i bandi completi per partecipare sono a disposizione sul sito: <\/strong><a href=\"http:\/\/www.sperimentiamo.it\"><strong>www.sperimentiamo.it<\/strong><\/a><\/p>\n<p style=\"text-align: justify\"><strong>Per ulteriori info: Ass.Cult.\u201dSperimentiamo Arte Musica Teatro \u2013 Tel. 333 4080635 \u2013 <\/strong><a href=\"mailto:info@sperimentiamo.it\"><strong>info@sperimentiamo.it<\/strong><\/a><\/p>\n","protected":false},"excerpt":{"rendered":"<p>\u201cL\u2019Associazione Culturale Sperimentiamo arte, musica, teatro\u201d da il via ai \u201cTre concorsi di Primavera\u201d: 5\u00b0 Concorso Nazionale Fotografico \u201cObiettivo VIII Colle\u201d, VII Concorso Nazionale di Musica \u201cSan Vigilio in\u2026Canto\u201d e la 9^ edizione de concorso nazionale di Poesia \u201cGiugno di San Vigilio\u201d. Il primo, dedicato alla fotografia, \u00e8 focalizzato sul tema \u201cLe quattro stagioni\u201d. Da sempre, l\u2019uomo ha sentito la necessit\u00e0 di attribuire alla natura, cos\u00ec forte e rigogliosa, una<\/p>\n<p><a class=\"continue-reading\" href=\"https:\/\/www.article-marketing.eu\/comunicatistampa\/al-via-tre-concorsi-nazionali-aperti-sia-agli-studenti-che-agli-adulti-dedicati-alla-fotografia-alla-musica-e-alla-poesia\/\">Continue reading&#8230;<\/a><\/p>\n","protected":false},"author":48,"featured_media":0,"comment_status":"open","ping_status":"open","sticky":false,"template":"","format":"standard","meta":{"_monsterinsights_skip_tracking":false,"_monsterinsights_sitenote_active":false,"_monsterinsights_sitenote_note":"","_monsterinsights_sitenote_category":0,"footnotes":""},"categories":[407,78,392,411],"tags":[515,516,517,518],"class_list":["post-729","post","type-post","status-publish","format-standard","hentry","category-arte-e-cultura","category-comunicati-stampa","category-eventi","category-musica","tag-concorso","tag-fotografia","tag-musica","tag-poesia"],"yoast_head":"<!-- This site is optimized with the Yoast SEO plugin v27.3 - https:\/\/yoast.com\/product\/yoast-seo-wordpress\/ -->\n<title>Al via Tre Concorsi Nazionali aperti sia agli studenti che agli adulti, dedicati alla Fotografia, alla Musica e alla Poesia. - Article Marketing<\/title>\n<meta name=\"robots\" content=\"index, follow, max-snippet:-1, max-image-preview:large, max-video-preview:-1\" \/>\n<link rel=\"canonical\" href=\"https:\/\/www.article-marketing.eu\/comunicatistampa\/al-via-tre-concorsi-nazionali-aperti-sia-agli-studenti-che-agli-adulti-dedicati-alla-fotografia-alla-musica-e-alla-poesia\/\" \/>\n<meta property=\"og:locale\" content=\"it_IT\" \/>\n<meta property=\"og:type\" content=\"article\" \/>\n<meta property=\"og:title\" content=\"Al via Tre Concorsi Nazionali aperti sia agli studenti che agli adulti, dedicati alla Fotografia, alla Musica e alla Poesia. - Article Marketing\" \/>\n<meta property=\"og:description\" content=\"\u201cL\u2019Associazione Culturale Sperimentiamo arte, musica, teatro\u201d da il via ai \u201cTre concorsi di Primavera\u201d: 5\u00b0 Concorso Nazionale Fotografico \u201cObiettivo VIII Colle\u201d, VII Concorso Nazionale di Musica \u201cSan Vigilio in\u2026Canto\u201d e la 9^ edizione de concorso nazionale di Poesia \u201cGiugno di San Vigilio\u201d. Il primo, dedicato alla fotografia, \u00e8 focalizzato sul tema \u201cLe quattro stagioni\u201d. Da sempre, l\u2019uomo ha sentito la necessit\u00e0 di attribuire alla natura, cos\u00ec forte e rigogliosa, unaContinue reading...\" \/>\n<meta property=\"og:url\" content=\"https:\/\/www.article-marketing.eu\/comunicatistampa\/al-via-tre-concorsi-nazionali-aperti-sia-agli-studenti-che-agli-adulti-dedicati-alla-fotografia-alla-musica-e-alla-poesia\/\" \/>\n<meta property=\"og:site_name\" content=\"Article Marketing\" \/>\n<meta property=\"article:published_time\" content=\"2017-02-28T20:29:33+00:00\" \/>\n<meta property=\"article:modified_time\" content=\"2020-08-09T23:47:50+00:00\" \/>\n<meta name=\"author\" content=\"Uff Stampa\" \/>\n<meta name=\"twitter:card\" content=\"summary_large_image\" \/>\n<meta name=\"twitter:label1\" content=\"Scritto da\" \/>\n\t<meta name=\"twitter:data1\" content=\"Uff Stampa\" \/>\n\t<meta name=\"twitter:label2\" content=\"Tempo di lettura stimato\" \/>\n\t<meta name=\"twitter:data2\" content=\"2 minuti\" \/>\n<script type=\"application\/ld+json\" class=\"yoast-schema-graph\">{\"@context\":\"https:\\\/\\\/schema.org\",\"@graph\":[{\"@type\":\"Article\",\"@id\":\"https:\\\/\\\/www.article-marketing.eu\\\/comunicatistampa\\\/al-via-tre-concorsi-nazionali-aperti-sia-agli-studenti-che-agli-adulti-dedicati-alla-fotografia-alla-musica-e-alla-poesia\\\/#article\",\"isPartOf\":{\"@id\":\"https:\\\/\\\/www.article-marketing.eu\\\/comunicatistampa\\\/al-via-tre-concorsi-nazionali-aperti-sia-agli-studenti-che-agli-adulti-dedicati-alla-fotografia-alla-musica-e-alla-poesia\\\/\"},\"author\":{\"name\":\"Uff Stampa\",\"@id\":\"https:\\\/\\\/www.article-marketing.eu\\\/comunicatistampa\\\/#\\\/schema\\\/person\\\/22d81e7c04e93611ddcda888b65438d8\"},\"headline\":\"Al via Tre Concorsi Nazionali aperti sia agli studenti che agli adulti, dedicati alla Fotografia, alla Musica e alla Poesia.\",\"datePublished\":\"2017-02-28T20:29:33+00:00\",\"dateModified\":\"2020-08-09T23:47:50+00:00\",\"mainEntityOfPage\":{\"@id\":\"https:\\\/\\\/www.article-marketing.eu\\\/comunicatistampa\\\/al-via-tre-concorsi-nazionali-aperti-sia-agli-studenti-che-agli-adulti-dedicati-alla-fotografia-alla-musica-e-alla-poesia\\\/\"},\"wordCount\":506,\"commentCount\":0,\"keywords\":[\"Concorso\",\"Fotografia\",\"Musica\",\"Poesia\"],\"articleSection\":[\"Arte e cultura\",\"Comunicati stampa\",\"Eventi\",\"Musica\"],\"inLanguage\":\"it-IT\",\"potentialAction\":[{\"@type\":\"CommentAction\",\"name\":\"Comment\",\"target\":[\"https:\\\/\\\/www.article-marketing.eu\\\/comunicatistampa\\\/al-via-tre-concorsi-nazionali-aperti-sia-agli-studenti-che-agli-adulti-dedicati-alla-fotografia-alla-musica-e-alla-poesia\\\/#respond\"]}]},{\"@type\":\"WebPage\",\"@id\":\"https:\\\/\\\/www.article-marketing.eu\\\/comunicatistampa\\\/al-via-tre-concorsi-nazionali-aperti-sia-agli-studenti-che-agli-adulti-dedicati-alla-fotografia-alla-musica-e-alla-poesia\\\/\",\"url\":\"https:\\\/\\\/www.article-marketing.eu\\\/comunicatistampa\\\/al-via-tre-concorsi-nazionali-aperti-sia-agli-studenti-che-agli-adulti-dedicati-alla-fotografia-alla-musica-e-alla-poesia\\\/\",\"name\":\"Al via Tre Concorsi Nazionali aperti sia agli studenti che agli adulti, dedicati alla Fotografia, alla Musica e alla Poesia. - Article Marketing\",\"isPartOf\":{\"@id\":\"https:\\\/\\\/www.article-marketing.eu\\\/comunicatistampa\\\/#website\"},\"datePublished\":\"2017-02-28T20:29:33+00:00\",\"dateModified\":\"2020-08-09T23:47:50+00:00\",\"author\":{\"@id\":\"https:\\\/\\\/www.article-marketing.eu\\\/comunicatistampa\\\/#\\\/schema\\\/person\\\/22d81e7c04e93611ddcda888b65438d8\"},\"breadcrumb\":{\"@id\":\"https:\\\/\\\/www.article-marketing.eu\\\/comunicatistampa\\\/al-via-tre-concorsi-nazionali-aperti-sia-agli-studenti-che-agli-adulti-dedicati-alla-fotografia-alla-musica-e-alla-poesia\\\/#breadcrumb\"},\"inLanguage\":\"it-IT\",\"potentialAction\":[{\"@type\":\"ReadAction\",\"target\":[\"https:\\\/\\\/www.article-marketing.eu\\\/comunicatistampa\\\/al-via-tre-concorsi-nazionali-aperti-sia-agli-studenti-che-agli-adulti-dedicati-alla-fotografia-alla-musica-e-alla-poesia\\\/\"]}]},{\"@type\":\"BreadcrumbList\",\"@id\":\"https:\\\/\\\/www.article-marketing.eu\\\/comunicatistampa\\\/al-via-tre-concorsi-nazionali-aperti-sia-agli-studenti-che-agli-adulti-dedicati-alla-fotografia-alla-musica-e-alla-poesia\\\/#breadcrumb\",\"itemListElement\":[{\"@type\":\"ListItem\",\"position\":1,\"name\":\"Home\",\"item\":\"https:\\\/\\\/www.article-marketing.eu\\\/comunicatistampa\\\/\"},{\"@type\":\"ListItem\",\"position\":2,\"name\":\"Al via Tre Concorsi Nazionali aperti sia agli studenti che agli adulti, dedicati alla Fotografia, alla Musica e alla Poesia.\"}]},{\"@type\":\"WebSite\",\"@id\":\"https:\\\/\\\/www.article-marketing.eu\\\/comunicatistampa\\\/#website\",\"url\":\"https:\\\/\\\/www.article-marketing.eu\\\/comunicatistampa\\\/\",\"name\":\"Article Marketing\",\"description\":\"article marketing &amp; press release\",\"potentialAction\":[{\"@type\":\"SearchAction\",\"target\":{\"@type\":\"EntryPoint\",\"urlTemplate\":\"https:\\\/\\\/www.article-marketing.eu\\\/comunicatistampa\\\/?s={search_term_string}\"},\"query-input\":{\"@type\":\"PropertyValueSpecification\",\"valueRequired\":true,\"valueName\":\"search_term_string\"}}],\"inLanguage\":\"it-IT\"},{\"@type\":\"Person\",\"@id\":\"https:\\\/\\\/www.article-marketing.eu\\\/comunicatistampa\\\/#\\\/schema\\\/person\\\/22d81e7c04e93611ddcda888b65438d8\",\"name\":\"Uff Stampa\",\"image\":{\"@type\":\"ImageObject\",\"inLanguage\":\"it-IT\",\"@id\":\"https:\\\/\\\/secure.gravatar.com\\\/avatar\\\/e3e9c5b947f539233b3f740c64e48242313649ff2a529b2191b5577aab6b4c57?s=96&d=mm&r=g\",\"url\":\"https:\\\/\\\/secure.gravatar.com\\\/avatar\\\/e3e9c5b947f539233b3f740c64e48242313649ff2a529b2191b5577aab6b4c57?s=96&d=mm&r=g\",\"contentUrl\":\"https:\\\/\\\/secure.gravatar.com\\\/avatar\\\/e3e9c5b947f539233b3f740c64e48242313649ff2a529b2191b5577aab6b4c57?s=96&d=mm&r=g\",\"caption\":\"Uff Stampa\"},\"url\":\"https:\\\/\\\/www.article-marketing.eu\\\/comunicatistampa\\\/author\\\/uff-stampa\\\/\"}]}<\/script>\n<!-- \/ Yoast SEO plugin. -->","yoast_head_json":{"title":"Al via Tre Concorsi Nazionali aperti sia agli studenti che agli adulti, dedicati alla Fotografia, alla Musica e alla Poesia. - Article Marketing","robots":{"index":"index","follow":"follow","max-snippet":"max-snippet:-1","max-image-preview":"max-image-preview:large","max-video-preview":"max-video-preview:-1"},"canonical":"https:\/\/www.article-marketing.eu\/comunicatistampa\/al-via-tre-concorsi-nazionali-aperti-sia-agli-studenti-che-agli-adulti-dedicati-alla-fotografia-alla-musica-e-alla-poesia\/","og_locale":"it_IT","og_type":"article","og_title":"Al via Tre Concorsi Nazionali aperti sia agli studenti che agli adulti, dedicati alla Fotografia, alla Musica e alla Poesia. - Article Marketing","og_description":"\u201cL\u2019Associazione Culturale Sperimentiamo arte, musica, teatro\u201d da il via ai \u201cTre concorsi di Primavera\u201d: 5\u00b0 Concorso Nazionale Fotografico \u201cObiettivo VIII Colle\u201d, VII Concorso Nazionale di Musica \u201cSan Vigilio in\u2026Canto\u201d e la 9^ edizione de concorso nazionale di Poesia \u201cGiugno di San Vigilio\u201d. Il primo, dedicato alla fotografia, \u00e8 focalizzato sul tema \u201cLe quattro stagioni\u201d. Da sempre, l\u2019uomo ha sentito la necessit\u00e0 di attribuire alla natura, cos\u00ec forte e rigogliosa, unaContinue reading...","og_url":"https:\/\/www.article-marketing.eu\/comunicatistampa\/al-via-tre-concorsi-nazionali-aperti-sia-agli-studenti-che-agli-adulti-dedicati-alla-fotografia-alla-musica-e-alla-poesia\/","og_site_name":"Article Marketing","article_published_time":"2017-02-28T20:29:33+00:00","article_modified_time":"2020-08-09T23:47:50+00:00","author":"Uff Stampa","twitter_card":"summary_large_image","twitter_misc":{"Scritto da":"Uff Stampa","Tempo di lettura stimato":"2 minuti"},"schema":{"@context":"https:\/\/schema.org","@graph":[{"@type":"Article","@id":"https:\/\/www.article-marketing.eu\/comunicatistampa\/al-via-tre-concorsi-nazionali-aperti-sia-agli-studenti-che-agli-adulti-dedicati-alla-fotografia-alla-musica-e-alla-poesia\/#article","isPartOf":{"@id":"https:\/\/www.article-marketing.eu\/comunicatistampa\/al-via-tre-concorsi-nazionali-aperti-sia-agli-studenti-che-agli-adulti-dedicati-alla-fotografia-alla-musica-e-alla-poesia\/"},"author":{"name":"Uff Stampa","@id":"https:\/\/www.article-marketing.eu\/comunicatistampa\/#\/schema\/person\/22d81e7c04e93611ddcda888b65438d8"},"headline":"Al via Tre Concorsi Nazionali aperti sia agli studenti che agli adulti, dedicati alla Fotografia, alla Musica e alla Poesia.","datePublished":"2017-02-28T20:29:33+00:00","dateModified":"2020-08-09T23:47:50+00:00","mainEntityOfPage":{"@id":"https:\/\/www.article-marketing.eu\/comunicatistampa\/al-via-tre-concorsi-nazionali-aperti-sia-agli-studenti-che-agli-adulti-dedicati-alla-fotografia-alla-musica-e-alla-poesia\/"},"wordCount":506,"commentCount":0,"keywords":["Concorso","Fotografia","Musica","Poesia"],"articleSection":["Arte e cultura","Comunicati stampa","Eventi","Musica"],"inLanguage":"it-IT","potentialAction":[{"@type":"CommentAction","name":"Comment","target":["https:\/\/www.article-marketing.eu\/comunicatistampa\/al-via-tre-concorsi-nazionali-aperti-sia-agli-studenti-che-agli-adulti-dedicati-alla-fotografia-alla-musica-e-alla-poesia\/#respond"]}]},{"@type":"WebPage","@id":"https:\/\/www.article-marketing.eu\/comunicatistampa\/al-via-tre-concorsi-nazionali-aperti-sia-agli-studenti-che-agli-adulti-dedicati-alla-fotografia-alla-musica-e-alla-poesia\/","url":"https:\/\/www.article-marketing.eu\/comunicatistampa\/al-via-tre-concorsi-nazionali-aperti-sia-agli-studenti-che-agli-adulti-dedicati-alla-fotografia-alla-musica-e-alla-poesia\/","name":"Al via Tre Concorsi Nazionali aperti sia agli studenti che agli adulti, dedicati alla Fotografia, alla Musica e alla Poesia. - Article Marketing","isPartOf":{"@id":"https:\/\/www.article-marketing.eu\/comunicatistampa\/#website"},"datePublished":"2017-02-28T20:29:33+00:00","dateModified":"2020-08-09T23:47:50+00:00","author":{"@id":"https:\/\/www.article-marketing.eu\/comunicatistampa\/#\/schema\/person\/22d81e7c04e93611ddcda888b65438d8"},"breadcrumb":{"@id":"https:\/\/www.article-marketing.eu\/comunicatistampa\/al-via-tre-concorsi-nazionali-aperti-sia-agli-studenti-che-agli-adulti-dedicati-alla-fotografia-alla-musica-e-alla-poesia\/#breadcrumb"},"inLanguage":"it-IT","potentialAction":[{"@type":"ReadAction","target":["https:\/\/www.article-marketing.eu\/comunicatistampa\/al-via-tre-concorsi-nazionali-aperti-sia-agli-studenti-che-agli-adulti-dedicati-alla-fotografia-alla-musica-e-alla-poesia\/"]}]},{"@type":"BreadcrumbList","@id":"https:\/\/www.article-marketing.eu\/comunicatistampa\/al-via-tre-concorsi-nazionali-aperti-sia-agli-studenti-che-agli-adulti-dedicati-alla-fotografia-alla-musica-e-alla-poesia\/#breadcrumb","itemListElement":[{"@type":"ListItem","position":1,"name":"Home","item":"https:\/\/www.article-marketing.eu\/comunicatistampa\/"},{"@type":"ListItem","position":2,"name":"Al via Tre Concorsi Nazionali aperti sia agli studenti che agli adulti, dedicati alla Fotografia, alla Musica e alla Poesia."}]},{"@type":"WebSite","@id":"https:\/\/www.article-marketing.eu\/comunicatistampa\/#website","url":"https:\/\/www.article-marketing.eu\/comunicatistampa\/","name":"Article Marketing","description":"article marketing &amp; press release","potentialAction":[{"@type":"SearchAction","target":{"@type":"EntryPoint","urlTemplate":"https:\/\/www.article-marketing.eu\/comunicatistampa\/?s={search_term_string}"},"query-input":{"@type":"PropertyValueSpecification","valueRequired":true,"valueName":"search_term_string"}}],"inLanguage":"it-IT"},{"@type":"Person","@id":"https:\/\/www.article-marketing.eu\/comunicatistampa\/#\/schema\/person\/22d81e7c04e93611ddcda888b65438d8","name":"Uff Stampa","image":{"@type":"ImageObject","inLanguage":"it-IT","@id":"https:\/\/secure.gravatar.com\/avatar\/e3e9c5b947f539233b3f740c64e48242313649ff2a529b2191b5577aab6b4c57?s=96&d=mm&r=g","url":"https:\/\/secure.gravatar.com\/avatar\/e3e9c5b947f539233b3f740c64e48242313649ff2a529b2191b5577aab6b4c57?s=96&d=mm&r=g","contentUrl":"https:\/\/secure.gravatar.com\/avatar\/e3e9c5b947f539233b3f740c64e48242313649ff2a529b2191b5577aab6b4c57?s=96&d=mm&r=g","caption":"Uff Stampa"},"url":"https:\/\/www.article-marketing.eu\/comunicatistampa\/author\/uff-stampa\/"}]}},"_links":{"self":[{"href":"https:\/\/www.article-marketing.eu\/comunicatistampa\/wp-json\/wp\/v2\/posts\/729","targetHints":{"allow":["GET"]}}],"collection":[{"href":"https:\/\/www.article-marketing.eu\/comunicatistampa\/wp-json\/wp\/v2\/posts"}],"about":[{"href":"https:\/\/www.article-marketing.eu\/comunicatistampa\/wp-json\/wp\/v2\/types\/post"}],"author":[{"embeddable":true,"href":"https:\/\/www.article-marketing.eu\/comunicatistampa\/wp-json\/wp\/v2\/users\/48"}],"replies":[{"embeddable":true,"href":"https:\/\/www.article-marketing.eu\/comunicatistampa\/wp-json\/wp\/v2\/comments?post=729"}],"version-history":[{"count":2,"href":"https:\/\/www.article-marketing.eu\/comunicatistampa\/wp-json\/wp\/v2\/posts\/729\/revisions"}],"predecessor-version":[{"id":746,"href":"https:\/\/www.article-marketing.eu\/comunicatistampa\/wp-json\/wp\/v2\/posts\/729\/revisions\/746"}],"wp:attachment":[{"href":"https:\/\/www.article-marketing.eu\/comunicatistampa\/wp-json\/wp\/v2\/media?parent=729"}],"wp:term":[{"taxonomy":"category","embeddable":true,"href":"https:\/\/www.article-marketing.eu\/comunicatistampa\/wp-json\/wp\/v2\/categories?post=729"},{"taxonomy":"post_tag","embeddable":true,"href":"https:\/\/www.article-marketing.eu\/comunicatistampa\/wp-json\/wp\/v2\/tags?post=729"}],"curies":[{"name":"wp","href":"https:\/\/api.w.org\/{rel}","templated":true}]}}