{"id":7303,"date":"2017-11-28T01:27:53","date_gmt":"2017-11-28T00:27:53","guid":{"rendered":"http:\/\/www.article-marketing.eu\/comunicatistampa\/?p=7303"},"modified":"2017-11-28T01:27:53","modified_gmt":"2017-11-28T00:27:53","slug":"le-aziende-emiliano-romagnole-si-aggiornano-sul-cloud-alterna-microsoft","status":"publish","type":"post","link":"https:\/\/www.article-marketing.eu\/comunicatistampa\/le-aziende-emiliano-romagnole-si-aggiornano-sul-cloud-alterna-microsoft\/","title":{"rendered":"Le aziende emiliano-romagnole si aggiornano sul Cloud con Alterna e Microsoft"},"content":{"rendered":"<p><strong>Appuntamento a Bologna il 30 novembre (Savoia Hotel Regency, ore 14.30) per parlare delle opportunit\u00e0 offerte dalla nuvola digitale. Uno spazio sicuro per proteggere le applicazioni strategiche e i dati sensibili della propria impresa. <\/strong><\/p>\n<p>Quando si parla di Cloud sono in molti a porre qualche resistenza e soprattutto ad avere timore sulla sicurezza dei propri dati affidati alla \u201cnuvola digitale\u201d. Ma qualcosa sta cambiando e il numero delle imprese che scelgono questa strada \u00e8 in crescita. Per far conoscere le opportunit\u00e0 offerte da Microsoft Azure,<strong> Alterna<\/strong> in collaborazione con <strong>Altea 365<\/strong> (societ\u00e0 del gruppo <strong>Altea Federation<\/strong> specializzata in servizi di <strong>supporto continuativi 24\/7 multilingua<\/strong> e <strong>business process outsourcing<\/strong>) invita le imprese emiliano-romagnole il 30 novembre al Savoia Hotel Regency di Bologna &#8211; ore 14.30. Un incontro pensato per i titolari, i direttori generali, i direttori di sistemi informativi e i manager IT di aziende di medie e piccole dimensioni che vogliono aprirsi all\u2019innovazione per affrontare le sfide future.<\/p>\n<p>I lavori saranno aperti da Vieri Chiti, Microsoft Director Partner Development Italy, che spiegher\u00e0 la flessibilit\u00e0 di Microsoft Azure, la sua adattabilit\u00e0 alle esigenze del cliente e la velocit\u00e0 di accesso ai sistemi. La piattaforma, infatti, \u00e8 uno strumento globale e sicuro per guidare le aziende nel percorso di trasformazione. Tra i vantaggi di Microsoft Azure vi \u00e8 una riduzione dei costi di infrastruttura fino al 30% e un incremento di produttivit\u00e0. L\u2019incontro di Bologna sar\u00e0 anche l\u2019occasione per conoscere la proposta Azure Stack, l\u2019Hybrid Cloud lanciato al Microsoft Inspire di Washington la scorsa estate. Si tratta di una soluzione ibrida proposta in collaborazione con Hewlett Packard Enterprise, che consente alle aziende di ricreare un\u2019infrastruttura cloud all\u2019interno di un data center privato e che si pone come alternativa alla soluzione tradizionale \u201con premise\u201d oppure a una migrazione totale nella nuvola. Un modo per avere una gestione e una sicurezza dei propri dati uniforme e semplificata.<\/p>\n<p>Infine, durante il workshop verranno presentati da Alterna alcuni casi di successo di imprese che hanno sperimentato la migrazione di un\u2019infrastruttura da \u201con premise\u201d a \u201con cloud\u201d. In particolare, si potranno conoscere esperienze concrete dove il passaggio al cloud ha consentito di migliorare la propria competitivit\u00e0, ottenere un valore aggiunto pi\u00f9 elevato e migliorare la qualit\u00e0 dei prodotti. Verranno presentati esempi per l\u2019ERP on Azure, NAV on Azure e SAP on Azure, oltre che importanti novit\u00e0 sulle soluzioni di backup e disaster recovery.<\/p>\n<p>Rapidit\u00e0 di risposta alle evoluzioni strategiche dell\u2019impresa, la possibilit\u00e0 di avere Business Continuity e sicurezza dei dati e, infine, la disponibilit\u00e0 di risorse per favorire l\u2019innovazione: questi i vantaggi di Microsoft Azure.<\/p>\n<p><strong>Con Microsoft Azure il Cloud diventa per tutti.<\/strong><br \/>\nSe vuoi partecipare al nostro incontro iscriviti subito!<\/p>\n<p>Per informazioni:<br \/>\n<em>Anna Ligabue Marketing Manager aligabue@alteanet.it<br \/>\n<\/em><em>Elena Meazza Ufficio Stampa emeazza@alteanet.it <\/em><\/p>\n<p><strong>About ALTERNA<\/strong><br \/>\n\u00c8 System Integrator dedicato alle tecnologie e soluzioni di Microsoft, attraverso le quali supporta la crescita e la competitivit\u00e0 delle imprese, accompagnandole nel percorso di trasformazione digitale. \u00c8 parte di ALTEA Federation, una federazione costituita da aziende altamente specializzate tra le quali Alterna si distingue per la riconosciuta esperienza in campo Microsoft. Player di rilievo nel panorama internazionale dei partner Microsoft ha al suo attivo certificazioni Gold in ambito ERP, CRM, Business Intelligence e Collaboration &amp; Content e in ambito Cloud.<\/p>\n","protected":false},"excerpt":{"rendered":"<p>Appuntamento a Bologna il 30 novembre (Savoia Hotel Regency, ore 14.30) per parlare delle opportunit\u00e0 offerte dalla nuvola digitale. Uno spazio sicuro per proteggere le applicazioni strategiche e i dati sensibili della propria impresa. Quando si parla di Cloud sono in molti a porre qualche resistenza e soprattutto ad avere timore sulla sicurezza dei propri dati affidati alla \u201cnuvola digitale\u201d. Ma qualcosa sta cambiando e il numero delle imprese che<\/p>\n<p><a class=\"continue-reading\" href=\"https:\/\/www.article-marketing.eu\/comunicatistampa\/le-aziende-emiliano-romagnole-si-aggiornano-sul-cloud-alterna-microsoft\/\">Continue reading&#8230;<\/a><\/p>\n","protected":false},"author":83,"featured_media":0,"comment_status":"open","ping_status":"open","sticky":false,"template":"","format":"standard","meta":{"_monsterinsights_skip_tracking":false,"_monsterinsights_sitenote_active":false,"_monsterinsights_sitenote_note":"","_monsterinsights_sitenote_category":0,"footnotes":""},"categories":[392],"tags":[],"class_list":["post-7303","post","type-post","status-publish","format-standard","hentry","category-eventi"],"yoast_head":"<!-- This site is optimized with the Yoast SEO plugin v27.3 - https:\/\/yoast.com\/product\/yoast-seo-wordpress\/ -->\n<title>Le aziende emiliano-romagnole si aggiornano sul Cloud con Alterna e Microsoft - Article Marketing<\/title>\n<meta name=\"robots\" content=\"index, follow, max-snippet:-1, max-image-preview:large, max-video-preview:-1\" \/>\n<link rel=\"canonical\" href=\"https:\/\/www.article-marketing.eu\/comunicatistampa\/le-aziende-emiliano-romagnole-si-aggiornano-sul-cloud-alterna-microsoft\/\" \/>\n<meta property=\"og:locale\" content=\"it_IT\" \/>\n<meta property=\"og:type\" content=\"article\" \/>\n<meta property=\"og:title\" content=\"Le aziende emiliano-romagnole si aggiornano sul Cloud con Alterna e Microsoft - Article Marketing\" \/>\n<meta property=\"og:description\" content=\"Appuntamento a Bologna il 30 novembre (Savoia Hotel Regency, ore 14.30) per parlare delle opportunit\u00e0 offerte dalla nuvola digitale. Uno spazio sicuro per proteggere le applicazioni strategiche e i dati sensibili della propria impresa. Quando si parla di Cloud sono in molti a porre qualche resistenza e soprattutto ad avere timore sulla sicurezza dei propri dati affidati alla \u201cnuvola digitale\u201d. Ma qualcosa sta cambiando e il numero delle imprese cheContinue reading...\" \/>\n<meta property=\"og:url\" content=\"https:\/\/www.article-marketing.eu\/comunicatistampa\/le-aziende-emiliano-romagnole-si-aggiornano-sul-cloud-alterna-microsoft\/\" \/>\n<meta property=\"og:site_name\" content=\"Article Marketing\" \/>\n<meta property=\"article:published_time\" content=\"2017-11-28T00:27:53+00:00\" \/>\n<meta name=\"author\" content=\"alteanet\" \/>\n<meta name=\"twitter:card\" content=\"summary_large_image\" \/>\n<meta name=\"twitter:label1\" content=\"Scritto da\" \/>\n\t<meta name=\"twitter:data1\" content=\"alteanet\" \/>\n\t<meta name=\"twitter:label2\" content=\"Tempo di lettura stimato\" \/>\n\t<meta name=\"twitter:data2\" content=\"3 minuti\" \/>\n<script type=\"application\/ld+json\" class=\"yoast-schema-graph\">{\"@context\":\"https:\\\/\\\/schema.org\",\"@graph\":[{\"@type\":\"Article\",\"@id\":\"https:\\\/\\\/www.article-marketing.eu\\\/comunicatistampa\\\/le-aziende-emiliano-romagnole-si-aggiornano-sul-cloud-alterna-microsoft\\\/#article\",\"isPartOf\":{\"@id\":\"https:\\\/\\\/www.article-marketing.eu\\\/comunicatistampa\\\/le-aziende-emiliano-romagnole-si-aggiornano-sul-cloud-alterna-microsoft\\\/\"},\"author\":{\"name\":\"alteanet\",\"@id\":\"https:\\\/\\\/www.article-marketing.eu\\\/comunicatistampa\\\/#\\\/schema\\\/person\\\/184442e7102c3a07c69663a47756935d\"},\"headline\":\"Le aziende emiliano-romagnole si aggiornano sul Cloud con Alterna e Microsoft\",\"datePublished\":\"2017-11-28T00:27:53+00:00\",\"mainEntityOfPage\":{\"@id\":\"https:\\\/\\\/www.article-marketing.eu\\\/comunicatistampa\\\/le-aziende-emiliano-romagnole-si-aggiornano-sul-cloud-alterna-microsoft\\\/\"},\"wordCount\":552,\"commentCount\":0,\"articleSection\":[\"Eventi\"],\"inLanguage\":\"it-IT\",\"potentialAction\":[{\"@type\":\"CommentAction\",\"name\":\"Comment\",\"target\":[\"https:\\\/\\\/www.article-marketing.eu\\\/comunicatistampa\\\/le-aziende-emiliano-romagnole-si-aggiornano-sul-cloud-alterna-microsoft\\\/#respond\"]}]},{\"@type\":\"WebPage\",\"@id\":\"https:\\\/\\\/www.article-marketing.eu\\\/comunicatistampa\\\/le-aziende-emiliano-romagnole-si-aggiornano-sul-cloud-alterna-microsoft\\\/\",\"url\":\"https:\\\/\\\/www.article-marketing.eu\\\/comunicatistampa\\\/le-aziende-emiliano-romagnole-si-aggiornano-sul-cloud-alterna-microsoft\\\/\",\"name\":\"Le aziende emiliano-romagnole si aggiornano sul Cloud con Alterna e Microsoft - Article Marketing\",\"isPartOf\":{\"@id\":\"https:\\\/\\\/www.article-marketing.eu\\\/comunicatistampa\\\/#website\"},\"datePublished\":\"2017-11-28T00:27:53+00:00\",\"author\":{\"@id\":\"https:\\\/\\\/www.article-marketing.eu\\\/comunicatistampa\\\/#\\\/schema\\\/person\\\/184442e7102c3a07c69663a47756935d\"},\"breadcrumb\":{\"@id\":\"https:\\\/\\\/www.article-marketing.eu\\\/comunicatistampa\\\/le-aziende-emiliano-romagnole-si-aggiornano-sul-cloud-alterna-microsoft\\\/#breadcrumb\"},\"inLanguage\":\"it-IT\",\"potentialAction\":[{\"@type\":\"ReadAction\",\"target\":[\"https:\\\/\\\/www.article-marketing.eu\\\/comunicatistampa\\\/le-aziende-emiliano-romagnole-si-aggiornano-sul-cloud-alterna-microsoft\\\/\"]}]},{\"@type\":\"BreadcrumbList\",\"@id\":\"https:\\\/\\\/www.article-marketing.eu\\\/comunicatistampa\\\/le-aziende-emiliano-romagnole-si-aggiornano-sul-cloud-alterna-microsoft\\\/#breadcrumb\",\"itemListElement\":[{\"@type\":\"ListItem\",\"position\":1,\"name\":\"Home\",\"item\":\"https:\\\/\\\/www.article-marketing.eu\\\/comunicatistampa\\\/\"},{\"@type\":\"ListItem\",\"position\":2,\"name\":\"Le aziende emiliano-romagnole si aggiornano sul Cloud con Alterna e Microsoft\"}]},{\"@type\":\"WebSite\",\"@id\":\"https:\\\/\\\/www.article-marketing.eu\\\/comunicatistampa\\\/#website\",\"url\":\"https:\\\/\\\/www.article-marketing.eu\\\/comunicatistampa\\\/\",\"name\":\"Article Marketing\",\"description\":\"article marketing &amp; press release\",\"potentialAction\":[{\"@type\":\"SearchAction\",\"target\":{\"@type\":\"EntryPoint\",\"urlTemplate\":\"https:\\\/\\\/www.article-marketing.eu\\\/comunicatistampa\\\/?s={search_term_string}\"},\"query-input\":{\"@type\":\"PropertyValueSpecification\",\"valueRequired\":true,\"valueName\":\"search_term_string\"}}],\"inLanguage\":\"it-IT\"},{\"@type\":\"Person\",\"@id\":\"https:\\\/\\\/www.article-marketing.eu\\\/comunicatistampa\\\/#\\\/schema\\\/person\\\/184442e7102c3a07c69663a47756935d\",\"name\":\"alteanet\",\"image\":{\"@type\":\"ImageObject\",\"inLanguage\":\"it-IT\",\"@id\":\"https:\\\/\\\/secure.gravatar.com\\\/avatar\\\/305212166eeac9895b855f0444021bc5d57d6828aaa6c5b87eada20eefa0838c?s=96&d=mm&r=g\",\"url\":\"https:\\\/\\\/secure.gravatar.com\\\/avatar\\\/305212166eeac9895b855f0444021bc5d57d6828aaa6c5b87eada20eefa0838c?s=96&d=mm&r=g\",\"contentUrl\":\"https:\\\/\\\/secure.gravatar.com\\\/avatar\\\/305212166eeac9895b855f0444021bc5d57d6828aaa6c5b87eada20eefa0838c?s=96&d=mm&r=g\",\"caption\":\"alteanet\"},\"url\":\"https:\\\/\\\/www.article-marketing.eu\\\/comunicatistampa\\\/author\\\/alteanet\\\/\"}]}<\/script>\n<!-- \/ Yoast SEO plugin. -->","yoast_head_json":{"title":"Le aziende emiliano-romagnole si aggiornano sul Cloud con Alterna e Microsoft - Article Marketing","robots":{"index":"index","follow":"follow","max-snippet":"max-snippet:-1","max-image-preview":"max-image-preview:large","max-video-preview":"max-video-preview:-1"},"canonical":"https:\/\/www.article-marketing.eu\/comunicatistampa\/le-aziende-emiliano-romagnole-si-aggiornano-sul-cloud-alterna-microsoft\/","og_locale":"it_IT","og_type":"article","og_title":"Le aziende emiliano-romagnole si aggiornano sul Cloud con Alterna e Microsoft - Article Marketing","og_description":"Appuntamento a Bologna il 30 novembre (Savoia Hotel Regency, ore 14.30) per parlare delle opportunit\u00e0 offerte dalla nuvola digitale. Uno spazio sicuro per proteggere le applicazioni strategiche e i dati sensibili della propria impresa. Quando si parla di Cloud sono in molti a porre qualche resistenza e soprattutto ad avere timore sulla sicurezza dei propri dati affidati alla \u201cnuvola digitale\u201d. Ma qualcosa sta cambiando e il numero delle imprese cheContinue reading...","og_url":"https:\/\/www.article-marketing.eu\/comunicatistampa\/le-aziende-emiliano-romagnole-si-aggiornano-sul-cloud-alterna-microsoft\/","og_site_name":"Article Marketing","article_published_time":"2017-11-28T00:27:53+00:00","author":"alteanet","twitter_card":"summary_large_image","twitter_misc":{"Scritto da":"alteanet","Tempo di lettura stimato":"3 minuti"},"schema":{"@context":"https:\/\/schema.org","@graph":[{"@type":"Article","@id":"https:\/\/www.article-marketing.eu\/comunicatistampa\/le-aziende-emiliano-romagnole-si-aggiornano-sul-cloud-alterna-microsoft\/#article","isPartOf":{"@id":"https:\/\/www.article-marketing.eu\/comunicatistampa\/le-aziende-emiliano-romagnole-si-aggiornano-sul-cloud-alterna-microsoft\/"},"author":{"name":"alteanet","@id":"https:\/\/www.article-marketing.eu\/comunicatistampa\/#\/schema\/person\/184442e7102c3a07c69663a47756935d"},"headline":"Le aziende emiliano-romagnole si aggiornano sul Cloud con Alterna e Microsoft","datePublished":"2017-11-28T00:27:53+00:00","mainEntityOfPage":{"@id":"https:\/\/www.article-marketing.eu\/comunicatistampa\/le-aziende-emiliano-romagnole-si-aggiornano-sul-cloud-alterna-microsoft\/"},"wordCount":552,"commentCount":0,"articleSection":["Eventi"],"inLanguage":"it-IT","potentialAction":[{"@type":"CommentAction","name":"Comment","target":["https:\/\/www.article-marketing.eu\/comunicatistampa\/le-aziende-emiliano-romagnole-si-aggiornano-sul-cloud-alterna-microsoft\/#respond"]}]},{"@type":"WebPage","@id":"https:\/\/www.article-marketing.eu\/comunicatistampa\/le-aziende-emiliano-romagnole-si-aggiornano-sul-cloud-alterna-microsoft\/","url":"https:\/\/www.article-marketing.eu\/comunicatistampa\/le-aziende-emiliano-romagnole-si-aggiornano-sul-cloud-alterna-microsoft\/","name":"Le aziende emiliano-romagnole si aggiornano sul Cloud con Alterna e Microsoft - Article Marketing","isPartOf":{"@id":"https:\/\/www.article-marketing.eu\/comunicatistampa\/#website"},"datePublished":"2017-11-28T00:27:53+00:00","author":{"@id":"https:\/\/www.article-marketing.eu\/comunicatistampa\/#\/schema\/person\/184442e7102c3a07c69663a47756935d"},"breadcrumb":{"@id":"https:\/\/www.article-marketing.eu\/comunicatistampa\/le-aziende-emiliano-romagnole-si-aggiornano-sul-cloud-alterna-microsoft\/#breadcrumb"},"inLanguage":"it-IT","potentialAction":[{"@type":"ReadAction","target":["https:\/\/www.article-marketing.eu\/comunicatistampa\/le-aziende-emiliano-romagnole-si-aggiornano-sul-cloud-alterna-microsoft\/"]}]},{"@type":"BreadcrumbList","@id":"https:\/\/www.article-marketing.eu\/comunicatistampa\/le-aziende-emiliano-romagnole-si-aggiornano-sul-cloud-alterna-microsoft\/#breadcrumb","itemListElement":[{"@type":"ListItem","position":1,"name":"Home","item":"https:\/\/www.article-marketing.eu\/comunicatistampa\/"},{"@type":"ListItem","position":2,"name":"Le aziende emiliano-romagnole si aggiornano sul Cloud con Alterna e Microsoft"}]},{"@type":"WebSite","@id":"https:\/\/www.article-marketing.eu\/comunicatistampa\/#website","url":"https:\/\/www.article-marketing.eu\/comunicatistampa\/","name":"Article Marketing","description":"article marketing &amp; press release","potentialAction":[{"@type":"SearchAction","target":{"@type":"EntryPoint","urlTemplate":"https:\/\/www.article-marketing.eu\/comunicatistampa\/?s={search_term_string}"},"query-input":{"@type":"PropertyValueSpecification","valueRequired":true,"valueName":"search_term_string"}}],"inLanguage":"it-IT"},{"@type":"Person","@id":"https:\/\/www.article-marketing.eu\/comunicatistampa\/#\/schema\/person\/184442e7102c3a07c69663a47756935d","name":"alteanet","image":{"@type":"ImageObject","inLanguage":"it-IT","@id":"https:\/\/secure.gravatar.com\/avatar\/305212166eeac9895b855f0444021bc5d57d6828aaa6c5b87eada20eefa0838c?s=96&d=mm&r=g","url":"https:\/\/secure.gravatar.com\/avatar\/305212166eeac9895b855f0444021bc5d57d6828aaa6c5b87eada20eefa0838c?s=96&d=mm&r=g","contentUrl":"https:\/\/secure.gravatar.com\/avatar\/305212166eeac9895b855f0444021bc5d57d6828aaa6c5b87eada20eefa0838c?s=96&d=mm&r=g","caption":"alteanet"},"url":"https:\/\/www.article-marketing.eu\/comunicatistampa\/author\/alteanet\/"}]}},"_links":{"self":[{"href":"https:\/\/www.article-marketing.eu\/comunicatistampa\/wp-json\/wp\/v2\/posts\/7303","targetHints":{"allow":["GET"]}}],"collection":[{"href":"https:\/\/www.article-marketing.eu\/comunicatistampa\/wp-json\/wp\/v2\/posts"}],"about":[{"href":"https:\/\/www.article-marketing.eu\/comunicatistampa\/wp-json\/wp\/v2\/types\/post"}],"author":[{"embeddable":true,"href":"https:\/\/www.article-marketing.eu\/comunicatistampa\/wp-json\/wp\/v2\/users\/83"}],"replies":[{"embeddable":true,"href":"https:\/\/www.article-marketing.eu\/comunicatistampa\/wp-json\/wp\/v2\/comments?post=7303"}],"version-history":[{"count":2,"href":"https:\/\/www.article-marketing.eu\/comunicatistampa\/wp-json\/wp\/v2\/posts\/7303\/revisions"}],"predecessor-version":[{"id":7321,"href":"https:\/\/www.article-marketing.eu\/comunicatistampa\/wp-json\/wp\/v2\/posts\/7303\/revisions\/7321"}],"wp:attachment":[{"href":"https:\/\/www.article-marketing.eu\/comunicatistampa\/wp-json\/wp\/v2\/media?parent=7303"}],"wp:term":[{"taxonomy":"category","embeddable":true,"href":"https:\/\/www.article-marketing.eu\/comunicatistampa\/wp-json\/wp\/v2\/categories?post=7303"},{"taxonomy":"post_tag","embeddable":true,"href":"https:\/\/www.article-marketing.eu\/comunicatistampa\/wp-json\/wp\/v2\/tags?post=7303"}],"curies":[{"name":"wp","href":"https:\/\/api.w.org\/{rel}","templated":true}]}}