{"id":7406,"date":"2017-12-01T01:30:05","date_gmt":"2017-12-01T00:30:05","guid":{"rendered":"http:\/\/www.article-marketing.eu\/comunicatistampa\/?p=7406"},"modified":"2017-12-01T01:30:05","modified_gmt":"2017-12-01T00:30:05","slug":"annunciati-vincitori-del-cubo-cine-award","status":"publish","type":"post","link":"https:\/\/www.article-marketing.eu\/comunicatistampa\/annunciati-vincitori-del-cubo-cine-award\/","title":{"rendered":"Annunciati i vincitori del Cubo Cine Award"},"content":{"rendered":"<p>I <strong>Manetti Bros<\/strong> con \u201c<strong>Ammore e Malavita<\/strong>\u201d spopolano al Cubo Festival e si aggiudicano due riconoscimenti importanti: \u201c<strong>Miglior film<\/strong>\u201d e \u201c<strong>Miglior Regia<\/strong>\u201d.\u00a0 Ma i premi non finiscono qui: un Cubo Cine Award \u00e8 andato anche al film di <strong>Cesare Furesi<\/strong> <strong>\u201cChi Salver\u00e0 le Rose\u201d<\/strong> per la \u201c<strong>Miglior Opera Prima<\/strong>\u201d e un premio <strong>&#8220;Alla Carriera&#8221;<\/strong> agli attori protagonisti Lando Buzzanca, Carlo Delle Piane e Philippe Leroy; \u201c<strong>Miglior attore<\/strong>\u201d, invece, <strong>Elio Germano<\/strong> per \u201c<strong>In Arte Nino<\/strong>\u201d di <strong>Luca Manfredi<\/strong>, che riceve anche il premio come \u201c<strong>Miglior Film Tv<\/strong>\u201d e \u201c<strong>Miglior Produzione<\/strong>\u201d. Anche il film di <strong>Max Nardari<\/strong> \u201c<strong>La mia famiglia a Soqquadro<\/strong>\u201d riceve due riconoscimenti \u201c<strong>Miglior Soggetto<\/strong>\u201d e \u201c<strong>Miglior Attore Emergente<\/strong>\u201d a <strong>Gabriele Caprio<\/strong>; \u201c<strong>Miglior Sceneggiatura<\/strong>\u201d e \u201c<strong>Miglior Scenografia<\/strong>\u201d e &#8220;<strong>Miglior Fotografia&#8221;<\/strong> sono andati al film \u201c<strong>Nobili Bugie<\/strong>\u201d di <strong>Antonio Pisu<\/strong>. Il Social Award \u00e8 stato conferito a \u201c<strong>Talking To the Trees<\/strong>\u201d di <strong>Ilaria Borrelli<\/strong>, la \u201c<strong>Miglior Web Serie&#8221;<\/strong>, invece, a \u201c<strong>The Pills<\/strong>\u201d e, infine, il <strong>Premio Alla Carriera<\/strong> come Regista a <strong>Sergio Martino<\/strong>. Per festeggiare il trentennale della storica serie \u201c<strong>I Ragazzi della 3C<\/strong>\u201d di <strong>Claudio Risi<\/strong>, il Cubo Festival ha preparato, inoltre, un premio speciale <strong>&#8220;Serie Cult&#8221;<\/strong> che sar\u00e0 consegnato al regista e al cast presente.<\/p>\n<p>&nbsp;<\/p>\n<p>Il <strong>Cubo Cine Festival 2017<\/strong>, che ha come direttore artistico <strong>Antonio De Feo<\/strong>, dedica da alcuni anni ormai, cinque giorni al cinema e all\u2019audiovisivo, proponendo ai numerosi e sempre crescenti spettatori i film usciti nell\u2019anno in corso e i grandi capolavori del passato. Proiezioni, conferenze, dibattiti e corsi gratuiti. Oltre al cinema il festival omaggia l\u2019audiovisivo e tutto quello che ruota intorno.<\/p>\n<p><strong>\u00a0<\/strong><\/p>\n<p>Oltre ai film usciti nel 2017 e ai grandi capolavori della storia del cinema, il festival dar\u00e0 spazio ai giovani registi con una sezione dedicata ai cortometraggi. Le conferenze al festival saranno tenute da registi, attori e autori del cinema e della televisione.<\/p>\n<p>Oltre ai film in concorso al Cubo Festival saranno proiettati due film fuori concorso alla presenza dei registi e dei protagonisti: \u201c<strong>My Father Jack<\/strong>\u201d di <strong>Tonino Zangardi<\/strong>, che sar\u00e0 presente a Ronciglione il 7 dicembre, mentre venerd\u00ec 8 dicembre sar\u00e0 proiettato \u201c<strong>Il Crimine non va in pensione<\/strong>\u201d alla presenza del regista <strong>Fabio Fulco<\/strong> e degli attori <strong>Gianfranco D\u2019Angelo<\/strong> e <strong>Maurizio Mattioli.<\/strong><\/p>\n<p>Il Cubo Festival propone il meglio della televisione e del web italiano del 2017: Film, Fiction, Documentari e Format in mostra durante il festival. Tra gli appuntamenti imperdibili: Il 10 dicembre proiezione del film \u201c<strong>Ettore Petrolini \u2013 L\u2019uomo che deride<\/strong>\u201d alla presenza del regista Luca Verdone e di Franco Petrolini. Il 9 dicembre, invece, si terr\u00e0 la proiezione del film tv \u201c<strong>In Arte Nino<\/strong>\u201d alla presenza del regista Luca Manfredi e del protagonista Elio Germano. Sempre il 9 dicembre sar\u00e0 proiettata \u201c<strong>The Pills \u2013 La Web Serie<\/strong>\u201d, sar\u00e0 presente uno dei componenti di The Pills, <strong>Luca Vecchi<\/strong>.<\/p>\n<p>Durante il Cubo Festival saranno proiettati dei documentari realizzati da registi italiani. Tra questi: \u201c<strong>Need To Consolidate<\/strong>\u201d di <strong>Daniele Baldacci<\/strong> (il 6 dicembre), \u201c<strong>Quadri espansi \u2013 La formazione nel cinema italiano<\/strong>\u201d di <strong>Francesco Crispino<\/strong> (7 dicembre).<\/p>\n<p>Ma il Cubo Festival ha uno sguardo molto attento anche ai corti d\u2019autore. Tra i corti selezionati per il 2017: \u201c<strong>Offline\u201d <\/strong>di<strong> Emanuela Mascherini, \u201cThe Sin\u201d <\/strong>di <strong>Gulistan Acet, \u201cInterNos\u201d <\/strong>di <strong>Roberto Pantano, \u201cIl Suono del Bingo\u201d di Bernardo Nuti, \u201cValparaiso\u201d di Carlo Sironi, \u201cIl Respiro dell\u2019Arco\u201d <\/strong>di<strong> Enrico Maria Artale, \u201cTre Mai\u201d <\/strong>di <strong>Sante Paolacci<\/strong>, <strong>&#8220;Come Dire&#8221;<\/strong> di Raffaella <strong>Russo<\/strong>, <strong>&#8220;Un Padre&#8221;<\/strong> di <strong>Roberto Gneo.<\/strong><\/p>\n<p>Punto di forza del Cubo Cine Festival sono anche le interviste e i dibattiti con i protagonisti del cinema, della televisione, dello spettacolo e del giornalismo. Tra gli appuntamenti imperdibili: \u201c<strong>Sergio Martino Si racconta<\/strong>\u2026\u201d a cura di <strong>Luca Rea<\/strong> e <strong>Ivan Zingariello<\/strong> di Stracult (6 dicembre); <strong>\u201cDaniela Poggi si Racconta<\/strong>\u201d (8 dicembre). Ad intervistarli sar\u00e0 <strong>Michele De Angelis<\/strong>; \u201c<strong>Era Mio Padre \u2013 Mino Damato<\/strong>\u201d (10 dicembre) alla presenza dei figli <strong>Gian Paolo <\/strong>e <strong>Donatella Damato<\/strong>.<\/p>\n<p>Ma il Cubo Festival non finisce qui. Dopo le proiezioni ufficiali, infatti, le visioni dei film proseguiranno con dei film \u201ccult\u201d del cinema italiano: \u201c<strong>L\u2019allenatore nel pallone<\/strong>\u201d di <strong>Sergio Martino<\/strong> (6 dicembre); \u201c<strong>Zora La Vampira<\/strong>\u201d dei <strong>Manetti Bros<\/strong>. (7 dicembre); \u201c<strong>Fascisti su Marte<\/strong>\u201d di <strong>Corrado Guzzanti<\/strong> (8 dicembre); \u201c<strong>Sempre meglio che lavorare<\/strong>\u201d dei <strong>The Pills<\/strong> (9 dicembre).<\/p>\n<p>Da segnalare i corsi di cinema gratuiti organizzati dal festival dal 7 al 9 dicembre: \u201c<strong>Fotografia Cinematografica<\/strong>\u201d tenuto da <strong>Dario Germani<\/strong>\u201d, \u201c<strong>Produzione Cinematografica<\/strong>\u201d di cui \u00e8 docente <strong>Mauro Cagnina<\/strong> e, infine, \u201c<strong>Regia Cinematografica e televisiva<\/strong>\u201d tenuto da <strong>Tonino Zangardi<\/strong> e <strong>Bernardo Nuti<\/strong>. Si terr\u00e0 inoltre un laboratorio di \u201c<strong>Microcinema<\/strong>\u201d per bambini dai 6 anni in su \u201c<strong>Giochiamo a fare un film<\/strong>\u201d a cura di <strong>Federico Moschetti<\/strong> e <strong>Irene Scialanca<\/strong> (9 dicembre).<\/p>\n<p>&nbsp;<\/p>\n<p>&nbsp;<\/p>\n<p>&nbsp;<\/p>\n<p>Per informazioni e per consultare il programma completo<\/p>\n<p><a href=\"http:\/\/www.cubofestival.it\">www.cubofestival.it<\/a><\/p>\n","protected":false},"excerpt":{"rendered":"<p>I Manetti Bros con \u201cAmmore e Malavita\u201d spopolano al Cubo Festival e si aggiudicano due riconoscimenti importanti: \u201cMiglior film\u201d e \u201cMiglior Regia\u201d.\u00a0 Ma i premi non finiscono qui: un Cubo Cine Award \u00e8 andato anche al film di Cesare Furesi \u201cChi Salver\u00e0 le Rose\u201d per la \u201cMiglior Opera Prima\u201d e un premio &#8220;Alla Carriera&#8221; agli attori protagonisti Lando Buzzanca, Carlo Delle Piane e Philippe Leroy; \u201cMiglior attore\u201d, invece, Elio Germano<\/p>\n<p><a class=\"continue-reading\" href=\"https:\/\/www.article-marketing.eu\/comunicatistampa\/annunciati-vincitori-del-cubo-cine-award\/\">Continue reading&#8230;<\/a><\/p>\n","protected":false},"author":48,"featured_media":0,"comment_status":"open","ping_status":"open","sticky":false,"template":"","format":"standard","meta":{"_monsterinsights_skip_tracking":false,"_monsterinsights_sitenote_active":false,"_monsterinsights_sitenote_note":"","_monsterinsights_sitenote_category":0,"footnotes":""},"categories":[408,78,392],"tags":[567,3240,3101],"class_list":["post-7406","post","type-post","status-publish","format-standard","hentry","category-cinema","category-comunicati-stampa","category-eventi","tag-cinema","tag-cubo-festival","tag-ronciglione"],"yoast_head":"<!-- This site is optimized with the Yoast SEO plugin v27.3 - https:\/\/yoast.com\/product\/yoast-seo-wordpress\/ -->\n<title>Annunciati i vincitori del Cubo Cine Award - Article Marketing<\/title>\n<meta name=\"robots\" content=\"index, follow, max-snippet:-1, max-image-preview:large, max-video-preview:-1\" \/>\n<link rel=\"canonical\" href=\"https:\/\/www.article-marketing.eu\/comunicatistampa\/annunciati-vincitori-del-cubo-cine-award\/\" \/>\n<meta property=\"og:locale\" content=\"it_IT\" \/>\n<meta property=\"og:type\" content=\"article\" \/>\n<meta property=\"og:title\" content=\"Annunciati i vincitori del Cubo Cine Award - Article Marketing\" \/>\n<meta property=\"og:description\" content=\"I Manetti Bros con \u201cAmmore e Malavita\u201d spopolano al Cubo Festival e si aggiudicano due riconoscimenti importanti: \u201cMiglior film\u201d e \u201cMiglior Regia\u201d.\u00a0 Ma i premi non finiscono qui: un Cubo Cine Award \u00e8 andato anche al film di Cesare Furesi \u201cChi Salver\u00e0 le Rose\u201d per la \u201cMiglior Opera Prima\u201d e un premio &#8220;Alla Carriera&#8221; agli attori protagonisti Lando Buzzanca, Carlo Delle Piane e Philippe Leroy; \u201cMiglior attore\u201d, invece, Elio GermanoContinue reading...\" \/>\n<meta property=\"og:url\" content=\"https:\/\/www.article-marketing.eu\/comunicatistampa\/annunciati-vincitori-del-cubo-cine-award\/\" \/>\n<meta property=\"og:site_name\" content=\"Article Marketing\" \/>\n<meta property=\"article:published_time\" content=\"2017-12-01T00:30:05+00:00\" \/>\n<meta name=\"author\" content=\"Uff Stampa\" \/>\n<meta name=\"twitter:card\" content=\"summary_large_image\" \/>\n<meta name=\"twitter:label1\" content=\"Scritto da\" \/>\n\t<meta name=\"twitter:data1\" content=\"Uff Stampa\" \/>\n\t<meta name=\"twitter:label2\" content=\"Tempo di lettura stimato\" \/>\n\t<meta name=\"twitter:data2\" content=\"4 minuti\" \/>\n<script type=\"application\/ld+json\" class=\"yoast-schema-graph\">{\"@context\":\"https:\\\/\\\/schema.org\",\"@graph\":[{\"@type\":\"Article\",\"@id\":\"https:\\\/\\\/www.article-marketing.eu\\\/comunicatistampa\\\/annunciati-vincitori-del-cubo-cine-award\\\/#article\",\"isPartOf\":{\"@id\":\"https:\\\/\\\/www.article-marketing.eu\\\/comunicatistampa\\\/annunciati-vincitori-del-cubo-cine-award\\\/\"},\"author\":{\"name\":\"Uff Stampa\",\"@id\":\"https:\\\/\\\/www.article-marketing.eu\\\/comunicatistampa\\\/#\\\/schema\\\/person\\\/22d81e7c04e93611ddcda888b65438d8\"},\"headline\":\"Annunciati i vincitori del Cubo Cine Award\",\"datePublished\":\"2017-12-01T00:30:05+00:00\",\"mainEntityOfPage\":{\"@id\":\"https:\\\/\\\/www.article-marketing.eu\\\/comunicatistampa\\\/annunciati-vincitori-del-cubo-cine-award\\\/\"},\"wordCount\":765,\"commentCount\":0,\"keywords\":[\"Cinema\",\"Cubo Festival\",\"Ronciglione\"],\"articleSection\":[\"Cinema\",\"Comunicati stampa\",\"Eventi\"],\"inLanguage\":\"it-IT\",\"potentialAction\":[{\"@type\":\"CommentAction\",\"name\":\"Comment\",\"target\":[\"https:\\\/\\\/www.article-marketing.eu\\\/comunicatistampa\\\/annunciati-vincitori-del-cubo-cine-award\\\/#respond\"]}]},{\"@type\":\"WebPage\",\"@id\":\"https:\\\/\\\/www.article-marketing.eu\\\/comunicatistampa\\\/annunciati-vincitori-del-cubo-cine-award\\\/\",\"url\":\"https:\\\/\\\/www.article-marketing.eu\\\/comunicatistampa\\\/annunciati-vincitori-del-cubo-cine-award\\\/\",\"name\":\"Annunciati i vincitori del Cubo Cine Award - Article Marketing\",\"isPartOf\":{\"@id\":\"https:\\\/\\\/www.article-marketing.eu\\\/comunicatistampa\\\/#website\"},\"datePublished\":\"2017-12-01T00:30:05+00:00\",\"author\":{\"@id\":\"https:\\\/\\\/www.article-marketing.eu\\\/comunicatistampa\\\/#\\\/schema\\\/person\\\/22d81e7c04e93611ddcda888b65438d8\"},\"breadcrumb\":{\"@id\":\"https:\\\/\\\/www.article-marketing.eu\\\/comunicatistampa\\\/annunciati-vincitori-del-cubo-cine-award\\\/#breadcrumb\"},\"inLanguage\":\"it-IT\",\"potentialAction\":[{\"@type\":\"ReadAction\",\"target\":[\"https:\\\/\\\/www.article-marketing.eu\\\/comunicatistampa\\\/annunciati-vincitori-del-cubo-cine-award\\\/\"]}]},{\"@type\":\"BreadcrumbList\",\"@id\":\"https:\\\/\\\/www.article-marketing.eu\\\/comunicatistampa\\\/annunciati-vincitori-del-cubo-cine-award\\\/#breadcrumb\",\"itemListElement\":[{\"@type\":\"ListItem\",\"position\":1,\"name\":\"Home\",\"item\":\"https:\\\/\\\/www.article-marketing.eu\\\/comunicatistampa\\\/\"},{\"@type\":\"ListItem\",\"position\":2,\"name\":\"Annunciati i vincitori del Cubo Cine Award\"}]},{\"@type\":\"WebSite\",\"@id\":\"https:\\\/\\\/www.article-marketing.eu\\\/comunicatistampa\\\/#website\",\"url\":\"https:\\\/\\\/www.article-marketing.eu\\\/comunicatistampa\\\/\",\"name\":\"Article Marketing\",\"description\":\"article marketing &amp; press release\",\"potentialAction\":[{\"@type\":\"SearchAction\",\"target\":{\"@type\":\"EntryPoint\",\"urlTemplate\":\"https:\\\/\\\/www.article-marketing.eu\\\/comunicatistampa\\\/?s={search_term_string}\"},\"query-input\":{\"@type\":\"PropertyValueSpecification\",\"valueRequired\":true,\"valueName\":\"search_term_string\"}}],\"inLanguage\":\"it-IT\"},{\"@type\":\"Person\",\"@id\":\"https:\\\/\\\/www.article-marketing.eu\\\/comunicatistampa\\\/#\\\/schema\\\/person\\\/22d81e7c04e93611ddcda888b65438d8\",\"name\":\"Uff Stampa\",\"image\":{\"@type\":\"ImageObject\",\"inLanguage\":\"it-IT\",\"@id\":\"https:\\\/\\\/secure.gravatar.com\\\/avatar\\\/e3e9c5b947f539233b3f740c64e48242313649ff2a529b2191b5577aab6b4c57?s=96&d=mm&r=g\",\"url\":\"https:\\\/\\\/secure.gravatar.com\\\/avatar\\\/e3e9c5b947f539233b3f740c64e48242313649ff2a529b2191b5577aab6b4c57?s=96&d=mm&r=g\",\"contentUrl\":\"https:\\\/\\\/secure.gravatar.com\\\/avatar\\\/e3e9c5b947f539233b3f740c64e48242313649ff2a529b2191b5577aab6b4c57?s=96&d=mm&r=g\",\"caption\":\"Uff Stampa\"},\"url\":\"https:\\\/\\\/www.article-marketing.eu\\\/comunicatistampa\\\/author\\\/uff-stampa\\\/\"}]}<\/script>\n<!-- \/ Yoast SEO plugin. -->","yoast_head_json":{"title":"Annunciati i vincitori del Cubo Cine Award - Article Marketing","robots":{"index":"index","follow":"follow","max-snippet":"max-snippet:-1","max-image-preview":"max-image-preview:large","max-video-preview":"max-video-preview:-1"},"canonical":"https:\/\/www.article-marketing.eu\/comunicatistampa\/annunciati-vincitori-del-cubo-cine-award\/","og_locale":"it_IT","og_type":"article","og_title":"Annunciati i vincitori del Cubo Cine Award - Article Marketing","og_description":"I Manetti Bros con \u201cAmmore e Malavita\u201d spopolano al Cubo Festival e si aggiudicano due riconoscimenti importanti: \u201cMiglior film\u201d e \u201cMiglior Regia\u201d.\u00a0 Ma i premi non finiscono qui: un Cubo Cine Award \u00e8 andato anche al film di Cesare Furesi \u201cChi Salver\u00e0 le Rose\u201d per la \u201cMiglior Opera Prima\u201d e un premio &#8220;Alla Carriera&#8221; agli attori protagonisti Lando Buzzanca, Carlo Delle Piane e Philippe Leroy; \u201cMiglior attore\u201d, invece, Elio GermanoContinue reading...","og_url":"https:\/\/www.article-marketing.eu\/comunicatistampa\/annunciati-vincitori-del-cubo-cine-award\/","og_site_name":"Article Marketing","article_published_time":"2017-12-01T00:30:05+00:00","author":"Uff Stampa","twitter_card":"summary_large_image","twitter_misc":{"Scritto da":"Uff Stampa","Tempo di lettura stimato":"4 minuti"},"schema":{"@context":"https:\/\/schema.org","@graph":[{"@type":"Article","@id":"https:\/\/www.article-marketing.eu\/comunicatistampa\/annunciati-vincitori-del-cubo-cine-award\/#article","isPartOf":{"@id":"https:\/\/www.article-marketing.eu\/comunicatistampa\/annunciati-vincitori-del-cubo-cine-award\/"},"author":{"name":"Uff Stampa","@id":"https:\/\/www.article-marketing.eu\/comunicatistampa\/#\/schema\/person\/22d81e7c04e93611ddcda888b65438d8"},"headline":"Annunciati i vincitori del Cubo Cine Award","datePublished":"2017-12-01T00:30:05+00:00","mainEntityOfPage":{"@id":"https:\/\/www.article-marketing.eu\/comunicatistampa\/annunciati-vincitori-del-cubo-cine-award\/"},"wordCount":765,"commentCount":0,"keywords":["Cinema","Cubo Festival","Ronciglione"],"articleSection":["Cinema","Comunicati stampa","Eventi"],"inLanguage":"it-IT","potentialAction":[{"@type":"CommentAction","name":"Comment","target":["https:\/\/www.article-marketing.eu\/comunicatistampa\/annunciati-vincitori-del-cubo-cine-award\/#respond"]}]},{"@type":"WebPage","@id":"https:\/\/www.article-marketing.eu\/comunicatistampa\/annunciati-vincitori-del-cubo-cine-award\/","url":"https:\/\/www.article-marketing.eu\/comunicatistampa\/annunciati-vincitori-del-cubo-cine-award\/","name":"Annunciati i vincitori del Cubo Cine Award - Article Marketing","isPartOf":{"@id":"https:\/\/www.article-marketing.eu\/comunicatistampa\/#website"},"datePublished":"2017-12-01T00:30:05+00:00","author":{"@id":"https:\/\/www.article-marketing.eu\/comunicatistampa\/#\/schema\/person\/22d81e7c04e93611ddcda888b65438d8"},"breadcrumb":{"@id":"https:\/\/www.article-marketing.eu\/comunicatistampa\/annunciati-vincitori-del-cubo-cine-award\/#breadcrumb"},"inLanguage":"it-IT","potentialAction":[{"@type":"ReadAction","target":["https:\/\/www.article-marketing.eu\/comunicatistampa\/annunciati-vincitori-del-cubo-cine-award\/"]}]},{"@type":"BreadcrumbList","@id":"https:\/\/www.article-marketing.eu\/comunicatistampa\/annunciati-vincitori-del-cubo-cine-award\/#breadcrumb","itemListElement":[{"@type":"ListItem","position":1,"name":"Home","item":"https:\/\/www.article-marketing.eu\/comunicatistampa\/"},{"@type":"ListItem","position":2,"name":"Annunciati i vincitori del Cubo Cine Award"}]},{"@type":"WebSite","@id":"https:\/\/www.article-marketing.eu\/comunicatistampa\/#website","url":"https:\/\/www.article-marketing.eu\/comunicatistampa\/","name":"Article Marketing","description":"article marketing &amp; press release","potentialAction":[{"@type":"SearchAction","target":{"@type":"EntryPoint","urlTemplate":"https:\/\/www.article-marketing.eu\/comunicatistampa\/?s={search_term_string}"},"query-input":{"@type":"PropertyValueSpecification","valueRequired":true,"valueName":"search_term_string"}}],"inLanguage":"it-IT"},{"@type":"Person","@id":"https:\/\/www.article-marketing.eu\/comunicatistampa\/#\/schema\/person\/22d81e7c04e93611ddcda888b65438d8","name":"Uff Stampa","image":{"@type":"ImageObject","inLanguage":"it-IT","@id":"https:\/\/secure.gravatar.com\/avatar\/e3e9c5b947f539233b3f740c64e48242313649ff2a529b2191b5577aab6b4c57?s=96&d=mm&r=g","url":"https:\/\/secure.gravatar.com\/avatar\/e3e9c5b947f539233b3f740c64e48242313649ff2a529b2191b5577aab6b4c57?s=96&d=mm&r=g","contentUrl":"https:\/\/secure.gravatar.com\/avatar\/e3e9c5b947f539233b3f740c64e48242313649ff2a529b2191b5577aab6b4c57?s=96&d=mm&r=g","caption":"Uff Stampa"},"url":"https:\/\/www.article-marketing.eu\/comunicatistampa\/author\/uff-stampa\/"}]}},"_links":{"self":[{"href":"https:\/\/www.article-marketing.eu\/comunicatistampa\/wp-json\/wp\/v2\/posts\/7406","targetHints":{"allow":["GET"]}}],"collection":[{"href":"https:\/\/www.article-marketing.eu\/comunicatistampa\/wp-json\/wp\/v2\/posts"}],"about":[{"href":"https:\/\/www.article-marketing.eu\/comunicatistampa\/wp-json\/wp\/v2\/types\/post"}],"author":[{"embeddable":true,"href":"https:\/\/www.article-marketing.eu\/comunicatistampa\/wp-json\/wp\/v2\/users\/48"}],"replies":[{"embeddable":true,"href":"https:\/\/www.article-marketing.eu\/comunicatistampa\/wp-json\/wp\/v2\/comments?post=7406"}],"version-history":[{"count":2,"href":"https:\/\/www.article-marketing.eu\/comunicatistampa\/wp-json\/wp\/v2\/posts\/7406\/revisions"}],"predecessor-version":[{"id":7424,"href":"https:\/\/www.article-marketing.eu\/comunicatistampa\/wp-json\/wp\/v2\/posts\/7406\/revisions\/7424"}],"wp:attachment":[{"href":"https:\/\/www.article-marketing.eu\/comunicatistampa\/wp-json\/wp\/v2\/media?parent=7406"}],"wp:term":[{"taxonomy":"category","embeddable":true,"href":"https:\/\/www.article-marketing.eu\/comunicatistampa\/wp-json\/wp\/v2\/categories?post=7406"},{"taxonomy":"post_tag","embeddable":true,"href":"https:\/\/www.article-marketing.eu\/comunicatistampa\/wp-json\/wp\/v2\/tags?post=7406"}],"curies":[{"name":"wp","href":"https:\/\/api.w.org\/{rel}","templated":true}]}}