{"id":7438,"date":"2017-12-02T05:23:13","date_gmt":"2017-12-02T04:23:13","guid":{"rendered":"http:\/\/www.article-marketing.eu\/comunicatistampa\/?p=7438"},"modified":"2017-12-02T05:23:13","modified_gmt":"2017-12-02T04:23:13","slug":"leasys-al-motor-show-bologna-al-fleet-europe-summit-estoril","status":"publish","type":"post","link":"https:\/\/www.article-marketing.eu\/comunicatistampa\/leasys-al-motor-show-bologna-al-fleet-europe-summit-estoril\/","title":{"rendered":"Leasys al Motor Show di Bologna e al Fleet Europe Summit di Estoril"},"content":{"rendered":"<p>Dal <strong>2 al 10 dicembre Leasys sar\u00e0 presente al Motor Show di Bologna all\u2019interno del padiglione FCA presso gli stand Fiat, Alfa Romeo e Jeep<\/strong> con tutte le sue formule di mobilit\u00e0 e noleggio per privati e mondo business e una promozione esclusiva dedicata ai visitatori della fiera.<\/p>\n<p>Il noleggio a lungo termine \u00e8 oggi considerato una valida opzione di mobilit\u00e0 in grado di garantire la massima libert\u00e0 ed efficienza: in questo contesto Leasys \u2013 che ha messo a punto una gamma di formule che si caratterizzano per facilit\u00e0 d\u2019accesso e per convenienza \u2013 sar\u00e0 al Motor Show insieme al Gruppo FCA, in chiusura di un anno di successi, in particolare sul fronte del noleggio a privati e partite IVA.<\/p>\n<p>In occasione del Motor Show di Bologna, i vantaggi Leasys diventano ancora pi\u00f9 allettanti. <strong>Una promozione speciale sar\u00e0, infatti, dedicata ai visitatori che si presenteranno presso gli stand della societ\u00e0: 20 GB al mese di traffico dati con la rete TIM e la fornitura di un modem Wi-Fi incluso nel canone della vettura<\/strong>, da utilizzare sia all&#8217;interno che all\u2019esterno del veicolo. Per usufruire della promozione dedicata, baster\u00e0 lasciare i propri contatti allo staff Leasys, prendere il volantino \u201cOfferte Motor Show\u201d e poi recarsi in una concessionaria della rete FCA per sottoscrivere un contratto entro il 31 dicembre. Alla completa libert\u00e0 che caratterizza le offerte di noleggio a lungo termine Leasys si aggiunge quindi la praticit\u00e0 di una connessione sempre a portata di mano: per intrattenere i pi\u00f9 piccoli durante i viaggi lunghi, per lavorare in mobilit\u00e0, per non rimanere scollegati nemmeno un secondo, anche <em>on the road<\/em>.<\/p>\n<p><strong>L\u2019offerta Motor Show \u00e8 applicabile a tutte le formule e ai modelli presenti in gamma Leasys, purch\u00e9 gli interessati presentino in concessionaria il volantino ritirato presso gli stand in fiera.<\/strong><\/p>\n<p>Appuntamento con Leasys al Motor Show presso lo spazio FCA, padiglione 22.<\/p>\n<p><strong>\u00a0<\/strong><\/p>\n<p>Sul fronte degli eventi internazionali, invece, <strong>il 5 e 6 dicembre Leasys<\/strong> \u2013 al fianco di <strong>FCA Fleet&amp;Business <\/strong>&#8211; parteciper\u00e0 alla XX edizione del <strong>Fleet Europe Summit <\/strong>di Estoril, in Portogallo, l\u2019appuntamento europeo di riferimento dedicato ai fleet manager.<\/p>\n<p>Quest\u2019anno Leasys ha avviato con successo un ambizioso piano di crescita internazionale: con l\u2019apertura di nuove filiali o il rilevamento delle attivit\u00e0 di noleggio del Gruppo FCA Bank, la societ\u00e0 ha fatto il suo ingresso in mercati importanti come Spagna, Francia, Germania e Regno Unito e si accinge ad approdare in Belgio e Olanda.<\/p>\n<p>La presenza al <strong>Fleet Europe Summit <\/strong>sar\u00e0 occasione di incontro e confronto con altri importanti fornitori e con i fleet manager delle principali organizzazioni a livello europeo, per un\u2019ulteriore analisi delle prospettive e potenzialit\u00e0 di un settore che si rivela sempre pi\u00f9 centrale sul fronte della mobilit\u00e0 aziendale. E in cui Leasys, entro i prossimi tre anni, punta a diventare uno dei primi cinque player internazionali.<\/p>\n<p>&nbsp;<\/p>\n<p><strong>www.leasys.com<\/strong><\/p>\n","protected":false},"excerpt":{"rendered":"<p>Dal 2 al 10 dicembre Leasys sar\u00e0 presente al Motor Show di Bologna all\u2019interno del padiglione FCA presso gli stand Fiat, Alfa Romeo e Jeep con tutte le sue formule di mobilit\u00e0 e noleggio per privati e mondo business e una promozione esclusiva dedicata ai visitatori della fiera. Il noleggio a lungo termine \u00e8 oggi considerato una valida opzione di mobilit\u00e0 in grado di garantire la massima libert\u00e0 ed efficienza:<\/p>\n<p><a class=\"continue-reading\" href=\"https:\/\/www.article-marketing.eu\/comunicatistampa\/leasys-al-motor-show-bologna-al-fleet-europe-summit-estoril\/\">Continue reading&#8230;<\/a><\/p>\n","protected":false},"author":49,"featured_media":0,"comment_status":"open","ping_status":"open","sticky":false,"template":"","format":"gallery","meta":{"_monsterinsights_skip_tracking":false,"_monsterinsights_sitenote_active":false,"_monsterinsights_sitenote_note":"","_monsterinsights_sitenote_category":0,"footnotes":""},"categories":[392],"tags":[1034,3253,2074,451,450,3252],"class_list":["post-7438","post","type-post","status-publish","format-gallery","hentry","category-eventi","tag-auto","tag-autonoleggio","tag-bologna","tag-fca-bank","tag-leasys","tag-motor-show","post_format-post-format-gallery"],"yoast_head":"<!-- This site is optimized with the Yoast SEO plugin v27.3 - https:\/\/yoast.com\/product\/yoast-seo-wordpress\/ -->\n<title>Leasys (FCA Bank), il noleggio a lungo termine al Motor Show di Bologna<\/title>\n<meta name=\"description\" content=\"Leasys (FCA Bank) al Motor Show di Bologna con le sue formule di noleggio per privati e mondo business e una promozione dedicata ai visitatori della fiera.\" \/>\n<meta name=\"robots\" content=\"index, follow, max-snippet:-1, max-image-preview:large, max-video-preview:-1\" \/>\n<link rel=\"canonical\" href=\"https:\/\/www.article-marketing.eu\/comunicatistampa\/leasys-al-motor-show-bologna-al-fleet-europe-summit-estoril\/\" \/>\n<meta property=\"og:locale\" content=\"it_IT\" \/>\n<meta property=\"og:type\" content=\"article\" \/>\n<meta property=\"og:title\" content=\"Leasys (FCA Bank), il noleggio a lungo termine al Motor Show di Bologna\" \/>\n<meta property=\"og:description\" content=\"Leasys (FCA Bank) al Motor Show di Bologna con le sue formule di noleggio per privati e mondo business e una promozione dedicata ai visitatori della fiera.\" \/>\n<meta property=\"og:url\" content=\"https:\/\/www.article-marketing.eu\/comunicatistampa\/leasys-al-motor-show-bologna-al-fleet-europe-summit-estoril\/\" \/>\n<meta property=\"og:site_name\" content=\"Article Marketing\" \/>\n<meta property=\"article:published_time\" content=\"2017-12-02T04:23:13+00:00\" \/>\n<meta name=\"author\" content=\"montefusco\" \/>\n<meta name=\"twitter:card\" content=\"summary_large_image\" \/>\n<meta name=\"twitter:label1\" content=\"Scritto da\" \/>\n\t<meta name=\"twitter:data1\" content=\"montefusco\" \/>\n\t<meta name=\"twitter:label2\" content=\"Tempo di lettura stimato\" \/>\n\t<meta name=\"twitter:data2\" content=\"2 minuti\" \/>\n<script type=\"application\/ld+json\" class=\"yoast-schema-graph\">{\"@context\":\"https:\\\/\\\/schema.org\",\"@graph\":[{\"@type\":\"Article\",\"@id\":\"https:\\\/\\\/www.article-marketing.eu\\\/comunicatistampa\\\/leasys-al-motor-show-bologna-al-fleet-europe-summit-estoril\\\/#article\",\"isPartOf\":{\"@id\":\"https:\\\/\\\/www.article-marketing.eu\\\/comunicatistampa\\\/leasys-al-motor-show-bologna-al-fleet-europe-summit-estoril\\\/\"},\"author\":{\"name\":\"montefusco\",\"@id\":\"https:\\\/\\\/www.article-marketing.eu\\\/comunicatistampa\\\/#\\\/schema\\\/person\\\/b981bc1786c420f8e7fc770698b6f2fc\"},\"headline\":\"Leasys al Motor Show di Bologna e al Fleet Europe Summit di Estoril\",\"datePublished\":\"2017-12-02T04:23:13+00:00\",\"mainEntityOfPage\":{\"@id\":\"https:\\\/\\\/www.article-marketing.eu\\\/comunicatistampa\\\/leasys-al-motor-show-bologna-al-fleet-europe-summit-estoril\\\/\"},\"wordCount\":483,\"commentCount\":0,\"keywords\":[\"auto\",\"autonoleggio\",\"Bologna\",\"FCA Bank\",\"Leasys\",\"Motor Show\"],\"articleSection\":[\"Eventi\"],\"inLanguage\":\"it-IT\",\"potentialAction\":[{\"@type\":\"CommentAction\",\"name\":\"Comment\",\"target\":[\"https:\\\/\\\/www.article-marketing.eu\\\/comunicatistampa\\\/leasys-al-motor-show-bologna-al-fleet-europe-summit-estoril\\\/#respond\"]}]},{\"@type\":\"WebPage\",\"@id\":\"https:\\\/\\\/www.article-marketing.eu\\\/comunicatistampa\\\/leasys-al-motor-show-bologna-al-fleet-europe-summit-estoril\\\/\",\"url\":\"https:\\\/\\\/www.article-marketing.eu\\\/comunicatistampa\\\/leasys-al-motor-show-bologna-al-fleet-europe-summit-estoril\\\/\",\"name\":\"Leasys (FCA Bank), il noleggio a lungo termine al Motor Show di Bologna\",\"isPartOf\":{\"@id\":\"https:\\\/\\\/www.article-marketing.eu\\\/comunicatistampa\\\/#website\"},\"datePublished\":\"2017-12-02T04:23:13+00:00\",\"author\":{\"@id\":\"https:\\\/\\\/www.article-marketing.eu\\\/comunicatistampa\\\/#\\\/schema\\\/person\\\/b981bc1786c420f8e7fc770698b6f2fc\"},\"description\":\"Leasys (FCA Bank) al Motor Show di Bologna con le sue formule di noleggio per privati e mondo business e una promozione dedicata ai visitatori della fiera.\",\"breadcrumb\":{\"@id\":\"https:\\\/\\\/www.article-marketing.eu\\\/comunicatistampa\\\/leasys-al-motor-show-bologna-al-fleet-europe-summit-estoril\\\/#breadcrumb\"},\"inLanguage\":\"it-IT\",\"potentialAction\":[{\"@type\":\"ReadAction\",\"target\":[\"https:\\\/\\\/www.article-marketing.eu\\\/comunicatistampa\\\/leasys-al-motor-show-bologna-al-fleet-europe-summit-estoril\\\/\"]}]},{\"@type\":\"BreadcrumbList\",\"@id\":\"https:\\\/\\\/www.article-marketing.eu\\\/comunicatistampa\\\/leasys-al-motor-show-bologna-al-fleet-europe-summit-estoril\\\/#breadcrumb\",\"itemListElement\":[{\"@type\":\"ListItem\",\"position\":1,\"name\":\"Home\",\"item\":\"https:\\\/\\\/www.article-marketing.eu\\\/comunicatistampa\\\/\"},{\"@type\":\"ListItem\",\"position\":2,\"name\":\"Leasys al Motor Show di Bologna e al Fleet Europe Summit di Estoril\"}]},{\"@type\":\"WebSite\",\"@id\":\"https:\\\/\\\/www.article-marketing.eu\\\/comunicatistampa\\\/#website\",\"url\":\"https:\\\/\\\/www.article-marketing.eu\\\/comunicatistampa\\\/\",\"name\":\"Article Marketing\",\"description\":\"article marketing &amp; press release\",\"potentialAction\":[{\"@type\":\"SearchAction\",\"target\":{\"@type\":\"EntryPoint\",\"urlTemplate\":\"https:\\\/\\\/www.article-marketing.eu\\\/comunicatistampa\\\/?s={search_term_string}\"},\"query-input\":{\"@type\":\"PropertyValueSpecification\",\"valueRequired\":true,\"valueName\":\"search_term_string\"}}],\"inLanguage\":\"it-IT\"},{\"@type\":\"Person\",\"@id\":\"https:\\\/\\\/www.article-marketing.eu\\\/comunicatistampa\\\/#\\\/schema\\\/person\\\/b981bc1786c420f8e7fc770698b6f2fc\",\"name\":\"montefusco\",\"image\":{\"@type\":\"ImageObject\",\"inLanguage\":\"it-IT\",\"@id\":\"https:\\\/\\\/secure.gravatar.com\\\/avatar\\\/d3087b03655a8ef722008dbaf183ec109f95eba8a88acb67c86c5776dedcb8c9?s=96&d=mm&r=g\",\"url\":\"https:\\\/\\\/secure.gravatar.com\\\/avatar\\\/d3087b03655a8ef722008dbaf183ec109f95eba8a88acb67c86c5776dedcb8c9?s=96&d=mm&r=g\",\"contentUrl\":\"https:\\\/\\\/secure.gravatar.com\\\/avatar\\\/d3087b03655a8ef722008dbaf183ec109f95eba8a88acb67c86c5776dedcb8c9?s=96&d=mm&r=g\",\"caption\":\"montefusco\"},\"url\":\"https:\\\/\\\/www.article-marketing.eu\\\/comunicatistampa\\\/author\\\/montefusco\\\/\"}]}<\/script>\n<!-- \/ Yoast SEO plugin. -->","yoast_head_json":{"title":"Leasys (FCA Bank), il noleggio a lungo termine al Motor Show di Bologna","description":"Leasys (FCA Bank) al Motor Show di Bologna con le sue formule di noleggio per privati e mondo business e una promozione dedicata ai visitatori della fiera.","robots":{"index":"index","follow":"follow","max-snippet":"max-snippet:-1","max-image-preview":"max-image-preview:large","max-video-preview":"max-video-preview:-1"},"canonical":"https:\/\/www.article-marketing.eu\/comunicatistampa\/leasys-al-motor-show-bologna-al-fleet-europe-summit-estoril\/","og_locale":"it_IT","og_type":"article","og_title":"Leasys (FCA Bank), il noleggio a lungo termine al Motor Show di Bologna","og_description":"Leasys (FCA Bank) al Motor Show di Bologna con le sue formule di noleggio per privati e mondo business e una promozione dedicata ai visitatori della fiera.","og_url":"https:\/\/www.article-marketing.eu\/comunicatistampa\/leasys-al-motor-show-bologna-al-fleet-europe-summit-estoril\/","og_site_name":"Article Marketing","article_published_time":"2017-12-02T04:23:13+00:00","author":"montefusco","twitter_card":"summary_large_image","twitter_misc":{"Scritto da":"montefusco","Tempo di lettura stimato":"2 minuti"},"schema":{"@context":"https:\/\/schema.org","@graph":[{"@type":"Article","@id":"https:\/\/www.article-marketing.eu\/comunicatistampa\/leasys-al-motor-show-bologna-al-fleet-europe-summit-estoril\/#article","isPartOf":{"@id":"https:\/\/www.article-marketing.eu\/comunicatistampa\/leasys-al-motor-show-bologna-al-fleet-europe-summit-estoril\/"},"author":{"name":"montefusco","@id":"https:\/\/www.article-marketing.eu\/comunicatistampa\/#\/schema\/person\/b981bc1786c420f8e7fc770698b6f2fc"},"headline":"Leasys al Motor Show di Bologna e al Fleet Europe Summit di Estoril","datePublished":"2017-12-02T04:23:13+00:00","mainEntityOfPage":{"@id":"https:\/\/www.article-marketing.eu\/comunicatistampa\/leasys-al-motor-show-bologna-al-fleet-europe-summit-estoril\/"},"wordCount":483,"commentCount":0,"keywords":["auto","autonoleggio","Bologna","FCA Bank","Leasys","Motor Show"],"articleSection":["Eventi"],"inLanguage":"it-IT","potentialAction":[{"@type":"CommentAction","name":"Comment","target":["https:\/\/www.article-marketing.eu\/comunicatistampa\/leasys-al-motor-show-bologna-al-fleet-europe-summit-estoril\/#respond"]}]},{"@type":"WebPage","@id":"https:\/\/www.article-marketing.eu\/comunicatistampa\/leasys-al-motor-show-bologna-al-fleet-europe-summit-estoril\/","url":"https:\/\/www.article-marketing.eu\/comunicatistampa\/leasys-al-motor-show-bologna-al-fleet-europe-summit-estoril\/","name":"Leasys (FCA Bank), il noleggio a lungo termine al Motor Show di Bologna","isPartOf":{"@id":"https:\/\/www.article-marketing.eu\/comunicatistampa\/#website"},"datePublished":"2017-12-02T04:23:13+00:00","author":{"@id":"https:\/\/www.article-marketing.eu\/comunicatistampa\/#\/schema\/person\/b981bc1786c420f8e7fc770698b6f2fc"},"description":"Leasys (FCA Bank) al Motor Show di Bologna con le sue formule di noleggio per privati e mondo business e una promozione dedicata ai visitatori della fiera.","breadcrumb":{"@id":"https:\/\/www.article-marketing.eu\/comunicatistampa\/leasys-al-motor-show-bologna-al-fleet-europe-summit-estoril\/#breadcrumb"},"inLanguage":"it-IT","potentialAction":[{"@type":"ReadAction","target":["https:\/\/www.article-marketing.eu\/comunicatistampa\/leasys-al-motor-show-bologna-al-fleet-europe-summit-estoril\/"]}]},{"@type":"BreadcrumbList","@id":"https:\/\/www.article-marketing.eu\/comunicatistampa\/leasys-al-motor-show-bologna-al-fleet-europe-summit-estoril\/#breadcrumb","itemListElement":[{"@type":"ListItem","position":1,"name":"Home","item":"https:\/\/www.article-marketing.eu\/comunicatistampa\/"},{"@type":"ListItem","position":2,"name":"Leasys al Motor Show di Bologna e al Fleet Europe Summit di Estoril"}]},{"@type":"WebSite","@id":"https:\/\/www.article-marketing.eu\/comunicatistampa\/#website","url":"https:\/\/www.article-marketing.eu\/comunicatistampa\/","name":"Article Marketing","description":"article marketing &amp; press release","potentialAction":[{"@type":"SearchAction","target":{"@type":"EntryPoint","urlTemplate":"https:\/\/www.article-marketing.eu\/comunicatistampa\/?s={search_term_string}"},"query-input":{"@type":"PropertyValueSpecification","valueRequired":true,"valueName":"search_term_string"}}],"inLanguage":"it-IT"},{"@type":"Person","@id":"https:\/\/www.article-marketing.eu\/comunicatistampa\/#\/schema\/person\/b981bc1786c420f8e7fc770698b6f2fc","name":"montefusco","image":{"@type":"ImageObject","inLanguage":"it-IT","@id":"https:\/\/secure.gravatar.com\/avatar\/d3087b03655a8ef722008dbaf183ec109f95eba8a88acb67c86c5776dedcb8c9?s=96&d=mm&r=g","url":"https:\/\/secure.gravatar.com\/avatar\/d3087b03655a8ef722008dbaf183ec109f95eba8a88acb67c86c5776dedcb8c9?s=96&d=mm&r=g","contentUrl":"https:\/\/secure.gravatar.com\/avatar\/d3087b03655a8ef722008dbaf183ec109f95eba8a88acb67c86c5776dedcb8c9?s=96&d=mm&r=g","caption":"montefusco"},"url":"https:\/\/www.article-marketing.eu\/comunicatistampa\/author\/montefusco\/"}]}},"_links":{"self":[{"href":"https:\/\/www.article-marketing.eu\/comunicatistampa\/wp-json\/wp\/v2\/posts\/7438","targetHints":{"allow":["GET"]}}],"collection":[{"href":"https:\/\/www.article-marketing.eu\/comunicatistampa\/wp-json\/wp\/v2\/posts"}],"about":[{"href":"https:\/\/www.article-marketing.eu\/comunicatistampa\/wp-json\/wp\/v2\/types\/post"}],"author":[{"embeddable":true,"href":"https:\/\/www.article-marketing.eu\/comunicatistampa\/wp-json\/wp\/v2\/users\/49"}],"replies":[{"embeddable":true,"href":"https:\/\/www.article-marketing.eu\/comunicatistampa\/wp-json\/wp\/v2\/comments?post=7438"}],"version-history":[{"count":2,"href":"https:\/\/www.article-marketing.eu\/comunicatistampa\/wp-json\/wp\/v2\/posts\/7438\/revisions"}],"predecessor-version":[{"id":7454,"href":"https:\/\/www.article-marketing.eu\/comunicatistampa\/wp-json\/wp\/v2\/posts\/7438\/revisions\/7454"}],"wp:attachment":[{"href":"https:\/\/www.article-marketing.eu\/comunicatistampa\/wp-json\/wp\/v2\/media?parent=7438"}],"wp:term":[{"taxonomy":"category","embeddable":true,"href":"https:\/\/www.article-marketing.eu\/comunicatistampa\/wp-json\/wp\/v2\/categories?post=7438"},{"taxonomy":"post_tag","embeddable":true,"href":"https:\/\/www.article-marketing.eu\/comunicatistampa\/wp-json\/wp\/v2\/tags?post=7438"}],"curies":[{"name":"wp","href":"https:\/\/api.w.org\/{rel}","templated":true}]}}