{"id":7493,"date":"2017-12-05T02:53:30","date_gmt":"2017-12-05T01:53:30","guid":{"rendered":"http:\/\/www.article-marketing.eu\/comunicatistampa\/?p=7493"},"modified":"2020-08-10T01:48:01","modified_gmt":"2020-08-09T23:48:01","slug":"concerto-natale-coro-canti-popolari-sala-singer","status":"publish","type":"post","link":"https:\/\/www.article-marketing.eu\/comunicatistampa\/concerto-natale-coro-canti-popolari-sala-singer\/","title":{"rendered":"Concerto di Natale con coro di canti popolari Sala Singer"},"content":{"rendered":"<p class=\"p1\">Concerto di Natale con coro di canti popolari Sala Singer<\/p>\n<p class=\"p1\"><b>CONCERTO DI NATALE<\/b><\/p>\n<p class=\"p1\"><b>luned\u00ec 11 dicembre 2017 &#8211; h 21:00 &#8211; Accademia di musica<\/b><\/p>\n<p class=\"p1\"><b>SALA SINGERS<\/b><\/p>\n<p class=\"p1\"><b>Canzoni tradizionali eseguite da un complesso vocale unico in Italia<\/b><\/p>\n<p>&nbsp;<\/p>\n<p class=\"p1\">Protagoniste del Concerto di Natale che si terr\u00e0 luned\u00ec 11 dicembre alle 21:00 presso l\u2019Accademia di Musica di Pinerolo (viale Giolitti, 7), sono quest\u2019anno canzoni tradizionali tratte da repertori geografici diversi e lontani tra di loro, da Silent night al Laudate Dominus di Mozart. A dare loro voce \u00e8 un complesso vocale che costituisce un caso unico nel panorama della polifonia vocale italiana, la Famiglia Sala. A comporlo sono infatti padre, madre e cinque figli, di et\u00e0 che varia dai 28 ai 17 anni. Apprezzato per la vastit\u00e0 del repertorio e per l\u2019impasto vocale di eccezionale equilibrio e omogeneit\u00e0, il Gruppo Vocale Famiglia Sala si \u00e8 distinto in importanti concorsi vocali e ha vinto la medaglia d\u2019oro per la sezione Musica Sacra al Concorso Internazionale Citt\u00e0 di Rimini.<\/p>\n<p class=\"p1\">La Stagione concertistica \u00e8 stata realizzata con il contributo di Compagnia di San Paolo (maggior sostenitore), Regione Piemonte, Ministero per i Beni e le Attivit\u00e0 Culturali, con il contributo e il patrocinio di Citt\u00e0 di Pinerolo. Il nostro grazie va anche alla sempre preziosa sponsorizzazione di Galup e a quella tecnica di Piatino Pianoforti, Yamaha Musica Italia e Albergian.<\/p>\n<p class=\"p1\"><b>FOTO E COMUNICATO DEL CONCERTO:<\/b><\/p>\n<p class=\"p3\"><span class=\"s1\"><a href=\"http:\/\/bit.ly\/famigliasala\"><b>http:\/\/bit.ly\/famigliasala<\/b><\/a><\/span><\/p>\n<p class=\"p1\"><b>SCHEDA DEL CONCERTO<\/b><\/p>\n<p class=\"p1\">luned\u00ec 11 dicembre 2017 &#8211; h 21 &#8211; Accademia di musica<\/p>\n<p class=\"p1\">Sala Singers<\/p>\n<p class=\"p1\">Z. Kodaly &#8211; Veni Emmanuel | Trad. Monti Appalachi &#8211; I wonder as I wonder | J. Lennon &#8211; Imagine | B. De Marzi &#8211; La neve | G. F. Ghedini &#8211; Maria lavava | Trad. Catalano Arr. K Jenkins &#8211; El noi de la mare | Trad. Arr. K. Jenkins &#8211; In dulci jubilo | Trad. Arr. K. Jenkins &#8211; Lully | B. Britten &#8211; Wolcum Yole! | B. Britten &#8211; There is no rose | J. P. Rameau &#8211; Hymne \u00e0 la nuit | Trad. Tedesco &#8211; Silent Night | G. Faure &#8211; Cantique de Jean Racine | W. A. Mozart &#8211; Laudate Dominum | Trad. Americano &#8211; Amazing grace<\/p>\n<p class=\"p1\">I canti popolari rappresentano un patrimonio culturale importante e da salvaguardare. L\u2019interesse critico rispetto a questo repertorio \u00e8 fatto abbastanza recente: solo all\u2019inizio del secolo scorso, infatti, etnomusicologi e compositori, Bart\u00f2k e Kod\u00e0ly su tutti, hanno raccolto scientificamente melodie tradizionali popolari e le hanno trattate come materiale sonoro da plasmare e da riconsegnare alla contemporaneit\u00e0. Questi canti servivano originariamente alle vicende quotidiane, erano occasioni per stare insieme e venivano intonati durante i periodi di festa. Stasera ascolteremo diverse canzoni tradizionali, restituite alla loro ragion d\u2019essere, tratte da repertori geografici diversi e lontani tra di loro, ma accumunate dal comune tema del Natale, eseguite da un complesso vocale tutto italiano. Il Gruppo Vocale Famiglia Sala costituisce un caso unico nel panorama della polifonia vocale italiana. La particolarit\u00e0 di questo gruppo, infatti, \u00e8 di essere costituito dai sette membri di una sola famiglia: padre, madre e cinque figli (di et\u00e0 che varia dai 28 ai 17 anni). Apprezzato per la vastit\u00e0 del repertorio e per l\u2019impasto vocale di eccezionale equilibrio e omogeneit\u00e0, il Gruppo Vocale Famiglia Sala si \u00e8 distinto in importanti concorsi vocali e ha vinto la medaglia d\u2019oro per la sezione Musica Sacra al Concorso Internazionale Citt\u00e0 di Rimini. Il gruppo, che svolge un\u2019intensa e apprezzata attivit\u00e0 concertistica in Italia e all\u2019estero, ha un repertorio molto vasto e vario che va dalla musica medievale e rinascimentale allo Spiritual, dall\u2019Evergreen alla Musica Sacra e popolare.<\/p>\n<p class=\"p1\"><b>SALA SINGER<\/b><\/p>\n<p class=\"p1\"><b>Il gruppo vocale Famiglia Sala costituisce un caso unico nel panorama della polifonia vocale italiana.<\/b><\/p>\n<p class=\"p1\">La particolarit\u00e0 di tale gruppo, infatti, \u00e8 di essere costituito dai sette membri di una sola famiglia: padre, madre e cinque figli(di et\u00e0 che varia dai 28 ai 17 anni). Apprezzato per la vastit\u00e0 del repertorio e per l\u2019impasto vocale di eccezionale equilibrio e omogeneit\u00e0 il Gruppo Vocale Famiglia Sala ha avuto come riconoscimento la vincita di importanti concorsi vocali e la medaglia d\u2019oro per la sezione Musica Sacra al Concorso Internazionale Citt\u00e0 di Rimini. Il gruppo, che svolge un\u2019intensa e apprezzata attivit\u00e0 concertistica in Italia e all\u2019estero, ha inciso quattro CD con brani di generi ed epoche diverse che vanno dalla musica medievale e rinascimentale allo Spiritual, dall\u2019Evergreen alla Musica Sacra e popolare.<\/p>\n","protected":false},"excerpt":{"rendered":"<p>Concerto di Natale con coro di canti popolari Sala Singer CONCERTO DI NATALE luned\u00ec 11 dicembre 2017 &#8211; h 21:00 &#8211; Accademia di musica SALA SINGERS Canzoni tradizionali eseguite da un complesso vocale unico in Italia &nbsp; Protagoniste del Concerto di Natale che si terr\u00e0 luned\u00ec 11 dicembre alle 21:00 presso l\u2019Accademia di Musica di Pinerolo (viale Giolitti, 7), sono quest\u2019anno canzoni tradizionali tratte da repertori geografici diversi e lontani<\/p>\n<p><a class=\"continue-reading\" href=\"https:\/\/www.article-marketing.eu\/comunicatistampa\/concerto-natale-coro-canti-popolari-sala-singer\/\">Continue reading&#8230;<\/a><\/p>\n","protected":false},"author":824,"featured_media":0,"comment_status":"open","ping_status":"open","sticky":false,"template":"","format":"standard","meta":{"_monsterinsights_skip_tracking":false,"_monsterinsights_sitenote_active":false,"_monsterinsights_sitenote_note":"","_monsterinsights_sitenote_category":0,"footnotes":""},"categories":[407,411],"tags":[3261],"class_list":["post-7493","post","type-post","status-publish","format-standard","hentry","category-arte-e-cultura","category-musica","tag-concerto-di-natale"],"yoast_head":"<!-- This site is optimized with the Yoast SEO plugin v27.3 - https:\/\/yoast.com\/product\/yoast-seo-wordpress\/ -->\n<title>Concerto di Natale con coro di canti popolari Sala Singer - Article Marketing<\/title>\n<meta name=\"robots\" content=\"index, follow, max-snippet:-1, max-image-preview:large, max-video-preview:-1\" \/>\n<link rel=\"canonical\" href=\"https:\/\/www.article-marketing.eu\/comunicatistampa\/concerto-natale-coro-canti-popolari-sala-singer\/\" \/>\n<meta property=\"og:locale\" content=\"it_IT\" \/>\n<meta property=\"og:type\" content=\"article\" \/>\n<meta property=\"og:title\" content=\"Concerto di Natale con coro di canti popolari Sala Singer - Article Marketing\" \/>\n<meta property=\"og:description\" content=\"Concerto di Natale con coro di canti popolari Sala Singer CONCERTO DI NATALE luned\u00ec 11 dicembre 2017 &#8211; h 21:00 &#8211; Accademia di musica SALA SINGERS Canzoni tradizionali eseguite da un complesso vocale unico in Italia &nbsp; Protagoniste del Concerto di Natale che si terr\u00e0 luned\u00ec 11 dicembre alle 21:00 presso l\u2019Accademia di Musica di Pinerolo (viale Giolitti, 7), sono quest\u2019anno canzoni tradizionali tratte da repertori geografici diversi e lontaniContinue reading...\" \/>\n<meta property=\"og:url\" content=\"https:\/\/www.article-marketing.eu\/comunicatistampa\/concerto-natale-coro-canti-popolari-sala-singer\/\" \/>\n<meta property=\"og:site_name\" content=\"Article Marketing\" \/>\n<meta property=\"article:published_time\" content=\"2017-12-05T01:53:30+00:00\" \/>\n<meta property=\"article:modified_time\" content=\"2020-08-09T23:48:01+00:00\" \/>\n<meta name=\"author\" content=\"Accademia di musica di Pinerolo\" \/>\n<meta name=\"twitter:card\" content=\"summary_large_image\" \/>\n<meta name=\"twitter:label1\" content=\"Scritto da\" \/>\n\t<meta name=\"twitter:data1\" content=\"Accademia di musica di Pinerolo\" \/>\n\t<meta name=\"twitter:label2\" content=\"Tempo di lettura stimato\" \/>\n\t<meta name=\"twitter:data2\" content=\"4 minuti\" \/>\n<script type=\"application\/ld+json\" class=\"yoast-schema-graph\">{\"@context\":\"https:\\\/\\\/schema.org\",\"@graph\":[{\"@type\":\"Article\",\"@id\":\"https:\\\/\\\/www.article-marketing.eu\\\/comunicatistampa\\\/concerto-natale-coro-canti-popolari-sala-singer\\\/#article\",\"isPartOf\":{\"@id\":\"https:\\\/\\\/www.article-marketing.eu\\\/comunicatistampa\\\/concerto-natale-coro-canti-popolari-sala-singer\\\/\"},\"author\":{\"name\":\"Accademia di musica di Pinerolo\",\"@id\":\"https:\\\/\\\/www.article-marketing.eu\\\/comunicatistampa\\\/#\\\/schema\\\/person\\\/b215337b2939ed4102c77b3c6a03e1d8\"},\"headline\":\"Concerto di Natale con coro di canti popolari Sala Singer\",\"datePublished\":\"2017-12-05T01:53:30+00:00\",\"dateModified\":\"2020-08-09T23:48:01+00:00\",\"mainEntityOfPage\":{\"@id\":\"https:\\\/\\\/www.article-marketing.eu\\\/comunicatistampa\\\/concerto-natale-coro-canti-popolari-sala-singer\\\/\"},\"wordCount\":719,\"commentCount\":0,\"keywords\":[\"concerto di Natale\"],\"articleSection\":[\"Arte e cultura\",\"Musica\"],\"inLanguage\":\"it-IT\",\"potentialAction\":[{\"@type\":\"CommentAction\",\"name\":\"Comment\",\"target\":[\"https:\\\/\\\/www.article-marketing.eu\\\/comunicatistampa\\\/concerto-natale-coro-canti-popolari-sala-singer\\\/#respond\"]}]},{\"@type\":\"WebPage\",\"@id\":\"https:\\\/\\\/www.article-marketing.eu\\\/comunicatistampa\\\/concerto-natale-coro-canti-popolari-sala-singer\\\/\",\"url\":\"https:\\\/\\\/www.article-marketing.eu\\\/comunicatistampa\\\/concerto-natale-coro-canti-popolari-sala-singer\\\/\",\"name\":\"Concerto di Natale con coro di canti popolari Sala Singer - Article Marketing\",\"isPartOf\":{\"@id\":\"https:\\\/\\\/www.article-marketing.eu\\\/comunicatistampa\\\/#website\"},\"datePublished\":\"2017-12-05T01:53:30+00:00\",\"dateModified\":\"2020-08-09T23:48:01+00:00\",\"author\":{\"@id\":\"https:\\\/\\\/www.article-marketing.eu\\\/comunicatistampa\\\/#\\\/schema\\\/person\\\/b215337b2939ed4102c77b3c6a03e1d8\"},\"breadcrumb\":{\"@id\":\"https:\\\/\\\/www.article-marketing.eu\\\/comunicatistampa\\\/concerto-natale-coro-canti-popolari-sala-singer\\\/#breadcrumb\"},\"inLanguage\":\"it-IT\",\"potentialAction\":[{\"@type\":\"ReadAction\",\"target\":[\"https:\\\/\\\/www.article-marketing.eu\\\/comunicatistampa\\\/concerto-natale-coro-canti-popolari-sala-singer\\\/\"]}]},{\"@type\":\"BreadcrumbList\",\"@id\":\"https:\\\/\\\/www.article-marketing.eu\\\/comunicatistampa\\\/concerto-natale-coro-canti-popolari-sala-singer\\\/#breadcrumb\",\"itemListElement\":[{\"@type\":\"ListItem\",\"position\":1,\"name\":\"Home\",\"item\":\"https:\\\/\\\/www.article-marketing.eu\\\/comunicatistampa\\\/\"},{\"@type\":\"ListItem\",\"position\":2,\"name\":\"Concerto di Natale con coro di canti popolari Sala Singer\"}]},{\"@type\":\"WebSite\",\"@id\":\"https:\\\/\\\/www.article-marketing.eu\\\/comunicatistampa\\\/#website\",\"url\":\"https:\\\/\\\/www.article-marketing.eu\\\/comunicatistampa\\\/\",\"name\":\"Article Marketing\",\"description\":\"article marketing &amp; press release\",\"potentialAction\":[{\"@type\":\"SearchAction\",\"target\":{\"@type\":\"EntryPoint\",\"urlTemplate\":\"https:\\\/\\\/www.article-marketing.eu\\\/comunicatistampa\\\/?s={search_term_string}\"},\"query-input\":{\"@type\":\"PropertyValueSpecification\",\"valueRequired\":true,\"valueName\":\"search_term_string\"}}],\"inLanguage\":\"it-IT\"},{\"@type\":\"Person\",\"@id\":\"https:\\\/\\\/www.article-marketing.eu\\\/comunicatistampa\\\/#\\\/schema\\\/person\\\/b215337b2939ed4102c77b3c6a03e1d8\",\"name\":\"Accademia di musica di Pinerolo\",\"image\":{\"@type\":\"ImageObject\",\"inLanguage\":\"it-IT\",\"@id\":\"https:\\\/\\\/secure.gravatar.com\\\/avatar\\\/6bb1985aeec7ceb9d999e68681c30243f98bd7381193135cf6d87c18d8fa0666?s=96&d=mm&r=g\",\"url\":\"https:\\\/\\\/secure.gravatar.com\\\/avatar\\\/6bb1985aeec7ceb9d999e68681c30243f98bd7381193135cf6d87c18d8fa0666?s=96&d=mm&r=g\",\"contentUrl\":\"https:\\\/\\\/secure.gravatar.com\\\/avatar\\\/6bb1985aeec7ceb9d999e68681c30243f98bd7381193135cf6d87c18d8fa0666?s=96&d=mm&r=g\",\"caption\":\"Accademia di musica di Pinerolo\"},\"url\":\"https:\\\/\\\/www.article-marketing.eu\\\/comunicatistampa\\\/author\\\/accademia-di-musica-di-pinerolo\\\/\"}]}<\/script>\n<!-- \/ Yoast SEO plugin. -->","yoast_head_json":{"title":"Concerto di Natale con coro di canti popolari Sala Singer - Article Marketing","robots":{"index":"index","follow":"follow","max-snippet":"max-snippet:-1","max-image-preview":"max-image-preview:large","max-video-preview":"max-video-preview:-1"},"canonical":"https:\/\/www.article-marketing.eu\/comunicatistampa\/concerto-natale-coro-canti-popolari-sala-singer\/","og_locale":"it_IT","og_type":"article","og_title":"Concerto di Natale con coro di canti popolari Sala Singer - Article Marketing","og_description":"Concerto di Natale con coro di canti popolari Sala Singer CONCERTO DI NATALE luned\u00ec 11 dicembre 2017 &#8211; h 21:00 &#8211; Accademia di musica SALA SINGERS Canzoni tradizionali eseguite da un complesso vocale unico in Italia &nbsp; Protagoniste del Concerto di Natale che si terr\u00e0 luned\u00ec 11 dicembre alle 21:00 presso l\u2019Accademia di Musica di Pinerolo (viale Giolitti, 7), sono quest\u2019anno canzoni tradizionali tratte da repertori geografici diversi e lontaniContinue reading...","og_url":"https:\/\/www.article-marketing.eu\/comunicatistampa\/concerto-natale-coro-canti-popolari-sala-singer\/","og_site_name":"Article Marketing","article_published_time":"2017-12-05T01:53:30+00:00","article_modified_time":"2020-08-09T23:48:01+00:00","author":"Accademia di musica di Pinerolo","twitter_card":"summary_large_image","twitter_misc":{"Scritto da":"Accademia di musica di Pinerolo","Tempo di lettura stimato":"4 minuti"},"schema":{"@context":"https:\/\/schema.org","@graph":[{"@type":"Article","@id":"https:\/\/www.article-marketing.eu\/comunicatistampa\/concerto-natale-coro-canti-popolari-sala-singer\/#article","isPartOf":{"@id":"https:\/\/www.article-marketing.eu\/comunicatistampa\/concerto-natale-coro-canti-popolari-sala-singer\/"},"author":{"name":"Accademia di musica di Pinerolo","@id":"https:\/\/www.article-marketing.eu\/comunicatistampa\/#\/schema\/person\/b215337b2939ed4102c77b3c6a03e1d8"},"headline":"Concerto di Natale con coro di canti popolari Sala Singer","datePublished":"2017-12-05T01:53:30+00:00","dateModified":"2020-08-09T23:48:01+00:00","mainEntityOfPage":{"@id":"https:\/\/www.article-marketing.eu\/comunicatistampa\/concerto-natale-coro-canti-popolari-sala-singer\/"},"wordCount":719,"commentCount":0,"keywords":["concerto di Natale"],"articleSection":["Arte e cultura","Musica"],"inLanguage":"it-IT","potentialAction":[{"@type":"CommentAction","name":"Comment","target":["https:\/\/www.article-marketing.eu\/comunicatistampa\/concerto-natale-coro-canti-popolari-sala-singer\/#respond"]}]},{"@type":"WebPage","@id":"https:\/\/www.article-marketing.eu\/comunicatistampa\/concerto-natale-coro-canti-popolari-sala-singer\/","url":"https:\/\/www.article-marketing.eu\/comunicatistampa\/concerto-natale-coro-canti-popolari-sala-singer\/","name":"Concerto di Natale con coro di canti popolari Sala Singer - Article Marketing","isPartOf":{"@id":"https:\/\/www.article-marketing.eu\/comunicatistampa\/#website"},"datePublished":"2017-12-05T01:53:30+00:00","dateModified":"2020-08-09T23:48:01+00:00","author":{"@id":"https:\/\/www.article-marketing.eu\/comunicatistampa\/#\/schema\/person\/b215337b2939ed4102c77b3c6a03e1d8"},"breadcrumb":{"@id":"https:\/\/www.article-marketing.eu\/comunicatistampa\/concerto-natale-coro-canti-popolari-sala-singer\/#breadcrumb"},"inLanguage":"it-IT","potentialAction":[{"@type":"ReadAction","target":["https:\/\/www.article-marketing.eu\/comunicatistampa\/concerto-natale-coro-canti-popolari-sala-singer\/"]}]},{"@type":"BreadcrumbList","@id":"https:\/\/www.article-marketing.eu\/comunicatistampa\/concerto-natale-coro-canti-popolari-sala-singer\/#breadcrumb","itemListElement":[{"@type":"ListItem","position":1,"name":"Home","item":"https:\/\/www.article-marketing.eu\/comunicatistampa\/"},{"@type":"ListItem","position":2,"name":"Concerto di Natale con coro di canti popolari Sala Singer"}]},{"@type":"WebSite","@id":"https:\/\/www.article-marketing.eu\/comunicatistampa\/#website","url":"https:\/\/www.article-marketing.eu\/comunicatistampa\/","name":"Article Marketing","description":"article marketing &amp; press release","potentialAction":[{"@type":"SearchAction","target":{"@type":"EntryPoint","urlTemplate":"https:\/\/www.article-marketing.eu\/comunicatistampa\/?s={search_term_string}"},"query-input":{"@type":"PropertyValueSpecification","valueRequired":true,"valueName":"search_term_string"}}],"inLanguage":"it-IT"},{"@type":"Person","@id":"https:\/\/www.article-marketing.eu\/comunicatistampa\/#\/schema\/person\/b215337b2939ed4102c77b3c6a03e1d8","name":"Accademia di musica di Pinerolo","image":{"@type":"ImageObject","inLanguage":"it-IT","@id":"https:\/\/secure.gravatar.com\/avatar\/6bb1985aeec7ceb9d999e68681c30243f98bd7381193135cf6d87c18d8fa0666?s=96&d=mm&r=g","url":"https:\/\/secure.gravatar.com\/avatar\/6bb1985aeec7ceb9d999e68681c30243f98bd7381193135cf6d87c18d8fa0666?s=96&d=mm&r=g","contentUrl":"https:\/\/secure.gravatar.com\/avatar\/6bb1985aeec7ceb9d999e68681c30243f98bd7381193135cf6d87c18d8fa0666?s=96&d=mm&r=g","caption":"Accademia di musica di Pinerolo"},"url":"https:\/\/www.article-marketing.eu\/comunicatistampa\/author\/accademia-di-musica-di-pinerolo\/"}]}},"_links":{"self":[{"href":"https:\/\/www.article-marketing.eu\/comunicatistampa\/wp-json\/wp\/v2\/posts\/7493","targetHints":{"allow":["GET"]}}],"collection":[{"href":"https:\/\/www.article-marketing.eu\/comunicatistampa\/wp-json\/wp\/v2\/posts"}],"about":[{"href":"https:\/\/www.article-marketing.eu\/comunicatistampa\/wp-json\/wp\/v2\/types\/post"}],"author":[{"embeddable":true,"href":"https:\/\/www.article-marketing.eu\/comunicatistampa\/wp-json\/wp\/v2\/users\/824"}],"replies":[{"embeddable":true,"href":"https:\/\/www.article-marketing.eu\/comunicatistampa\/wp-json\/wp\/v2\/comments?post=7493"}],"version-history":[{"count":2,"href":"https:\/\/www.article-marketing.eu\/comunicatistampa\/wp-json\/wp\/v2\/posts\/7493\/revisions"}],"predecessor-version":[{"id":7513,"href":"https:\/\/www.article-marketing.eu\/comunicatistampa\/wp-json\/wp\/v2\/posts\/7493\/revisions\/7513"}],"wp:attachment":[{"href":"https:\/\/www.article-marketing.eu\/comunicatistampa\/wp-json\/wp\/v2\/media?parent=7493"}],"wp:term":[{"taxonomy":"category","embeddable":true,"href":"https:\/\/www.article-marketing.eu\/comunicatistampa\/wp-json\/wp\/v2\/categories?post=7493"},{"taxonomy":"post_tag","embeddable":true,"href":"https:\/\/www.article-marketing.eu\/comunicatistampa\/wp-json\/wp\/v2\/tags?post=7493"}],"curies":[{"name":"wp","href":"https:\/\/api.w.org\/{rel}","templated":true}]}}