{"id":7636,"date":"2017-12-11T05:44:16","date_gmt":"2017-12-11T04:44:16","guid":{"rendered":"http:\/\/www.article-marketing.eu\/comunicatistampa\/?p=7636"},"modified":"2017-12-11T05:44:16","modified_gmt":"2017-12-11T04:44:16","slug":"quintessenza-tradizione-assoluto-nelle-donne-eliana-adorno","status":"publish","type":"post","link":"https:\/\/www.article-marketing.eu\/comunicatistampa\/quintessenza-tradizione-assoluto-nelle-donne-eliana-adorno\/","title":{"rendered":"\u201cQuintessenza\u201d, tradizione e Assoluto nelle donne di Eliana Adorno"},"content":{"rendered":"<p><img decoding=\"async\" class=\"alignleft\" src=\"https:\/\/4.bp.blogspot.com\/-irFGjRUnXys\/WikQhK3IvuI\/AAAAAAAAFJ0\/HC7-m7E540oZKZQ8N_fTyqKJMT1bcyGLgCK4BGAYYCw\/s320\/locandina%2BFloridia-742138.jpeg\" alt=\"\" \/>Floridia (SR) &#8211; La ceramica come mezzo di espressione dell&#8217;anima. &#8220;Quintessenza&#8221;, personale di Eliana Adorno sar\u00e0 inaugurata domenica 17 dicembre alle ore 19 al Museo etnografico &#8220;Nunzio Bruno&#8221; in Piazza Umberto I, 27 a Floridia. Un vernissage che vedr\u00e0 coinvolti lo staff dell&#8217;esposizione permanente floridiana, Daniela Frisone, giornalista e studiosa di avanguardie letterarie siciliane e Sebiano (Sebastiano Failla), batterista e percussionista jazz.<\/p>\n<p>Una sessantina di opere dell&#8217;artista della ceramica e del decoro Eliana Adorno verranno presentate nell&#8217;ambito delle iniziative promosse nel territorio ibleo dal Centro studi di Ricerche popolari Xiridia, ente privato gestore del museo. La direzione del Museo etnografico &#8220;Nunzio Bruno&#8221;, che dal 2005 raccoglie il lavoro di ricognizione sull&#8217;antica vita contadina, da anni intesse una fitta rete di partenariati con istituzioni scolastiche e culturali ma soprattutto si distingue per aver contribuito alla fondazione della &#8220;Rete museale della cultura iblea&#8221; (REMCI) e del &#8220;Sistema Rete museale Iblei&#8221;, per la quale svolge la funzione di coordinamento.<\/p>\n<p>Tra le tappe pi\u00f9 significative del percorso artistico di Eliana Adorno spicca il suo intervento nel 2003 alla collettiva &#8220;La Table du Mus\u00e8e&#8221; al Museum Expressions al Palais des Congr\u00e8s di Parigi, dove nel 2005 partecipa alla mostra &#8220;La Sicilia&#8221;. Quelli furono gli anni in cui il Palais des Congr\u00e8s espone in modo permanente le opere dell&#8217;Adorno nell&#8217;ambito di &#8220;Casa Sicilia&#8221;, grazie a un partenariato con il Museo regionale della ceramica di Caltagirone. Una menzione d&#8217;onore spetta alla presenza dell&#8217;artista nel 2005 all&#8217;allestimento &#8220;Tra Vele e Venti, rotte mediterranee della ceramica&#8221; in occasione dell&#8217;American&#8217;s Cup, a Trapani. Nel 2007 Eliana Adorno \u00e8 nominata tra le &#8220;Eccellenze artigiane iblee&#8221; nella mostra permanente dell&#8217;artigianato artistico alla Camera di Commercio di Siracusa e l&#8217;anno successivo nell&#8217;ambito di un&#8217;esposizione permanente di manufatti in ceramica e vetrofusione alla Galleria dell&#8217;eccellenza artigiana ne &#8220;La Cittadella del Mastro Artigiano&#8221;a Prarolo (VC).<\/p>\n<p>Il titolo della mostra celebra il concetto di &#8220;etere&#8221; o &#8220;quintessenza&#8221;, che nella filosofia aristotelica rappresentava il quinto elemento, dopo l&#8217;aria, l&#8217;acqua, la terra e il fuoco. Il pi\u00f9 puro, l&#8217;immateriale o lo spirituale, che nella concezione artistica di Eliana Adorno rievoca la sacralit\u00e0 della donna in quanto simbolo di bellezza terrena, di maternit\u00e0 come tradizione, di specchio dell&#8217;Assoluto poich\u00e9 \u00e8 assimilabile a un&#8217;entit\u00e0 sfuggente e permanente. Come scrive Daniela Frisone nel testo presente nella brochure della mostra: \u00abUn accostamento sinergico che allude all&#8217;essere femminile in quanto madre, sorgente di vita e sentiero indecifrabile di bioritmi alchemici. E l&#8217;alchimia \u00e8 una delle fonti che inconsciamente gravitano nell&#8217;opera di Eliana Adorno. Non \u00e8 magia nel senso sintattico del termine, la sua \u00e8 evocazione, rito interdetto, pensiero naturalmente indefinito. I colori gravitano attorno ai corpi presagendo sentimenti, e pi\u00f9 sono freddi pi\u00f9 sanno di etere, di assoluto. Caldi, piuttosto, rientrano nel dominio dell&#8217;umano, della falce di grano, del succo della vite, del sapore del fiato. E le fasce sono corde che opprimono i silenzi, le parole non dette, le ansie taciute\u00bb.<\/p>\n<p>Durante il vernissage di &#8220;Quintessenza&#8221; Sebiano, musicista jazz di alta formazione artistica che vive e lavora tra Floridia e Milano, dove si esibisce in teatri come il Dal Verme e lo Strehler, riprodurr\u00e0 i suoni liquidi ed evocativi degli udu, strumenti antichissimi presenti in tutte le culture del mondo.Abilmente realizzati da Eliana Adorno, gli udu erano utilizzati nell&#8217;antichit\u00e0 per portare l&#8217;acqua e venivano suonati nei rituali funerari esclusivamente dalle donne.<\/p>\n<p>La mostra rimarr\u00e0 aperta al pubblico fino al 7 gennaio 2018 tutti i giorni (compresi i festivi) dalle ore 17 alle 20.<\/p>\n<p>Info e contatti<br \/>\nCeramiche e Decori<br \/>\nVia Silvio Pellico, 76 &#8211; Floridia (Sr)<br \/>\n339 2673235<br \/>\nhttps:\/\/www.facebook.com\/eliana.adorno.7<\/p>\n<p>Museo etnografico Nunzio Bruno<br \/>\nPiazza Umberto I, 27 &#8211; Floridia (Sr)<br \/>\n389 5122009<br \/>\nwww.museofloridia.it<\/p>\n","protected":false},"excerpt":{"rendered":"<p>Floridia (SR) &#8211; La ceramica come mezzo di espressione dell&#8217;anima. &#8220;Quintessenza&#8221;, personale di Eliana Adorno sar\u00e0 inaugurata domenica 17 dicembre alle ore 19 al Museo etnografico &#8220;Nunzio Bruno&#8221; in Piazza Umberto I, 27 a Floridia. Un vernissage che vedr\u00e0 coinvolti lo staff dell&#8217;esposizione permanente floridiana, Daniela Frisone, giornalista e studiosa di avanguardie letterarie siciliane e Sebiano (Sebastiano Failla), batterista e percussionista jazz. Una sessantina di opere dell&#8217;artista della ceramica e<\/p>\n<p><a class=\"continue-reading\" href=\"https:\/\/www.article-marketing.eu\/comunicatistampa\/quintessenza-tradizione-assoluto-nelle-donne-eliana-adorno\/\">Continue reading&#8230;<\/a><\/p>\n","protected":false},"author":920,"featured_media":0,"comment_status":"open","ping_status":"open","sticky":false,"template":"","format":"standard","meta":{"_monsterinsights_skip_tracking":false,"_monsterinsights_sitenote_active":false,"_monsterinsights_sitenote_note":"","_monsterinsights_sitenote_category":0,"footnotes":""},"categories":[407],"tags":[571,3305,807],"class_list":["post-7636","post","type-post","status-publish","format-standard","hentry","category-arte-e-cultura","tag-arte","tag-eliana-adorno","tag-mostre"],"yoast_head":"<!-- This site is optimized with the Yoast SEO plugin v27.3 - https:\/\/yoast.com\/product\/yoast-seo-wordpress\/ -->\n<title>\u201cQuintessenza\u201d, tradizione e Assoluto nelle donne di Eliana Adorno - Article Marketing<\/title>\n<meta name=\"robots\" content=\"index, follow, max-snippet:-1, max-image-preview:large, max-video-preview:-1\" \/>\n<link rel=\"canonical\" href=\"https:\/\/www.article-marketing.eu\/comunicatistampa\/quintessenza-tradizione-assoluto-nelle-donne-eliana-adorno\/\" \/>\n<meta property=\"og:locale\" content=\"it_IT\" \/>\n<meta property=\"og:type\" content=\"article\" \/>\n<meta property=\"og:title\" content=\"\u201cQuintessenza\u201d, tradizione e Assoluto nelle donne di Eliana Adorno - Article Marketing\" \/>\n<meta property=\"og:description\" content=\"Floridia (SR) &#8211; La ceramica come mezzo di espressione dell&#8217;anima. &#8220;Quintessenza&#8221;, personale di Eliana Adorno sar\u00e0 inaugurata domenica 17 dicembre alle ore 19 al Museo etnografico &#8220;Nunzio Bruno&#8221; in Piazza Umberto I, 27 a Floridia. Un vernissage che vedr\u00e0 coinvolti lo staff dell&#8217;esposizione permanente floridiana, Daniela Frisone, giornalista e studiosa di avanguardie letterarie siciliane e Sebiano (Sebastiano Failla), batterista e percussionista jazz. Una sessantina di opere dell&#8217;artista della ceramica eContinue reading...\" \/>\n<meta property=\"og:url\" content=\"https:\/\/www.article-marketing.eu\/comunicatistampa\/quintessenza-tradizione-assoluto-nelle-donne-eliana-adorno\/\" \/>\n<meta property=\"og:site_name\" content=\"Article Marketing\" \/>\n<meta property=\"article:published_time\" content=\"2017-12-11T04:44:16+00:00\" \/>\n<meta property=\"og:image\" content=\"https:\/\/4.bp.blogspot.com\/-irFGjRUnXys\/WikQhK3IvuI\/AAAAAAAAFJ0\/HC7-m7E540oZKZQ8N_fTyqKJMT1bcyGLgCK4BGAYYCw\/s320\/locandina%2BFloridia-742138.jpeg\" \/>\n<meta name=\"author\" content=\"inpress\" \/>\n<meta name=\"twitter:card\" content=\"summary_large_image\" \/>\n<meta name=\"twitter:label1\" content=\"Scritto da\" \/>\n\t<meta name=\"twitter:data1\" content=\"inpress\" \/>\n\t<meta name=\"twitter:label2\" content=\"Tempo di lettura stimato\" \/>\n\t<meta name=\"twitter:data2\" content=\"3 minuti\" \/>\n<script type=\"application\/ld+json\" class=\"yoast-schema-graph\">{\"@context\":\"https:\\\/\\\/schema.org\",\"@graph\":[{\"@type\":\"Article\",\"@id\":\"https:\\\/\\\/www.article-marketing.eu\\\/comunicatistampa\\\/quintessenza-tradizione-assoluto-nelle-donne-eliana-adorno\\\/#article\",\"isPartOf\":{\"@id\":\"https:\\\/\\\/www.article-marketing.eu\\\/comunicatistampa\\\/quintessenza-tradizione-assoluto-nelle-donne-eliana-adorno\\\/\"},\"author\":{\"name\":\"inpress\",\"@id\":\"https:\\\/\\\/www.article-marketing.eu\\\/comunicatistampa\\\/#\\\/schema\\\/person\\\/6f87d425bef304dd8be1a0895dea44b2\"},\"headline\":\"\u201cQuintessenza\u201d, tradizione e Assoluto nelle donne di Eliana Adorno\",\"datePublished\":\"2017-12-11T04:44:16+00:00\",\"mainEntityOfPage\":{\"@id\":\"https:\\\/\\\/www.article-marketing.eu\\\/comunicatistampa\\\/quintessenza-tradizione-assoluto-nelle-donne-eliana-adorno\\\/\"},\"wordCount\":599,\"commentCount\":0,\"image\":{\"@id\":\"https:\\\/\\\/www.article-marketing.eu\\\/comunicatistampa\\\/quintessenza-tradizione-assoluto-nelle-donne-eliana-adorno\\\/#primaryimage\"},\"thumbnailUrl\":\"https:\\\/\\\/4.bp.blogspot.com\\\/-irFGjRUnXys\\\/WikQhK3IvuI\\\/AAAAAAAAFJ0\\\/HC7-m7E540oZKZQ8N_fTyqKJMT1bcyGLgCK4BGAYYCw\\\/s320\\\/locandina%2BFloridia-742138.jpeg\",\"keywords\":[\"Arte\",\"Eliana Adorno\",\"mostre\"],\"articleSection\":[\"Arte e cultura\"],\"inLanguage\":\"it-IT\",\"potentialAction\":[{\"@type\":\"CommentAction\",\"name\":\"Comment\",\"target\":[\"https:\\\/\\\/www.article-marketing.eu\\\/comunicatistampa\\\/quintessenza-tradizione-assoluto-nelle-donne-eliana-adorno\\\/#respond\"]}]},{\"@type\":\"WebPage\",\"@id\":\"https:\\\/\\\/www.article-marketing.eu\\\/comunicatistampa\\\/quintessenza-tradizione-assoluto-nelle-donne-eliana-adorno\\\/\",\"url\":\"https:\\\/\\\/www.article-marketing.eu\\\/comunicatistampa\\\/quintessenza-tradizione-assoluto-nelle-donne-eliana-adorno\\\/\",\"name\":\"\u201cQuintessenza\u201d, tradizione e Assoluto nelle donne di Eliana Adorno - Article Marketing\",\"isPartOf\":{\"@id\":\"https:\\\/\\\/www.article-marketing.eu\\\/comunicatistampa\\\/#website\"},\"primaryImageOfPage\":{\"@id\":\"https:\\\/\\\/www.article-marketing.eu\\\/comunicatistampa\\\/quintessenza-tradizione-assoluto-nelle-donne-eliana-adorno\\\/#primaryimage\"},\"image\":{\"@id\":\"https:\\\/\\\/www.article-marketing.eu\\\/comunicatistampa\\\/quintessenza-tradizione-assoluto-nelle-donne-eliana-adorno\\\/#primaryimage\"},\"thumbnailUrl\":\"https:\\\/\\\/4.bp.blogspot.com\\\/-irFGjRUnXys\\\/WikQhK3IvuI\\\/AAAAAAAAFJ0\\\/HC7-m7E540oZKZQ8N_fTyqKJMT1bcyGLgCK4BGAYYCw\\\/s320\\\/locandina%2BFloridia-742138.jpeg\",\"datePublished\":\"2017-12-11T04:44:16+00:00\",\"author\":{\"@id\":\"https:\\\/\\\/www.article-marketing.eu\\\/comunicatistampa\\\/#\\\/schema\\\/person\\\/6f87d425bef304dd8be1a0895dea44b2\"},\"breadcrumb\":{\"@id\":\"https:\\\/\\\/www.article-marketing.eu\\\/comunicatistampa\\\/quintessenza-tradizione-assoluto-nelle-donne-eliana-adorno\\\/#breadcrumb\"},\"inLanguage\":\"it-IT\",\"potentialAction\":[{\"@type\":\"ReadAction\",\"target\":[\"https:\\\/\\\/www.article-marketing.eu\\\/comunicatistampa\\\/quintessenza-tradizione-assoluto-nelle-donne-eliana-adorno\\\/\"]}]},{\"@type\":\"ImageObject\",\"inLanguage\":\"it-IT\",\"@id\":\"https:\\\/\\\/www.article-marketing.eu\\\/comunicatistampa\\\/quintessenza-tradizione-assoluto-nelle-donne-eliana-adorno\\\/#primaryimage\",\"url\":\"https:\\\/\\\/4.bp.blogspot.com\\\/-irFGjRUnXys\\\/WikQhK3IvuI\\\/AAAAAAAAFJ0\\\/HC7-m7E540oZKZQ8N_fTyqKJMT1bcyGLgCK4BGAYYCw\\\/s320\\\/locandina%2BFloridia-742138.jpeg\",\"contentUrl\":\"https:\\\/\\\/4.bp.blogspot.com\\\/-irFGjRUnXys\\\/WikQhK3IvuI\\\/AAAAAAAAFJ0\\\/HC7-m7E540oZKZQ8N_fTyqKJMT1bcyGLgCK4BGAYYCw\\\/s320\\\/locandina%2BFloridia-742138.jpeg\"},{\"@type\":\"BreadcrumbList\",\"@id\":\"https:\\\/\\\/www.article-marketing.eu\\\/comunicatistampa\\\/quintessenza-tradizione-assoluto-nelle-donne-eliana-adorno\\\/#breadcrumb\",\"itemListElement\":[{\"@type\":\"ListItem\",\"position\":1,\"name\":\"Home\",\"item\":\"https:\\\/\\\/www.article-marketing.eu\\\/comunicatistampa\\\/\"},{\"@type\":\"ListItem\",\"position\":2,\"name\":\"\u201cQuintessenza\u201d, tradizione e Assoluto nelle donne di Eliana Adorno\"}]},{\"@type\":\"WebSite\",\"@id\":\"https:\\\/\\\/www.article-marketing.eu\\\/comunicatistampa\\\/#website\",\"url\":\"https:\\\/\\\/www.article-marketing.eu\\\/comunicatistampa\\\/\",\"name\":\"Article Marketing\",\"description\":\"article marketing &amp; press release\",\"potentialAction\":[{\"@type\":\"SearchAction\",\"target\":{\"@type\":\"EntryPoint\",\"urlTemplate\":\"https:\\\/\\\/www.article-marketing.eu\\\/comunicatistampa\\\/?s={search_term_string}\"},\"query-input\":{\"@type\":\"PropertyValueSpecification\",\"valueRequired\":true,\"valueName\":\"search_term_string\"}}],\"inLanguage\":\"it-IT\"},{\"@type\":\"Person\",\"@id\":\"https:\\\/\\\/www.article-marketing.eu\\\/comunicatistampa\\\/#\\\/schema\\\/person\\\/6f87d425bef304dd8be1a0895dea44b2\",\"name\":\"inpress\",\"image\":{\"@type\":\"ImageObject\",\"inLanguage\":\"it-IT\",\"@id\":\"https:\\\/\\\/secure.gravatar.com\\\/avatar\\\/8b9495d9dcfa5a2ac0eb8e4559db3f5f00d7248a8baa15ed14f155afae420f7d?s=96&d=mm&r=g\",\"url\":\"https:\\\/\\\/secure.gravatar.com\\\/avatar\\\/8b9495d9dcfa5a2ac0eb8e4559db3f5f00d7248a8baa15ed14f155afae420f7d?s=96&d=mm&r=g\",\"contentUrl\":\"https:\\\/\\\/secure.gravatar.com\\\/avatar\\\/8b9495d9dcfa5a2ac0eb8e4559db3f5f00d7248a8baa15ed14f155afae420f7d?s=96&d=mm&r=g\",\"caption\":\"inpress\"},\"url\":\"https:\\\/\\\/www.article-marketing.eu\\\/comunicatistampa\\\/author\\\/inpress\\\/\"}]}<\/script>\n<!-- \/ Yoast SEO plugin. -->","yoast_head_json":{"title":"\u201cQuintessenza\u201d, tradizione e Assoluto nelle donne di Eliana Adorno - Article Marketing","robots":{"index":"index","follow":"follow","max-snippet":"max-snippet:-1","max-image-preview":"max-image-preview:large","max-video-preview":"max-video-preview:-1"},"canonical":"https:\/\/www.article-marketing.eu\/comunicatistampa\/quintessenza-tradizione-assoluto-nelle-donne-eliana-adorno\/","og_locale":"it_IT","og_type":"article","og_title":"\u201cQuintessenza\u201d, tradizione e Assoluto nelle donne di Eliana Adorno - Article Marketing","og_description":"Floridia (SR) &#8211; La ceramica come mezzo di espressione dell&#8217;anima. &#8220;Quintessenza&#8221;, personale di Eliana Adorno sar\u00e0 inaugurata domenica 17 dicembre alle ore 19 al Museo etnografico &#8220;Nunzio Bruno&#8221; in Piazza Umberto I, 27 a Floridia. Un vernissage che vedr\u00e0 coinvolti lo staff dell&#8217;esposizione permanente floridiana, Daniela Frisone, giornalista e studiosa di avanguardie letterarie siciliane e Sebiano (Sebastiano Failla), batterista e percussionista jazz. Una sessantina di opere dell&#8217;artista della ceramica eContinue reading...","og_url":"https:\/\/www.article-marketing.eu\/comunicatistampa\/quintessenza-tradizione-assoluto-nelle-donne-eliana-adorno\/","og_site_name":"Article Marketing","article_published_time":"2017-12-11T04:44:16+00:00","og_image":[{"url":"https:\/\/4.bp.blogspot.com\/-irFGjRUnXys\/WikQhK3IvuI\/AAAAAAAAFJ0\/HC7-m7E540oZKZQ8N_fTyqKJMT1bcyGLgCK4BGAYYCw\/s320\/locandina%2BFloridia-742138.jpeg","type":"","width":"","height":""}],"author":"inpress","twitter_card":"summary_large_image","twitter_misc":{"Scritto da":"inpress","Tempo di lettura stimato":"3 minuti"},"schema":{"@context":"https:\/\/schema.org","@graph":[{"@type":"Article","@id":"https:\/\/www.article-marketing.eu\/comunicatistampa\/quintessenza-tradizione-assoluto-nelle-donne-eliana-adorno\/#article","isPartOf":{"@id":"https:\/\/www.article-marketing.eu\/comunicatistampa\/quintessenza-tradizione-assoluto-nelle-donne-eliana-adorno\/"},"author":{"name":"inpress","@id":"https:\/\/www.article-marketing.eu\/comunicatistampa\/#\/schema\/person\/6f87d425bef304dd8be1a0895dea44b2"},"headline":"\u201cQuintessenza\u201d, tradizione e Assoluto nelle donne di Eliana Adorno","datePublished":"2017-12-11T04:44:16+00:00","mainEntityOfPage":{"@id":"https:\/\/www.article-marketing.eu\/comunicatistampa\/quintessenza-tradizione-assoluto-nelle-donne-eliana-adorno\/"},"wordCount":599,"commentCount":0,"image":{"@id":"https:\/\/www.article-marketing.eu\/comunicatistampa\/quintessenza-tradizione-assoluto-nelle-donne-eliana-adorno\/#primaryimage"},"thumbnailUrl":"https:\/\/4.bp.blogspot.com\/-irFGjRUnXys\/WikQhK3IvuI\/AAAAAAAAFJ0\/HC7-m7E540oZKZQ8N_fTyqKJMT1bcyGLgCK4BGAYYCw\/s320\/locandina%2BFloridia-742138.jpeg","keywords":["Arte","Eliana Adorno","mostre"],"articleSection":["Arte e cultura"],"inLanguage":"it-IT","potentialAction":[{"@type":"CommentAction","name":"Comment","target":["https:\/\/www.article-marketing.eu\/comunicatistampa\/quintessenza-tradizione-assoluto-nelle-donne-eliana-adorno\/#respond"]}]},{"@type":"WebPage","@id":"https:\/\/www.article-marketing.eu\/comunicatistampa\/quintessenza-tradizione-assoluto-nelle-donne-eliana-adorno\/","url":"https:\/\/www.article-marketing.eu\/comunicatistampa\/quintessenza-tradizione-assoluto-nelle-donne-eliana-adorno\/","name":"\u201cQuintessenza\u201d, tradizione e Assoluto nelle donne di Eliana Adorno - Article Marketing","isPartOf":{"@id":"https:\/\/www.article-marketing.eu\/comunicatistampa\/#website"},"primaryImageOfPage":{"@id":"https:\/\/www.article-marketing.eu\/comunicatistampa\/quintessenza-tradizione-assoluto-nelle-donne-eliana-adorno\/#primaryimage"},"image":{"@id":"https:\/\/www.article-marketing.eu\/comunicatistampa\/quintessenza-tradizione-assoluto-nelle-donne-eliana-adorno\/#primaryimage"},"thumbnailUrl":"https:\/\/4.bp.blogspot.com\/-irFGjRUnXys\/WikQhK3IvuI\/AAAAAAAAFJ0\/HC7-m7E540oZKZQ8N_fTyqKJMT1bcyGLgCK4BGAYYCw\/s320\/locandina%2BFloridia-742138.jpeg","datePublished":"2017-12-11T04:44:16+00:00","author":{"@id":"https:\/\/www.article-marketing.eu\/comunicatistampa\/#\/schema\/person\/6f87d425bef304dd8be1a0895dea44b2"},"breadcrumb":{"@id":"https:\/\/www.article-marketing.eu\/comunicatistampa\/quintessenza-tradizione-assoluto-nelle-donne-eliana-adorno\/#breadcrumb"},"inLanguage":"it-IT","potentialAction":[{"@type":"ReadAction","target":["https:\/\/www.article-marketing.eu\/comunicatistampa\/quintessenza-tradizione-assoluto-nelle-donne-eliana-adorno\/"]}]},{"@type":"ImageObject","inLanguage":"it-IT","@id":"https:\/\/www.article-marketing.eu\/comunicatistampa\/quintessenza-tradizione-assoluto-nelle-donne-eliana-adorno\/#primaryimage","url":"https:\/\/4.bp.blogspot.com\/-irFGjRUnXys\/WikQhK3IvuI\/AAAAAAAAFJ0\/HC7-m7E540oZKZQ8N_fTyqKJMT1bcyGLgCK4BGAYYCw\/s320\/locandina%2BFloridia-742138.jpeg","contentUrl":"https:\/\/4.bp.blogspot.com\/-irFGjRUnXys\/WikQhK3IvuI\/AAAAAAAAFJ0\/HC7-m7E540oZKZQ8N_fTyqKJMT1bcyGLgCK4BGAYYCw\/s320\/locandina%2BFloridia-742138.jpeg"},{"@type":"BreadcrumbList","@id":"https:\/\/www.article-marketing.eu\/comunicatistampa\/quintessenza-tradizione-assoluto-nelle-donne-eliana-adorno\/#breadcrumb","itemListElement":[{"@type":"ListItem","position":1,"name":"Home","item":"https:\/\/www.article-marketing.eu\/comunicatistampa\/"},{"@type":"ListItem","position":2,"name":"\u201cQuintessenza\u201d, tradizione e Assoluto nelle donne di Eliana Adorno"}]},{"@type":"WebSite","@id":"https:\/\/www.article-marketing.eu\/comunicatistampa\/#website","url":"https:\/\/www.article-marketing.eu\/comunicatistampa\/","name":"Article Marketing","description":"article marketing &amp; press release","potentialAction":[{"@type":"SearchAction","target":{"@type":"EntryPoint","urlTemplate":"https:\/\/www.article-marketing.eu\/comunicatistampa\/?s={search_term_string}"},"query-input":{"@type":"PropertyValueSpecification","valueRequired":true,"valueName":"search_term_string"}}],"inLanguage":"it-IT"},{"@type":"Person","@id":"https:\/\/www.article-marketing.eu\/comunicatistampa\/#\/schema\/person\/6f87d425bef304dd8be1a0895dea44b2","name":"inpress","image":{"@type":"ImageObject","inLanguage":"it-IT","@id":"https:\/\/secure.gravatar.com\/avatar\/8b9495d9dcfa5a2ac0eb8e4559db3f5f00d7248a8baa15ed14f155afae420f7d?s=96&d=mm&r=g","url":"https:\/\/secure.gravatar.com\/avatar\/8b9495d9dcfa5a2ac0eb8e4559db3f5f00d7248a8baa15ed14f155afae420f7d?s=96&d=mm&r=g","contentUrl":"https:\/\/secure.gravatar.com\/avatar\/8b9495d9dcfa5a2ac0eb8e4559db3f5f00d7248a8baa15ed14f155afae420f7d?s=96&d=mm&r=g","caption":"inpress"},"url":"https:\/\/www.article-marketing.eu\/comunicatistampa\/author\/inpress\/"}]}},"_links":{"self":[{"href":"https:\/\/www.article-marketing.eu\/comunicatistampa\/wp-json\/wp\/v2\/posts\/7636","targetHints":{"allow":["GET"]}}],"collection":[{"href":"https:\/\/www.article-marketing.eu\/comunicatistampa\/wp-json\/wp\/v2\/posts"}],"about":[{"href":"https:\/\/www.article-marketing.eu\/comunicatistampa\/wp-json\/wp\/v2\/types\/post"}],"author":[{"embeddable":true,"href":"https:\/\/www.article-marketing.eu\/comunicatistampa\/wp-json\/wp\/v2\/users\/920"}],"replies":[{"embeddable":true,"href":"https:\/\/www.article-marketing.eu\/comunicatistampa\/wp-json\/wp\/v2\/comments?post=7636"}],"version-history":[{"count":2,"href":"https:\/\/www.article-marketing.eu\/comunicatistampa\/wp-json\/wp\/v2\/posts\/7636\/revisions"}],"predecessor-version":[{"id":7666,"href":"https:\/\/www.article-marketing.eu\/comunicatistampa\/wp-json\/wp\/v2\/posts\/7636\/revisions\/7666"}],"wp:attachment":[{"href":"https:\/\/www.article-marketing.eu\/comunicatistampa\/wp-json\/wp\/v2\/media?parent=7636"}],"wp:term":[{"taxonomy":"category","embeddable":true,"href":"https:\/\/www.article-marketing.eu\/comunicatistampa\/wp-json\/wp\/v2\/categories?post=7636"},{"taxonomy":"post_tag","embeddable":true,"href":"https:\/\/www.article-marketing.eu\/comunicatistampa\/wp-json\/wp\/v2\/tags?post=7636"}],"curies":[{"name":"wp","href":"https:\/\/api.w.org\/{rel}","templated":true}]}}