{"id":7681,"date":"2017-12-13T05:46:34","date_gmt":"2017-12-13T04:46:34","guid":{"rendered":"http:\/\/www.article-marketing.eu\/comunicatistampa\/?p=7681"},"modified":"2017-12-13T05:46:34","modified_gmt":"2017-12-13T04:46:34","slug":"disturbi-visivi-cause-rimedi","status":"publish","type":"post","link":"https:\/\/www.article-marketing.eu\/comunicatistampa\/disturbi-visivi-cause-rimedi\/","title":{"rendered":"Disturbi visivi, cause e rimedi"},"content":{"rendered":"<p>Negli ultimi tempi sono sempre pi\u00f9 frequenti nelle persone, problemi legati a disturbi visivi generalizzati, quali riduzione della vista, arrossamenti che si traducono in una minor ricezione dell&#8217;immagine. I disturbi relativi agli occhi possono avere diverse cause, che spesso possono scatenare vere e proprie patologie.<\/p>\n<h2>I sintomi dei disturbi visivi e sensibilit\u00e0 alla luce<\/h2>\n<p>Gli occhi di alcune persone possono essere molto sensibili ai raggi del sole. Gli occhi regolano la quantit\u00e0 di luce per veicolarla all&#8217;interno dell&#8217;occhio. Quest&#8217;ultimo possiede un meccanismo grazie al quale la pupilla si dilata quando c&#8217;\u00e8 poca luce e si restringe quando ce n&#8217;\u00e8 troppa. La sensibilit\u00e0 alla luce, nasce quando quest&#8217;ultima \u00e8 troppa e l&#8217;occhio non riesce a gestirla sufficientemente. Vi sono, per\u00f2 alcuni casi in cui anche la luce normale pu\u00f2 dare fastidio e causare disturbi molto evidenti. In generale, gli occhi sensibili alla luce presentano una visione degli oggetti non chiara, dolore e irritazione agli occhi, con la comparsa anche di congiuntivite (infiammazione della congiuntive, spesso di natura allergica o di origine batterica). Altri sintomi causati dall&#8217;esposizione alla luce sono visione doppia o sfuocata di oggetti, emicrania, arrossamento delle palpebre e del bulbo oculare, intolleranza generalizzata alla luce. Una corretta diagnosi del disturbo \u00e8 consigliata, perch\u00e9 potrebbe nascondere patologie importanti. <a href=\"https:\/\/www.nowaveofficial.com\/it\/content\/29-le-cause-dei-disturbi-visivi\">Le cause dei disturbi visivi<\/a> possono essere diverse, molte delle quali legate alla luce.<\/p>\n<h2>Le cause dei disturbi visivi pi\u00f9 diffusi<\/h2>\n<p>In generale, vi possono essere patologie che colpiscono la retina e il nervo ottico, come la cataratta e il glaucoma, che possono ridurre la vista. Altre cause dei disturbi visivi possono essere legate all&#8217;et\u00e0 avanzata vanno dall&#8217;ipertensione ad alcune malattie autoimmuni. Infine, i disturbi visivi potrebbero nascere da stress emotivo. L&#8217;ipersensibilit\u00e0 alla luce, potrebbe per\u00f2 anche essere solo un sintomo, facilmente sanabile, seguendo alcuni piccoli accorgimenti.<\/p>\n<h2>Disturbi visivi: i rimedi<\/h2>\n<p>Quando ci si trova in presenza di una diminuzione evidente e improvvisa della vista oppure di affaticamento, arrossamento degli occhi \u00e8 opportuno sottoporsi ad un&#8217;accurata visita oculistica. La cause dei disturbi visivi possono essere legata alla luce nella maggior parte dei casi. Sar\u00e0 lo specialista a diagnosticare una eventuale patologia e a decidere riguardo a ulteriori accertamenti, attraverso esami mirati per una diagnosi approfondita sulle condizioni di tutto l&#8217;apparato visivo. Le cure e i rimedi potrebbero prevedere la somministrazione di farmaci o interventi chirurgici, in base alla gravit\u00e0 della patologia esistente. Quando invece l&#8217;ipersensibilit\u00e0 alla luce non ha origini patologiche, si pu\u00f2 cercare di ridurre i sintomi con l&#8217;uso di un buon collirio, con l&#8217;utilizzo di occhiali da sole, con l&#8217;assunzione di integratori alimentari a base di vitamina A e carotene. Infine \u00e8 importante cercare di esporsi il meno possibile alla luce prodotta da dispositivi elettronici e utilizzare sempre schermi protettivi o occhiali contro le radiazioni di schermi e smartphone.<\/p>\n","protected":false},"excerpt":{"rendered":"<p>Negli ultimi tempi sono sempre pi\u00f9 frequenti nelle persone, problemi legati a disturbi visivi generalizzati, quali riduzione della vista, arrossamenti che si traducono in una minor ricezione dell&#8217;immagine. I disturbi relativi agli occhi possono avere diverse cause, che spesso possono scatenare vere e proprie patologie. I sintomi dei disturbi visivi e sensibilit\u00e0 alla luce Gli occhi di alcune persone possono essere molto sensibili ai raggi del sole. Gli occhi regolano<\/p>\n<p><a class=\"continue-reading\" href=\"https:\/\/www.article-marketing.eu\/comunicatistampa\/disturbi-visivi-cause-rimedi\/\">Continue reading&#8230;<\/a><\/p>\n","protected":false},"author":202,"featured_media":0,"comment_status":"open","ping_status":"open","sticky":false,"template":"","format":"standard","meta":{"_monsterinsights_skip_tracking":false,"_monsterinsights_sitenote_active":false,"_monsterinsights_sitenote_note":"","_monsterinsights_sitenote_category":0,"footnotes":""},"categories":[369],"tags":[],"class_list":["post-7681","post","type-post","status-publish","format-standard","hentry","category-salute-e-benessere"],"yoast_head":"<!-- This site is optimized with the Yoast SEO plugin v27.3 - https:\/\/yoast.com\/product\/yoast-seo-wordpress\/ -->\n<title>Disturbi visivi, cause e rimedi - Article Marketing<\/title>\n<meta name=\"robots\" content=\"index, follow, max-snippet:-1, max-image-preview:large, max-video-preview:-1\" \/>\n<link rel=\"canonical\" href=\"https:\/\/www.article-marketing.eu\/comunicatistampa\/disturbi-visivi-cause-rimedi\/\" \/>\n<meta property=\"og:locale\" content=\"it_IT\" \/>\n<meta property=\"og:type\" content=\"article\" \/>\n<meta property=\"og:title\" content=\"Disturbi visivi, cause e rimedi - Article Marketing\" \/>\n<meta property=\"og:description\" content=\"Negli ultimi tempi sono sempre pi\u00f9 frequenti nelle persone, problemi legati a disturbi visivi generalizzati, quali riduzione della vista, arrossamenti che si traducono in una minor ricezione dell&#8217;immagine. I disturbi relativi agli occhi possono avere diverse cause, che spesso possono scatenare vere e proprie patologie. I sintomi dei disturbi visivi e sensibilit\u00e0 alla luce Gli occhi di alcune persone possono essere molto sensibili ai raggi del sole. Gli occhi regolanoContinue reading...\" \/>\n<meta property=\"og:url\" content=\"https:\/\/www.article-marketing.eu\/comunicatistampa\/disturbi-visivi-cause-rimedi\/\" \/>\n<meta property=\"og:site_name\" content=\"Article Marketing\" \/>\n<meta property=\"article:published_time\" content=\"2017-12-13T04:46:34+00:00\" \/>\n<meta name=\"author\" content=\"merellir\" \/>\n<meta name=\"twitter:card\" content=\"summary_large_image\" \/>\n<meta name=\"twitter:label1\" content=\"Scritto da\" \/>\n\t<meta name=\"twitter:data1\" content=\"merellir\" \/>\n\t<meta name=\"twitter:label2\" content=\"Tempo di lettura stimato\" \/>\n\t<meta name=\"twitter:data2\" content=\"2 minuti\" \/>\n<script type=\"application\/ld+json\" class=\"yoast-schema-graph\">{\"@context\":\"https:\\\/\\\/schema.org\",\"@graph\":[{\"@type\":\"Article\",\"@id\":\"https:\\\/\\\/www.article-marketing.eu\\\/comunicatistampa\\\/disturbi-visivi-cause-rimedi\\\/#article\",\"isPartOf\":{\"@id\":\"https:\\\/\\\/www.article-marketing.eu\\\/comunicatistampa\\\/disturbi-visivi-cause-rimedi\\\/\"},\"author\":{\"name\":\"merellir\",\"@id\":\"https:\\\/\\\/www.article-marketing.eu\\\/comunicatistampa\\\/#\\\/schema\\\/person\\\/ad93a86d6a7760d56d31da897a21ec7b\"},\"headline\":\"Disturbi visivi, cause e rimedi\",\"datePublished\":\"2017-12-13T04:46:34+00:00\",\"mainEntityOfPage\":{\"@id\":\"https:\\\/\\\/www.article-marketing.eu\\\/comunicatistampa\\\/disturbi-visivi-cause-rimedi\\\/\"},\"wordCount\":460,\"commentCount\":0,\"articleSection\":[\"Salute e benessere\"],\"inLanguage\":\"it-IT\",\"potentialAction\":[{\"@type\":\"CommentAction\",\"name\":\"Comment\",\"target\":[\"https:\\\/\\\/www.article-marketing.eu\\\/comunicatistampa\\\/disturbi-visivi-cause-rimedi\\\/#respond\"]}]},{\"@type\":\"WebPage\",\"@id\":\"https:\\\/\\\/www.article-marketing.eu\\\/comunicatistampa\\\/disturbi-visivi-cause-rimedi\\\/\",\"url\":\"https:\\\/\\\/www.article-marketing.eu\\\/comunicatistampa\\\/disturbi-visivi-cause-rimedi\\\/\",\"name\":\"Disturbi visivi, cause e rimedi - Article Marketing\",\"isPartOf\":{\"@id\":\"https:\\\/\\\/www.article-marketing.eu\\\/comunicatistampa\\\/#website\"},\"datePublished\":\"2017-12-13T04:46:34+00:00\",\"author\":{\"@id\":\"https:\\\/\\\/www.article-marketing.eu\\\/comunicatistampa\\\/#\\\/schema\\\/person\\\/ad93a86d6a7760d56d31da897a21ec7b\"},\"breadcrumb\":{\"@id\":\"https:\\\/\\\/www.article-marketing.eu\\\/comunicatistampa\\\/disturbi-visivi-cause-rimedi\\\/#breadcrumb\"},\"inLanguage\":\"it-IT\",\"potentialAction\":[{\"@type\":\"ReadAction\",\"target\":[\"https:\\\/\\\/www.article-marketing.eu\\\/comunicatistampa\\\/disturbi-visivi-cause-rimedi\\\/\"]}]},{\"@type\":\"BreadcrumbList\",\"@id\":\"https:\\\/\\\/www.article-marketing.eu\\\/comunicatistampa\\\/disturbi-visivi-cause-rimedi\\\/#breadcrumb\",\"itemListElement\":[{\"@type\":\"ListItem\",\"position\":1,\"name\":\"Home\",\"item\":\"https:\\\/\\\/www.article-marketing.eu\\\/comunicatistampa\\\/\"},{\"@type\":\"ListItem\",\"position\":2,\"name\":\"Disturbi visivi, cause e rimedi\"}]},{\"@type\":\"WebSite\",\"@id\":\"https:\\\/\\\/www.article-marketing.eu\\\/comunicatistampa\\\/#website\",\"url\":\"https:\\\/\\\/www.article-marketing.eu\\\/comunicatistampa\\\/\",\"name\":\"Article Marketing\",\"description\":\"article marketing &amp; press release\",\"potentialAction\":[{\"@type\":\"SearchAction\",\"target\":{\"@type\":\"EntryPoint\",\"urlTemplate\":\"https:\\\/\\\/www.article-marketing.eu\\\/comunicatistampa\\\/?s={search_term_string}\"},\"query-input\":{\"@type\":\"PropertyValueSpecification\",\"valueRequired\":true,\"valueName\":\"search_term_string\"}}],\"inLanguage\":\"it-IT\"},{\"@type\":\"Person\",\"@id\":\"https:\\\/\\\/www.article-marketing.eu\\\/comunicatistampa\\\/#\\\/schema\\\/person\\\/ad93a86d6a7760d56d31da897a21ec7b\",\"name\":\"merellir\",\"image\":{\"@type\":\"ImageObject\",\"inLanguage\":\"it-IT\",\"@id\":\"https:\\\/\\\/secure.gravatar.com\\\/avatar\\\/1d3d79c36dbe87999cf3070b87dac773df5f04b18fa0d478fd9dcf849b3616a1?s=96&d=mm&r=g\",\"url\":\"https:\\\/\\\/secure.gravatar.com\\\/avatar\\\/1d3d79c36dbe87999cf3070b87dac773df5f04b18fa0d478fd9dcf849b3616a1?s=96&d=mm&r=g\",\"contentUrl\":\"https:\\\/\\\/secure.gravatar.com\\\/avatar\\\/1d3d79c36dbe87999cf3070b87dac773df5f04b18fa0d478fd9dcf849b3616a1?s=96&d=mm&r=g\",\"caption\":\"merellir\"},\"url\":\"https:\\\/\\\/www.article-marketing.eu\\\/comunicatistampa\\\/author\\\/merellir\\\/\"}]}<\/script>\n<!-- \/ Yoast SEO plugin. -->","yoast_head_json":{"title":"Disturbi visivi, cause e rimedi - Article Marketing","robots":{"index":"index","follow":"follow","max-snippet":"max-snippet:-1","max-image-preview":"max-image-preview:large","max-video-preview":"max-video-preview:-1"},"canonical":"https:\/\/www.article-marketing.eu\/comunicatistampa\/disturbi-visivi-cause-rimedi\/","og_locale":"it_IT","og_type":"article","og_title":"Disturbi visivi, cause e rimedi - Article Marketing","og_description":"Negli ultimi tempi sono sempre pi\u00f9 frequenti nelle persone, problemi legati a disturbi visivi generalizzati, quali riduzione della vista, arrossamenti che si traducono in una minor ricezione dell&#8217;immagine. I disturbi relativi agli occhi possono avere diverse cause, che spesso possono scatenare vere e proprie patologie. I sintomi dei disturbi visivi e sensibilit\u00e0 alla luce Gli occhi di alcune persone possono essere molto sensibili ai raggi del sole. Gli occhi regolanoContinue reading...","og_url":"https:\/\/www.article-marketing.eu\/comunicatistampa\/disturbi-visivi-cause-rimedi\/","og_site_name":"Article Marketing","article_published_time":"2017-12-13T04:46:34+00:00","author":"merellir","twitter_card":"summary_large_image","twitter_misc":{"Scritto da":"merellir","Tempo di lettura stimato":"2 minuti"},"schema":{"@context":"https:\/\/schema.org","@graph":[{"@type":"Article","@id":"https:\/\/www.article-marketing.eu\/comunicatistampa\/disturbi-visivi-cause-rimedi\/#article","isPartOf":{"@id":"https:\/\/www.article-marketing.eu\/comunicatistampa\/disturbi-visivi-cause-rimedi\/"},"author":{"name":"merellir","@id":"https:\/\/www.article-marketing.eu\/comunicatistampa\/#\/schema\/person\/ad93a86d6a7760d56d31da897a21ec7b"},"headline":"Disturbi visivi, cause e rimedi","datePublished":"2017-12-13T04:46:34+00:00","mainEntityOfPage":{"@id":"https:\/\/www.article-marketing.eu\/comunicatistampa\/disturbi-visivi-cause-rimedi\/"},"wordCount":460,"commentCount":0,"articleSection":["Salute e benessere"],"inLanguage":"it-IT","potentialAction":[{"@type":"CommentAction","name":"Comment","target":["https:\/\/www.article-marketing.eu\/comunicatistampa\/disturbi-visivi-cause-rimedi\/#respond"]}]},{"@type":"WebPage","@id":"https:\/\/www.article-marketing.eu\/comunicatistampa\/disturbi-visivi-cause-rimedi\/","url":"https:\/\/www.article-marketing.eu\/comunicatistampa\/disturbi-visivi-cause-rimedi\/","name":"Disturbi visivi, cause e rimedi - Article Marketing","isPartOf":{"@id":"https:\/\/www.article-marketing.eu\/comunicatistampa\/#website"},"datePublished":"2017-12-13T04:46:34+00:00","author":{"@id":"https:\/\/www.article-marketing.eu\/comunicatistampa\/#\/schema\/person\/ad93a86d6a7760d56d31da897a21ec7b"},"breadcrumb":{"@id":"https:\/\/www.article-marketing.eu\/comunicatistampa\/disturbi-visivi-cause-rimedi\/#breadcrumb"},"inLanguage":"it-IT","potentialAction":[{"@type":"ReadAction","target":["https:\/\/www.article-marketing.eu\/comunicatistampa\/disturbi-visivi-cause-rimedi\/"]}]},{"@type":"BreadcrumbList","@id":"https:\/\/www.article-marketing.eu\/comunicatistampa\/disturbi-visivi-cause-rimedi\/#breadcrumb","itemListElement":[{"@type":"ListItem","position":1,"name":"Home","item":"https:\/\/www.article-marketing.eu\/comunicatistampa\/"},{"@type":"ListItem","position":2,"name":"Disturbi visivi, cause e rimedi"}]},{"@type":"WebSite","@id":"https:\/\/www.article-marketing.eu\/comunicatistampa\/#website","url":"https:\/\/www.article-marketing.eu\/comunicatistampa\/","name":"Article Marketing","description":"article marketing &amp; press release","potentialAction":[{"@type":"SearchAction","target":{"@type":"EntryPoint","urlTemplate":"https:\/\/www.article-marketing.eu\/comunicatistampa\/?s={search_term_string}"},"query-input":{"@type":"PropertyValueSpecification","valueRequired":true,"valueName":"search_term_string"}}],"inLanguage":"it-IT"},{"@type":"Person","@id":"https:\/\/www.article-marketing.eu\/comunicatistampa\/#\/schema\/person\/ad93a86d6a7760d56d31da897a21ec7b","name":"merellir","image":{"@type":"ImageObject","inLanguage":"it-IT","@id":"https:\/\/secure.gravatar.com\/avatar\/1d3d79c36dbe87999cf3070b87dac773df5f04b18fa0d478fd9dcf849b3616a1?s=96&d=mm&r=g","url":"https:\/\/secure.gravatar.com\/avatar\/1d3d79c36dbe87999cf3070b87dac773df5f04b18fa0d478fd9dcf849b3616a1?s=96&d=mm&r=g","contentUrl":"https:\/\/secure.gravatar.com\/avatar\/1d3d79c36dbe87999cf3070b87dac773df5f04b18fa0d478fd9dcf849b3616a1?s=96&d=mm&r=g","caption":"merellir"},"url":"https:\/\/www.article-marketing.eu\/comunicatistampa\/author\/merellir\/"}]}},"_links":{"self":[{"href":"https:\/\/www.article-marketing.eu\/comunicatistampa\/wp-json\/wp\/v2\/posts\/7681","targetHints":{"allow":["GET"]}}],"collection":[{"href":"https:\/\/www.article-marketing.eu\/comunicatistampa\/wp-json\/wp\/v2\/posts"}],"about":[{"href":"https:\/\/www.article-marketing.eu\/comunicatistampa\/wp-json\/wp\/v2\/types\/post"}],"author":[{"embeddable":true,"href":"https:\/\/www.article-marketing.eu\/comunicatistampa\/wp-json\/wp\/v2\/users\/202"}],"replies":[{"embeddable":true,"href":"https:\/\/www.article-marketing.eu\/comunicatistampa\/wp-json\/wp\/v2\/comments?post=7681"}],"version-history":[{"count":2,"href":"https:\/\/www.article-marketing.eu\/comunicatistampa\/wp-json\/wp\/v2\/posts\/7681\/revisions"}],"predecessor-version":[{"id":7731,"href":"https:\/\/www.article-marketing.eu\/comunicatistampa\/wp-json\/wp\/v2\/posts\/7681\/revisions\/7731"}],"wp:attachment":[{"href":"https:\/\/www.article-marketing.eu\/comunicatistampa\/wp-json\/wp\/v2\/media?parent=7681"}],"wp:term":[{"taxonomy":"category","embeddable":true,"href":"https:\/\/www.article-marketing.eu\/comunicatistampa\/wp-json\/wp\/v2\/categories?post=7681"},{"taxonomy":"post_tag","embeddable":true,"href":"https:\/\/www.article-marketing.eu\/comunicatistampa\/wp-json\/wp\/v2\/tags?post=7681"}],"curies":[{"name":"wp","href":"https:\/\/api.w.org\/{rel}","templated":true}]}}