{"id":772,"date":"2017-03-02T15:18:25","date_gmt":"2017-03-02T14:18:25","guid":{"rendered":"http:\/\/www.article-marketing.eu\/comunicatistampa\/?p=772"},"modified":"2017-03-02T15:18:25","modified_gmt":"2017-03-02T14:18:25","slug":"la-nascita-dellarte-astratta","status":"publish","type":"post","link":"https:\/\/www.article-marketing.eu\/comunicatistampa\/la-nascita-dellarte-astratta\/","title":{"rendered":"La Nascita dell&#8217;Arte Astratta."},"content":{"rendered":"<p>\t<!--\n\t\t@page { margin: 2cm }\n\t\tP { margin-bottom: 0.21cm }\n\t--><\/p>\n<p>Negli anni che immediatamente precedettero la prima guerra mondiale, fra il 1910 e il 1914, l&#8217;Art Nouveau e la Secessione Viennese avevano ormai esaurito la propria carica vitale mentre il Cubismo in Francia e l&#8217;Espressionismo in Germania stavano ponendo in crisi tutta l&#8217;arte europea: e soltanto in varie diramazioni, ad esempio quella della secessione di Monaco, sopravviveva al proprio tempo storico la corrente simbolista. Ebbe inizio allora nel campo della arti plastiche quell&#8217;evento profondamente rivoluzionario che fu l&#8217;elaborazione teorica e pratica di un nuovo concetto di quadri moderni, i quali si volevano \u201csenza oggetti\u201d non senza oggetto, n\u00e9 tantomeno senza contenuto. Era questo il punto culminante nell&#8217;arte della rivolta all&#8217;Idealismo che gli impressionisti avevano attuata in chiave naturalistica nel tentativo di risolvere in essa anche la componente romantica ancora determinante in tutta la cultura.<\/p>\n<p>Qui si trovano sul piano formale i germi dell&#8217;arte astratta, essa per\u00f2 non si sarebbe mai definita e realizzata se non avesse corrisposto all&#8217;esigenza assai pi\u00f9 profonda di quelle concernenti la pura forma: tanto \u00e8 vero che seppure quei primi germi si trovassero nella pittura francese, non in Francia dove il cubismo reg\u00ec violentemente a tutte le forme di arti preesistenti ma ebbe vita breve, bens\u00ec in Russia e in Germania l&#8217;arte astratta si defin\u00ec e si realizz\u00f2. Ed \u00e8 interessante osservare come nei due paesi queste correnti contemporanee e di egual forza procedessero all&#8217;abolizione degli oggetti, delle figure naturali non per un impulso anti-idealistico, ma al contrario per la volont\u00e0 di giungere ad una pura ed autentica realt\u00e0 pittorica non condizionata dalla sua forma e dalla preesistente ralt\u00e0 del mondo.<\/p>\n<p>Si potrebbe fissare la data di nascita dell&#8217;arte astratta al 1908 (l&#8217;anno in cui Willhem Worringer pubblic\u00f2 un suo libro ancora oggi fondamentale per l&#8217;intelligenza di questo linguaggio nel nostro tempo). Se ci si riferisse non alle opere ma al concetto di arte astratta.<\/p>\n<p>Possono le linee di una poetica annunciarsi precedendo l&#8217;opera? Certamente s\u00ec se la poetica \u00e8 evidentemente storica e l&#8217;opera \u2013 tanto pi\u00f9 alta quanto pi\u00f9 \u00e8 libera, quindi immediata e originale- \u00e8 eminentemente astorica. Appunto in base alla nascente poetica astrattista, si stabiliranno quindi nell&#8217;Espressionismo le radici dell&#8217;arte astratta: nell&#8217;Espressionismo inteso come processo di interiorizzazione di ogni stimolo all&#8217;esperienza estetica. Nel 1907 c&#8217;erano i Fauves che erano stati i primi a superare consapevolmente il naturalismo e la ricerca della verit\u00e0 da ri-produrre o da ri-creare (come era nei presupposti impressionistici), in nome di una verit\u00e0 da creare secondo se stessi.<\/p>\n<p>Furono i primi a dipingere un&#8217;acqua rossa o un viso blu: e il loro precedente \u00e8 Gauguin.<\/p>\n<p>Che cosa li distingue dagli espressionisti cui sono tuttavia generalmente affiancati? Proprio ci\u00f2 che Gauguin diceva: \u201cSe tu quel mare lo vedi rosso, dipingilo rosso\u201d. Se \u201clo vedi\u201d. C&#8217;\u00e8 gi\u00e0 il principio della libert\u00e0 dell&#8217;artista cui \u00e8 lecito trasfigurare il dato naturale secondo la propria visione. Ma non c&#8217;\u00e8 ancora la prospettiva dell&#8217;espressionista, il quale dice: \u201cNon se vedi il mare rosso ma se tu sei dentro di te acceso di passione dipingi il mare rosso. E non importa che i tuoi occhi lo vedano azzurro, devi cercare i colori della tua pittura\u201d.<\/p>\n<p>Cos\u00ec traslata la medesima prospettiva determinava l&#8217;ordine (o il disordine rispetto ai canoni antichi) della linea.<\/p>\n<p>Da questo alla pura invenzione che dalla natura astrae la forma il passo \u00e8 breve. Lo ha compiuto Kandinsky.<\/p>\n<p>(A cura di <a href=\"http:\/\/www.quadri-moderni-arte21.it\">ARTE 21<\/a>)<\/p>\n","protected":false},"excerpt":{"rendered":"<p>Negli anni che immediatamente precedettero la prima guerra mondiale, fra il 1910 e il 1914, l&#8217;Art Nouveau e la Secessione Viennese avevano ormai esaurito la propria carica vitale mentre il Cubismo in Francia e l&#8217;Espressionismo in Germania stavano ponendo in crisi tutta l&#8217;arte europea: e soltanto in varie diramazioni, ad esempio quella della secessione di Monaco, sopravviveva al proprio tempo storico la corrente simbolista. Ebbe inizio allora nel campo della<\/p>\n<p><a class=\"continue-reading\" href=\"https:\/\/www.article-marketing.eu\/comunicatistampa\/la-nascita-dellarte-astratta\/\">Continue reading&#8230;<\/a><\/p>\n","protected":false},"author":58,"featured_media":0,"comment_status":"open","ping_status":"open","sticky":false,"template":"","format":"standard","meta":{"_monsterinsights_skip_tracking":false,"_monsterinsights_sitenote_active":false,"_monsterinsights_sitenote_note":"","_monsterinsights_sitenote_category":0,"footnotes":""},"categories":[407],"tags":[539,538],"class_list":["post-772","post","type-post","status-publish","format-standard","hentry","category-arte-e-cultura","tag-arte-astratta","tag-quadri-moderni"],"yoast_head":"<!-- This site is optimized with the Yoast SEO plugin v27.3 - https:\/\/yoast.com\/product\/yoast-seo-wordpress\/ -->\n<title>La Nascita dell&#039;Arte Astratta. - Article Marketing<\/title>\n<meta name=\"robots\" content=\"index, follow, max-snippet:-1, max-image-preview:large, max-video-preview:-1\" \/>\n<link rel=\"canonical\" href=\"https:\/\/www.article-marketing.eu\/comunicatistampa\/la-nascita-dellarte-astratta\/\" \/>\n<meta property=\"og:locale\" content=\"it_IT\" \/>\n<meta property=\"og:type\" content=\"article\" \/>\n<meta property=\"og:title\" content=\"La Nascita dell&#039;Arte Astratta. - Article Marketing\" \/>\n<meta property=\"og:description\" content=\"Negli anni che immediatamente precedettero la prima guerra mondiale, fra il 1910 e il 1914, l&#8217;Art Nouveau e la Secessione Viennese avevano ormai esaurito la propria carica vitale mentre il Cubismo in Francia e l&#8217;Espressionismo in Germania stavano ponendo in crisi tutta l&#8217;arte europea: e soltanto in varie diramazioni, ad esempio quella della secessione di Monaco, sopravviveva al proprio tempo storico la corrente simbolista. Ebbe inizio allora nel campo dellaContinue reading...\" \/>\n<meta property=\"og:url\" content=\"https:\/\/www.article-marketing.eu\/comunicatistampa\/la-nascita-dellarte-astratta\/\" \/>\n<meta property=\"og:site_name\" content=\"Article Marketing\" \/>\n<meta property=\"article:published_time\" content=\"2017-03-02T14:18:25+00:00\" \/>\n<meta name=\"author\" content=\"mimmo16\" \/>\n<meta name=\"twitter:card\" content=\"summary_large_image\" \/>\n<meta name=\"twitter:label1\" content=\"Scritto da\" \/>\n\t<meta name=\"twitter:data1\" content=\"mimmo16\" \/>\n\t<meta name=\"twitter:label2\" content=\"Tempo di lettura stimato\" \/>\n\t<meta name=\"twitter:data2\" content=\"3 minuti\" \/>\n<script type=\"application\/ld+json\" class=\"yoast-schema-graph\">{\"@context\":\"https:\\\/\\\/schema.org\",\"@graph\":[{\"@type\":\"Article\",\"@id\":\"https:\\\/\\\/www.article-marketing.eu\\\/comunicatistampa\\\/la-nascita-dellarte-astratta\\\/#article\",\"isPartOf\":{\"@id\":\"https:\\\/\\\/www.article-marketing.eu\\\/comunicatistampa\\\/la-nascita-dellarte-astratta\\\/\"},\"author\":{\"name\":\"mimmo16\",\"@id\":\"https:\\\/\\\/www.article-marketing.eu\\\/comunicatistampa\\\/#\\\/schema\\\/person\\\/81c9f656af6814eb521ce04986e4e2a8\"},\"headline\":\"La Nascita dell&#8217;Arte Astratta.\",\"datePublished\":\"2017-03-02T14:18:25+00:00\",\"mainEntityOfPage\":{\"@id\":\"https:\\\/\\\/www.article-marketing.eu\\\/comunicatistampa\\\/la-nascita-dellarte-astratta\\\/\"},\"wordCount\":549,\"commentCount\":0,\"keywords\":[\"arte astratta\",\"quadri moderni\"],\"articleSection\":[\"Arte e cultura\"],\"inLanguage\":\"it-IT\",\"potentialAction\":[{\"@type\":\"CommentAction\",\"name\":\"Comment\",\"target\":[\"https:\\\/\\\/www.article-marketing.eu\\\/comunicatistampa\\\/la-nascita-dellarte-astratta\\\/#respond\"]}]},{\"@type\":\"WebPage\",\"@id\":\"https:\\\/\\\/www.article-marketing.eu\\\/comunicatistampa\\\/la-nascita-dellarte-astratta\\\/\",\"url\":\"https:\\\/\\\/www.article-marketing.eu\\\/comunicatistampa\\\/la-nascita-dellarte-astratta\\\/\",\"name\":\"La Nascita dell'Arte Astratta. - Article Marketing\",\"isPartOf\":{\"@id\":\"https:\\\/\\\/www.article-marketing.eu\\\/comunicatistampa\\\/#website\"},\"datePublished\":\"2017-03-02T14:18:25+00:00\",\"author\":{\"@id\":\"https:\\\/\\\/www.article-marketing.eu\\\/comunicatistampa\\\/#\\\/schema\\\/person\\\/81c9f656af6814eb521ce04986e4e2a8\"},\"breadcrumb\":{\"@id\":\"https:\\\/\\\/www.article-marketing.eu\\\/comunicatistampa\\\/la-nascita-dellarte-astratta\\\/#breadcrumb\"},\"inLanguage\":\"it-IT\",\"potentialAction\":[{\"@type\":\"ReadAction\",\"target\":[\"https:\\\/\\\/www.article-marketing.eu\\\/comunicatistampa\\\/la-nascita-dellarte-astratta\\\/\"]}]},{\"@type\":\"BreadcrumbList\",\"@id\":\"https:\\\/\\\/www.article-marketing.eu\\\/comunicatistampa\\\/la-nascita-dellarte-astratta\\\/#breadcrumb\",\"itemListElement\":[{\"@type\":\"ListItem\",\"position\":1,\"name\":\"Home\",\"item\":\"https:\\\/\\\/www.article-marketing.eu\\\/comunicatistampa\\\/\"},{\"@type\":\"ListItem\",\"position\":2,\"name\":\"La Nascita dell&#8217;Arte Astratta.\"}]},{\"@type\":\"WebSite\",\"@id\":\"https:\\\/\\\/www.article-marketing.eu\\\/comunicatistampa\\\/#website\",\"url\":\"https:\\\/\\\/www.article-marketing.eu\\\/comunicatistampa\\\/\",\"name\":\"Article Marketing\",\"description\":\"article marketing &amp; press release\",\"potentialAction\":[{\"@type\":\"SearchAction\",\"target\":{\"@type\":\"EntryPoint\",\"urlTemplate\":\"https:\\\/\\\/www.article-marketing.eu\\\/comunicatistampa\\\/?s={search_term_string}\"},\"query-input\":{\"@type\":\"PropertyValueSpecification\",\"valueRequired\":true,\"valueName\":\"search_term_string\"}}],\"inLanguage\":\"it-IT\"},{\"@type\":\"Person\",\"@id\":\"https:\\\/\\\/www.article-marketing.eu\\\/comunicatistampa\\\/#\\\/schema\\\/person\\\/81c9f656af6814eb521ce04986e4e2a8\",\"name\":\"mimmo16\",\"image\":{\"@type\":\"ImageObject\",\"inLanguage\":\"it-IT\",\"@id\":\"https:\\\/\\\/secure.gravatar.com\\\/avatar\\\/f910293de8e522869051f9faf71c139064e9055e8a08418ac9560de47267ee96?s=96&d=mm&r=g\",\"url\":\"https:\\\/\\\/secure.gravatar.com\\\/avatar\\\/f910293de8e522869051f9faf71c139064e9055e8a08418ac9560de47267ee96?s=96&d=mm&r=g\",\"contentUrl\":\"https:\\\/\\\/secure.gravatar.com\\\/avatar\\\/f910293de8e522869051f9faf71c139064e9055e8a08418ac9560de47267ee96?s=96&d=mm&r=g\",\"caption\":\"mimmo16\"},\"url\":\"https:\\\/\\\/www.article-marketing.eu\\\/comunicatistampa\\\/author\\\/mimmo16\\\/\"}]}<\/script>\n<!-- \/ Yoast SEO plugin. -->","yoast_head_json":{"title":"La Nascita dell'Arte Astratta. - Article Marketing","robots":{"index":"index","follow":"follow","max-snippet":"max-snippet:-1","max-image-preview":"max-image-preview:large","max-video-preview":"max-video-preview:-1"},"canonical":"https:\/\/www.article-marketing.eu\/comunicatistampa\/la-nascita-dellarte-astratta\/","og_locale":"it_IT","og_type":"article","og_title":"La Nascita dell'Arte Astratta. - Article Marketing","og_description":"Negli anni che immediatamente precedettero la prima guerra mondiale, fra il 1910 e il 1914, l&#8217;Art Nouveau e la Secessione Viennese avevano ormai esaurito la propria carica vitale mentre il Cubismo in Francia e l&#8217;Espressionismo in Germania stavano ponendo in crisi tutta l&#8217;arte europea: e soltanto in varie diramazioni, ad esempio quella della secessione di Monaco, sopravviveva al proprio tempo storico la corrente simbolista. Ebbe inizio allora nel campo dellaContinue reading...","og_url":"https:\/\/www.article-marketing.eu\/comunicatistampa\/la-nascita-dellarte-astratta\/","og_site_name":"Article Marketing","article_published_time":"2017-03-02T14:18:25+00:00","author":"mimmo16","twitter_card":"summary_large_image","twitter_misc":{"Scritto da":"mimmo16","Tempo di lettura stimato":"3 minuti"},"schema":{"@context":"https:\/\/schema.org","@graph":[{"@type":"Article","@id":"https:\/\/www.article-marketing.eu\/comunicatistampa\/la-nascita-dellarte-astratta\/#article","isPartOf":{"@id":"https:\/\/www.article-marketing.eu\/comunicatistampa\/la-nascita-dellarte-astratta\/"},"author":{"name":"mimmo16","@id":"https:\/\/www.article-marketing.eu\/comunicatistampa\/#\/schema\/person\/81c9f656af6814eb521ce04986e4e2a8"},"headline":"La Nascita dell&#8217;Arte Astratta.","datePublished":"2017-03-02T14:18:25+00:00","mainEntityOfPage":{"@id":"https:\/\/www.article-marketing.eu\/comunicatistampa\/la-nascita-dellarte-astratta\/"},"wordCount":549,"commentCount":0,"keywords":["arte astratta","quadri moderni"],"articleSection":["Arte e cultura"],"inLanguage":"it-IT","potentialAction":[{"@type":"CommentAction","name":"Comment","target":["https:\/\/www.article-marketing.eu\/comunicatistampa\/la-nascita-dellarte-astratta\/#respond"]}]},{"@type":"WebPage","@id":"https:\/\/www.article-marketing.eu\/comunicatistampa\/la-nascita-dellarte-astratta\/","url":"https:\/\/www.article-marketing.eu\/comunicatistampa\/la-nascita-dellarte-astratta\/","name":"La Nascita dell'Arte Astratta. - Article Marketing","isPartOf":{"@id":"https:\/\/www.article-marketing.eu\/comunicatistampa\/#website"},"datePublished":"2017-03-02T14:18:25+00:00","author":{"@id":"https:\/\/www.article-marketing.eu\/comunicatistampa\/#\/schema\/person\/81c9f656af6814eb521ce04986e4e2a8"},"breadcrumb":{"@id":"https:\/\/www.article-marketing.eu\/comunicatistampa\/la-nascita-dellarte-astratta\/#breadcrumb"},"inLanguage":"it-IT","potentialAction":[{"@type":"ReadAction","target":["https:\/\/www.article-marketing.eu\/comunicatistampa\/la-nascita-dellarte-astratta\/"]}]},{"@type":"BreadcrumbList","@id":"https:\/\/www.article-marketing.eu\/comunicatistampa\/la-nascita-dellarte-astratta\/#breadcrumb","itemListElement":[{"@type":"ListItem","position":1,"name":"Home","item":"https:\/\/www.article-marketing.eu\/comunicatistampa\/"},{"@type":"ListItem","position":2,"name":"La Nascita dell&#8217;Arte Astratta."}]},{"@type":"WebSite","@id":"https:\/\/www.article-marketing.eu\/comunicatistampa\/#website","url":"https:\/\/www.article-marketing.eu\/comunicatistampa\/","name":"Article Marketing","description":"article marketing &amp; press release","potentialAction":[{"@type":"SearchAction","target":{"@type":"EntryPoint","urlTemplate":"https:\/\/www.article-marketing.eu\/comunicatistampa\/?s={search_term_string}"},"query-input":{"@type":"PropertyValueSpecification","valueRequired":true,"valueName":"search_term_string"}}],"inLanguage":"it-IT"},{"@type":"Person","@id":"https:\/\/www.article-marketing.eu\/comunicatistampa\/#\/schema\/person\/81c9f656af6814eb521ce04986e4e2a8","name":"mimmo16","image":{"@type":"ImageObject","inLanguage":"it-IT","@id":"https:\/\/secure.gravatar.com\/avatar\/f910293de8e522869051f9faf71c139064e9055e8a08418ac9560de47267ee96?s=96&d=mm&r=g","url":"https:\/\/secure.gravatar.com\/avatar\/f910293de8e522869051f9faf71c139064e9055e8a08418ac9560de47267ee96?s=96&d=mm&r=g","contentUrl":"https:\/\/secure.gravatar.com\/avatar\/f910293de8e522869051f9faf71c139064e9055e8a08418ac9560de47267ee96?s=96&d=mm&r=g","caption":"mimmo16"},"url":"https:\/\/www.article-marketing.eu\/comunicatistampa\/author\/mimmo16\/"}]}},"_links":{"self":[{"href":"https:\/\/www.article-marketing.eu\/comunicatistampa\/wp-json\/wp\/v2\/posts\/772","targetHints":{"allow":["GET"]}}],"collection":[{"href":"https:\/\/www.article-marketing.eu\/comunicatistampa\/wp-json\/wp\/v2\/posts"}],"about":[{"href":"https:\/\/www.article-marketing.eu\/comunicatistampa\/wp-json\/wp\/v2\/types\/post"}],"author":[{"embeddable":true,"href":"https:\/\/www.article-marketing.eu\/comunicatistampa\/wp-json\/wp\/v2\/users\/58"}],"replies":[{"embeddable":true,"href":"https:\/\/www.article-marketing.eu\/comunicatistampa\/wp-json\/wp\/v2\/comments?post=772"}],"version-history":[{"count":3,"href":"https:\/\/www.article-marketing.eu\/comunicatistampa\/wp-json\/wp\/v2\/posts\/772\/revisions"}],"predecessor-version":[{"id":792,"href":"https:\/\/www.article-marketing.eu\/comunicatistampa\/wp-json\/wp\/v2\/posts\/772\/revisions\/792"}],"wp:attachment":[{"href":"https:\/\/www.article-marketing.eu\/comunicatistampa\/wp-json\/wp\/v2\/media?parent=772"}],"wp:term":[{"taxonomy":"category","embeddable":true,"href":"https:\/\/www.article-marketing.eu\/comunicatistampa\/wp-json\/wp\/v2\/categories?post=772"},{"taxonomy":"post_tag","embeddable":true,"href":"https:\/\/www.article-marketing.eu\/comunicatistampa\/wp-json\/wp\/v2\/tags?post=772"}],"curies":[{"name":"wp","href":"https:\/\/api.w.org\/{rel}","templated":true}]}}